{"id":914,"date":"2009-09-06T11:01:37","date_gmt":"2009-09-06T10:01:37","guid":{"rendered":"http:\/\/blogs.sevilla.abc.es\/desdeeltendido2\/?p=914"},"modified":"2020-12-23T17:39:45","modified_gmt":"2020-12-23T17:39:45","slug":"cayetano-armani","status":"publish","type":"post","link":"https:\/\/www.ignaciosanchezmejias.es\/index.php\/2009\/09\/06\/cayetano-armani\/","title":{"rendered":"Cayetano &#038; Armani"},"content":{"rendered":"<p style=\"text-align: justify;\">Ayer en Ronda se celebr\u00f3 la tradicional corrida goyesca a la que dio importancia Antonio Ord\u00f3\u00f1ez y cuyos nietos mantienen viva en la actualidad. Esta corrida se convirti\u00f3, hace tiempo, en un acontecimiento social m\u00e1s que en una corrida de toros. La \u201cgente guapa\u201d y del color\u00edn no pod\u00eda dejar de verse en este espejo. En los tiempos en que nos cre\u00edamos que \u00e9ramos ricos, los empresarios (y las empresarias, perd\u00f3n), los pol\u00edticos (y sobre todo las pol\u00edticas) y los artistas (era el d\u00eda de las artistas) poblaban las gradas de esta preciosa plaza, hoy \u00a0ya s\u00f3lo los pol\u00edticos la mantienen en sus agendas.<\/p>\n<p style=\"text-align: justify;\">Que la cr\u00edtica de la corrida de ABC empiece la cr\u00f3nica escribiendo, con raz\u00f3n, que \u201cEl m\u00e1s esperado de la tarde era sin duda Cayetano, que con su brillante terno de Armani centr\u00f3 las miradas en el pase\u00edllo\u201d, dice mucho de las expectativas del p\u00fablico de esta corrida. Tambi\u00e9n, en la rese\u00f1a, la cr\u00edtica Lorena Mu\u00f1oz dice que iba vestido \u201cde raso greige con hilo de plata, lentejuelas y cristales de Svarosky\u201d \u00bfPero esto qu\u00e9 es?, un pase de modelos; pues s\u00ed. Me gustaba m\u00e1s cuando los cr\u00edticos rese\u00f1aban la vestimenta de Paula, cuando se puso raro, con un escueto \u201cindescriptiblemente vestido\u201d.<\/p>\n<p style=\"text-align: justify;\">\u00a0Despu\u00e9s, la corrida fue un \u201c\u00e9xito\u201d Manzanares y Cayetano ten\u00edan trofeos para puerta grade, y como Perera no, pues nada, se regala un sobrero para que Perera tambi\u00e9n salga por la puerta grande, como en una funci\u00f3n de teatro, triunfo para todos los actores. M\u00e1s bien esta corrida se ha quedado en eso, perfecta puesta en escena previa con coches de caballos incluidos de paseo por la ciudad, corridita amable y \u00e9xito para todos. Mientras se hable de toros, sea bienvenida.<\/p>\n<p style=\"text-align: justify;\">\n","protected":false},"excerpt":{"rendered":"<p>Ayer en Ronda se celebr\u00f3 la tradicional corrida goyesca a la que dio importancia Antonio Ord\u00f3\u00f1ez y cuyos nietos mantienen viva en la actualidad. Esta corrida se convirti\u00f3, hace tiempo, en un acontecimiento social m\u00e1s que en una corrida de toros. La \u201cgente guapa\u201d y del color\u00edn no pod\u00eda dejar de verse en este espejo. [&hellip;]<\/p>\n","protected":false},"author":1,"featured_media":4590,"comment_status":"open","ping_status":"open","sticky":false,"template":"","format":"standard","meta":{"footnotes":""},"categories":[5],"tags":[46,329,328],"class_list":["post-914","post","type-post","status-publish","format-standard","has-post-thumbnail","hentry","category-general","tag-cayetano","tag-jose-m-manzanares","tag-miguel-a-perera"],"yoast_head":"<!-- This site is optimized with the Yoast SEO plugin v27.5 - https:\/\/yoast.com\/product\/yoast-seo-wordpress\/ -->\n<title>Cayetano &amp; Armani - Sitio web de Ignacio S\u00e1nchez-Mej\u00edas Herrero<\/title>\n<meta name=\"robots\" content=\"index, follow, max-snippet:-1, max-image-preview:large, max-video-preview:-1\" \/>\n<link rel=\"canonical\" href=\"https:\/\/www.ignaciosanchezmejias.es\/index.php\/2009\/09\/06\/cayetano-armani\/\" \/>\n<meta property=\"og:locale\" content=\"es_ES\" \/>\n<meta property=\"og:type\" content=\"article\" \/>\n<meta property=\"og:title\" content=\"Cayetano &amp; Armani - Sitio web de Ignacio S\u00e1nchez-Mej\u00edas Herrero\" \/>\n<meta property=\"og:description\" content=\"Ayer en Ronda se celebr\u00f3 la tradicional corrida goyesca a la que dio importancia Antonio Ord\u00f3\u00f1ez y cuyos nietos mantienen viva en la actualidad. Esta corrida se convirti\u00f3, hace tiempo, en un acontecimiento social m\u00e1s que en una corrida de toros. La \u201cgente guapa\u201d y del color\u00edn no pod\u00eda dejar de verse en este espejo. [&hellip;]\" \/>\n<meta property=\"og:url\" content=\"https:\/\/www.ignaciosanchezmejias.es\/index.php\/2009\/09\/06\/cayetano-armani\/\" \/>\n<meta property=\"og:site_name\" content=\"Sitio web de Ignacio S\u00e1nchez-Mej\u00edas Herrero\" \/>\n<meta property=\"article:published_time\" content=\"2009-09-06T10:01:37+00:00\" \/>\n<meta property=\"article:modified_time\" content=\"2020-12-23T17:39:45+00:00\" \/>\n<meta property=\"og:image\" content=\"https:\/\/www.ignaciosanchezmejias.es\/wp-content\/uploads\/2009\/09\/cayetano2-300x300-1.jpg\" \/>\n\t<meta property=\"og:image:width\" content=\"300\" \/>\n\t<meta property=\"og:image:height\" content=\"300\" \/>\n\t<meta property=\"og:image:type\" content=\"image\/jpeg\" \/>\n<meta name=\"author\" content=\"isanchezmejias\" \/>\n<meta name=\"twitter:card\" content=\"summary_large_image\" \/>\n<meta name=\"twitter:label1\" content=\"Escrito por\" \/>\n\t<meta name=\"twitter:data1\" content=\"isanchezmejias\" \/>\n\t<meta name=\"twitter:label2\" content=\"Tiempo de lectura\" \/>\n\t<meta name=\"twitter:data2\" content=\"2 minutos\" \/>\n<script type=\"application\/ld+json\" class=\"yoast-schema-graph\">{\"@context\":\"https:\\\/\\\/schema.org\",\"@graph\":[{\"@type\":\"Article\",\"@id\":\"https:\\\/\\\/www.ignaciosanchezmejias.es\\\/index.php\\\/2009\\\/09\\\/06\\\/cayetano-armani\\\/#article\",\"isPartOf\":{\"@id\":\"https:\\\/\\\/www.ignaciosanchezmejias.es\\\/index.php\\\/2009\\\/09\\\/06\\\/cayetano-armani\\\/\"},\"author\":{\"name\":\"isanchezmejias\",\"@id\":\"https:\\\/\\\/www.ignaciosanchezmejias.es\\\/#\\\/schema\\\/person\\\/494d20bda3404108c02016d5e608fc65\"},\"headline\":\"Cayetano &#038; Armani\",\"datePublished\":\"2009-09-06T10:01:37+00:00\",\"dateModified\":\"2020-12-23T17:39:45+00:00\",\"mainEntityOfPage\":{\"@id\":\"https:\\\/\\\/www.ignaciosanchezmejias.es\\\/index.php\\\/2009\\\/09\\\/06\\\/cayetano-armani\\\/\"},\"wordCount\":318,\"commentCount\":11,\"publisher\":{\"@id\":\"https:\\\/\\\/www.ignaciosanchezmejias.es\\\/#\\\/schema\\\/person\\\/494d20bda3404108c02016d5e608fc65\"},\"image\":{\"@id\":\"https:\\\/\\\/www.ignaciosanchezmejias.es\\\/index.php\\\/2009\\\/09\\\/06\\\/cayetano-armani\\\/#primaryimage\"},\"thumbnailUrl\":\"https:\\\/\\\/www.ignaciosanchezmejias.es\\\/wp-content\\\/uploads\\\/2009\\\/09\\\/cayetano2-300x300-1.jpg\",\"keywords\":[\"Cayetano\",\"Jos\u00e9 M\u00aa Manzanares\",\"Miguel A. Perera\"],\"articleSection\":[\"General\"],\"inLanguage\":\"es\",\"potentialAction\":[{\"@type\":\"CommentAction\",\"name\":\"Comment\",\"target\":[\"https:\\\/\\\/www.ignaciosanchezmejias.es\\\/index.php\\\/2009\\\/09\\\/06\\\/cayetano-armani\\\/#respond\"]}]},{\"@type\":\"WebPage\",\"@id\":\"https:\\\/\\\/www.ignaciosanchezmejias.es\\\/index.php\\\/2009\\\/09\\\/06\\\/cayetano-armani\\\/\",\"url\":\"https:\\\/\\\/www.ignaciosanchezmejias.es\\\/index.php\\\/2009\\\/09\\\/06\\\/cayetano-armani\\\/\",\"name\":\"Cayetano & Armani - Sitio web de Ignacio S\u00e1nchez-Mej\u00edas Herrero\",\"isPartOf\":{\"@id\":\"https:\\\/\\\/www.ignaciosanchezmejias.es\\\/#website\"},\"primaryImageOfPage\":{\"@id\":\"https:\\\/\\\/www.ignaciosanchezmejias.es\\\/index.php\\\/2009\\\/09\\\/06\\\/cayetano-armani\\\/#primaryimage\"},\"image\":{\"@id\":\"https:\\\/\\\/www.ignaciosanchezmejias.es\\\/index.php\\\/2009\\\/09\\\/06\\\/cayetano-armani\\\/#primaryimage\"},\"thumbnailUrl\":\"https:\\\/\\\/www.ignaciosanchezmejias.es\\\/wp-content\\\/uploads\\\/2009\\\/09\\\/cayetano2-300x300-1.jpg\",\"datePublished\":\"2009-09-06T10:01:37+00:00\",\"dateModified\":\"2020-12-23T17:39:45+00:00\",\"breadcrumb\":{\"@id\":\"https:\\\/\\\/www.ignaciosanchezmejias.es\\\/index.php\\\/2009\\\/09\\\/06\\\/cayetano-armani\\\/#breadcrumb\"},\"inLanguage\":\"es\",\"potentialAction\":[{\"@type\":\"ReadAction\",\"target\":[\"https:\\\/\\\/www.ignaciosanchezmejias.es\\\/index.php\\\/2009\\\/09\\\/06\\\/cayetano-armani\\\/\"]}]},{\"@type\":\"ImageObject\",\"inLanguage\":\"es\",\"@id\":\"https:\\\/\\\/www.ignaciosanchezmejias.es\\\/index.php\\\/2009\\\/09\\\/06\\\/cayetano-armani\\\/#primaryimage\",\"url\":\"https:\\\/\\\/www.ignaciosanchezmejias.es\\\/wp-content\\\/uploads\\\/2009\\\/09\\\/cayetano2-300x300-1.jpg\",\"contentUrl\":\"https:\\\/\\\/www.ignaciosanchezmejias.es\\\/wp-content\\\/uploads\\\/2009\\\/09\\\/cayetano2-300x300-1.jpg\",\"width\":300,\"height\":300},{\"@type\":\"BreadcrumbList\",\"@id\":\"https:\\\/\\\/www.ignaciosanchezmejias.es\\\/index.php\\\/2009\\\/09\\\/06\\\/cayetano-armani\\\/#breadcrumb\",\"itemListElement\":[{\"@type\":\"ListItem\",\"position\":1,\"name\":\"Portada\",\"item\":\"https:\\\/\\\/www.ignaciosanchezmejias.es\\\/\"},{\"@type\":\"ListItem\",\"position\":2,\"name\":\"Cayetano &#038; Armani\"}]},{\"@type\":\"WebSite\",\"@id\":\"https:\\\/\\\/www.ignaciosanchezmejias.es\\\/#website\",\"url\":\"https:\\\/\\\/www.ignaciosanchezmejias.es\\\/\",\"name\":\"Blog de Ignacio S\u00e1nchez-Mej\u00edas\",\"description\":\"Sitio personal ISM\",\"publisher\":{\"@id\":\"https:\\\/\\\/www.ignaciosanchezmejias.es\\\/#\\\/schema\\\/person\\\/494d20bda3404108c02016d5e608fc65\"},\"potentialAction\":[{\"@type\":\"SearchAction\",\"target\":{\"@type\":\"EntryPoint\",\"urlTemplate\":\"https:\\\/\\\/www.ignaciosanchezmejias.es\\\/?s={search_term_string}\"},\"query-input\":{\"@type\":\"PropertyValueSpecification\",\"valueRequired\":true,\"valueName\":\"search_term_string\"}}],\"inLanguage\":\"es\"},{\"@type\":[\"Person\",\"Organization\"],\"@id\":\"https:\\\/\\\/www.ignaciosanchezmejias.es\\\/#\\\/schema\\\/person\\\/494d20bda3404108c02016d5e608fc65\",\"name\":\"isanchezmejias\",\"image\":{\"@type\":\"ImageObject\",\"inLanguage\":\"es\",\"@id\":\"https:\\\/\\\/www.ignaciosanchezmejias.es\\\/wp-content\\\/uploads\\\/2020\\\/06\\\/cropped-Yo-antes.jpg\",\"url\":\"https:\\\/\\\/www.ignaciosanchezmejias.es\\\/wp-content\\\/uploads\\\/2020\\\/06\\\/cropped-Yo-antes.jpg\",\"contentUrl\":\"https:\\\/\\\/www.ignaciosanchezmejias.es\\\/wp-content\\\/uploads\\\/2020\\\/06\\\/cropped-Yo-antes.jpg\",\"width\":681,\"height\":482,\"caption\":\"isanchezmejias\"},\"logo\":{\"@id\":\"https:\\\/\\\/www.ignaciosanchezmejias.es\\\/wp-content\\\/uploads\\\/2020\\\/06\\\/cropped-Yo-antes.jpg\"},\"sameAs\":[\"https:\\\/\\\/www.ignaciosanchezmejias.es\"],\"url\":\"https:\\\/\\\/www.ignaciosanchezmejias.es\\\/index.php\\\/author\\\/isanchezmejias\\\/\"}]}<\/script>\n<!-- \/ Yoast SEO plugin. -->","yoast_head_json":{"title":"Cayetano & Armani - Sitio web de Ignacio S\u00e1nchez-Mej\u00edas Herrero","robots":{"index":"index","follow":"follow","max-snippet":"max-snippet:-1","max-image-preview":"max-image-preview:large","max-video-preview":"max-video-preview:-1"},"canonical":"https:\/\/www.ignaciosanchezmejias.es\/index.php\/2009\/09\/06\/cayetano-armani\/","og_locale":"es_ES","og_type":"article","og_title":"Cayetano & Armani - Sitio web de Ignacio S\u00e1nchez-Mej\u00edas Herrero","og_description":"Ayer en Ronda se celebr\u00f3 la tradicional corrida goyesca a la que dio importancia Antonio Ord\u00f3\u00f1ez y cuyos nietos mantienen viva en la actualidad. Esta corrida se convirti\u00f3, hace tiempo, en un acontecimiento social m\u00e1s que en una corrida de toros. La \u201cgente guapa\u201d y del color\u00edn no pod\u00eda dejar de verse en este espejo. [&hellip;]","og_url":"https:\/\/www.ignaciosanchezmejias.es\/index.php\/2009\/09\/06\/cayetano-armani\/","og_site_name":"Sitio web de Ignacio S\u00e1nchez-Mej\u00edas Herrero","article_published_time":"2009-09-06T10:01:37+00:00","article_modified_time":"2020-12-23T17:39:45+00:00","og_image":[{"width":300,"height":300,"url":"https:\/\/www.ignaciosanchezmejias.es\/wp-content\/uploads\/2009\/09\/cayetano2-300x300-1.jpg","type":"image\/jpeg"}],"author":"isanchezmejias","twitter_card":"summary_large_image","twitter_misc":{"Escrito por":"isanchezmejias","Tiempo de lectura":"2 minutos"},"schema":{"@context":"https:\/\/schema.org","@graph":[{"@type":"Article","@id":"https:\/\/www.ignaciosanchezmejias.es\/index.php\/2009\/09\/06\/cayetano-armani\/#article","isPartOf":{"@id":"https:\/\/www.ignaciosanchezmejias.es\/index.php\/2009\/09\/06\/cayetano-armani\/"},"author":{"name":"isanchezmejias","@id":"https:\/\/www.ignaciosanchezmejias.es\/#\/schema\/person\/494d20bda3404108c02016d5e608fc65"},"headline":"Cayetano &#038; Armani","datePublished":"2009-09-06T10:01:37+00:00","dateModified":"2020-12-23T17:39:45+00:00","mainEntityOfPage":{"@id":"https:\/\/www.ignaciosanchezmejias.es\/index.php\/2009\/09\/06\/cayetano-armani\/"},"wordCount":318,"commentCount":11,"publisher":{"@id":"https:\/\/www.ignaciosanchezmejias.es\/#\/schema\/person\/494d20bda3404108c02016d5e608fc65"},"image":{"@id":"https:\/\/www.ignaciosanchezmejias.es\/index.php\/2009\/09\/06\/cayetano-armani\/#primaryimage"},"thumbnailUrl":"https:\/\/www.ignaciosanchezmejias.es\/wp-content\/uploads\/2009\/09\/cayetano2-300x300-1.jpg","keywords":["Cayetano","Jos\u00e9 M\u00aa Manzanares","Miguel A. Perera"],"articleSection":["General"],"inLanguage":"es","potentialAction":[{"@type":"CommentAction","name":"Comment","target":["https:\/\/www.ignaciosanchezmejias.es\/index.php\/2009\/09\/06\/cayetano-armani\/#respond"]}]},{"@type":"WebPage","@id":"https:\/\/www.ignaciosanchezmejias.es\/index.php\/2009\/09\/06\/cayetano-armani\/","url":"https:\/\/www.ignaciosanchezmejias.es\/index.php\/2009\/09\/06\/cayetano-armani\/","name":"Cayetano & Armani - Sitio web de Ignacio S\u00e1nchez-Mej\u00edas Herrero","isPartOf":{"@id":"https:\/\/www.ignaciosanchezmejias.es\/#website"},"primaryImageOfPage":{"@id":"https:\/\/www.ignaciosanchezmejias.es\/index.php\/2009\/09\/06\/cayetano-armani\/#primaryimage"},"image":{"@id":"https:\/\/www.ignaciosanchezmejias.es\/index.php\/2009\/09\/06\/cayetano-armani\/#primaryimage"},"thumbnailUrl":"https:\/\/www.ignaciosanchezmejias.es\/wp-content\/uploads\/2009\/09\/cayetano2-300x300-1.jpg","datePublished":"2009-09-06T10:01:37+00:00","dateModified":"2020-12-23T17:39:45+00:00","breadcrumb":{"@id":"https:\/\/www.ignaciosanchezmejias.es\/index.php\/2009\/09\/06\/cayetano-armani\/#breadcrumb"},"inLanguage":"es","potentialAction":[{"@type":"ReadAction","target":["https:\/\/www.ignaciosanchezmejias.es\/index.php\/2009\/09\/06\/cayetano-armani\/"]}]},{"@type":"ImageObject","inLanguage":"es","@id":"https:\/\/www.ignaciosanchezmejias.es\/index.php\/2009\/09\/06\/cayetano-armani\/#primaryimage","url":"https:\/\/www.ignaciosanchezmejias.es\/wp-content\/uploads\/2009\/09\/cayetano2-300x300-1.jpg","contentUrl":"https:\/\/www.ignaciosanchezmejias.es\/wp-content\/uploads\/2009\/09\/cayetano2-300x300-1.jpg","width":300,"height":300},{"@type":"BreadcrumbList","@id":"https:\/\/www.ignaciosanchezmejias.es\/index.php\/2009\/09\/06\/cayetano-armani\/#breadcrumb","itemListElement":[{"@type":"ListItem","position":1,"name":"Portada","item":"https:\/\/www.ignaciosanchezmejias.es\/"},{"@type":"ListItem","position":2,"name":"Cayetano &#038; Armani"}]},{"@type":"WebSite","@id":"https:\/\/www.ignaciosanchezmejias.es\/#website","url":"https:\/\/www.ignaciosanchezmejias.es\/","name":"Blog de Ignacio S\u00e1nchez-Mej\u00edas","description":"Sitio personal ISM","publisher":{"@id":"https:\/\/www.ignaciosanchezmejias.es\/#\/schema\/person\/494d20bda3404108c02016d5e608fc65"},"potentialAction":[{"@type":"SearchAction","target":{"@type":"EntryPoint","urlTemplate":"https:\/\/www.ignaciosanchezmejias.es\/?s={search_term_string}"},"query-input":{"@type":"PropertyValueSpecification","valueRequired":true,"valueName":"search_term_string"}}],"inLanguage":"es"},{"@type":["Person","Organization"],"@id":"https:\/\/www.ignaciosanchezmejias.es\/#\/schema\/person\/494d20bda3404108c02016d5e608fc65","name":"isanchezmejias","image":{"@type":"ImageObject","inLanguage":"es","@id":"https:\/\/www.ignaciosanchezmejias.es\/wp-content\/uploads\/2020\/06\/cropped-Yo-antes.jpg","url":"https:\/\/www.ignaciosanchezmejias.es\/wp-content\/uploads\/2020\/06\/cropped-Yo-antes.jpg","contentUrl":"https:\/\/www.ignaciosanchezmejias.es\/wp-content\/uploads\/2020\/06\/cropped-Yo-antes.jpg","width":681,"height":482,"caption":"isanchezmejias"},"logo":{"@id":"https:\/\/www.ignaciosanchezmejias.es\/wp-content\/uploads\/2020\/06\/cropped-Yo-antes.jpg"},"sameAs":["https:\/\/www.ignaciosanchezmejias.es"],"url":"https:\/\/www.ignaciosanchezmejias.es\/index.php\/author\/isanchezmejias\/"}]}},"_links":{"self":[{"href":"https:\/\/www.ignaciosanchezmejias.es\/index.php\/wp-json\/wp\/v2\/posts\/914","targetHints":{"allow":["GET"]}}],"collection":[{"href":"https:\/\/www.ignaciosanchezmejias.es\/index.php\/wp-json\/wp\/v2\/posts"}],"about":[{"href":"https:\/\/www.ignaciosanchezmejias.es\/index.php\/wp-json\/wp\/v2\/types\/post"}],"author":[{"embeddable":true,"href":"https:\/\/www.ignaciosanchezmejias.es\/index.php\/wp-json\/wp\/v2\/users\/1"}],"replies":[{"embeddable":true,"href":"https:\/\/www.ignaciosanchezmejias.es\/index.php\/wp-json\/wp\/v2\/comments?post=914"}],"version-history":[{"count":3,"href":"https:\/\/www.ignaciosanchezmejias.es\/index.php\/wp-json\/wp\/v2\/posts\/914\/revisions"}],"predecessor-version":[{"id":4592,"href":"https:\/\/www.ignaciosanchezmejias.es\/index.php\/wp-json\/wp\/v2\/posts\/914\/revisions\/4592"}],"wp:featuredmedia":[{"embeddable":true,"href":"https:\/\/www.ignaciosanchezmejias.es\/index.php\/wp-json\/wp\/v2\/media\/4590"}],"wp:attachment":[{"href":"https:\/\/www.ignaciosanchezmejias.es\/index.php\/wp-json\/wp\/v2\/media?parent=914"}],"wp:term":[{"taxonomy":"category","embeddable":true,"href":"https:\/\/www.ignaciosanchezmejias.es\/index.php\/wp-json\/wp\/v2\/categories?post=914"},{"taxonomy":"post_tag","embeddable":true,"href":"https:\/\/www.ignaciosanchezmejias.es\/index.php\/wp-json\/wp\/v2\/tags?post=914"}],"curies":[{"name":"wp","href":"https:\/\/api.w.org\/{rel}","templated":true}]}}