{"id":880,"date":"2008-04-09T14:05:20","date_gmt":"2008-04-09T13:05:20","guid":{"rendered":"http:\/\/localhost\/blogs\/desdeeltendido2\/?p=26"},"modified":"2021-03-17T17:29:14","modified_gmt":"2021-03-17T17:29:14","slug":"charlas-bajo-el-agua-2","status":"publish","type":"post","link":"https:\/\/www.ignaciosanchezmejias.es\/index.php\/2008\/04\/09\/charlas-bajo-el-agua-2\/","title":{"rendered":"Charlas bajo el agua"},"content":{"rendered":"<p>La corrida de \u201cPuerto y Ventana de San Lorenzo\u201d, tiene miga el nombrecito, yo prefiero los nombres cl\u00e1sicos, se suspendi\u00f3 a la hora del sorteo matinal y la empresa tuvo la deferencia de publicarlo en su p\u00e1gina Web, por lo que nos ahorramos el camino a la plaza, las deliberaciones bajo el agua y el paseo de vuelta. As\u00ed que charlamos en la caseta, con personal distinto al de mi tendido 2, pero igualmente amantes de la Fiesta. Como adem\u00e1s no nos pod\u00edamos mover de ella por este agua que se nos ha venido encima, la conversaci\u00f3n dio para un n\u00famero de medias botellas, digamos que equilibrado temporalmente. <!--more--><\/p>\n<p align=\"justify\">Yo tengo que reconocer que el agua en la Maestranza me incomoda y me distrae m\u00e1s de lo debido. Aqu\u00ed no estamos acostumbrados a usar los impermeables y capotes y seguimos con el paraguas, adem\u00e1s, algunos de los asistentes, al venir arregladitos de feria, usan paraguas tipo sombrilla y no hay manera de acomodarse para ver algo, sobre todo si la faena se hace cerradita en tablas, algo habitual en estos casos. Mientras protestamos al de delante, al otro y al de la moto, y torcemos el cuello para dejar ver al de detr\u00e1s, se nos van los detalles. Por eso el lunes no pude paladear el toreo de Manzanares. Esta plaza ya es de por s\u00ed incomoda, apenas hay sitio para moverse y a veces ni para sentarse. Cuando un \u201cno habitual\u201d pregunta cu\u00e1nto afora esta plaza, le dicen que en la Maestranza caben 12.538 personas, pero ni una m\u00e1s. Por eso cuando llueve es mejor suspender, eso de las gestas bajo la lluvia son para otras plazas.<\/p>\n<p align=\"justify\">Dicen que este agua sigue hasta el jueves, quiz\u00e1s no son los 300 litros que dec\u00edan los meteor\u00f3logos americanos. Estos habr\u00e1n o\u00eddo que en el Sur somos algo exagerados y habr\u00e1n querido darnos en el gusto, pero esa cantidad de agua es la mitad de la lluvia de un a\u00f1o hidrol\u00f3gico normal, y no va a caer en cuatro d\u00edas. De cualquier forma, est\u00e1 arreando agua a modo y eso lo desluce todo. Puede que nos quedemos sin la corrida de hoy con Morante, El Juli y Manzanares, que es de m\u00e1xima expectaci\u00f3n, tras sus actuaciones anteriores. Esperemos que se pueda dar, aunque los americanos dicen que no. \u00a1Qu\u00e9 sabr\u00e1n ellos!.<\/p>\n<p align=\"justify\">Tambi\u00e9n las primeras aguas se han llevado las almohadillas de dise\u00f1o modernito estrenadas el d\u00eda anterior y es que las azules eran m\u00e1s sufridas. En la caseta charl\u00e1bamos sobre la falta de ganado y de la mejor disposici\u00f3n de los matadores, en general, vamos, por no entrar en detalle. Que han encantado Perera y Manzanares, y que han decepcionado Castella y Talavante. Que la corrida de Victorino ha sido, hasta ahora, la m\u00e1s emocionante.<\/p>\n<p align=\"justify\">Mantenemos la esperanza moderada de que ma\u00f1ana pueda volver a contar lo que oigo en mi tendido 2 y no en mi caseta, adem\u00e1s, ya solo o\u00edmos sevillanas, jaleo, viento y m\u00e1s agua.<\/p>\n","protected":false},"excerpt":{"rendered":"<p>La corrida de \u201cPuerto y Ventana de San Lorenzo\u201d, tiene miga el nombrecito, yo prefiero los nombres cl\u00e1sicos, se suspendi\u00f3 a la hora del sorteo matinal y la empresa tuvo la deferencia de publicarlo en su p\u00e1gina Web, por lo que nos ahorramos el camino a la plaza, las deliberaciones bajo el agua y el [&hellip;]<\/p>\n","protected":false},"author":1,"featured_media":171,"comment_status":"open","ping_status":"open","sticky":false,"template":"","format":"standard","meta":{"footnotes":""},"categories":[6],"tags":[23,25,329,31,29,292,22,16],"class_list":["post-880","post","type-post","status-publish","format-standard","has-post-thumbnail","hentry","category-abono-sevilla-2008","tag-alejandro-talavante","tag-el-juli","tag-jose-m-manzanares","tag-miguel-angel-perera","tag-morante-de-la-puebla","tag-puerto-de-san-lorenzo","tag-sebastian-castella","tag-victorino-martin"],"yoast_head":"<!-- This site is optimized with the Yoast SEO plugin v27.4 - https:\/\/yoast.com\/product\/yoast-seo-wordpress\/ -->\n<title>Charlas bajo el agua - Sitio web de Ignacio S\u00e1nchez-Mej\u00edas Herrero<\/title>\n<meta name=\"robots\" content=\"index, follow, max-snippet:-1, max-image-preview:large, max-video-preview:-1\" \/>\n<link rel=\"canonical\" href=\"https:\/\/www.ignaciosanchezmejias.es\/index.php\/2008\/04\/09\/charlas-bajo-el-agua-2\/\" \/>\n<meta property=\"og:locale\" content=\"es_ES\" \/>\n<meta property=\"og:type\" content=\"article\" \/>\n<meta property=\"og:title\" content=\"Charlas bajo el agua - Sitio web de Ignacio S\u00e1nchez-Mej\u00edas Herrero\" \/>\n<meta property=\"og:description\" content=\"La corrida de \u201cPuerto y Ventana de San Lorenzo\u201d, tiene miga el nombrecito, yo prefiero los nombres cl\u00e1sicos, se suspendi\u00f3 a la hora del sorteo matinal y la empresa tuvo la deferencia de publicarlo en su p\u00e1gina Web, por lo que nos ahorramos el camino a la plaza, las deliberaciones bajo el agua y el [&hellip;]\" \/>\n<meta property=\"og:url\" content=\"https:\/\/www.ignaciosanchezmejias.es\/index.php\/2008\/04\/09\/charlas-bajo-el-agua-2\/\" \/>\n<meta property=\"og:site_name\" content=\"Sitio web de Ignacio S\u00e1nchez-Mej\u00edas Herrero\" \/>\n<meta property=\"article:published_time\" content=\"2008-04-09T13:05:20+00:00\" \/>\n<meta property=\"article:modified_time\" content=\"2021-03-17T17:29:14+00:00\" \/>\n<meta property=\"og:image\" content=\"https:\/\/www.ignaciosanchezmejias.es\/wp-content\/uploads\/2020\/06\/charlas-bajo-el-agua.jpg\" \/>\n\t<meta property=\"og:image:width\" content=\"200\" \/>\n\t<meta property=\"og:image:height\" content=\"200\" \/>\n\t<meta property=\"og:image:type\" content=\"image\/jpeg\" \/>\n<meta name=\"author\" content=\"isanchezmejias\" \/>\n<meta name=\"twitter:card\" content=\"summary_large_image\" \/>\n<meta name=\"twitter:label1\" content=\"Escrito por\" \/>\n\t<meta name=\"twitter:data1\" content=\"isanchezmejias\" \/>\n\t<meta name=\"twitter:label2\" content=\"Tiempo de lectura\" \/>\n\t<meta name=\"twitter:data2\" content=\"3 minutos\" \/>\n<script type=\"application\/ld+json\" class=\"yoast-schema-graph\">{\"@context\":\"https:\\\/\\\/schema.org\",\"@graph\":[{\"@type\":\"Article\",\"@id\":\"https:\\\/\\\/www.ignaciosanchezmejias.es\\\/index.php\\\/2008\\\/04\\\/09\\\/charlas-bajo-el-agua-2\\\/#article\",\"isPartOf\":{\"@id\":\"https:\\\/\\\/www.ignaciosanchezmejias.es\\\/index.php\\\/2008\\\/04\\\/09\\\/charlas-bajo-el-agua-2\\\/\"},\"author\":{\"name\":\"isanchezmejias\",\"@id\":\"https:\\\/\\\/www.ignaciosanchezmejias.es\\\/#\\\/schema\\\/person\\\/494d20bda3404108c02016d5e608fc65\"},\"headline\":\"Charlas bajo el agua\",\"datePublished\":\"2008-04-09T13:05:20+00:00\",\"dateModified\":\"2021-03-17T17:29:14+00:00\",\"mainEntityOfPage\":{\"@id\":\"https:\\\/\\\/www.ignaciosanchezmejias.es\\\/index.php\\\/2008\\\/04\\\/09\\\/charlas-bajo-el-agua-2\\\/\"},\"wordCount\":529,\"commentCount\":0,\"publisher\":{\"@id\":\"https:\\\/\\\/www.ignaciosanchezmejias.es\\\/#\\\/schema\\\/person\\\/494d20bda3404108c02016d5e608fc65\"},\"image\":{\"@id\":\"https:\\\/\\\/www.ignaciosanchezmejias.es\\\/index.php\\\/2008\\\/04\\\/09\\\/charlas-bajo-el-agua-2\\\/#primaryimage\"},\"thumbnailUrl\":\"https:\\\/\\\/www.ignaciosanchezmejias.es\\\/wp-content\\\/uploads\\\/2020\\\/06\\\/charlas-bajo-el-agua.jpg\",\"keywords\":[\"Alejandro Talavante\",\"El Juli\",\"Jos\u00e9 M\u00aa Manzanares\",\"Miguel \u00c1ngel Perera\",\"Morante de la Puebla\",\"Puerto de San Lorenzo\",\"Sebastian Castella\",\"Victorino Mart\u00edn\"],\"articleSection\":[\"Abono Sevilla 2008\"],\"inLanguage\":\"es\",\"potentialAction\":[{\"@type\":\"CommentAction\",\"name\":\"Comment\",\"target\":[\"https:\\\/\\\/www.ignaciosanchezmejias.es\\\/index.php\\\/2008\\\/04\\\/09\\\/charlas-bajo-el-agua-2\\\/#respond\"]}]},{\"@type\":\"WebPage\",\"@id\":\"https:\\\/\\\/www.ignaciosanchezmejias.es\\\/index.php\\\/2008\\\/04\\\/09\\\/charlas-bajo-el-agua-2\\\/\",\"url\":\"https:\\\/\\\/www.ignaciosanchezmejias.es\\\/index.php\\\/2008\\\/04\\\/09\\\/charlas-bajo-el-agua-2\\\/\",\"name\":\"Charlas bajo el agua - Sitio web de Ignacio S\u00e1nchez-Mej\u00edas Herrero\",\"isPartOf\":{\"@id\":\"https:\\\/\\\/www.ignaciosanchezmejias.es\\\/#website\"},\"primaryImageOfPage\":{\"@id\":\"https:\\\/\\\/www.ignaciosanchezmejias.es\\\/index.php\\\/2008\\\/04\\\/09\\\/charlas-bajo-el-agua-2\\\/#primaryimage\"},\"image\":{\"@id\":\"https:\\\/\\\/www.ignaciosanchezmejias.es\\\/index.php\\\/2008\\\/04\\\/09\\\/charlas-bajo-el-agua-2\\\/#primaryimage\"},\"thumbnailUrl\":\"https:\\\/\\\/www.ignaciosanchezmejias.es\\\/wp-content\\\/uploads\\\/2020\\\/06\\\/charlas-bajo-el-agua.jpg\",\"datePublished\":\"2008-04-09T13:05:20+00:00\",\"dateModified\":\"2021-03-17T17:29:14+00:00\",\"breadcrumb\":{\"@id\":\"https:\\\/\\\/www.ignaciosanchezmejias.es\\\/index.php\\\/2008\\\/04\\\/09\\\/charlas-bajo-el-agua-2\\\/#breadcrumb\"},\"inLanguage\":\"es\",\"potentialAction\":[{\"@type\":\"ReadAction\",\"target\":[\"https:\\\/\\\/www.ignaciosanchezmejias.es\\\/index.php\\\/2008\\\/04\\\/09\\\/charlas-bajo-el-agua-2\\\/\"]}]},{\"@type\":\"ImageObject\",\"inLanguage\":\"es\",\"@id\":\"https:\\\/\\\/www.ignaciosanchezmejias.es\\\/index.php\\\/2008\\\/04\\\/09\\\/charlas-bajo-el-agua-2\\\/#primaryimage\",\"url\":\"https:\\\/\\\/www.ignaciosanchezmejias.es\\\/wp-content\\\/uploads\\\/2020\\\/06\\\/charlas-bajo-el-agua.jpg\",\"contentUrl\":\"https:\\\/\\\/www.ignaciosanchezmejias.es\\\/wp-content\\\/uploads\\\/2020\\\/06\\\/charlas-bajo-el-agua.jpg\",\"width\":200,\"height\":200,\"caption\":\"Foto: EFE\\\/Jos\u00e9 Manuel Vidal\"},{\"@type\":\"BreadcrumbList\",\"@id\":\"https:\\\/\\\/www.ignaciosanchezmejias.es\\\/index.php\\\/2008\\\/04\\\/09\\\/charlas-bajo-el-agua-2\\\/#breadcrumb\",\"itemListElement\":[{\"@type\":\"ListItem\",\"position\":1,\"name\":\"Portada\",\"item\":\"https:\\\/\\\/www.ignaciosanchezmejias.es\\\/\"},{\"@type\":\"ListItem\",\"position\":2,\"name\":\"Charlas bajo el agua\"}]},{\"@type\":\"WebSite\",\"@id\":\"https:\\\/\\\/www.ignaciosanchezmejias.es\\\/#website\",\"url\":\"https:\\\/\\\/www.ignaciosanchezmejias.es\\\/\",\"name\":\"Blog de Ignacio S\u00e1nchez-Mej\u00edas\",\"description\":\"Sitio personal ISM\",\"publisher\":{\"@id\":\"https:\\\/\\\/www.ignaciosanchezmejias.es\\\/#\\\/schema\\\/person\\\/494d20bda3404108c02016d5e608fc65\"},\"potentialAction\":[{\"@type\":\"SearchAction\",\"target\":{\"@type\":\"EntryPoint\",\"urlTemplate\":\"https:\\\/\\\/www.ignaciosanchezmejias.es\\\/?s={search_term_string}\"},\"query-input\":{\"@type\":\"PropertyValueSpecification\",\"valueRequired\":true,\"valueName\":\"search_term_string\"}}],\"inLanguage\":\"es\"},{\"@type\":[\"Person\",\"Organization\"],\"@id\":\"https:\\\/\\\/www.ignaciosanchezmejias.es\\\/#\\\/schema\\\/person\\\/494d20bda3404108c02016d5e608fc65\",\"name\":\"isanchezmejias\",\"image\":{\"@type\":\"ImageObject\",\"inLanguage\":\"es\",\"@id\":\"https:\\\/\\\/www.ignaciosanchezmejias.es\\\/wp-content\\\/uploads\\\/2020\\\/06\\\/cropped-Yo-antes.jpg\",\"url\":\"https:\\\/\\\/www.ignaciosanchezmejias.es\\\/wp-content\\\/uploads\\\/2020\\\/06\\\/cropped-Yo-antes.jpg\",\"contentUrl\":\"https:\\\/\\\/www.ignaciosanchezmejias.es\\\/wp-content\\\/uploads\\\/2020\\\/06\\\/cropped-Yo-antes.jpg\",\"width\":681,\"height\":482,\"caption\":\"isanchezmejias\"},\"logo\":{\"@id\":\"https:\\\/\\\/www.ignaciosanchezmejias.es\\\/wp-content\\\/uploads\\\/2020\\\/06\\\/cropped-Yo-antes.jpg\"},\"sameAs\":[\"https:\\\/\\\/www.ignaciosanchezmejias.es\"],\"url\":\"https:\\\/\\\/www.ignaciosanchezmejias.es\\\/index.php\\\/author\\\/isanchezmejias\\\/\"}]}<\/script>\n<!-- \/ Yoast SEO plugin. -->","yoast_head_json":{"title":"Charlas bajo el agua - Sitio web de Ignacio S\u00e1nchez-Mej\u00edas Herrero","robots":{"index":"index","follow":"follow","max-snippet":"max-snippet:-1","max-image-preview":"max-image-preview:large","max-video-preview":"max-video-preview:-1"},"canonical":"https:\/\/www.ignaciosanchezmejias.es\/index.php\/2008\/04\/09\/charlas-bajo-el-agua-2\/","og_locale":"es_ES","og_type":"article","og_title":"Charlas bajo el agua - Sitio web de Ignacio S\u00e1nchez-Mej\u00edas Herrero","og_description":"La corrida de \u201cPuerto y Ventana de San Lorenzo\u201d, tiene miga el nombrecito, yo prefiero los nombres cl\u00e1sicos, se suspendi\u00f3 a la hora del sorteo matinal y la empresa tuvo la deferencia de publicarlo en su p\u00e1gina Web, por lo que nos ahorramos el camino a la plaza, las deliberaciones bajo el agua y el [&hellip;]","og_url":"https:\/\/www.ignaciosanchezmejias.es\/index.php\/2008\/04\/09\/charlas-bajo-el-agua-2\/","og_site_name":"Sitio web de Ignacio S\u00e1nchez-Mej\u00edas Herrero","article_published_time":"2008-04-09T13:05:20+00:00","article_modified_time":"2021-03-17T17:29:14+00:00","og_image":[{"width":200,"height":200,"url":"https:\/\/www.ignaciosanchezmejias.es\/wp-content\/uploads\/2020\/06\/charlas-bajo-el-agua.jpg","type":"image\/jpeg"}],"author":"isanchezmejias","twitter_card":"summary_large_image","twitter_misc":{"Escrito por":"isanchezmejias","Tiempo de lectura":"3 minutos"},"schema":{"@context":"https:\/\/schema.org","@graph":[{"@type":"Article","@id":"https:\/\/www.ignaciosanchezmejias.es\/index.php\/2008\/04\/09\/charlas-bajo-el-agua-2\/#article","isPartOf":{"@id":"https:\/\/www.ignaciosanchezmejias.es\/index.php\/2008\/04\/09\/charlas-bajo-el-agua-2\/"},"author":{"name":"isanchezmejias","@id":"https:\/\/www.ignaciosanchezmejias.es\/#\/schema\/person\/494d20bda3404108c02016d5e608fc65"},"headline":"Charlas bajo el agua","datePublished":"2008-04-09T13:05:20+00:00","dateModified":"2021-03-17T17:29:14+00:00","mainEntityOfPage":{"@id":"https:\/\/www.ignaciosanchezmejias.es\/index.php\/2008\/04\/09\/charlas-bajo-el-agua-2\/"},"wordCount":529,"commentCount":0,"publisher":{"@id":"https:\/\/www.ignaciosanchezmejias.es\/#\/schema\/person\/494d20bda3404108c02016d5e608fc65"},"image":{"@id":"https:\/\/www.ignaciosanchezmejias.es\/index.php\/2008\/04\/09\/charlas-bajo-el-agua-2\/#primaryimage"},"thumbnailUrl":"https:\/\/www.ignaciosanchezmejias.es\/wp-content\/uploads\/2020\/06\/charlas-bajo-el-agua.jpg","keywords":["Alejandro Talavante","El Juli","Jos\u00e9 M\u00aa Manzanares","Miguel \u00c1ngel Perera","Morante de la Puebla","Puerto de San Lorenzo","Sebastian Castella","Victorino Mart\u00edn"],"articleSection":["Abono Sevilla 2008"],"inLanguage":"es","potentialAction":[{"@type":"CommentAction","name":"Comment","target":["https:\/\/www.ignaciosanchezmejias.es\/index.php\/2008\/04\/09\/charlas-bajo-el-agua-2\/#respond"]}]},{"@type":"WebPage","@id":"https:\/\/www.ignaciosanchezmejias.es\/index.php\/2008\/04\/09\/charlas-bajo-el-agua-2\/","url":"https:\/\/www.ignaciosanchezmejias.es\/index.php\/2008\/04\/09\/charlas-bajo-el-agua-2\/","name":"Charlas bajo el agua - Sitio web de Ignacio S\u00e1nchez-Mej\u00edas Herrero","isPartOf":{"@id":"https:\/\/www.ignaciosanchezmejias.es\/#website"},"primaryImageOfPage":{"@id":"https:\/\/www.ignaciosanchezmejias.es\/index.php\/2008\/04\/09\/charlas-bajo-el-agua-2\/#primaryimage"},"image":{"@id":"https:\/\/www.ignaciosanchezmejias.es\/index.php\/2008\/04\/09\/charlas-bajo-el-agua-2\/#primaryimage"},"thumbnailUrl":"https:\/\/www.ignaciosanchezmejias.es\/wp-content\/uploads\/2020\/06\/charlas-bajo-el-agua.jpg","datePublished":"2008-04-09T13:05:20+00:00","dateModified":"2021-03-17T17:29:14+00:00","breadcrumb":{"@id":"https:\/\/www.ignaciosanchezmejias.es\/index.php\/2008\/04\/09\/charlas-bajo-el-agua-2\/#breadcrumb"},"inLanguage":"es","potentialAction":[{"@type":"ReadAction","target":["https:\/\/www.ignaciosanchezmejias.es\/index.php\/2008\/04\/09\/charlas-bajo-el-agua-2\/"]}]},{"@type":"ImageObject","inLanguage":"es","@id":"https:\/\/www.ignaciosanchezmejias.es\/index.php\/2008\/04\/09\/charlas-bajo-el-agua-2\/#primaryimage","url":"https:\/\/www.ignaciosanchezmejias.es\/wp-content\/uploads\/2020\/06\/charlas-bajo-el-agua.jpg","contentUrl":"https:\/\/www.ignaciosanchezmejias.es\/wp-content\/uploads\/2020\/06\/charlas-bajo-el-agua.jpg","width":200,"height":200,"caption":"Foto: EFE\/Jos\u00e9 Manuel Vidal"},{"@type":"BreadcrumbList","@id":"https:\/\/www.ignaciosanchezmejias.es\/index.php\/2008\/04\/09\/charlas-bajo-el-agua-2\/#breadcrumb","itemListElement":[{"@type":"ListItem","position":1,"name":"Portada","item":"https:\/\/www.ignaciosanchezmejias.es\/"},{"@type":"ListItem","position":2,"name":"Charlas bajo el agua"}]},{"@type":"WebSite","@id":"https:\/\/www.ignaciosanchezmejias.es\/#website","url":"https:\/\/www.ignaciosanchezmejias.es\/","name":"Blog de Ignacio S\u00e1nchez-Mej\u00edas","description":"Sitio personal ISM","publisher":{"@id":"https:\/\/www.ignaciosanchezmejias.es\/#\/schema\/person\/494d20bda3404108c02016d5e608fc65"},"potentialAction":[{"@type":"SearchAction","target":{"@type":"EntryPoint","urlTemplate":"https:\/\/www.ignaciosanchezmejias.es\/?s={search_term_string}"},"query-input":{"@type":"PropertyValueSpecification","valueRequired":true,"valueName":"search_term_string"}}],"inLanguage":"es"},{"@type":["Person","Organization"],"@id":"https:\/\/www.ignaciosanchezmejias.es\/#\/schema\/person\/494d20bda3404108c02016d5e608fc65","name":"isanchezmejias","image":{"@type":"ImageObject","inLanguage":"es","@id":"https:\/\/www.ignaciosanchezmejias.es\/wp-content\/uploads\/2020\/06\/cropped-Yo-antes.jpg","url":"https:\/\/www.ignaciosanchezmejias.es\/wp-content\/uploads\/2020\/06\/cropped-Yo-antes.jpg","contentUrl":"https:\/\/www.ignaciosanchezmejias.es\/wp-content\/uploads\/2020\/06\/cropped-Yo-antes.jpg","width":681,"height":482,"caption":"isanchezmejias"},"logo":{"@id":"https:\/\/www.ignaciosanchezmejias.es\/wp-content\/uploads\/2020\/06\/cropped-Yo-antes.jpg"},"sameAs":["https:\/\/www.ignaciosanchezmejias.es"],"url":"https:\/\/www.ignaciosanchezmejias.es\/index.php\/author\/isanchezmejias\/"}]}},"_links":{"self":[{"href":"https:\/\/www.ignaciosanchezmejias.es\/index.php\/wp-json\/wp\/v2\/posts\/880","targetHints":{"allow":["GET"]}}],"collection":[{"href":"https:\/\/www.ignaciosanchezmejias.es\/index.php\/wp-json\/wp\/v2\/posts"}],"about":[{"href":"https:\/\/www.ignaciosanchezmejias.es\/index.php\/wp-json\/wp\/v2\/types\/post"}],"author":[{"embeddable":true,"href":"https:\/\/www.ignaciosanchezmejias.es\/index.php\/wp-json\/wp\/v2\/users\/1"}],"replies":[{"embeddable":true,"href":"https:\/\/www.ignaciosanchezmejias.es\/index.php\/wp-json\/wp\/v2\/comments?post=880"}],"version-history":[{"count":4,"href":"https:\/\/www.ignaciosanchezmejias.es\/index.php\/wp-json\/wp\/v2\/posts\/880\/revisions"}],"predecessor-version":[{"id":6145,"href":"https:\/\/www.ignaciosanchezmejias.es\/index.php\/wp-json\/wp\/v2\/posts\/880\/revisions\/6145"}],"wp:featuredmedia":[{"embeddable":true,"href":"https:\/\/www.ignaciosanchezmejias.es\/index.php\/wp-json\/wp\/v2\/media\/171"}],"wp:attachment":[{"href":"https:\/\/www.ignaciosanchezmejias.es\/index.php\/wp-json\/wp\/v2\/media?parent=880"}],"wp:term":[{"taxonomy":"category","embeddable":true,"href":"https:\/\/www.ignaciosanchezmejias.es\/index.php\/wp-json\/wp\/v2\/categories?post=880"},{"taxonomy":"post_tag","embeddable":true,"href":"https:\/\/www.ignaciosanchezmejias.es\/index.php\/wp-json\/wp\/v2\/tags?post=880"}],"curies":[{"name":"wp","href":"https:\/\/api.w.org\/{rel}","templated":true}]}}