{"id":7758,"date":"2026-04-26T20:33:41","date_gmt":"2026-04-26T20:33:41","guid":{"rendered":"https:\/\/www.ignaciosanchezmejias.es\/?p=7758"},"modified":"2026-04-26T21:04:30","modified_gmt":"2026-04-26T21:04:30","slug":"miuras-en-la-noche-y-en-el-dia","status":"publish","type":"post","link":"https:\/\/www.ignaciosanchezmejias.es\/index.php\/2026\/04\/26\/miuras-en-la-noche-y-en-el-dia\/","title":{"rendered":"Miuras en la noche y en el d\u00eda"},"content":{"rendered":"\n<p><\/p>\n\n\n\n<p>Este a\u00f1o tuvimos el privilegio de ir a la Real Venta de Antequera a ver el desencajonamiento y reconocimiento de los miuras en la noche del martes. Era todo un espect\u00e1culo ver esos pedazos de toros solos y majestuosos en la oscuridad, entrar en un corral grande, mirando y fij\u00e1ndose en todo detenidamente, hasta que le daban el visto bueno para pasar a otro corral ya con los mansos. La voz templada de Florito dirigiendo la faena pon\u00eda el contrapunto al silencio de la noche donde s\u00f3lo se iban oyendo los n\u00fameros de los toros que iban reconoci\u00e9ndose: El 14, el 23, el 7, el 51, el 21, el 63 \u2026 y todo sin una incidencia. Una maravilla de noche.<\/p>\n\n\n\n<p>Despu\u00e9s, esta tarde en la plaza la cosa cambia, y si no que se lo digan a los que se han tenido que poner delante. Corrida muy variada de comportamiento, con toros magn\u00edficos como el tercero y otros que han recordado la leyenda de este hierro, como el quinto. El primero tuvo una embestida franca y noble, pero ten\u00eda poco poder y Escribano no pudo someterlo por bajo porque claudicaba. Faena muy larga donde al final descubri\u00f3 un pit\u00f3n izquierdo de lujo. Mat\u00f3 muy trasero. Su segundo tambi\u00e9n tuvo embestidas nobles y poco poder, e hizo una magn\u00edfica pelea en el caballo. Igualmente faena larga que no tuvo gran emoci\u00f3n, pero mat\u00f3 de una soberbia y fulminante estocada y cort\u00f3 una oreja.<\/p>\n\n\n\n<p>El segundo tampoco estaba sobrado de fuerzas y un puyazo casi en los ri\u00f1ones le quit\u00f3 las que le quedaban y fue devuelto. Impropia la forma de meterlo en los corrales, al fallar los mansos, el mayoral quiso hacerlo con la chaquetilla, pero como no entraba se subi\u00f3 al tendido en mangas de camisa a llamarlo desde ah\u00ed. Hasta en eso vamos perdiendo categor\u00eda. Bronco el sustituto, y entre el viendo y las dudas de Moral poco pudimos ver, s\u00f3lo lo mal que intent\u00f3 cazarlo en el primer intento con la espada y el bajonazo a la segunda. El quinto record\u00f3 algo de los miuras antiguos. Gran pelea en varas y vendiendo cara cada embestida. Moral lo intenta sin convencimiento y tras dos achuchones desiste. Ovaci\u00f3n al toro en el arrastre.<\/p>\n\n\n\n<p>El tercero fue un gran toro que bien podr\u00eda haber aspirado a toro de la Feria. Hizo otra gran pelea en varas y fue franco en la muleta arranc\u00e1ndose de lejos y muy lucido por Rom\u00e1n, que estuvo animoso y queriendo toda la tarde. Buena faena de valor y poder. Ten\u00eda la oreja en la mano, pero mat\u00f3 mal, una pena. El \u00faltimo era igual de bronco que alguno de sus hermanos, pero Rom\u00e1n se la jug\u00f3 sin cuento en una faena emocionante, que est\u00e1 vez s\u00ed rubric\u00f3 con una buena estocada, siendo muy aplaudido de despedida.<\/p>\n\n\n\n<p>De los tres toreros solo Rom\u00e1n ha subido su cotizaci\u00f3n hoy. Y de los toros tres han sido aplaudidos u ovacionados en el arrastre, 3\u00ba, 4\u00ba y 5\u00ba y todos han hecho buena pelea en varas, algunos arranc\u00e1ndose de lejos. Entre los miuras de noche y de d\u00eda, hemos tenido que esperar cuatro d\u00edas, pero ha merecido la pena<\/p>\n\n\n\n<p><a href=\"https:\/\/x.com\/isanchezmejias\">@isanchezmejias<\/a><\/p>\n\n\n\n<p><\/p>\n","protected":false},"excerpt":{"rendered":"<p>Este a\u00f1o tuvimos el privilegio de ir a la Real Venta de Antequera a ver el desencajonamiento y reconocimiento de los miuras en la noche del martes. Era todo un espect\u00e1culo ver esos pedazos de toros solos y majestuosos en la oscuridad, entrar en un corral grande, mirando y fij\u00e1ndose en todo detenidamente, hasta que [&hellip;]<\/p>\n","protected":false},"author":1,"featured_media":7759,"comment_status":"open","ping_status":"open","sticky":false,"template":"","format":"standard","meta":{"footnotes":""},"categories":[610],"tags":[66,54,61,172],"class_list":["post-7758","post","type-post","status-publish","format-standard","has-post-thumbnail","hentry","category-abono-sevilla-2026","tag-manuel-escribano","tag-miura","tag-pepe-moral","tag-roman"],"yoast_head":"<!-- This site is optimized with the Yoast SEO plugin v27.4 - https:\/\/yoast.com\/product\/yoast-seo-wordpress\/ -->\n<title>Miuras en la noche y en el d\u00eda - Sitio web de Ignacio S\u00e1nchez-Mej\u00edas Herrero<\/title>\n<meta name=\"robots\" content=\"index, follow, max-snippet:-1, max-image-preview:large, max-video-preview:-1\" \/>\n<link rel=\"canonical\" href=\"https:\/\/www.ignaciosanchezmejias.es\/index.php\/2026\/04\/26\/miuras-en-la-noche-y-en-el-dia\/\" \/>\n<meta property=\"og:locale\" content=\"es_ES\" \/>\n<meta property=\"og:type\" content=\"article\" \/>\n<meta property=\"og:title\" content=\"Miuras en la noche y en el d\u00eda - Sitio web de Ignacio S\u00e1nchez-Mej\u00edas Herrero\" \/>\n<meta property=\"og:description\" content=\"Este a\u00f1o tuvimos el privilegio de ir a la Real Venta de Antequera a ver el desencajonamiento y reconocimiento de los miuras en la noche del martes. Era todo un espect\u00e1culo ver esos pedazos de toros solos y majestuosos en la oscuridad, entrar en un corral grande, mirando y fij\u00e1ndose en todo detenidamente, hasta que [&hellip;]\" \/>\n<meta property=\"og:url\" content=\"https:\/\/www.ignaciosanchezmejias.es\/index.php\/2026\/04\/26\/miuras-en-la-noche-y-en-el-dia\/\" \/>\n<meta property=\"og:site_name\" content=\"Sitio web de Ignacio S\u00e1nchez-Mej\u00edas Herrero\" \/>\n<meta property=\"article:published_time\" content=\"2026-04-26T20:33:41+00:00\" \/>\n<meta property=\"article:modified_time\" content=\"2026-04-26T21:04:30+00:00\" \/>\n<meta property=\"og:image\" content=\"https:\/\/www.ignaciosanchezmejias.es\/wp-content\/uploads\/2026\/04\/Miura.jpg\" \/>\n\t<meta property=\"og:image:width\" content=\"356\" \/>\n\t<meta property=\"og:image:height\" content=\"360\" \/>\n\t<meta property=\"og:image:type\" content=\"image\/jpeg\" \/>\n<meta name=\"author\" content=\"isanchezmejias\" \/>\n<meta name=\"twitter:card\" content=\"summary_large_image\" \/>\n<meta name=\"twitter:label1\" content=\"Escrito por\" \/>\n\t<meta name=\"twitter:data1\" content=\"isanchezmejias\" \/>\n\t<meta name=\"twitter:label2\" content=\"Tiempo de lectura\" \/>\n\t<meta name=\"twitter:data2\" content=\"3 minutos\" \/>\n<script type=\"application\/ld+json\" class=\"yoast-schema-graph\">{\"@context\":\"https:\\\/\\\/schema.org\",\"@graph\":[{\"@type\":\"Article\",\"@id\":\"https:\\\/\\\/www.ignaciosanchezmejias.es\\\/index.php\\\/2026\\\/04\\\/26\\\/miuras-en-la-noche-y-en-el-dia\\\/#article\",\"isPartOf\":{\"@id\":\"https:\\\/\\\/www.ignaciosanchezmejias.es\\\/index.php\\\/2026\\\/04\\\/26\\\/miuras-en-la-noche-y-en-el-dia\\\/\"},\"author\":{\"name\":\"isanchezmejias\",\"@id\":\"https:\\\/\\\/www.ignaciosanchezmejias.es\\\/#\\\/schema\\\/person\\\/494d20bda3404108c02016d5e608fc65\"},\"headline\":\"Miuras en la noche y en el d\u00eda\",\"datePublished\":\"2026-04-26T20:33:41+00:00\",\"dateModified\":\"2026-04-26T21:04:30+00:00\",\"mainEntityOfPage\":{\"@id\":\"https:\\\/\\\/www.ignaciosanchezmejias.es\\\/index.php\\\/2026\\\/04\\\/26\\\/miuras-en-la-noche-y-en-el-dia\\\/\"},\"wordCount\":557,\"commentCount\":2,\"publisher\":{\"@id\":\"https:\\\/\\\/www.ignaciosanchezmejias.es\\\/#\\\/schema\\\/person\\\/494d20bda3404108c02016d5e608fc65\"},\"image\":{\"@id\":\"https:\\\/\\\/www.ignaciosanchezmejias.es\\\/index.php\\\/2026\\\/04\\\/26\\\/miuras-en-la-noche-y-en-el-dia\\\/#primaryimage\"},\"thumbnailUrl\":\"https:\\\/\\\/www.ignaciosanchezmejias.es\\\/wp-content\\\/uploads\\\/2026\\\/04\\\/Miura.jpg\",\"keywords\":[\"Manuel Escribano\",\"Miura\",\"Pepe Moral\",\"Rom\u00e1n\"],\"articleSection\":[\"Abono Sevilla 2026\"],\"inLanguage\":\"es\",\"potentialAction\":[{\"@type\":\"CommentAction\",\"name\":\"Comment\",\"target\":[\"https:\\\/\\\/www.ignaciosanchezmejias.es\\\/index.php\\\/2026\\\/04\\\/26\\\/miuras-en-la-noche-y-en-el-dia\\\/#respond\"]}]},{\"@type\":\"WebPage\",\"@id\":\"https:\\\/\\\/www.ignaciosanchezmejias.es\\\/index.php\\\/2026\\\/04\\\/26\\\/miuras-en-la-noche-y-en-el-dia\\\/\",\"url\":\"https:\\\/\\\/www.ignaciosanchezmejias.es\\\/index.php\\\/2026\\\/04\\\/26\\\/miuras-en-la-noche-y-en-el-dia\\\/\",\"name\":\"Miuras en la noche y en el d\u00eda - Sitio web de Ignacio S\u00e1nchez-Mej\u00edas Herrero\",\"isPartOf\":{\"@id\":\"https:\\\/\\\/www.ignaciosanchezmejias.es\\\/#website\"},\"primaryImageOfPage\":{\"@id\":\"https:\\\/\\\/www.ignaciosanchezmejias.es\\\/index.php\\\/2026\\\/04\\\/26\\\/miuras-en-la-noche-y-en-el-dia\\\/#primaryimage\"},\"image\":{\"@id\":\"https:\\\/\\\/www.ignaciosanchezmejias.es\\\/index.php\\\/2026\\\/04\\\/26\\\/miuras-en-la-noche-y-en-el-dia\\\/#primaryimage\"},\"thumbnailUrl\":\"https:\\\/\\\/www.ignaciosanchezmejias.es\\\/wp-content\\\/uploads\\\/2026\\\/04\\\/Miura.jpg\",\"datePublished\":\"2026-04-26T20:33:41+00:00\",\"dateModified\":\"2026-04-26T21:04:30+00:00\",\"breadcrumb\":{\"@id\":\"https:\\\/\\\/www.ignaciosanchezmejias.es\\\/index.php\\\/2026\\\/04\\\/26\\\/miuras-en-la-noche-y-en-el-dia\\\/#breadcrumb\"},\"inLanguage\":\"es\",\"potentialAction\":[{\"@type\":\"ReadAction\",\"target\":[\"https:\\\/\\\/www.ignaciosanchezmejias.es\\\/index.php\\\/2026\\\/04\\\/26\\\/miuras-en-la-noche-y-en-el-dia\\\/\"]}]},{\"@type\":\"ImageObject\",\"inLanguage\":\"es\",\"@id\":\"https:\\\/\\\/www.ignaciosanchezmejias.es\\\/index.php\\\/2026\\\/04\\\/26\\\/miuras-en-la-noche-y-en-el-dia\\\/#primaryimage\",\"url\":\"https:\\\/\\\/www.ignaciosanchezmejias.es\\\/wp-content\\\/uploads\\\/2026\\\/04\\\/Miura.jpg\",\"contentUrl\":\"https:\\\/\\\/www.ignaciosanchezmejias.es\\\/wp-content\\\/uploads\\\/2026\\\/04\\\/Miura.jpg\",\"width\":356,\"height\":360},{\"@type\":\"BreadcrumbList\",\"@id\":\"https:\\\/\\\/www.ignaciosanchezmejias.es\\\/index.php\\\/2026\\\/04\\\/26\\\/miuras-en-la-noche-y-en-el-dia\\\/#breadcrumb\",\"itemListElement\":[{\"@type\":\"ListItem\",\"position\":1,\"name\":\"Portada\",\"item\":\"https:\\\/\\\/www.ignaciosanchezmejias.es\\\/\"},{\"@type\":\"ListItem\",\"position\":2,\"name\":\"Miuras en la noche y en el d\u00eda\"}]},{\"@type\":\"WebSite\",\"@id\":\"https:\\\/\\\/www.ignaciosanchezmejias.es\\\/#website\",\"url\":\"https:\\\/\\\/www.ignaciosanchezmejias.es\\\/\",\"name\":\"Blog de Ignacio S\u00e1nchez-Mej\u00edas\",\"description\":\"Sitio personal ISM\",\"publisher\":{\"@id\":\"https:\\\/\\\/www.ignaciosanchezmejias.es\\\/#\\\/schema\\\/person\\\/494d20bda3404108c02016d5e608fc65\"},\"potentialAction\":[{\"@type\":\"SearchAction\",\"target\":{\"@type\":\"EntryPoint\",\"urlTemplate\":\"https:\\\/\\\/www.ignaciosanchezmejias.es\\\/?s={search_term_string}\"},\"query-input\":{\"@type\":\"PropertyValueSpecification\",\"valueRequired\":true,\"valueName\":\"search_term_string\"}}],\"inLanguage\":\"es\"},{\"@type\":[\"Person\",\"Organization\"],\"@id\":\"https:\\\/\\\/www.ignaciosanchezmejias.es\\\/#\\\/schema\\\/person\\\/494d20bda3404108c02016d5e608fc65\",\"name\":\"isanchezmejias\",\"image\":{\"@type\":\"ImageObject\",\"inLanguage\":\"es\",\"@id\":\"https:\\\/\\\/www.ignaciosanchezmejias.es\\\/wp-content\\\/uploads\\\/2020\\\/06\\\/cropped-Yo-antes.jpg\",\"url\":\"https:\\\/\\\/www.ignaciosanchezmejias.es\\\/wp-content\\\/uploads\\\/2020\\\/06\\\/cropped-Yo-antes.jpg\",\"contentUrl\":\"https:\\\/\\\/www.ignaciosanchezmejias.es\\\/wp-content\\\/uploads\\\/2020\\\/06\\\/cropped-Yo-antes.jpg\",\"width\":681,\"height\":482,\"caption\":\"isanchezmejias\"},\"logo\":{\"@id\":\"https:\\\/\\\/www.ignaciosanchezmejias.es\\\/wp-content\\\/uploads\\\/2020\\\/06\\\/cropped-Yo-antes.jpg\"},\"sameAs\":[\"https:\\\/\\\/www.ignaciosanchezmejias.es\"],\"url\":\"https:\\\/\\\/www.ignaciosanchezmejias.es\\\/index.php\\\/author\\\/isanchezmejias\\\/\"}]}<\/script>\n<!-- \/ Yoast SEO plugin. -->","yoast_head_json":{"title":"Miuras en la noche y en el d\u00eda - Sitio web de Ignacio S\u00e1nchez-Mej\u00edas Herrero","robots":{"index":"index","follow":"follow","max-snippet":"max-snippet:-1","max-image-preview":"max-image-preview:large","max-video-preview":"max-video-preview:-1"},"canonical":"https:\/\/www.ignaciosanchezmejias.es\/index.php\/2026\/04\/26\/miuras-en-la-noche-y-en-el-dia\/","og_locale":"es_ES","og_type":"article","og_title":"Miuras en la noche y en el d\u00eda - Sitio web de Ignacio S\u00e1nchez-Mej\u00edas Herrero","og_description":"Este a\u00f1o tuvimos el privilegio de ir a la Real Venta de Antequera a ver el desencajonamiento y reconocimiento de los miuras en la noche del martes. Era todo un espect\u00e1culo ver esos pedazos de toros solos y majestuosos en la oscuridad, entrar en un corral grande, mirando y fij\u00e1ndose en todo detenidamente, hasta que [&hellip;]","og_url":"https:\/\/www.ignaciosanchezmejias.es\/index.php\/2026\/04\/26\/miuras-en-la-noche-y-en-el-dia\/","og_site_name":"Sitio web de Ignacio S\u00e1nchez-Mej\u00edas Herrero","article_published_time":"2026-04-26T20:33:41+00:00","article_modified_time":"2026-04-26T21:04:30+00:00","og_image":[{"width":356,"height":360,"url":"https:\/\/www.ignaciosanchezmejias.es\/wp-content\/uploads\/2026\/04\/Miura.jpg","type":"image\/jpeg"}],"author":"isanchezmejias","twitter_card":"summary_large_image","twitter_misc":{"Escrito por":"isanchezmejias","Tiempo de lectura":"3 minutos"},"schema":{"@context":"https:\/\/schema.org","@graph":[{"@type":"Article","@id":"https:\/\/www.ignaciosanchezmejias.es\/index.php\/2026\/04\/26\/miuras-en-la-noche-y-en-el-dia\/#article","isPartOf":{"@id":"https:\/\/www.ignaciosanchezmejias.es\/index.php\/2026\/04\/26\/miuras-en-la-noche-y-en-el-dia\/"},"author":{"name":"isanchezmejias","@id":"https:\/\/www.ignaciosanchezmejias.es\/#\/schema\/person\/494d20bda3404108c02016d5e608fc65"},"headline":"Miuras en la noche y en el d\u00eda","datePublished":"2026-04-26T20:33:41+00:00","dateModified":"2026-04-26T21:04:30+00:00","mainEntityOfPage":{"@id":"https:\/\/www.ignaciosanchezmejias.es\/index.php\/2026\/04\/26\/miuras-en-la-noche-y-en-el-dia\/"},"wordCount":557,"commentCount":2,"publisher":{"@id":"https:\/\/www.ignaciosanchezmejias.es\/#\/schema\/person\/494d20bda3404108c02016d5e608fc65"},"image":{"@id":"https:\/\/www.ignaciosanchezmejias.es\/index.php\/2026\/04\/26\/miuras-en-la-noche-y-en-el-dia\/#primaryimage"},"thumbnailUrl":"https:\/\/www.ignaciosanchezmejias.es\/wp-content\/uploads\/2026\/04\/Miura.jpg","keywords":["Manuel Escribano","Miura","Pepe Moral","Rom\u00e1n"],"articleSection":["Abono Sevilla 2026"],"inLanguage":"es","potentialAction":[{"@type":"CommentAction","name":"Comment","target":["https:\/\/www.ignaciosanchezmejias.es\/index.php\/2026\/04\/26\/miuras-en-la-noche-y-en-el-dia\/#respond"]}]},{"@type":"WebPage","@id":"https:\/\/www.ignaciosanchezmejias.es\/index.php\/2026\/04\/26\/miuras-en-la-noche-y-en-el-dia\/","url":"https:\/\/www.ignaciosanchezmejias.es\/index.php\/2026\/04\/26\/miuras-en-la-noche-y-en-el-dia\/","name":"Miuras en la noche y en el d\u00eda - Sitio web de Ignacio S\u00e1nchez-Mej\u00edas Herrero","isPartOf":{"@id":"https:\/\/www.ignaciosanchezmejias.es\/#website"},"primaryImageOfPage":{"@id":"https:\/\/www.ignaciosanchezmejias.es\/index.php\/2026\/04\/26\/miuras-en-la-noche-y-en-el-dia\/#primaryimage"},"image":{"@id":"https:\/\/www.ignaciosanchezmejias.es\/index.php\/2026\/04\/26\/miuras-en-la-noche-y-en-el-dia\/#primaryimage"},"thumbnailUrl":"https:\/\/www.ignaciosanchezmejias.es\/wp-content\/uploads\/2026\/04\/Miura.jpg","datePublished":"2026-04-26T20:33:41+00:00","dateModified":"2026-04-26T21:04:30+00:00","breadcrumb":{"@id":"https:\/\/www.ignaciosanchezmejias.es\/index.php\/2026\/04\/26\/miuras-en-la-noche-y-en-el-dia\/#breadcrumb"},"inLanguage":"es","potentialAction":[{"@type":"ReadAction","target":["https:\/\/www.ignaciosanchezmejias.es\/index.php\/2026\/04\/26\/miuras-en-la-noche-y-en-el-dia\/"]}]},{"@type":"ImageObject","inLanguage":"es","@id":"https:\/\/www.ignaciosanchezmejias.es\/index.php\/2026\/04\/26\/miuras-en-la-noche-y-en-el-dia\/#primaryimage","url":"https:\/\/www.ignaciosanchezmejias.es\/wp-content\/uploads\/2026\/04\/Miura.jpg","contentUrl":"https:\/\/www.ignaciosanchezmejias.es\/wp-content\/uploads\/2026\/04\/Miura.jpg","width":356,"height":360},{"@type":"BreadcrumbList","@id":"https:\/\/www.ignaciosanchezmejias.es\/index.php\/2026\/04\/26\/miuras-en-la-noche-y-en-el-dia\/#breadcrumb","itemListElement":[{"@type":"ListItem","position":1,"name":"Portada","item":"https:\/\/www.ignaciosanchezmejias.es\/"},{"@type":"ListItem","position":2,"name":"Miuras en la noche y en el d\u00eda"}]},{"@type":"WebSite","@id":"https:\/\/www.ignaciosanchezmejias.es\/#website","url":"https:\/\/www.ignaciosanchezmejias.es\/","name":"Blog de Ignacio S\u00e1nchez-Mej\u00edas","description":"Sitio personal ISM","publisher":{"@id":"https:\/\/www.ignaciosanchezmejias.es\/#\/schema\/person\/494d20bda3404108c02016d5e608fc65"},"potentialAction":[{"@type":"SearchAction","target":{"@type":"EntryPoint","urlTemplate":"https:\/\/www.ignaciosanchezmejias.es\/?s={search_term_string}"},"query-input":{"@type":"PropertyValueSpecification","valueRequired":true,"valueName":"search_term_string"}}],"inLanguage":"es"},{"@type":["Person","Organization"],"@id":"https:\/\/www.ignaciosanchezmejias.es\/#\/schema\/person\/494d20bda3404108c02016d5e608fc65","name":"isanchezmejias","image":{"@type":"ImageObject","inLanguage":"es","@id":"https:\/\/www.ignaciosanchezmejias.es\/wp-content\/uploads\/2020\/06\/cropped-Yo-antes.jpg","url":"https:\/\/www.ignaciosanchezmejias.es\/wp-content\/uploads\/2020\/06\/cropped-Yo-antes.jpg","contentUrl":"https:\/\/www.ignaciosanchezmejias.es\/wp-content\/uploads\/2020\/06\/cropped-Yo-antes.jpg","width":681,"height":482,"caption":"isanchezmejias"},"logo":{"@id":"https:\/\/www.ignaciosanchezmejias.es\/wp-content\/uploads\/2020\/06\/cropped-Yo-antes.jpg"},"sameAs":["https:\/\/www.ignaciosanchezmejias.es"],"url":"https:\/\/www.ignaciosanchezmejias.es\/index.php\/author\/isanchezmejias\/"}]}},"_links":{"self":[{"href":"https:\/\/www.ignaciosanchezmejias.es\/index.php\/wp-json\/wp\/v2\/posts\/7758","targetHints":{"allow":["GET"]}}],"collection":[{"href":"https:\/\/www.ignaciosanchezmejias.es\/index.php\/wp-json\/wp\/v2\/posts"}],"about":[{"href":"https:\/\/www.ignaciosanchezmejias.es\/index.php\/wp-json\/wp\/v2\/types\/post"}],"author":[{"embeddable":true,"href":"https:\/\/www.ignaciosanchezmejias.es\/index.php\/wp-json\/wp\/v2\/users\/1"}],"replies":[{"embeddable":true,"href":"https:\/\/www.ignaciosanchezmejias.es\/index.php\/wp-json\/wp\/v2\/comments?post=7758"}],"version-history":[{"count":2,"href":"https:\/\/www.ignaciosanchezmejias.es\/index.php\/wp-json\/wp\/v2\/posts\/7758\/revisions"}],"predecessor-version":[{"id":7761,"href":"https:\/\/www.ignaciosanchezmejias.es\/index.php\/wp-json\/wp\/v2\/posts\/7758\/revisions\/7761"}],"wp:featuredmedia":[{"embeddable":true,"href":"https:\/\/www.ignaciosanchezmejias.es\/index.php\/wp-json\/wp\/v2\/media\/7759"}],"wp:attachment":[{"href":"https:\/\/www.ignaciosanchezmejias.es\/index.php\/wp-json\/wp\/v2\/media?parent=7758"}],"wp:term":[{"taxonomy":"category","embeddable":true,"href":"https:\/\/www.ignaciosanchezmejias.es\/index.php\/wp-json\/wp\/v2\/categories?post=7758"},{"taxonomy":"post_tag","embeddable":true,"href":"https:\/\/www.ignaciosanchezmejias.es\/index.php\/wp-json\/wp\/v2\/tags?post=7758"}],"curies":[{"name":"wp","href":"https:\/\/api.w.org\/{rel}","templated":true}]}}