{"id":7636,"date":"2025-11-18T18:15:51","date_gmt":"2025-11-18T18:15:51","guid":{"rendered":"https:\/\/www.ignaciosanchezmejias.es\/?p=7636"},"modified":"2025-12-04T11:35:35","modified_gmt":"2025-12-04T11:35:35","slug":"urtasun-efecto-rebote","status":"publish","type":"post","link":"https:\/\/www.ignaciosanchezmejias.es\/index.php\/2025\/11\/18\/urtasun-efecto-rebote\/","title":{"rendered":"Urtasun, efecto rebote"},"content":{"rendered":"\n<p><\/p>\n\n\n\n<p>Cuando el ministro de cultura del gobierno de Espa\u00f1a anunci\u00f3 en mayo de 2024 que iba a eliminar el premio nacional de Tauromaquia en su decidida lucha contra el mundo del Toro, se produjo un efecto rebote de rebeli\u00f3n contra lo que se cre\u00eda injusto. Las plazas se llenaron de p\u00fablico, sobre todo de j\u00f3venes, como en rebeld\u00eda contra un sistema impuesto. Esto se ha mantenido durante la temporada taurina de 2025 donde se ha visto m\u00e1s p\u00fablico joven que nunca en las plazas de toros. Las dos salidas a hombros de Morante de la Puebla de la plaza de Las Ventas de Madrid son un ejemplo de esto.<\/p>\n\n\n\n<p>Este ministro anunci\u00f3 en la Residencia de Estudiantes, en junio de 2025 las entidades que formaban la Comisi\u00f3n Nacional para la Conmemoraci\u00f3n del Centenario de la Generaci\u00f3n del 27, y se ech\u00f3 en falta siquiera una menci\u00f3n al que fue el promotor y mecenas de la misma, Ignacio S\u00e1nchez Mej\u00edas. Los bien pensados cre\u00edmos que a pesar de ser torero y, por tanto contrario al ministro, que con el tiempo se har\u00eda justicia y ser\u00eda incluido siquiera nominalmente en los actos. Ya entonces se pudieron leer algunas cr\u00edticas como la del periodista <a href=\"https:\/\/www.cuadernostm.com\/urtasun-ignora-a-sanchez-mejias\/\">Paco March en Cuadernos de Tauromaquia<\/a>.<\/p>\n\n\n<div class=\"wp-block-image\">\n<figure class=\"aligncenter size-full\"><img loading=\"lazy\" decoding=\"async\" width=\"300\" height=\"400\" src=\"https:\/\/www.ignaciosanchezmejias.es\/wp-content\/uploads\/2025\/11\/Ateneo-3.png\" alt=\"\" class=\"wp-image-7638\" srcset=\"https:\/\/www.ignaciosanchezmejias.es\/wp-content\/uploads\/2025\/11\/Ateneo-3.png 300w, https:\/\/www.ignaciosanchezmejias.es\/wp-content\/uploads\/2025\/11\/Ateneo-3-225x300.png 225w\" sizes=\"auto, (max-width: 300px) 100vw, 300px\" \/><\/figure>\n<\/div>\n\n\n<p>Pero pasados casi seis meses ha sido la familia, en la figura de mi prima Mar\u00eda Dolores S\u00e1nchez Mej\u00edas, nieta de Ignacio, la que ha mostrado su postura en una entrevista en ABC de Sevilla, que tuvo los honores de portada. A ra\u00edz de esto, han sido muchos medios los que han escrito sobre ello, y muchas organizaciones y personas las que han mostrado su indignaci\u00f3n en las redes sociales, se\u00f1alando al ministro cuanto menos de sectario, por excluir de los actos al que fue art\u00edfice y mecenas de la de la Generaci\u00f3n del 27 por el mero hecho de ser torero. Les dejo enlazados los art\u00edculos de <a href=\"https:\/\/www.abc.es\/sevilla\/cultura\/urtasun-veta-figura-ignacio-sanchez-mejias-centenario-20251117074136-nts.html?ref=https%3A%2F%2Fwww.abc.es%2Fsevilla%2Fcultura%2Furtasun-veta-figura-ignacio-sanchez-mejias-centenario-20251117074136-nts.html\">ABC<\/a> , <a href=\"https:\/\/www.aplausos.es\/solo-el-sectarismo-de-un-ministro-puede-prescindir-de-sanchez-mejias-en-el-homenaje-a-la-generacion-del-27\/\">Aplausos<\/a> o <a href=\"https:\/\/www.eldebate.com\/opinion\/20251118\/reguero-odio_356054.html\">El Debate<\/a> como ejemplo, y hasta anuncian que se va a representar su obra de teatro \u201cSin Raz\u00f3n\u201d como homenaje al 27, <a href=\"https:\/\/www.abc.es\/cultura\/madrid-sevilla-rescatan-sanchez-mejias-centenario-tras-20251117031025-nt.html\">aqu\u00ed el enlace de la noticia en ABC<\/a>.<\/p>\n\n\n<div class=\"wp-block-image\">\n<figure class=\"aligncenter size-large\"><img loading=\"lazy\" decoding=\"async\" width=\"1024\" height=\"662\" src=\"https:\/\/www.ignaciosanchezmejias.es\/wp-content\/uploads\/2025\/11\/Articulo-abc-1024x662.jpg\" alt=\"\" class=\"wp-image-7644\" srcset=\"https:\/\/www.ignaciosanchezmejias.es\/wp-content\/uploads\/2025\/11\/Articulo-abc-1024x662.jpg 1024w, https:\/\/www.ignaciosanchezmejias.es\/wp-content\/uploads\/2025\/11\/Articulo-abc-300x194.jpg 300w, https:\/\/www.ignaciosanchezmejias.es\/wp-content\/uploads\/2025\/11\/Articulo-abc-768x496.jpg 768w, https:\/\/www.ignaciosanchezmejias.es\/wp-content\/uploads\/2025\/11\/Articulo-abc-1536x992.jpg 1536w, https:\/\/www.ignaciosanchezmejias.es\/wp-content\/uploads\/2025\/11\/Articulo-abc-1200x775.jpg 1200w, https:\/\/www.ignaciosanchezmejias.es\/wp-content\/uploads\/2025\/11\/Articulo-abc-1980x1279.jpg 1980w, https:\/\/www.ignaciosanchezmejias.es\/wp-content\/uploads\/2025\/11\/Articulo-abc.jpg 2048w\" sizes=\"auto, (max-width: 1024px) 100vw, 1024px\" \/><\/figure>\n<\/div>\n\n\n<p>Yo le pedir\u00eda al ministro que se leyera por ejemplo \u201c<em>La Arboleda Perdida<\/em>\u201d de Rafael Alberti, donde narra esos d\u00edas en Sevilla y qui\u00e9n los meti\u00f3 en el tren para que vinieran a Sevilla, y las fiestas y las juergas y los paseos en barca por el Guadalquivir, etc. Pero hay otros documentos que definen la participaci\u00f3n de Ignacio S\u00e1nchez Mej\u00edas en el origen de la reuni\u00f3n en Sevilla de unos j\u00f3venes poetas vanguardistas por el tercer centenario de G\u00f3ngora, que hizo posible el nacimiento de la Generaci\u00f3n del 27. Las transcribo del libro \u201c<em>Ignacio S\u00e1nchez Mej\u00edas, el hombre de la Edad de Plata<\/em>\u201d de Andr\u00e9s Amor\u00f3s y Antonio Fern\u00e1ndez Torres, y no el original de la carta para que les resulte m\u00e1s f\u00e1cil la lectura.<\/p>\n\n\n\n<p>Se la dirige a Ignacio, Jos\u00e9 Mar\u00eda Romero, que era entonces vocal encargado de la secci\u00f3n de literatura del Ateneo de Sevilla, adem\u00e1s de subdirector del Manicomio de Miraflores, cercano a Pino Montano (de las charlas entre ambos seguro que saldr\u00eda la idea de la obra de teatro \u201cSin Raz\u00f3n\u201d). Est\u00e1 fechada en octubre de 1927, y le escribe a Ignacio para preparar los anteriormente citados actos.<\/p>\n\n\n<div class=\"wp-block-image\">\n<figure class=\"aligncenter size-large\"><img loading=\"lazy\" decoding=\"async\" width=\"697\" height=\"1024\" src=\"https:\/\/www.ignaciosanchezmejias.es\/wp-content\/uploads\/2025\/11\/Ateneo-2-2-697x1024.jpg\" alt=\"\" class=\"wp-image-7639\" srcset=\"https:\/\/www.ignaciosanchezmejias.es\/wp-content\/uploads\/2025\/11\/Ateneo-2-2-697x1024.jpg 697w, https:\/\/www.ignaciosanchezmejias.es\/wp-content\/uploads\/2025\/11\/Ateneo-2-2-204x300.jpg 204w, https:\/\/www.ignaciosanchezmejias.es\/wp-content\/uploads\/2025\/11\/Ateneo-2-2-768x1129.jpg 768w, https:\/\/www.ignaciosanchezmejias.es\/wp-content\/uploads\/2025\/11\/Ateneo-2-2-1045x1536.jpg 1045w, https:\/\/www.ignaciosanchezmejias.es\/wp-content\/uploads\/2025\/11\/Ateneo-2-2-1393x2048.jpg 1393w, https:\/\/www.ignaciosanchezmejias.es\/wp-content\/uploads\/2025\/11\/Ateneo-2-2-1200x1764.jpg 1200w, https:\/\/www.ignaciosanchezmejias.es\/wp-content\/uploads\/2025\/11\/Ateneo-2-2-1980x2910.jpg 1980w, https:\/\/www.ignaciosanchezmejias.es\/wp-content\/uploads\/2025\/11\/Ateneo-2-2-scaled.jpg 1742w\" sizes=\"auto, (max-width: 697px) 100vw, 697px\" \/><\/figure>\n<\/div>\n\n\n<p>De la lectura de la carta se desprende lo principal, Ignacio es el art\u00edfice de la llegada a Sevilla de sus j\u00f3venes amigos vanguardistas, sin su gesti\u00f3n este encuentro nunca se habr\u00eda realizado. Llamo su atenci\u00f3n sobre una frase concreta: \u201c<em>indiqu\u00e9 que t\u00fa me hab\u00edas prometido que vendr\u00edan Coss\u00edo, Lorca y Alberti juntos<\/em>\u201d. Despu\u00e9s supimos que como contaba Alberti \u201c<em>Ignacio S\u00e1nchez Mej\u00edas nos meti\u00f3 en un tren y nos llev\u00f3 a Sevilla<\/em>\u201d. En ese tren \u201cmeti\u00f3\u201d Ignacio con \u00e9l a Albert\u00ed, Lorca, Juan Chav\u00e1s, Gerardo Diego, D\u00e1maso Alonso, Jorge Guill\u00e9n y Jos\u00e9 Bergam\u00edn, adem\u00e1s de Pep\u00edn Bello. La Generaci\u00f3n del 27 lo es porque Ignacio llev\u00f3 a Sevilla a sus componentes, los agasaj\u00f3 con su dinero, los meti\u00f3 en su casa y ayud\u00f3 a organizar los actos.<\/p>\n\n\n\n<p>El efecto rebote que ha logrado el se\u00f1or ministro con esta injusta omisi\u00f3n espero que sea parecido al incremento de p\u00fablico en las plazas de toros. Sigamos insistiendo en que no queremos sectarismo. La historia es una y no se puede manipular.<\/p>\n\n\n\n<p><a href=\"https:\/\/x.com\/isanchezmejias\">@isanchezmejias<\/a><\/p>\n\n\n<div class=\"wp-block-image\">\n<figure class=\"aligncenter size-large\"><img loading=\"lazy\" decoding=\"async\" width=\"1024\" height=\"665\" src=\"https:\/\/www.ignaciosanchezmejias.es\/wp-content\/uploads\/2025\/11\/Carta-combinada-1024x665.jpg\" alt=\"\" class=\"wp-image-7662\" srcset=\"https:\/\/www.ignaciosanchezmejias.es\/wp-content\/uploads\/2025\/11\/Carta-combinada-1024x665.jpg 1024w, https:\/\/www.ignaciosanchezmejias.es\/wp-content\/uploads\/2025\/11\/Carta-combinada-300x195.jpg 300w, https:\/\/www.ignaciosanchezmejias.es\/wp-content\/uploads\/2025\/11\/Carta-combinada-768x499.jpg 768w, https:\/\/www.ignaciosanchezmejias.es\/wp-content\/uploads\/2025\/11\/Carta-combinada-1536x998.jpg 1536w, https:\/\/www.ignaciosanchezmejias.es\/wp-content\/uploads\/2025\/11\/Carta-combinada-2048x1330.jpg 2048w, https:\/\/www.ignaciosanchezmejias.es\/wp-content\/uploads\/2025\/11\/Carta-combinada-1200x780.jpg 1200w, https:\/\/www.ignaciosanchezmejias.es\/wp-content\/uploads\/2025\/11\/Carta-combinada-1980x1286.jpg 1980w\" sizes=\"auto, (max-width: 1024px) 100vw, 1024px\" \/><figcaption class=\"wp-element-caption\">Original manuscrito de la carta rese\u00f1ada expuesta en el Archivo Museo de Ignacio S\u00e1nchez Mej\u00edas en Manzanares<\/figcaption><\/figure>\n<\/div>\n\n\n<p>PD A partir de aqu\u00ed vamos a ir poniendo algunos art\u00edculos y enlaces posteriores<\/p>\n\n\n\n<p><a href=\"https:\/\/www.larazon.es\/cultura\/toros\/urtasun-borra-sanchez-mejias-centenario-27-desata-tormenta-cultural_20251118691c35a1eba8bc0ece0476a6.html\">La Raz\u00f3n: Urtasun borra a S\u00e1nchez Mej\u00edas del centenario del 27 y desata una tormenta cultural<\/a><\/p>\n\n\n\n<p><a href=\"https:\/\/www.libertaddigital.com\/cultura\/2025-11-18\/el-pp-denuncia-la-censura-ideologica-de-urtasun-por-borrar-al-torero-sanchez-mejias-de-la-generacion-del-27-7321620\/\">Libertad Digital: Urtasun veta al torero S\u00e1nchez Mej\u00edas del homenaje a la Generaci\u00f3n del 27<\/a><\/p>\n\n\n\n<p><a href=\"https:\/\/www.abc.es\/cultura\/urtasun-niega-censura-sanchez-mejias-centenario-generacion-20251118151048-nt.html\">ABC: Urtasun niega censura a S\u00e1nchez Mej\u00edas en el centenario de la Generaci\u00f3n del 27<\/a><\/p>\n\n\n\n<p><a href=\"https:\/\/theobjective.com\/opinion\/2025-11-19\/urtasun-garcia-lorca-articulo-manu-galvez\/\">The Objetive: Urtasun censura a un amigo de Garc\u00eda Lorca<\/a><\/p>\n\n\n\n<p><a href=\"https:\/\/www.msn.com\/es-es\/noticias\/otras\/diez-razones-para-reivindicar-a-ignacio-s%C3%A1nchez-mej%C3%ADas-en-el-centenario-de-la-generaci%C3%B3n-del-27\/ar-AA1QHH5r?ocid=BingNewsSerp\">El Debate: Diez razones para reivindicar a Ignacio S\u00e1nchez Mej\u00edas en el Centenario de la Generaci\u00f3n del 27<\/a><\/p>\n\n\n<div class=\"wp-block-image\">\n<figure class=\"aligncenter size-large\"><img loading=\"lazy\" decoding=\"async\" width=\"283\" height=\"1024\" src=\"https:\/\/www.ignaciosanchezmejias.es\/wp-content\/uploads\/2025\/11\/I-Camacho-283x1024.jpg\" alt=\"\" class=\"wp-image-7646\" srcset=\"https:\/\/www.ignaciosanchezmejias.es\/wp-content\/uploads\/2025\/11\/I-Camacho-283x1024.jpg 283w, https:\/\/www.ignaciosanchezmejias.es\/wp-content\/uploads\/2025\/11\/I-Camacho-83x300.jpg 83w, https:\/\/www.ignaciosanchezmejias.es\/wp-content\/uploads\/2025\/11\/I-Camacho-424x1536.jpg 424w, https:\/\/www.ignaciosanchezmejias.es\/wp-content\/uploads\/2025\/11\/I-Camacho.jpg 547w\" sizes=\"auto, (max-width: 283px) 100vw, 283px\" \/><\/figure>\n<\/div>\n\n<div class=\"wp-block-image\">\n<figure class=\"aligncenter size-full\"><img loading=\"lazy\" decoding=\"async\" width=\"922\" height=\"677\" src=\"https:\/\/www.ignaciosanchezmejias.es\/wp-content\/uploads\/2025\/11\/Ateneo-5.jpg\" alt=\"\" class=\"wp-image-7642\" srcset=\"https:\/\/www.ignaciosanchezmejias.es\/wp-content\/uploads\/2025\/11\/Ateneo-5.jpg 922w, https:\/\/www.ignaciosanchezmejias.es\/wp-content\/uploads\/2025\/11\/Ateneo-5-300x220.jpg 300w, https:\/\/www.ignaciosanchezmejias.es\/wp-content\/uploads\/2025\/11\/Ateneo-5-768x564.jpg 768w\" sizes=\"auto, (max-width: 922px) 100vw, 922px\" \/><\/figure>\n<\/div>\n\n\n<p><a href=\"https:\/\/www.infobae.com\/espana\/cultura\/2025\/11\/18\/quien-es-ignacio-sanchez-mejias-el-torero-y-escritor-espanol-amigo-de-federico-garcia-lorca-al-que-urtasun-ha-vetado-en-el-homenaje-a-la-generacion-del-27\/\">infobae.com: Qui\u00e9n es Ignacio S\u00e1nchez Mej\u00edas, el torero y escritor espa\u00f1ol amigo de Federico Garc\u00eda Lorca al que Urtasun ha vetado en el homenaje a la Generaci\u00f3n del 27<\/a> <\/p>\n\n\n\n<p><a href=\"https:\/\/www.lavanguardia.com\/local\/madrid\/20251118\/11277894\/madrid-dedicara-espacio-ignacio-sanchez-mejias-programacion-centenario-generacion-27-agenciaslv20251118.amp.html\">La Vanguardia: Madrid dedicar\u00e1 un espacio a Ignacio S\u00e1nchez Mej\u00edas en la programaci\u00f3n del centenario de la Generaci\u00f3n del 27<\/a><\/p>\n\n\n\n<p><a href=\"https:\/\/www.mundotoro.com\/noticia\/urtasun-veta-a-ignacio-sanchez-mejias-en-el-centenario-de-la-generacion-del-27-en-un-nuevo-ataque-a-la-tauromaquia\/1906188\">mundotoro.com: Urtasun veta a Ignacio S\u00e1nchez Mej\u00edas en el Centenario de la Generaci\u00f3n del 27 en un nuevo ataque a la Tauromaquia<\/a><\/p>\n\n\n\n<p><a href=\"https:\/\/esradio.libertaddigital.com\/en-casa-de-herrero\/tertulia-cultural\/2025-11-17\/urtasun-veta-a-ignacio-sanchez-mejias-del-centenario-de-la-generacion-del-27-por-ser-torero-7321289\/\">esradio.com: Urtasun veta a Ignacio S\u00e1nchez Mej\u00edas del centenario de la Generaci\u00f3n del 27 por ser torero<\/a><\/p>\n\n\n\n<p><a href=\"https:\/\/www.suiteinformacion.es\/opinion\/ignacio-sanchez-mejias-y-la-generacion-del-27\/\">suiteinformacion.es: Ignacio Sanchez Mej\u00edas y la Generaci\u00f3n del 27<\/a><\/p>\n\n\n\n<p><a href=\"https:\/\/www.eldebate.com\/cultura\/20251120\/gracias-urtasun-ignacio-sanchez-mejias-vuelve-actualidad_356962.html\">El Debate: Gracias a Urtasun, Ignacio S\u00e1nchez Mej\u00edas vuelve a la actualidad<\/a><\/p>\n\n\n\n<p><a href=\"https:\/\/esradio.libertaddigital.com\/cowboys-de-medianoche\/2025-11-21\/del-veto-a-sanchez-mejias-a-la-predileccion-por-hatari-7322494\/\">esradio: Luis Herrero, del veto a S\u00e1nchez Mej\u00edas a la predilecci\u00f3n por \u00abHatari\u00bb<\/a><\/p>\n\n\n\n<p><a href=\"https:\/\/www.elmundofinanciero.com\/noticia\/124314\/libros-recomendados\/ignacio-sanchez-mejias-y-la-generacion-del-27.html\">elmundofinanciero.com: Ignacio S\u00e1nchez Mej\u00edas y la Generaci\u00f3n del 27<\/a><\/p>\n\n\n\n<p><a href=\"https:\/\/okdiario.com\/opinion\/urtasun-veta-ignacio-sanchez-mejias-torero-15811935\">okdiario.com: Urtasun veta a Ignacio Sanchez Mej\u00edas por torero<\/a><\/p>\n\n\n\n<p><a href=\"https:\/\/eltoro.org\/carta-al-ministro-de-cultura-por-la-exclusion-de-sanchez-mejia\/\">Asociaci\u00f3n El TORO de Madrid: Carta al ministro de Cultura por la exclusi\u00f3n de Sanchez Mej\u00edas<\/a><\/p>\n\n\n\n<p><a href=\"https:\/\/lasuertedevaras.es\/picasso-el-guernica-y-sanchez-mejias\/\">lasuertedevaras.es: Picasso, El Guernica y S\u00e1nchez Mej\u00edas<\/a><\/p>\n\n\n\n<p><a href=\"libertaddigital.com: S\u00e1nchez Mej\u00edas y el Centenario de la Generaci\u00f3n del 27\">libertaddigital.com: S\u00e1nchez Mej\u00edas y el Centenario de la Generaci\u00f3n del 27<\/a><a href=\"https:\/\/www.libertaddigital.com\/cultura\/libros\/2025-11-26\/agapito-maestre-sanchez-mejias-y-el-centenario-de-la-generacion-del-27-7325035\/\">https:\/\/www.libertaddigital.com\/cultura\/libros\/2025-11-26\/agapito-maestre-sanchez-mejias-y-el-centenario-de-la-generacion-del-27-7325035\/<\/a><\/p>\n\n\n\n<p><a href=\"https:\/\/tendido7.co\/el-ministro-de-cultura-de-espana-niega-haber-vetado-a-ignacio-sanchez-mejias-el-hacedor-de-la-generacion-del-27\/\">Tendido 7: El ministro de cultura de Espa\u00f1a niega haber vetado a Ignacio S\u00e1nchez Mej\u00edas el \u00abhacedor\u00bb de la Generaci\u00f3n del 27<\/a><\/p>\n\n\n<div class=\"wp-block-image\">\n<figure class=\"aligncenter size-large\"><img loading=\"lazy\" decoding=\"async\" width=\"546\" height=\"1024\" src=\"https:\/\/www.ignaciosanchezmejias.es\/wp-content\/uploads\/2025\/11\/R-Vazquez-546x1024.jpg\" alt=\"\" class=\"wp-image-7682\" srcset=\"https:\/\/www.ignaciosanchezmejias.es\/wp-content\/uploads\/2025\/11\/R-Vazquez-546x1024.jpg 546w, https:\/\/www.ignaciosanchezmejias.es\/wp-content\/uploads\/2025\/11\/R-Vazquez-160x300.jpg 160w, https:\/\/www.ignaciosanchezmejias.es\/wp-content\/uploads\/2025\/11\/R-Vazquez-768x1440.jpg 768w, https:\/\/www.ignaciosanchezmejias.es\/wp-content\/uploads\/2025\/11\/R-Vazquez-819x1536.jpg 819w, https:\/\/www.ignaciosanchezmejias.es\/wp-content\/uploads\/2025\/11\/R-Vazquez.jpg 923w\" sizes=\"auto, (max-width: 546px) 100vw, 546px\" \/><\/figure>\n<\/div>\n\n\n<p><a href=\"https:\/\/esradio.libertaddigital.com\/la-noche-de-cuesta\/historia-orgullosa-de-espana\/2025-11-28\/la-importancia-de-ignacio-sanchez-mejias-en-la-generacion-del-27-7326582\/\">esradio: La importancia de Ignacio S\u00e1nchez Mej\u00edas en la Generaci\u00f3n del 27<\/a><\/p>\n\n\n\n<p>POSDATA<\/p>\n\n\n\n<p>Tema cerrado. A partir de la reclamaci\u00f3n de la familia que fue en portada de ABC de Sevilla, el efecto rebote ha hecho rectificar al ministro y admitir   expresamente que homenajear\u00e1 S\u00e1nchez Mej\u00edas en los actos del Centenario de la Generaci\u00f3n del 27.<\/p>\n\n\n<div class=\"wp-block-image\">\n<figure class=\"aligncenter size-large\"><img loading=\"lazy\" decoding=\"async\" width=\"1024\" height=\"851\" src=\"https:\/\/www.ignaciosanchezmejias.es\/wp-content\/uploads\/2025\/11\/Cierre-1024x851.jpg\" alt=\"\" class=\"wp-image-7693\" srcset=\"https:\/\/www.ignaciosanchezmejias.es\/wp-content\/uploads\/2025\/11\/Cierre-1024x851.jpg 1024w, https:\/\/www.ignaciosanchezmejias.es\/wp-content\/uploads\/2025\/11\/Cierre-300x249.jpg 300w, https:\/\/www.ignaciosanchezmejias.es\/wp-content\/uploads\/2025\/11\/Cierre-768x638.jpg 768w, https:\/\/www.ignaciosanchezmejias.es\/wp-content\/uploads\/2025\/11\/Cierre-1536x1276.jpg 1536w, https:\/\/www.ignaciosanchezmejias.es\/wp-content\/uploads\/2025\/11\/Cierre-1200x997.jpg 1200w, https:\/\/www.ignaciosanchezmejias.es\/wp-content\/uploads\/2025\/11\/Cierre.jpg 1550w\" sizes=\"auto, (max-width: 1024px) 100vw, 1024px\" \/><\/figure>\n<\/div>","protected":false},"excerpt":{"rendered":"<p>Cuando el ministro de cultura del gobierno de Espa\u00f1a anunci\u00f3 en mayo de 2024 que iba a eliminar el premio nacional de Tauromaquia en su decidida lucha contra el mundo del Toro, se produjo un efecto rebote de rebeli\u00f3n contra lo que se cre\u00eda injusto. Las plazas se llenaron de p\u00fablico, sobre todo de j\u00f3venes, [&hellip;]<\/p>\n","protected":false},"author":1,"featured_media":7637,"comment_status":"open","ping_status":"open","sticky":false,"template":"","format":"standard","meta":{"footnotes":""},"categories":[5],"tags":[607,43,608],"class_list":["post-7636","post","type-post","status-publish","format-standard","has-post-thumbnail","hentry","category-general","tag-generacion-del-27","tag-ignacio-sanchez-mejias","tag-urtasun"],"yoast_head":"<!-- This site is optimized with the Yoast SEO plugin v27.5 - https:\/\/yoast.com\/product\/yoast-seo-wordpress\/ -->\n<title>Urtasun, efecto rebote - Sitio web de Ignacio S\u00e1nchez-Mej\u00edas Herrero<\/title>\n<meta name=\"robots\" content=\"index, follow, max-snippet:-1, max-image-preview:large, max-video-preview:-1\" \/>\n<link rel=\"canonical\" href=\"https:\/\/www.ignaciosanchezmejias.es\/index.php\/2025\/11\/18\/urtasun-efecto-rebote\/\" \/>\n<meta property=\"og:locale\" content=\"es_ES\" \/>\n<meta property=\"og:type\" content=\"article\" \/>\n<meta property=\"og:title\" content=\"Urtasun, efecto rebote - Sitio web de Ignacio S\u00e1nchez-Mej\u00edas Herrero\" \/>\n<meta property=\"og:description\" content=\"Cuando el ministro de cultura del gobierno de Espa\u00f1a anunci\u00f3 en mayo de 2024 que iba a eliminar el premio nacional de Tauromaquia en su decidida lucha contra el mundo del Toro, se produjo un efecto rebote de rebeli\u00f3n contra lo que se cre\u00eda injusto. Las plazas se llenaron de p\u00fablico, sobre todo de j\u00f3venes, [&hellip;]\" \/>\n<meta property=\"og:url\" content=\"https:\/\/www.ignaciosanchezmejias.es\/index.php\/2025\/11\/18\/urtasun-efecto-rebote\/\" \/>\n<meta property=\"og:site_name\" content=\"Sitio web de Ignacio S\u00e1nchez-Mej\u00edas Herrero\" \/>\n<meta property=\"article:published_time\" content=\"2025-11-18T18:15:51+00:00\" \/>\n<meta property=\"article:modified_time\" content=\"2025-12-04T11:35:35+00:00\" \/>\n<meta property=\"og:image\" content=\"https:\/\/www.ignaciosanchezmejias.es\/wp-content\/uploads\/2025\/11\/Ateneo-4.jpg\" \/>\n\t<meta property=\"og:image:width\" content=\"646\" \/>\n\t<meta property=\"og:image:height\" content=\"482\" \/>\n\t<meta property=\"og:image:type\" content=\"image\/jpeg\" \/>\n<meta name=\"author\" content=\"isanchezmejias\" \/>\n<meta name=\"twitter:card\" content=\"summary_large_image\" \/>\n<meta name=\"twitter:label1\" content=\"Escrito por\" \/>\n\t<meta name=\"twitter:data1\" content=\"isanchezmejias\" \/>\n\t<meta name=\"twitter:label2\" content=\"Tiempo de lectura\" \/>\n\t<meta name=\"twitter:data2\" content=\"7 minutos\" \/>\n<script type=\"application\/ld+json\" class=\"yoast-schema-graph\">{\"@context\":\"https:\\\/\\\/schema.org\",\"@graph\":[{\"@type\":\"Article\",\"@id\":\"https:\\\/\\\/www.ignaciosanchezmejias.es\\\/index.php\\\/2025\\\/11\\\/18\\\/urtasun-efecto-rebote\\\/#article\",\"isPartOf\":{\"@id\":\"https:\\\/\\\/www.ignaciosanchezmejias.es\\\/index.php\\\/2025\\\/11\\\/18\\\/urtasun-efecto-rebote\\\/\"},\"author\":{\"name\":\"isanchezmejias\",\"@id\":\"https:\\\/\\\/www.ignaciosanchezmejias.es\\\/#\\\/schema\\\/person\\\/494d20bda3404108c02016d5e608fc65\"},\"headline\":\"Urtasun, efecto rebote\",\"datePublished\":\"2025-11-18T18:15:51+00:00\",\"dateModified\":\"2025-12-04T11:35:35+00:00\",\"mainEntityOfPage\":{\"@id\":\"https:\\\/\\\/www.ignaciosanchezmejias.es\\\/index.php\\\/2025\\\/11\\\/18\\\/urtasun-efecto-rebote\\\/\"},\"wordCount\":1199,\"commentCount\":4,\"publisher\":{\"@id\":\"https:\\\/\\\/www.ignaciosanchezmejias.es\\\/#\\\/schema\\\/person\\\/494d20bda3404108c02016d5e608fc65\"},\"image\":{\"@id\":\"https:\\\/\\\/www.ignaciosanchezmejias.es\\\/index.php\\\/2025\\\/11\\\/18\\\/urtasun-efecto-rebote\\\/#primaryimage\"},\"thumbnailUrl\":\"https:\\\/\\\/www.ignaciosanchezmejias.es\\\/wp-content\\\/uploads\\\/2025\\\/11\\\/Ateneo-4.jpg\",\"keywords\":[\"Generaci\u00f3n del 27\",\"Ignacio S\u00e1nchez Mej\u00edas\",\"Urtasun\"],\"articleSection\":[\"General\"],\"inLanguage\":\"es\",\"potentialAction\":[{\"@type\":\"CommentAction\",\"name\":\"Comment\",\"target\":[\"https:\\\/\\\/www.ignaciosanchezmejias.es\\\/index.php\\\/2025\\\/11\\\/18\\\/urtasun-efecto-rebote\\\/#respond\"]}]},{\"@type\":\"WebPage\",\"@id\":\"https:\\\/\\\/www.ignaciosanchezmejias.es\\\/index.php\\\/2025\\\/11\\\/18\\\/urtasun-efecto-rebote\\\/\",\"url\":\"https:\\\/\\\/www.ignaciosanchezmejias.es\\\/index.php\\\/2025\\\/11\\\/18\\\/urtasun-efecto-rebote\\\/\",\"name\":\"Urtasun, efecto rebote - Sitio web de Ignacio S\u00e1nchez-Mej\u00edas Herrero\",\"isPartOf\":{\"@id\":\"https:\\\/\\\/www.ignaciosanchezmejias.es\\\/#website\"},\"primaryImageOfPage\":{\"@id\":\"https:\\\/\\\/www.ignaciosanchezmejias.es\\\/index.php\\\/2025\\\/11\\\/18\\\/urtasun-efecto-rebote\\\/#primaryimage\"},\"image\":{\"@id\":\"https:\\\/\\\/www.ignaciosanchezmejias.es\\\/index.php\\\/2025\\\/11\\\/18\\\/urtasun-efecto-rebote\\\/#primaryimage\"},\"thumbnailUrl\":\"https:\\\/\\\/www.ignaciosanchezmejias.es\\\/wp-content\\\/uploads\\\/2025\\\/11\\\/Ateneo-4.jpg\",\"datePublished\":\"2025-11-18T18:15:51+00:00\",\"dateModified\":\"2025-12-04T11:35:35+00:00\",\"breadcrumb\":{\"@id\":\"https:\\\/\\\/www.ignaciosanchezmejias.es\\\/index.php\\\/2025\\\/11\\\/18\\\/urtasun-efecto-rebote\\\/#breadcrumb\"},\"inLanguage\":\"es\",\"potentialAction\":[{\"@type\":\"ReadAction\",\"target\":[\"https:\\\/\\\/www.ignaciosanchezmejias.es\\\/index.php\\\/2025\\\/11\\\/18\\\/urtasun-efecto-rebote\\\/\"]}]},{\"@type\":\"ImageObject\",\"inLanguage\":\"es\",\"@id\":\"https:\\\/\\\/www.ignaciosanchezmejias.es\\\/index.php\\\/2025\\\/11\\\/18\\\/urtasun-efecto-rebote\\\/#primaryimage\",\"url\":\"https:\\\/\\\/www.ignaciosanchezmejias.es\\\/wp-content\\\/uploads\\\/2025\\\/11\\\/Ateneo-4.jpg\",\"contentUrl\":\"https:\\\/\\\/www.ignaciosanchezmejias.es\\\/wp-content\\\/uploads\\\/2025\\\/11\\\/Ateneo-4.jpg\",\"width\":646,\"height\":482},{\"@type\":\"BreadcrumbList\",\"@id\":\"https:\\\/\\\/www.ignaciosanchezmejias.es\\\/index.php\\\/2025\\\/11\\\/18\\\/urtasun-efecto-rebote\\\/#breadcrumb\",\"itemListElement\":[{\"@type\":\"ListItem\",\"position\":1,\"name\":\"Portada\",\"item\":\"https:\\\/\\\/www.ignaciosanchezmejias.es\\\/\"},{\"@type\":\"ListItem\",\"position\":2,\"name\":\"Urtasun, efecto rebote\"}]},{\"@type\":\"WebSite\",\"@id\":\"https:\\\/\\\/www.ignaciosanchezmejias.es\\\/#website\",\"url\":\"https:\\\/\\\/www.ignaciosanchezmejias.es\\\/\",\"name\":\"Blog de Ignacio S\u00e1nchez-Mej\u00edas\",\"description\":\"Sitio personal ISM\",\"publisher\":{\"@id\":\"https:\\\/\\\/www.ignaciosanchezmejias.es\\\/#\\\/schema\\\/person\\\/494d20bda3404108c02016d5e608fc65\"},\"potentialAction\":[{\"@type\":\"SearchAction\",\"target\":{\"@type\":\"EntryPoint\",\"urlTemplate\":\"https:\\\/\\\/www.ignaciosanchezmejias.es\\\/?s={search_term_string}\"},\"query-input\":{\"@type\":\"PropertyValueSpecification\",\"valueRequired\":true,\"valueName\":\"search_term_string\"}}],\"inLanguage\":\"es\"},{\"@type\":[\"Person\",\"Organization\"],\"@id\":\"https:\\\/\\\/www.ignaciosanchezmejias.es\\\/#\\\/schema\\\/person\\\/494d20bda3404108c02016d5e608fc65\",\"name\":\"isanchezmejias\",\"image\":{\"@type\":\"ImageObject\",\"inLanguage\":\"es\",\"@id\":\"https:\\\/\\\/www.ignaciosanchezmejias.es\\\/wp-content\\\/uploads\\\/2020\\\/06\\\/cropped-Yo-antes.jpg\",\"url\":\"https:\\\/\\\/www.ignaciosanchezmejias.es\\\/wp-content\\\/uploads\\\/2020\\\/06\\\/cropped-Yo-antes.jpg\",\"contentUrl\":\"https:\\\/\\\/www.ignaciosanchezmejias.es\\\/wp-content\\\/uploads\\\/2020\\\/06\\\/cropped-Yo-antes.jpg\",\"width\":681,\"height\":482,\"caption\":\"isanchezmejias\"},\"logo\":{\"@id\":\"https:\\\/\\\/www.ignaciosanchezmejias.es\\\/wp-content\\\/uploads\\\/2020\\\/06\\\/cropped-Yo-antes.jpg\"},\"sameAs\":[\"https:\\\/\\\/www.ignaciosanchezmejias.es\"],\"url\":\"https:\\\/\\\/www.ignaciosanchezmejias.es\\\/index.php\\\/author\\\/isanchezmejias\\\/\"}]}<\/script>\n<!-- \/ Yoast SEO plugin. -->","yoast_head_json":{"title":"Urtasun, efecto rebote - Sitio web de Ignacio S\u00e1nchez-Mej\u00edas Herrero","robots":{"index":"index","follow":"follow","max-snippet":"max-snippet:-1","max-image-preview":"max-image-preview:large","max-video-preview":"max-video-preview:-1"},"canonical":"https:\/\/www.ignaciosanchezmejias.es\/index.php\/2025\/11\/18\/urtasun-efecto-rebote\/","og_locale":"es_ES","og_type":"article","og_title":"Urtasun, efecto rebote - Sitio web de Ignacio S\u00e1nchez-Mej\u00edas Herrero","og_description":"Cuando el ministro de cultura del gobierno de Espa\u00f1a anunci\u00f3 en mayo de 2024 que iba a eliminar el premio nacional de Tauromaquia en su decidida lucha contra el mundo del Toro, se produjo un efecto rebote de rebeli\u00f3n contra lo que se cre\u00eda injusto. Las plazas se llenaron de p\u00fablico, sobre todo de j\u00f3venes, [&hellip;]","og_url":"https:\/\/www.ignaciosanchezmejias.es\/index.php\/2025\/11\/18\/urtasun-efecto-rebote\/","og_site_name":"Sitio web de Ignacio S\u00e1nchez-Mej\u00edas Herrero","article_published_time":"2025-11-18T18:15:51+00:00","article_modified_time":"2025-12-04T11:35:35+00:00","og_image":[{"width":646,"height":482,"url":"https:\/\/www.ignaciosanchezmejias.es\/wp-content\/uploads\/2025\/11\/Ateneo-4.jpg","type":"image\/jpeg"}],"author":"isanchezmejias","twitter_card":"summary_large_image","twitter_misc":{"Escrito por":"isanchezmejias","Tiempo de lectura":"7 minutos"},"schema":{"@context":"https:\/\/schema.org","@graph":[{"@type":"Article","@id":"https:\/\/www.ignaciosanchezmejias.es\/index.php\/2025\/11\/18\/urtasun-efecto-rebote\/#article","isPartOf":{"@id":"https:\/\/www.ignaciosanchezmejias.es\/index.php\/2025\/11\/18\/urtasun-efecto-rebote\/"},"author":{"name":"isanchezmejias","@id":"https:\/\/www.ignaciosanchezmejias.es\/#\/schema\/person\/494d20bda3404108c02016d5e608fc65"},"headline":"Urtasun, efecto rebote","datePublished":"2025-11-18T18:15:51+00:00","dateModified":"2025-12-04T11:35:35+00:00","mainEntityOfPage":{"@id":"https:\/\/www.ignaciosanchezmejias.es\/index.php\/2025\/11\/18\/urtasun-efecto-rebote\/"},"wordCount":1199,"commentCount":4,"publisher":{"@id":"https:\/\/www.ignaciosanchezmejias.es\/#\/schema\/person\/494d20bda3404108c02016d5e608fc65"},"image":{"@id":"https:\/\/www.ignaciosanchezmejias.es\/index.php\/2025\/11\/18\/urtasun-efecto-rebote\/#primaryimage"},"thumbnailUrl":"https:\/\/www.ignaciosanchezmejias.es\/wp-content\/uploads\/2025\/11\/Ateneo-4.jpg","keywords":["Generaci\u00f3n del 27","Ignacio S\u00e1nchez Mej\u00edas","Urtasun"],"articleSection":["General"],"inLanguage":"es","potentialAction":[{"@type":"CommentAction","name":"Comment","target":["https:\/\/www.ignaciosanchezmejias.es\/index.php\/2025\/11\/18\/urtasun-efecto-rebote\/#respond"]}]},{"@type":"WebPage","@id":"https:\/\/www.ignaciosanchezmejias.es\/index.php\/2025\/11\/18\/urtasun-efecto-rebote\/","url":"https:\/\/www.ignaciosanchezmejias.es\/index.php\/2025\/11\/18\/urtasun-efecto-rebote\/","name":"Urtasun, efecto rebote - Sitio web de Ignacio S\u00e1nchez-Mej\u00edas Herrero","isPartOf":{"@id":"https:\/\/www.ignaciosanchezmejias.es\/#website"},"primaryImageOfPage":{"@id":"https:\/\/www.ignaciosanchezmejias.es\/index.php\/2025\/11\/18\/urtasun-efecto-rebote\/#primaryimage"},"image":{"@id":"https:\/\/www.ignaciosanchezmejias.es\/index.php\/2025\/11\/18\/urtasun-efecto-rebote\/#primaryimage"},"thumbnailUrl":"https:\/\/www.ignaciosanchezmejias.es\/wp-content\/uploads\/2025\/11\/Ateneo-4.jpg","datePublished":"2025-11-18T18:15:51+00:00","dateModified":"2025-12-04T11:35:35+00:00","breadcrumb":{"@id":"https:\/\/www.ignaciosanchezmejias.es\/index.php\/2025\/11\/18\/urtasun-efecto-rebote\/#breadcrumb"},"inLanguage":"es","potentialAction":[{"@type":"ReadAction","target":["https:\/\/www.ignaciosanchezmejias.es\/index.php\/2025\/11\/18\/urtasun-efecto-rebote\/"]}]},{"@type":"ImageObject","inLanguage":"es","@id":"https:\/\/www.ignaciosanchezmejias.es\/index.php\/2025\/11\/18\/urtasun-efecto-rebote\/#primaryimage","url":"https:\/\/www.ignaciosanchezmejias.es\/wp-content\/uploads\/2025\/11\/Ateneo-4.jpg","contentUrl":"https:\/\/www.ignaciosanchezmejias.es\/wp-content\/uploads\/2025\/11\/Ateneo-4.jpg","width":646,"height":482},{"@type":"BreadcrumbList","@id":"https:\/\/www.ignaciosanchezmejias.es\/index.php\/2025\/11\/18\/urtasun-efecto-rebote\/#breadcrumb","itemListElement":[{"@type":"ListItem","position":1,"name":"Portada","item":"https:\/\/www.ignaciosanchezmejias.es\/"},{"@type":"ListItem","position":2,"name":"Urtasun, efecto rebote"}]},{"@type":"WebSite","@id":"https:\/\/www.ignaciosanchezmejias.es\/#website","url":"https:\/\/www.ignaciosanchezmejias.es\/","name":"Blog de Ignacio S\u00e1nchez-Mej\u00edas","description":"Sitio personal ISM","publisher":{"@id":"https:\/\/www.ignaciosanchezmejias.es\/#\/schema\/person\/494d20bda3404108c02016d5e608fc65"},"potentialAction":[{"@type":"SearchAction","target":{"@type":"EntryPoint","urlTemplate":"https:\/\/www.ignaciosanchezmejias.es\/?s={search_term_string}"},"query-input":{"@type":"PropertyValueSpecification","valueRequired":true,"valueName":"search_term_string"}}],"inLanguage":"es"},{"@type":["Person","Organization"],"@id":"https:\/\/www.ignaciosanchezmejias.es\/#\/schema\/person\/494d20bda3404108c02016d5e608fc65","name":"isanchezmejias","image":{"@type":"ImageObject","inLanguage":"es","@id":"https:\/\/www.ignaciosanchezmejias.es\/wp-content\/uploads\/2020\/06\/cropped-Yo-antes.jpg","url":"https:\/\/www.ignaciosanchezmejias.es\/wp-content\/uploads\/2020\/06\/cropped-Yo-antes.jpg","contentUrl":"https:\/\/www.ignaciosanchezmejias.es\/wp-content\/uploads\/2020\/06\/cropped-Yo-antes.jpg","width":681,"height":482,"caption":"isanchezmejias"},"logo":{"@id":"https:\/\/www.ignaciosanchezmejias.es\/wp-content\/uploads\/2020\/06\/cropped-Yo-antes.jpg"},"sameAs":["https:\/\/www.ignaciosanchezmejias.es"],"url":"https:\/\/www.ignaciosanchezmejias.es\/index.php\/author\/isanchezmejias\/"}]}},"_links":{"self":[{"href":"https:\/\/www.ignaciosanchezmejias.es\/index.php\/wp-json\/wp\/v2\/posts\/7636","targetHints":{"allow":["GET"]}}],"collection":[{"href":"https:\/\/www.ignaciosanchezmejias.es\/index.php\/wp-json\/wp\/v2\/posts"}],"about":[{"href":"https:\/\/www.ignaciosanchezmejias.es\/index.php\/wp-json\/wp\/v2\/types\/post"}],"author":[{"embeddable":true,"href":"https:\/\/www.ignaciosanchezmejias.es\/index.php\/wp-json\/wp\/v2\/users\/1"}],"replies":[{"embeddable":true,"href":"https:\/\/www.ignaciosanchezmejias.es\/index.php\/wp-json\/wp\/v2\/comments?post=7636"}],"version-history":[{"count":19,"href":"https:\/\/www.ignaciosanchezmejias.es\/index.php\/wp-json\/wp\/v2\/posts\/7636\/revisions"}],"predecessor-version":[{"id":7694,"href":"https:\/\/www.ignaciosanchezmejias.es\/index.php\/wp-json\/wp\/v2\/posts\/7636\/revisions\/7694"}],"wp:featuredmedia":[{"embeddable":true,"href":"https:\/\/www.ignaciosanchezmejias.es\/index.php\/wp-json\/wp\/v2\/media\/7637"}],"wp:attachment":[{"href":"https:\/\/www.ignaciosanchezmejias.es\/index.php\/wp-json\/wp\/v2\/media?parent=7636"}],"wp:term":[{"taxonomy":"category","embeddable":true,"href":"https:\/\/www.ignaciosanchezmejias.es\/index.php\/wp-json\/wp\/v2\/categories?post=7636"},{"taxonomy":"post_tag","embeddable":true,"href":"https:\/\/www.ignaciosanchezmejias.es\/index.php\/wp-json\/wp\/v2\/tags?post=7636"}],"curies":[{"name":"wp","href":"https:\/\/api.w.org\/{rel}","templated":true}]}}