{"id":7457,"date":"2024-08-25T09:07:06","date_gmt":"2024-08-25T09:07:06","guid":{"rendered":"https:\/\/www.ignaciosanchezmejias.es\/?p=7457"},"modified":"2024-08-25T09:07:08","modified_gmt":"2024-08-25T09:07:08","slug":"ignacio-sanchez-mejias-y-la-emocion","status":"publish","type":"post","link":"https:\/\/www.ignaciosanchezmejias.es\/index.php\/2024\/08\/25\/ignacio-sanchez-mejias-y-la-emocion\/","title":{"rendered":"Ignacio S\u00e1nchez Mej\u00edas y la emoci\u00f3n"},"content":{"rendered":"\n<p>El verano pasado el amigo y escritor jerezano Manuel Francisco Reina me pidi\u00f3 que escribiera algo de la relaci\u00f3n de Ignacio S\u00e1nchez Mej\u00edas con el flamenco para un monogr\u00e1fico de la publicaci\u00f3n \u00abEntre R\u00edos\u00bb. Me sali\u00f3 esto:<\/p>\n\n\n\n<p><\/p>\n\n\n\n<p class=\"has-text-align-center\"><strong>Ignacio S\u00e1nchez Mej\u00edas y la emoci\u00f3n<\/strong><\/p>\n\n\n\n<p>Podr\u00edamos destacar muchos rasgos del car\u00e1cter de una persona tan excesiva en todo lo que hizo como Ignacio S\u00e1nchez Mej\u00edas. Pundonor, perseverancia, af\u00e1n de superaci\u00f3n o audacia, pero si tenemos que quedarnos con alguno, ser\u00eda la pasi\u00f3n.<\/p>\n\n\n\n<p>Audacia tuvo para embarcarse de poliz\u00f3n con 17 a\u00f1os en el trasatl\u00e1ntico Manuel Calvo, pensando que el destino era M\u00e9xico, pero el barco iba a Nueva York. Lo descubren durante la traves\u00eda, y al llegar a Estados Unidos, lo toman por delincuente y lo encarcelan. Gracias a las gestiones de un hermano de Ignacio, mi abuelo Aurelio, que por entonces estaba en M\u00e9xico, logran que lo embarquen para ese pa\u00eds. Ah\u00ed comienza su vida taurina, se coloca de empleado en la plaza de toros de Morelia, donde pasa de limpiar cuadras y establos a banderillero.<\/p>\n\n\n\n<p>Af\u00e1n de superaci\u00f3n hay que tener para evolucionar de banderillero en M\u00e9xico a figura del toreo mundial. En la Edad de Oro del toreo de Joselito \u201cEl Gallo\u201d y Juan Belmonte, se code\u00f3 con ellos y comparti\u00f3 cartel el d\u00eda de su alternativa en Barcelona. A la muerte de Joselito, cuando empieza la llamada Edad del Plata del toreo, Ignacio es su primera figura y su m\u00e1ximo exponente. Esto no se logra sin el pundonor y perseverancia que Ignacio manifest\u00f3 cada tarde en un ejercicio de emoci\u00f3n y heroicidad. Bas\u00f3 su carrera de torero en el riesgo desmesurado y la temeridad. El tratado de toros \u201cEl Coss\u00edo\u201d define as\u00ed su toreo: \u201cLa valent\u00eda m\u00e1s aut\u00e9ntica y sobrecogedora que nunca se haya exhibido en los ruedos. El valor de S\u00e1nchez Mej\u00edas superaba el concepto que de tal cualidad moral podamos tener. No era s\u00f3lo desprecio absoluto del riesgo, sino que daba la impresi\u00f3n de ignorancia total del peligro\u201d.<\/p>\n\n\n\n<p>La pasi\u00f3n con la que Ignacio impregn\u00f3 todas sus actividades es admirable. Fue presidente de la Asociaci\u00f3n de Matadores de Toros y Novillos, defendiendo los intereses y los honorarios de sus miembros, lo que le acarre\u00f3 la enemistad con empresarios, e incluso que lo vetaran en varias plazas; fue presidente de la Cruz Roja incrementando notablemente su actividad solidaria; fue presidente del Real Club Betis Balompi\u00e9 poniendo los cimientos del \u00fanico t\u00edtulo de Liga que posee y que gan\u00f3 a los pocos a\u00f1os de dejarlo Ignacio; fue pionero de la aeron\u00e1utica sevillana, con la creaci\u00f3n de su aer\u00f3dromo para dirigibles comerciales, que quer\u00edan hacer la ruta Sevilla \u2013 Buenos Aires, nada menos. Ignacio destacaba por su atractivo personal, y no s\u00f3lo con las mujeres, all\u00ed donde estaba era el centro de la atenci\u00f3n social. Cuando iba a M\u00e9xico o a Lima, alquilaba una casa y all\u00ed se daban las fiestas y se reun\u00edan los personajes locales y visitantes. Fueron famosas las fiestas en Pino Montano, donde acudieron personas de todo tipo y condici\u00f3n. Su vida social era tan variada que incluso se public\u00f3 que estaba propuesto para Gobernador Civil por parte del Gobierno de la Rep\u00fablica, a pesar de su amistad con Sanjurjo. En aquellos tiempos del nacimiento de las vanguardias, cuando empezaban los \u201csportman\u201d, Ignacio tuvo tiempo para todo: Jugador de polo, futbolista, acos\u00f3 toros desde un autom\u00f3vil, practicante de boxeo, de deportes de invierno, actor de cine, piloto de aeroplano. Fue el primer torero en volar en avioneta, desde un peque\u00f1o aer\u00f3dromo montado cerca de su finca de Pino Montano, para ir a torear.<\/p>\n\n\n<div class=\"wp-block-image\">\n<figure class=\"aligncenter size-large\"><img loading=\"lazy\" decoding=\"async\" width=\"787\" height=\"1024\" src=\"https:\/\/www.ignaciosanchezmejias.es\/wp-content\/uploads\/2024\/08\/Entre-Rios-1a-787x1024.jpg\" alt=\"\" class=\"wp-image-7459\" srcset=\"https:\/\/www.ignaciosanchezmejias.es\/wp-content\/uploads\/2024\/08\/Entre-Rios-1a-787x1024.jpg 787w, https:\/\/www.ignaciosanchezmejias.es\/wp-content\/uploads\/2024\/08\/Entre-Rios-1a-230x300.jpg 230w, https:\/\/www.ignaciosanchezmejias.es\/wp-content\/uploads\/2024\/08\/Entre-Rios-1a-768x1000.jpg 768w, https:\/\/www.ignaciosanchezmejias.es\/wp-content\/uploads\/2024\/08\/Entre-Rios-1a-1180x1536.jpg 1180w, https:\/\/www.ignaciosanchezmejias.es\/wp-content\/uploads\/2024\/08\/Entre-Rios-1a-1573x2048.jpg 1573w, https:\/\/www.ignaciosanchezmejias.es\/wp-content\/uploads\/2024\/08\/Entre-Rios-1a-1200x1562.jpg 1200w, https:\/\/www.ignaciosanchezmejias.es\/wp-content\/uploads\/2024\/08\/Entre-Rios-1a-1980x2577.jpg 1980w, https:\/\/www.ignaciosanchezmejias.es\/wp-content\/uploads\/2024\/08\/Entre-Rios-1a-scaled.jpg 1967w\" sizes=\"auto, (max-width: 787px) 100vw, 787px\" \/><\/figure>\n<\/div>\n\n\n<p>Por si todo esto fuera poco tambi\u00e9n destac\u00f3, y mucho, por su obra literaria. Empez\u00f3 con escritos costumbristas y taurinos que fueron publicados en peri\u00f3dicos, y tambi\u00e9n public\u00f3 en La Uni\u00f3n cr\u00f3nicas de sus propias corridas de toros. Tiene escritas cuatro obras teatrales y estrenadas dos: \u201cSin Raz\u00f3n\u201d, de la que hay que destacar que es la primera aproximaci\u00f3n a Freud de la literatura espa\u00f1ola, estrenada en Madrid por la compa\u00f1\u00eda de Fernando D\u00edaz de Mendoza y Mar\u00eda Guerrero. Y \u201cZaya\u201d, estrenada en Santander, con asistencia del Rey. Tambi\u00e9n tiene escrita una novela y varios poemas.<\/p>\n\n\n\n<p>Reconocido como mecenas de la Generaci\u00f3n del 27. Ide\u00f3 y organiz\u00f3, junto con el atene\u00edsta D. Jos\u00e9 Mar\u00eda Romero Mart\u00ednez, los actos de tricentenario de G\u00f3ngora en Sevilla, que dieron lugar al nacimiento de la Generaci\u00f3n del 27. Convenci\u00f3 a sus j\u00f3venes amigos vanguardistas de Madrid para venir a Sevilla. Las fiestas que se organizaron en Pino Montano se quedaron en el recuerdo de todos los poetas. Su bi\u00f3grafo, el profesor Andr\u00e9s Amor\u00f3s, lo destaca como el \u201cpegamento\u201d que un\u00eda a todos los miembros de la Generaci\u00f3n del 27. De ah\u00ed se deriv\u00f3 una gran amistad con todos ellos, destacando la de Rafael Alberti, al que hizo vestirse de luces y hacer el pase\u00edllo en la plaza de toros de Pontevedra. Y por supuesto con Federico Garc\u00eda Lorca.<\/p>\n\n\n\n<p>Pasi\u00f3n tuvo por el flamenco. Y debilidad por el cantaor Manuel Torre, al que llamaba para cantar en su finca de Pino Montano en cuanto ten\u00eda ocasi\u00f3n. Del que dec\u00eda textualmente: \u201cEs algo que estremece. Es algo \u00fanico. Le oyes una seguiriya y ya no te importa morirte. Ya no puedes encontrar en el mundo belleza que iguale el cante de Manuel Torre\u201d. Como ejemplo de la peculiaridad y del carisma de este cantaor transcribo lo escrito por una persona tan poco sospechosa de folcl\u00f3rica como Antonio D\u00edaz Ca\u00f1abate: \u201cMedia noche, acabamos de entrar en la estancia. Ignacio S\u00e1nchez Mej\u00edas un par de franceses amigos suyos, Manuel Torre, otro cantaor, una bailaora y un guitarrista. Ignacio, gran admirador suyo nos hab\u00eda estado ponderando su arte toda la cena. Manuel Torre se sent\u00f3 en un sill\u00f3n y empez\u00f3 a beber vino, callado, como ausente en la reuni\u00f3n. El otro cantaor, cant\u00f3. La bailaora bail\u00f3. Manuel Torre ni miraba la danza ni escuchaba el cante. Ignacio nos inform\u00f3 &lt;Hay que dejarle, es un gitano puro&gt;. Las tres de la madrugada. Manuel Torre se beber\u00eda sus treinta copas de aguardiente. Empez\u00f3 \u2026 \u00bfa cantar? No. A hablar. Hasta las cinco de la madrugada estuvo hablando de galgos sin parar. Los franceses se durmieron borrachos perdidos. Entraron las claras del d\u00eda. Bajito le pregunt\u00e9 a S\u00e1nchez Mej\u00edas: \u00bfT\u00fa crees que cantar\u00e1? Y me contest\u00f3 muy compungido &lt;Me temo que no. Cuando la toma con los galgos a lo mejor no canta hasta las dos de la tarde&gt;. Me espant\u00e9: \u00bfPero no vamos a estar aqu\u00ed hasta las dos de la tarde? Ignacio con toda naturalidad me repuso &lt;\u00a1Ah claro! T\u00fa no sabes lo que es una seguiriya cantada por este hombre&gt;. Lo supe exactamente a las nueve y media de la ma\u00f1ana. Ignacio S\u00e1nchez Mej\u00edas, aquel hombre tan hombre, lloraba. Yo ten\u00eda la carne de gallina. Recorr\u00eda mis nervios el escalofr\u00edo de la m\u00e1s intensa emoci\u00f3n. Han pasado muchos a\u00f1os. Ninguno me produjo la honda, la jonda, emoci\u00f3n del cante por seguiriyas de Manuel Torre\u201d. Se explica no s\u00f3lo la admiraci\u00f3n de Ignacio por el cantaor, sino tambi\u00e9n la de Garc\u00eda Lorca que dijo de \u00e9l que era \u201cel hombre con m\u00e1s cultura en la sangre que hab\u00eda conocido\u201d. Alguna vez Ignacio telefone\u00f3 a su amigo Federico a Madrid, despert\u00e1ndolo a mitad de la madrugada s\u00f3lo para que escuchara cantar flamenco desde Sevilla.<\/p>\n\n\n\n<p>Pasi\u00f3n tambi\u00e9n puso para promover \u201cLas Calles de C\u00e1diz\u201d, junto con su amante \u201cLa Argentinita\u201d y su amigo Federico Garc\u00eda Lorca. Un espect\u00e1culo flamenco que se elev\u00f3 por primera vez de categor\u00eda, para competir con la \u00f3pera y el ballet. Poco se ha destacado la creaci\u00f3n de este espect\u00e1culo pionero en el mundo del flamenco que tuvo mucho \u00e9xito. Ignacio quer\u00eda un espect\u00e1culo aut\u00e9ntico. Fue contratando a los flamencos, cantaores y chiquillos que lo interpretaban a diario por las calles de Sevilla, C\u00e1diz y Jerez. Buscaba lo aut\u00e9ntico y original, no lo conocido en los tablaos. Se pueden imaginar la dificultad de meter en cintura a esos artistas libres, y la perseverancia que hay que tener para ello. Las an\u00e9cdotas de su organizaci\u00f3n son muchas, como la contada por Rafael Alberti en su \u201cArboleda Perdida\u201d para la contrataci\u00f3n de El Chele, un gitano de Jerez que viv\u00eda de hacer n\u00fameros en las calles o donde lo llamaran. Ante Ignacio y Rafael les hizo el n\u00famero que \u00e9l llamaba \u201cdel cepillo\u201d, en el que mientras hac\u00eda un magn\u00edfico zapateado, se cepillaba con ritmo y gracia el traje. Ignacio le dijo que lo contrataba para el espect\u00e1culo y que, adem\u00e1s de pagarle vestidos, fonda y viajes, le daba diez duros diarios s\u00f3lo por hacer ese n\u00famero. El Chele se les qued\u00f3 mirando pensativo, le pidi\u00f3 a Ignacio un l\u00e1piz, sac\u00f3 del bolsillo un papelucho medio roto, escribi\u00f3 unos garabatos, los estudi\u00f3 y concluy\u00f3 rotundo \u201cNo me conviene, pierdo dinero\u201d. Ante la extra\u00f1eza de Rafael y de Ignacio argument\u00f3 que ese empleo y los magn\u00edficos diez duros diarios no iban a durar para siempre, que \u00e9l viv\u00eda de ser gracioso y de dar en la calle los sermones que o\u00eda en la iglesia a los curas, y que cuando volviera a Jerez iban a decir que \u201cEl Chele ha vuelto rico\u201d, y que nadie lo volver\u00eda a llamar para hacer sus gracias. \u201cAs\u00ed que no me conviene don Inasio. Pierdo dinero. Buenos d\u00edas \u00a1\u00d3le! Me voy\u201d. Inapelable argumento de sabidur\u00eda popular.<\/p>\n\n\n\n<p>Del espect\u00e1culo Las Calles de C\u00e1diz, cuentan Andr\u00e9s Amor\u00f3s y Antonio F. Torres en su libro \u201cIgnacio S\u00e1nchez Mej\u00edas, el Hombre de la Edad de Plata\u00bb, que tambi\u00e9n hab\u00eda grandes nombres del flamenco, poco conocidos fuera del \u00e1mbito local. Uno de ellos era el cantaor Ignacio Espeleta, del que se dice en el libro lo siguiente: \u201cEn uno de los \u00faltimos ensayos de Las Calles de C\u00e1diz deb\u00eda de cantarle a La Malena y a La Macarrona, que acababan de entrar en escena, pero, llegado el momento, tras un d\u00eda de juerga, Espeleta no se acord\u00f3 de la letra. Ante el temor de que Ignacio, que supervisaba el ensayo, se enfadara y le dejara sin cobrar, Espeleta improvis\u00f3 y comenz\u00f3 a cantar la siguiente letra sin sentido: &lt;Tiri ti tan, tan, tan&gt;\u201d. Nos podemos imaginar las caras de La Malena, de la Macarrona y de Ignacio, pero pasado el tiempo este \u201ctiri ti tan, tan\u201d es uno de los estribillos m\u00e1s populares del flamenco.<\/p>\n\n\n\n<p>Sirvan estas an\u00e9cdotas para ilustrar las dificultades del montaje de Las Calles de C\u00e1diz, a pesar de las cuales, al final lograron montar un magn\u00edfico espect\u00e1culo que se estuvo representando con mucho \u00e9xito.<\/p>\n\n\n\n<p>En compensaci\u00f3n a la colaboraci\u00f3n y la ayuda de Federico Garc\u00eda Lorca en la creaci\u00f3n de este espect\u00e1culo flamenco, sobre todo en los arreglos musicales y las letras, Ignacio se comprometi\u00f3 a dar una conferencia a los alumnos de Federico de la Universidad Columbia, Nueva York en 1929. Fue una conferencia taurina, y se pueden ustedes imaginar la sorpresa de los estudiantes americanos de 1929 ante un torero habl\u00e1ndoles del mundo del toro. Seg\u00fan el profesor Romero de Sol\u00eds, que estudi\u00f3 los pormenores de esta conferencia, Ignacio explica la Tauromaquia por su relaci\u00f3n simb\u00f3lica entre lo que es la lucha entre la Vida y la Muerte. Con esta premisa va desentra\u00f1ando cada suerte y cada elemento que interviene la lidia: torero, toro, capote, muleta, banderillas, espada, caballo, vara, puntilla, etc., para que esos estudiantes entendieran algo de lo que es la Tauromaquia.<\/p>\n\n\n\n<p>En la conferencia dec\u00eda: \u201cCuando la humanidad est\u00e9 en un grado tal de civilizaci\u00f3n que no quede ninguna crueldad, entonces ser\u00eda cosa de suprimir las corridas de toros. Pero mientras los seres humanos hablen tranquilamente del n\u00famero de hombres que cada naci\u00f3n puede matar en un momento determinado, hablar de la crueldad de las corridas de toros es rid\u00edculo\u201d. Esta frase sigue vigente casi cien a\u00f1os despu\u00e9s. Tambi\u00e9n les intentaba explicar c\u00f3mo siendo un espect\u00e1culo que ellos pod\u00edan ver como cruel, no lo era, o no lo percib\u00edamos como tal: \u201cEn verdad, en la realizaci\u00f3n de las corridas de toros la crueldad es vista y no vista. La educaci\u00f3n art\u00edstica de un individuo, de una sociedad o de una naci\u00f3n no puede improvisarse, es cuesti\u00f3n de siglos. Por eso Espa\u00f1a, pa\u00eds de artistas, presencia las corridas de toros sin dar importancia a la sangre derramada, porque est\u00e1n en juego, sobre todo, valores art\u00edsticos y vitales irrenunciables\u201d. Ignacio tambi\u00e9n dec\u00eda: \u201cEl torero se juega la vida a cara o cruz sin m\u00e1s ventaja que su inteligencia. Todas las ventajas son del toro\u201d. F\u00edjense la percepci\u00f3n que tiene el torero sobre la libertad del animal con el que se enfrenta. Sigue diciendo \u201cEl toro dispone de la muerte y tiene la intenci\u00f3n de utilizarla. El toro es la bala que viene directa a matarnos. La virtud del torero es no asustarse de la muerte\u201d. Y concluye diciendo \u201cLa ciencia de la tauromaquia consiste en el arte de burlar la bala\u201d. Como pueden ver intentaba explicar el arte de la Tauromaquia sin esconder ninguno de sus aspectos m\u00e1s controvertidos. Por lo que hemos podido saber, la conferencia fue un \u00e9xito y gust\u00f3 mucho a Garc\u00eda Lorca.<\/p>\n\n\n\n<p>Ignacio S\u00e1nchez Mej\u00edas fue un personaje inmenso del que sorprende que hiciera tantas cosas y tan bien en tan pocos a\u00f1os. En lo que emprendi\u00f3 quiso llegar a ser el mejor, y muchas veces lo consigui\u00f3. Varios de sus amigos del 27 le escribieron poes\u00edas a su muerte, como Miguel Hern\u00e1ndez y Rafael Alberti, pero el poema de Federico Garc\u00eda Lorca, \u201cLlanto por la muerte de Ignacio S\u00e1nchez Mej\u00edas\u201d, que pasa por ser la mejor eleg\u00eda en lengua espa\u00f1ola, lo hizo inmortal. Esa inmortalidad literaria lo ha minimizado como torero, oscureciendo de alguna forma una personalidad tan atractiva y poli\u00e9drica como fue la de Ignacio. Contaba el profesor Manuel Grosso que dando una conferencia en El Cairo, lo interrumpieron para que les aclarara que Ignacio S\u00e1nchez Mej\u00edas era una persona real y no alguien imaginario al que Garc\u00eda Lorca hab\u00eda dedicado el Llanto. El profesor Grosso no se lo pod\u00eda creer y pas\u00f3 a hablarles de la vida y milagros de Ignacio para que se enteraran bien de que era un hombre de carne y hueso.<\/p>\n\n\n\n<p>Sirvan estas letras para reivindicar su persona y tambi\u00e9n para darle la raz\u00f3n a Federico cuando le escribi\u00f3:<\/p>\n\n\n\n<p><em>Tardar\u00e1 mucho en nacer, si es que nace<\/em><\/p>\n\n\n\n<p><em>Un andaluz tan claro, tan rico de aventuras<\/em><\/p>\n\n\n\n<p>Ignacio S\u00e1nchez-Mej\u00edas Herrero<\/p>\n\n\n\n<p>El Puerto de Santa Mar\u00eda, agosto de 2023<\/p>\n\n\n<div class=\"wp-block-image\">\n<figure class=\"aligncenter size-large\"><img loading=\"lazy\" decoding=\"async\" width=\"616\" height=\"1024\" src=\"https:\/\/www.ignaciosanchezmejias.es\/wp-content\/uploads\/2024\/08\/Entre-Rios-ultima-616x1024.jpg\" alt=\"\" class=\"wp-image-7460\" srcset=\"https:\/\/www.ignaciosanchezmejias.es\/wp-content\/uploads\/2024\/08\/Entre-Rios-ultima-616x1024.jpg 616w, https:\/\/www.ignaciosanchezmejias.es\/wp-content\/uploads\/2024\/08\/Entre-Rios-ultima-180x300.jpg 180w, https:\/\/www.ignaciosanchezmejias.es\/wp-content\/uploads\/2024\/08\/Entre-Rios-ultima-768x1278.jpg 768w, https:\/\/www.ignaciosanchezmejias.es\/wp-content\/uploads\/2024\/08\/Entre-Rios-ultima-923x1536.jpg 923w, https:\/\/www.ignaciosanchezmejias.es\/wp-content\/uploads\/2024\/08\/Entre-Rios-ultima-1231x2048.jpg 1231w, https:\/\/www.ignaciosanchezmejias.es\/wp-content\/uploads\/2024\/08\/Entre-Rios-ultima-1200x1996.jpg 1200w, https:\/\/www.ignaciosanchezmejias.es\/wp-content\/uploads\/2024\/08\/Entre-Rios-ultima-1980x3294.jpg 1980w, https:\/\/www.ignaciosanchezmejias.es\/wp-content\/uploads\/2024\/08\/Entre-Rios-ultima-scaled.jpg 1539w\" sizes=\"auto, (max-width: 616px) 100vw, 616px\" \/><\/figure>\n<\/div>","protected":false},"excerpt":{"rendered":"<p>El verano pasado el amigo y escritor jerezano Manuel Francisco Reina me pidi\u00f3 que escribiera algo de la relaci\u00f3n de Ignacio S\u00e1nchez Mej\u00edas con el flamenco para un monogr\u00e1fico de la publicaci\u00f3n \u00abEntre R\u00edos\u00bb. Me sali\u00f3 esto: Ignacio S\u00e1nchez Mej\u00edas y la emoci\u00f3n Podr\u00edamos destacar muchos rasgos del car\u00e1cter de una persona tan excesiva en [&hellip;]<\/p>\n","protected":false},"author":1,"featured_media":7458,"comment_status":"open","ping_status":"open","sticky":false,"template":"","format":"standard","meta":{"footnotes":""},"categories":[37],"tags":[43],"class_list":["post-7457","post","type-post","status-publish","format-standard","has-post-thumbnail","hentry","category-articulos","tag-ignacio-sanchez-mejias"],"yoast_head":"<!-- This site is optimized with the Yoast SEO plugin v27.5 - https:\/\/yoast.com\/product\/yoast-seo-wordpress\/ -->\n<title>Ignacio S\u00e1nchez Mej\u00edas y la emoci\u00f3n - Sitio web de Ignacio S\u00e1nchez-Mej\u00edas Herrero<\/title>\n<meta name=\"robots\" content=\"index, follow, max-snippet:-1, max-image-preview:large, max-video-preview:-1\" \/>\n<link rel=\"canonical\" href=\"https:\/\/www.ignaciosanchezmejias.es\/index.php\/2024\/08\/25\/ignacio-sanchez-mejias-y-la-emocion\/\" \/>\n<meta property=\"og:locale\" content=\"es_ES\" \/>\n<meta property=\"og:type\" content=\"article\" \/>\n<meta property=\"og:title\" content=\"Ignacio S\u00e1nchez Mej\u00edas y la emoci\u00f3n - Sitio web de Ignacio S\u00e1nchez-Mej\u00edas Herrero\" \/>\n<meta property=\"og:description\" content=\"El verano pasado el amigo y escritor jerezano Manuel Francisco Reina me pidi\u00f3 que escribiera algo de la relaci\u00f3n de Ignacio S\u00e1nchez Mej\u00edas con el flamenco para un monogr\u00e1fico de la publicaci\u00f3n \u00abEntre R\u00edos\u00bb. Me sali\u00f3 esto: Ignacio S\u00e1nchez Mej\u00edas y la emoci\u00f3n Podr\u00edamos destacar muchos rasgos del car\u00e1cter de una persona tan excesiva en [&hellip;]\" \/>\n<meta property=\"og:url\" content=\"https:\/\/www.ignaciosanchezmejias.es\/index.php\/2024\/08\/25\/ignacio-sanchez-mejias-y-la-emocion\/\" \/>\n<meta property=\"og:site_name\" content=\"Sitio web de Ignacio S\u00e1nchez-Mej\u00edas Herrero\" \/>\n<meta property=\"article:published_time\" content=\"2024-08-25T09:07:06+00:00\" \/>\n<meta property=\"article:modified_time\" content=\"2024-08-25T09:07:08+00:00\" \/>\n<meta property=\"og:image\" content=\"https:\/\/www.ignaciosanchezmejias.es\/wp-content\/uploads\/2024\/08\/Entre-Rios-portada-scaled.jpg\" \/>\n\t<meta property=\"og:image:width\" content=\"1815\" \/>\n\t<meta property=\"og:image:height\" content=\"2560\" \/>\n\t<meta property=\"og:image:type\" content=\"image\/jpeg\" \/>\n<meta name=\"author\" content=\"isanchezmejias\" \/>\n<meta name=\"twitter:card\" content=\"summary_large_image\" \/>\n<meta name=\"twitter:label1\" content=\"Escrito por\" \/>\n\t<meta name=\"twitter:data1\" content=\"isanchezmejias\" \/>\n\t<meta name=\"twitter:label2\" content=\"Tiempo de lectura\" \/>\n\t<meta name=\"twitter:data2\" content=\"13 minutos\" \/>\n<script type=\"application\/ld+json\" class=\"yoast-schema-graph\">{\"@context\":\"https:\\\/\\\/schema.org\",\"@graph\":[{\"@type\":\"Article\",\"@id\":\"https:\\\/\\\/www.ignaciosanchezmejias.es\\\/index.php\\\/2024\\\/08\\\/25\\\/ignacio-sanchez-mejias-y-la-emocion\\\/#article\",\"isPartOf\":{\"@id\":\"https:\\\/\\\/www.ignaciosanchezmejias.es\\\/index.php\\\/2024\\\/08\\\/25\\\/ignacio-sanchez-mejias-y-la-emocion\\\/\"},\"author\":{\"name\":\"isanchezmejias\",\"@id\":\"https:\\\/\\\/www.ignaciosanchezmejias.es\\\/#\\\/schema\\\/person\\\/494d20bda3404108c02016d5e608fc65\"},\"headline\":\"Ignacio S\u00e1nchez Mej\u00edas y la emoci\u00f3n\",\"datePublished\":\"2024-08-25T09:07:06+00:00\",\"dateModified\":\"2024-08-25T09:07:08+00:00\",\"mainEntityOfPage\":{\"@id\":\"https:\\\/\\\/www.ignaciosanchezmejias.es\\\/index.php\\\/2024\\\/08\\\/25\\\/ignacio-sanchez-mejias-y-la-emocion\\\/\"},\"wordCount\":2635,\"commentCount\":4,\"publisher\":{\"@id\":\"https:\\\/\\\/www.ignaciosanchezmejias.es\\\/#\\\/schema\\\/person\\\/494d20bda3404108c02016d5e608fc65\"},\"image\":{\"@id\":\"https:\\\/\\\/www.ignaciosanchezmejias.es\\\/index.php\\\/2024\\\/08\\\/25\\\/ignacio-sanchez-mejias-y-la-emocion\\\/#primaryimage\"},\"thumbnailUrl\":\"https:\\\/\\\/www.ignaciosanchezmejias.es\\\/wp-content\\\/uploads\\\/2024\\\/08\\\/Entre-Rios-portada-scaled.jpg\",\"keywords\":[\"Ignacio S\u00e1nchez Mej\u00edas\"],\"articleSection\":[\"Art\u00edculos\"],\"inLanguage\":\"es\",\"potentialAction\":[{\"@type\":\"CommentAction\",\"name\":\"Comment\",\"target\":[\"https:\\\/\\\/www.ignaciosanchezmejias.es\\\/index.php\\\/2024\\\/08\\\/25\\\/ignacio-sanchez-mejias-y-la-emocion\\\/#respond\"]}]},{\"@type\":\"WebPage\",\"@id\":\"https:\\\/\\\/www.ignaciosanchezmejias.es\\\/index.php\\\/2024\\\/08\\\/25\\\/ignacio-sanchez-mejias-y-la-emocion\\\/\",\"url\":\"https:\\\/\\\/www.ignaciosanchezmejias.es\\\/index.php\\\/2024\\\/08\\\/25\\\/ignacio-sanchez-mejias-y-la-emocion\\\/\",\"name\":\"Ignacio S\u00e1nchez Mej\u00edas y la emoci\u00f3n - Sitio web de Ignacio S\u00e1nchez-Mej\u00edas Herrero\",\"isPartOf\":{\"@id\":\"https:\\\/\\\/www.ignaciosanchezmejias.es\\\/#website\"},\"primaryImageOfPage\":{\"@id\":\"https:\\\/\\\/www.ignaciosanchezmejias.es\\\/index.php\\\/2024\\\/08\\\/25\\\/ignacio-sanchez-mejias-y-la-emocion\\\/#primaryimage\"},\"image\":{\"@id\":\"https:\\\/\\\/www.ignaciosanchezmejias.es\\\/index.php\\\/2024\\\/08\\\/25\\\/ignacio-sanchez-mejias-y-la-emocion\\\/#primaryimage\"},\"thumbnailUrl\":\"https:\\\/\\\/www.ignaciosanchezmejias.es\\\/wp-content\\\/uploads\\\/2024\\\/08\\\/Entre-Rios-portada-scaled.jpg\",\"datePublished\":\"2024-08-25T09:07:06+00:00\",\"dateModified\":\"2024-08-25T09:07:08+00:00\",\"breadcrumb\":{\"@id\":\"https:\\\/\\\/www.ignaciosanchezmejias.es\\\/index.php\\\/2024\\\/08\\\/25\\\/ignacio-sanchez-mejias-y-la-emocion\\\/#breadcrumb\"},\"inLanguage\":\"es\",\"potentialAction\":[{\"@type\":\"ReadAction\",\"target\":[\"https:\\\/\\\/www.ignaciosanchezmejias.es\\\/index.php\\\/2024\\\/08\\\/25\\\/ignacio-sanchez-mejias-y-la-emocion\\\/\"]}]},{\"@type\":\"ImageObject\",\"inLanguage\":\"es\",\"@id\":\"https:\\\/\\\/www.ignaciosanchezmejias.es\\\/index.php\\\/2024\\\/08\\\/25\\\/ignacio-sanchez-mejias-y-la-emocion\\\/#primaryimage\",\"url\":\"https:\\\/\\\/www.ignaciosanchezmejias.es\\\/wp-content\\\/uploads\\\/2024\\\/08\\\/Entre-Rios-portada-scaled.jpg\",\"contentUrl\":\"https:\\\/\\\/www.ignaciosanchezmejias.es\\\/wp-content\\\/uploads\\\/2024\\\/08\\\/Entre-Rios-portada-scaled.jpg\",\"width\":1815,\"height\":2560},{\"@type\":\"BreadcrumbList\",\"@id\":\"https:\\\/\\\/www.ignaciosanchezmejias.es\\\/index.php\\\/2024\\\/08\\\/25\\\/ignacio-sanchez-mejias-y-la-emocion\\\/#breadcrumb\",\"itemListElement\":[{\"@type\":\"ListItem\",\"position\":1,\"name\":\"Portada\",\"item\":\"https:\\\/\\\/www.ignaciosanchezmejias.es\\\/\"},{\"@type\":\"ListItem\",\"position\":2,\"name\":\"Ignacio S\u00e1nchez Mej\u00edas y la emoci\u00f3n\"}]},{\"@type\":\"WebSite\",\"@id\":\"https:\\\/\\\/www.ignaciosanchezmejias.es\\\/#website\",\"url\":\"https:\\\/\\\/www.ignaciosanchezmejias.es\\\/\",\"name\":\"Blog de Ignacio S\u00e1nchez-Mej\u00edas\",\"description\":\"Sitio personal ISM\",\"publisher\":{\"@id\":\"https:\\\/\\\/www.ignaciosanchezmejias.es\\\/#\\\/schema\\\/person\\\/494d20bda3404108c02016d5e608fc65\"},\"potentialAction\":[{\"@type\":\"SearchAction\",\"target\":{\"@type\":\"EntryPoint\",\"urlTemplate\":\"https:\\\/\\\/www.ignaciosanchezmejias.es\\\/?s={search_term_string}\"},\"query-input\":{\"@type\":\"PropertyValueSpecification\",\"valueRequired\":true,\"valueName\":\"search_term_string\"}}],\"inLanguage\":\"es\"},{\"@type\":[\"Person\",\"Organization\"],\"@id\":\"https:\\\/\\\/www.ignaciosanchezmejias.es\\\/#\\\/schema\\\/person\\\/494d20bda3404108c02016d5e608fc65\",\"name\":\"isanchezmejias\",\"image\":{\"@type\":\"ImageObject\",\"inLanguage\":\"es\",\"@id\":\"https:\\\/\\\/www.ignaciosanchezmejias.es\\\/wp-content\\\/uploads\\\/2020\\\/06\\\/cropped-Yo-antes.jpg\",\"url\":\"https:\\\/\\\/www.ignaciosanchezmejias.es\\\/wp-content\\\/uploads\\\/2020\\\/06\\\/cropped-Yo-antes.jpg\",\"contentUrl\":\"https:\\\/\\\/www.ignaciosanchezmejias.es\\\/wp-content\\\/uploads\\\/2020\\\/06\\\/cropped-Yo-antes.jpg\",\"width\":681,\"height\":482,\"caption\":\"isanchezmejias\"},\"logo\":{\"@id\":\"https:\\\/\\\/www.ignaciosanchezmejias.es\\\/wp-content\\\/uploads\\\/2020\\\/06\\\/cropped-Yo-antes.jpg\"},\"sameAs\":[\"https:\\\/\\\/www.ignaciosanchezmejias.es\"],\"url\":\"https:\\\/\\\/www.ignaciosanchezmejias.es\\\/index.php\\\/author\\\/isanchezmejias\\\/\"}]}<\/script>\n<!-- \/ Yoast SEO plugin. -->","yoast_head_json":{"title":"Ignacio S\u00e1nchez Mej\u00edas y la emoci\u00f3n - Sitio web de Ignacio S\u00e1nchez-Mej\u00edas Herrero","robots":{"index":"index","follow":"follow","max-snippet":"max-snippet:-1","max-image-preview":"max-image-preview:large","max-video-preview":"max-video-preview:-1"},"canonical":"https:\/\/www.ignaciosanchezmejias.es\/index.php\/2024\/08\/25\/ignacio-sanchez-mejias-y-la-emocion\/","og_locale":"es_ES","og_type":"article","og_title":"Ignacio S\u00e1nchez Mej\u00edas y la emoci\u00f3n - Sitio web de Ignacio S\u00e1nchez-Mej\u00edas Herrero","og_description":"El verano pasado el amigo y escritor jerezano Manuel Francisco Reina me pidi\u00f3 que escribiera algo de la relaci\u00f3n de Ignacio S\u00e1nchez Mej\u00edas con el flamenco para un monogr\u00e1fico de la publicaci\u00f3n \u00abEntre R\u00edos\u00bb. Me sali\u00f3 esto: Ignacio S\u00e1nchez Mej\u00edas y la emoci\u00f3n Podr\u00edamos destacar muchos rasgos del car\u00e1cter de una persona tan excesiva en [&hellip;]","og_url":"https:\/\/www.ignaciosanchezmejias.es\/index.php\/2024\/08\/25\/ignacio-sanchez-mejias-y-la-emocion\/","og_site_name":"Sitio web de Ignacio S\u00e1nchez-Mej\u00edas Herrero","article_published_time":"2024-08-25T09:07:06+00:00","article_modified_time":"2024-08-25T09:07:08+00:00","og_image":[{"width":1815,"height":2560,"url":"https:\/\/www.ignaciosanchezmejias.es\/wp-content\/uploads\/2024\/08\/Entre-Rios-portada-scaled.jpg","type":"image\/jpeg"}],"author":"isanchezmejias","twitter_card":"summary_large_image","twitter_misc":{"Escrito por":"isanchezmejias","Tiempo de lectura":"13 minutos"},"schema":{"@context":"https:\/\/schema.org","@graph":[{"@type":"Article","@id":"https:\/\/www.ignaciosanchezmejias.es\/index.php\/2024\/08\/25\/ignacio-sanchez-mejias-y-la-emocion\/#article","isPartOf":{"@id":"https:\/\/www.ignaciosanchezmejias.es\/index.php\/2024\/08\/25\/ignacio-sanchez-mejias-y-la-emocion\/"},"author":{"name":"isanchezmejias","@id":"https:\/\/www.ignaciosanchezmejias.es\/#\/schema\/person\/494d20bda3404108c02016d5e608fc65"},"headline":"Ignacio S\u00e1nchez Mej\u00edas y la emoci\u00f3n","datePublished":"2024-08-25T09:07:06+00:00","dateModified":"2024-08-25T09:07:08+00:00","mainEntityOfPage":{"@id":"https:\/\/www.ignaciosanchezmejias.es\/index.php\/2024\/08\/25\/ignacio-sanchez-mejias-y-la-emocion\/"},"wordCount":2635,"commentCount":4,"publisher":{"@id":"https:\/\/www.ignaciosanchezmejias.es\/#\/schema\/person\/494d20bda3404108c02016d5e608fc65"},"image":{"@id":"https:\/\/www.ignaciosanchezmejias.es\/index.php\/2024\/08\/25\/ignacio-sanchez-mejias-y-la-emocion\/#primaryimage"},"thumbnailUrl":"https:\/\/www.ignaciosanchezmejias.es\/wp-content\/uploads\/2024\/08\/Entre-Rios-portada-scaled.jpg","keywords":["Ignacio S\u00e1nchez Mej\u00edas"],"articleSection":["Art\u00edculos"],"inLanguage":"es","potentialAction":[{"@type":"CommentAction","name":"Comment","target":["https:\/\/www.ignaciosanchezmejias.es\/index.php\/2024\/08\/25\/ignacio-sanchez-mejias-y-la-emocion\/#respond"]}]},{"@type":"WebPage","@id":"https:\/\/www.ignaciosanchezmejias.es\/index.php\/2024\/08\/25\/ignacio-sanchez-mejias-y-la-emocion\/","url":"https:\/\/www.ignaciosanchezmejias.es\/index.php\/2024\/08\/25\/ignacio-sanchez-mejias-y-la-emocion\/","name":"Ignacio S\u00e1nchez Mej\u00edas y la emoci\u00f3n - Sitio web de Ignacio S\u00e1nchez-Mej\u00edas Herrero","isPartOf":{"@id":"https:\/\/www.ignaciosanchezmejias.es\/#website"},"primaryImageOfPage":{"@id":"https:\/\/www.ignaciosanchezmejias.es\/index.php\/2024\/08\/25\/ignacio-sanchez-mejias-y-la-emocion\/#primaryimage"},"image":{"@id":"https:\/\/www.ignaciosanchezmejias.es\/index.php\/2024\/08\/25\/ignacio-sanchez-mejias-y-la-emocion\/#primaryimage"},"thumbnailUrl":"https:\/\/www.ignaciosanchezmejias.es\/wp-content\/uploads\/2024\/08\/Entre-Rios-portada-scaled.jpg","datePublished":"2024-08-25T09:07:06+00:00","dateModified":"2024-08-25T09:07:08+00:00","breadcrumb":{"@id":"https:\/\/www.ignaciosanchezmejias.es\/index.php\/2024\/08\/25\/ignacio-sanchez-mejias-y-la-emocion\/#breadcrumb"},"inLanguage":"es","potentialAction":[{"@type":"ReadAction","target":["https:\/\/www.ignaciosanchezmejias.es\/index.php\/2024\/08\/25\/ignacio-sanchez-mejias-y-la-emocion\/"]}]},{"@type":"ImageObject","inLanguage":"es","@id":"https:\/\/www.ignaciosanchezmejias.es\/index.php\/2024\/08\/25\/ignacio-sanchez-mejias-y-la-emocion\/#primaryimage","url":"https:\/\/www.ignaciosanchezmejias.es\/wp-content\/uploads\/2024\/08\/Entre-Rios-portada-scaled.jpg","contentUrl":"https:\/\/www.ignaciosanchezmejias.es\/wp-content\/uploads\/2024\/08\/Entre-Rios-portada-scaled.jpg","width":1815,"height":2560},{"@type":"BreadcrumbList","@id":"https:\/\/www.ignaciosanchezmejias.es\/index.php\/2024\/08\/25\/ignacio-sanchez-mejias-y-la-emocion\/#breadcrumb","itemListElement":[{"@type":"ListItem","position":1,"name":"Portada","item":"https:\/\/www.ignaciosanchezmejias.es\/"},{"@type":"ListItem","position":2,"name":"Ignacio S\u00e1nchez Mej\u00edas y la emoci\u00f3n"}]},{"@type":"WebSite","@id":"https:\/\/www.ignaciosanchezmejias.es\/#website","url":"https:\/\/www.ignaciosanchezmejias.es\/","name":"Blog de Ignacio S\u00e1nchez-Mej\u00edas","description":"Sitio personal ISM","publisher":{"@id":"https:\/\/www.ignaciosanchezmejias.es\/#\/schema\/person\/494d20bda3404108c02016d5e608fc65"},"potentialAction":[{"@type":"SearchAction","target":{"@type":"EntryPoint","urlTemplate":"https:\/\/www.ignaciosanchezmejias.es\/?s={search_term_string}"},"query-input":{"@type":"PropertyValueSpecification","valueRequired":true,"valueName":"search_term_string"}}],"inLanguage":"es"},{"@type":["Person","Organization"],"@id":"https:\/\/www.ignaciosanchezmejias.es\/#\/schema\/person\/494d20bda3404108c02016d5e608fc65","name":"isanchezmejias","image":{"@type":"ImageObject","inLanguage":"es","@id":"https:\/\/www.ignaciosanchezmejias.es\/wp-content\/uploads\/2020\/06\/cropped-Yo-antes.jpg","url":"https:\/\/www.ignaciosanchezmejias.es\/wp-content\/uploads\/2020\/06\/cropped-Yo-antes.jpg","contentUrl":"https:\/\/www.ignaciosanchezmejias.es\/wp-content\/uploads\/2020\/06\/cropped-Yo-antes.jpg","width":681,"height":482,"caption":"isanchezmejias"},"logo":{"@id":"https:\/\/www.ignaciosanchezmejias.es\/wp-content\/uploads\/2020\/06\/cropped-Yo-antes.jpg"},"sameAs":["https:\/\/www.ignaciosanchezmejias.es"],"url":"https:\/\/www.ignaciosanchezmejias.es\/index.php\/author\/isanchezmejias\/"}]}},"_links":{"self":[{"href":"https:\/\/www.ignaciosanchezmejias.es\/index.php\/wp-json\/wp\/v2\/posts\/7457","targetHints":{"allow":["GET"]}}],"collection":[{"href":"https:\/\/www.ignaciosanchezmejias.es\/index.php\/wp-json\/wp\/v2\/posts"}],"about":[{"href":"https:\/\/www.ignaciosanchezmejias.es\/index.php\/wp-json\/wp\/v2\/types\/post"}],"author":[{"embeddable":true,"href":"https:\/\/www.ignaciosanchezmejias.es\/index.php\/wp-json\/wp\/v2\/users\/1"}],"replies":[{"embeddable":true,"href":"https:\/\/www.ignaciosanchezmejias.es\/index.php\/wp-json\/wp\/v2\/comments?post=7457"}],"version-history":[{"count":1,"href":"https:\/\/www.ignaciosanchezmejias.es\/index.php\/wp-json\/wp\/v2\/posts\/7457\/revisions"}],"predecessor-version":[{"id":7461,"href":"https:\/\/www.ignaciosanchezmejias.es\/index.php\/wp-json\/wp\/v2\/posts\/7457\/revisions\/7461"}],"wp:featuredmedia":[{"embeddable":true,"href":"https:\/\/www.ignaciosanchezmejias.es\/index.php\/wp-json\/wp\/v2\/media\/7458"}],"wp:attachment":[{"href":"https:\/\/www.ignaciosanchezmejias.es\/index.php\/wp-json\/wp\/v2\/media?parent=7457"}],"wp:term":[{"taxonomy":"category","embeddable":true,"href":"https:\/\/www.ignaciosanchezmejias.es\/index.php\/wp-json\/wp\/v2\/categories?post=7457"},{"taxonomy":"post_tag","embeddable":true,"href":"https:\/\/www.ignaciosanchezmejias.es\/index.php\/wp-json\/wp\/v2\/tags?post=7457"}],"curies":[{"name":"wp","href":"https:\/\/api.w.org\/{rel}","templated":true}]}}