{"id":743,"date":"2017-02-11T17:35:39","date_gmt":"2017-02-11T17:35:39","guid":{"rendered":"https:\/\/www.ignaciosanchezmejias.es\/?p=743"},"modified":"2021-03-17T12:42:02","modified_gmt":"2021-03-17T12:42:02","slug":"a-sevilla-a-ver-los-toros","status":"publish","type":"post","link":"https:\/\/www.ignaciosanchezmejias.es\/index.php\/2017\/02\/11\/a-sevilla-a-ver-los-toros\/","title":{"rendered":"A Sevilla a ver los toros"},"content":{"rendered":"\n<p>Ayer se present\u00f3 el tradicional cartel del abono de Sevilla para la temporada 2017, de forma que tendremos que responder con nuestro tradicional art\u00edculo sobre el mismo.<\/p>\n\n\n\n<p>Los carteles que encarga La Maestranza de Caballer\u00eda de Sevilla, tienen una cosa buena. No dejan indiferencia a nadie. A veces nos ponen de acuerdo en lo malo a casi todos. Recuerdo el \u201ctoro del fotoch\u00f3\u201d o el pastiche del corta-pega de El Cid, pero lo normal es que haya defensores y detractores del mismo. El de este a\u00f1o lo ha pintado Carlos Franco, y en su presentaci\u00f3n explic\u00f3 varias cosas. La m\u00e1s llamativa es que el ojo ese que si se fijan, ver\u00e1n ustedes a la izquierda de la Puerta del Pr\u00edncipe, simboliza el verso \u201ca Sevilla a ver los toros\u201d del poema \u201cPrendimiento de Anto\u00f1ito el Camborio camino de Sevilla\u201d del Romancero Gitano de Federico Garc\u00eda Lorca, como muy bien explica la periodista Lorena Lim\u00f3n en la edici\u00f3n impresa de ABC de Sevilla. Y esto, dice el autor que es un gi\u00f1o a Ignacio S\u00e1nchez Mej\u00edas y a Lorca \u00a1Cu\u00e1ntas cosas en un solo ojo! S\u00f3lo por esto ya nos tendr\u00eda que gustar el cuadro.<\/p>\n\n\n\n<figure class=\"wp-block-image size-large\"><img loading=\"lazy\" decoding=\"async\" width=\"728\" height=\"538\" src=\"https:\/\/www.ignaciosanchezmejias.es\/wp-content\/uploads\/2020\/12\/2017-bu.jpg\" alt=\"\" class=\"wp-image-745\" srcset=\"https:\/\/www.ignaciosanchezmejias.es\/wp-content\/uploads\/2020\/12\/2017-bu.jpg 728w, https:\/\/www.ignaciosanchezmejias.es\/wp-content\/uploads\/2020\/12\/2017-bu-300x222.jpg 300w\" sizes=\"auto, (max-width: 728px) 100vw, 728px\" \/><\/figure>\n\n\n\n<p>Adem\u00e1s, como pueden ver en la otra foto, el cartel est\u00e1 inspirado en la olvidada suerte del galleo del b\u00fa ejecutada por Joselito El Gallo. Y s\u00f3lo por ser un cuadro inspirado en Gallito tambi\u00e9n nos tendr\u00eda que gustar. De forma que el cuadro nos gusta por estos motivos y porque nos gusta sin m\u00e1s. Me parece que para su cometido es un magn\u00edfico cartel, reconociendo que de pintura s\u00e9 menos que de toros, donde me qued\u00e9 en el dibujo en dos dimensiones, por lo que encuentro de mucho m\u00e9rito cualquier pintura. Desde que se present\u00f3, este cuadro ha creado la l\u00f3gica pol\u00e9mica en las redes sociales, reconociendo que los detractores son m\u00e1s numerosos que los defensores, que tambi\u00e9n los hay, y bastantes.<\/p>\n\n\n\n<p>En lo que todos estamos de acuerdo es que el Sal\u00f3n de Carteles de La Maestranza contiene una soberbia colecci\u00f3n de pintura taurina y cuando lo contemplamos, unos cuadros acompa\u00f1ados de otros, nos acaban gustando hasta los que en su d\u00eda denostamos y que cuentan con sus consabidos motes. Siendo el museo de La Maestranza el segundo m\u00e1s visitado de Sevilla, desconocemos por qu\u00e9 el citado Sal\u00f3n no est\u00e1 incluido en la visita. Creo que ganar\u00eda en categor\u00eda tanto la visita como el sal\u00f3n.<\/p>\n","protected":false},"excerpt":{"rendered":"<p>Ayer se present\u00f3 el tradicional cartel del abono de Sevilla para la temporada 2017, de forma que tendremos que responder con nuestro tradicional art\u00edculo sobre el mismo. Los carteles que encarga La Maestranza de Caballer\u00eda de Sevilla, tienen una cosa buena. No dejan indiferencia a nadie. A veces nos ponen de acuerdo en lo malo [&hellip;]<\/p>\n","protected":false},"author":1,"featured_media":744,"comment_status":"open","ping_status":"open","sticky":false,"template":"","format":"standard","meta":{"footnotes":""},"categories":[179],"tags":[505],"class_list":["post-743","post","type-post","status-publish","format-standard","has-post-thumbnail","hentry","category-abono-sevilla-2017","tag-cuadro"],"yoast_head":"<!-- This site is optimized with the Yoast SEO plugin v27.4 - https:\/\/yoast.com\/product\/yoast-seo-wordpress\/ -->\n<title>A Sevilla a ver los toros - Sitio web de Ignacio S\u00e1nchez-Mej\u00edas Herrero<\/title>\n<meta name=\"robots\" content=\"index, follow, max-snippet:-1, max-image-preview:large, max-video-preview:-1\" \/>\n<link rel=\"canonical\" href=\"https:\/\/www.ignaciosanchezmejias.es\/index.php\/2017\/02\/11\/a-sevilla-a-ver-los-toros\/\" \/>\n<meta property=\"og:locale\" content=\"es_ES\" \/>\n<meta property=\"og:type\" content=\"article\" \/>\n<meta property=\"og:title\" content=\"A Sevilla a ver los toros - Sitio web de Ignacio S\u00e1nchez-Mej\u00edas Herrero\" \/>\n<meta property=\"og:description\" content=\"Ayer se present\u00f3 el tradicional cartel del abono de Sevilla para la temporada 2017, de forma que tendremos que responder con nuestro tradicional art\u00edculo sobre el mismo. Los carteles que encarga La Maestranza de Caballer\u00eda de Sevilla, tienen una cosa buena. No dejan indiferencia a nadie. A veces nos ponen de acuerdo en lo malo [&hellip;]\" \/>\n<meta property=\"og:url\" content=\"https:\/\/www.ignaciosanchezmejias.es\/index.php\/2017\/02\/11\/a-sevilla-a-ver-los-toros\/\" \/>\n<meta property=\"og:site_name\" content=\"Sitio web de Ignacio S\u00e1nchez-Mej\u00edas Herrero\" \/>\n<meta property=\"article:published_time\" content=\"2017-02-11T17:35:39+00:00\" \/>\n<meta property=\"article:modified_time\" content=\"2021-03-17T12:42:02+00:00\" \/>\n<meta property=\"og:image\" content=\"https:\/\/www.ignaciosanchezmejias.es\/wp-content\/uploads\/2020\/12\/2017-Cartel.jpg\" \/>\n\t<meta property=\"og:image:width\" content=\"1064\" \/>\n\t<meta property=\"og:image:height\" content=\"1500\" \/>\n\t<meta property=\"og:image:type\" content=\"image\/jpeg\" \/>\n<meta name=\"author\" content=\"isanchezmejias\" \/>\n<meta name=\"twitter:card\" content=\"summary_large_image\" \/>\n<meta name=\"twitter:label1\" content=\"Escrito por\" \/>\n\t<meta name=\"twitter:data1\" content=\"isanchezmejias\" \/>\n\t<meta name=\"twitter:label2\" content=\"Tiempo de lectura\" \/>\n\t<meta name=\"twitter:data2\" content=\"2 minutos\" \/>\n<script type=\"application\/ld+json\" class=\"yoast-schema-graph\">{\"@context\":\"https:\\\/\\\/schema.org\",\"@graph\":[{\"@type\":\"Article\",\"@id\":\"https:\\\/\\\/www.ignaciosanchezmejias.es\\\/index.php\\\/2017\\\/02\\\/11\\\/a-sevilla-a-ver-los-toros\\\/#article\",\"isPartOf\":{\"@id\":\"https:\\\/\\\/www.ignaciosanchezmejias.es\\\/index.php\\\/2017\\\/02\\\/11\\\/a-sevilla-a-ver-los-toros\\\/\"},\"author\":{\"name\":\"isanchezmejias\",\"@id\":\"https:\\\/\\\/www.ignaciosanchezmejias.es\\\/#\\\/schema\\\/person\\\/494d20bda3404108c02016d5e608fc65\"},\"headline\":\"A Sevilla a ver los toros\",\"datePublished\":\"2017-02-11T17:35:39+00:00\",\"dateModified\":\"2021-03-17T12:42:02+00:00\",\"mainEntityOfPage\":{\"@id\":\"https:\\\/\\\/www.ignaciosanchezmejias.es\\\/index.php\\\/2017\\\/02\\\/11\\\/a-sevilla-a-ver-los-toros\\\/\"},\"wordCount\":443,\"commentCount\":0,\"publisher\":{\"@id\":\"https:\\\/\\\/www.ignaciosanchezmejias.es\\\/#\\\/schema\\\/person\\\/494d20bda3404108c02016d5e608fc65\"},\"image\":{\"@id\":\"https:\\\/\\\/www.ignaciosanchezmejias.es\\\/index.php\\\/2017\\\/02\\\/11\\\/a-sevilla-a-ver-los-toros\\\/#primaryimage\"},\"thumbnailUrl\":\"https:\\\/\\\/www.ignaciosanchezmejias.es\\\/wp-content\\\/uploads\\\/2020\\\/12\\\/2017-Cartel.jpg\",\"keywords\":[\"Cuadro\"],\"articleSection\":[\"Abono Sevilla 2017\"],\"inLanguage\":\"es\",\"potentialAction\":[{\"@type\":\"CommentAction\",\"name\":\"Comment\",\"target\":[\"https:\\\/\\\/www.ignaciosanchezmejias.es\\\/index.php\\\/2017\\\/02\\\/11\\\/a-sevilla-a-ver-los-toros\\\/#respond\"]}]},{\"@type\":\"WebPage\",\"@id\":\"https:\\\/\\\/www.ignaciosanchezmejias.es\\\/index.php\\\/2017\\\/02\\\/11\\\/a-sevilla-a-ver-los-toros\\\/\",\"url\":\"https:\\\/\\\/www.ignaciosanchezmejias.es\\\/index.php\\\/2017\\\/02\\\/11\\\/a-sevilla-a-ver-los-toros\\\/\",\"name\":\"A Sevilla a ver los toros - Sitio web de Ignacio S\u00e1nchez-Mej\u00edas Herrero\",\"isPartOf\":{\"@id\":\"https:\\\/\\\/www.ignaciosanchezmejias.es\\\/#website\"},\"primaryImageOfPage\":{\"@id\":\"https:\\\/\\\/www.ignaciosanchezmejias.es\\\/index.php\\\/2017\\\/02\\\/11\\\/a-sevilla-a-ver-los-toros\\\/#primaryimage\"},\"image\":{\"@id\":\"https:\\\/\\\/www.ignaciosanchezmejias.es\\\/index.php\\\/2017\\\/02\\\/11\\\/a-sevilla-a-ver-los-toros\\\/#primaryimage\"},\"thumbnailUrl\":\"https:\\\/\\\/www.ignaciosanchezmejias.es\\\/wp-content\\\/uploads\\\/2020\\\/12\\\/2017-Cartel.jpg\",\"datePublished\":\"2017-02-11T17:35:39+00:00\",\"dateModified\":\"2021-03-17T12:42:02+00:00\",\"breadcrumb\":{\"@id\":\"https:\\\/\\\/www.ignaciosanchezmejias.es\\\/index.php\\\/2017\\\/02\\\/11\\\/a-sevilla-a-ver-los-toros\\\/#breadcrumb\"},\"inLanguage\":\"es\",\"potentialAction\":[{\"@type\":\"ReadAction\",\"target\":[\"https:\\\/\\\/www.ignaciosanchezmejias.es\\\/index.php\\\/2017\\\/02\\\/11\\\/a-sevilla-a-ver-los-toros\\\/\"]}]},{\"@type\":\"ImageObject\",\"inLanguage\":\"es\",\"@id\":\"https:\\\/\\\/www.ignaciosanchezmejias.es\\\/index.php\\\/2017\\\/02\\\/11\\\/a-sevilla-a-ver-los-toros\\\/#primaryimage\",\"url\":\"https:\\\/\\\/www.ignaciosanchezmejias.es\\\/wp-content\\\/uploads\\\/2020\\\/12\\\/2017-Cartel.jpg\",\"contentUrl\":\"https:\\\/\\\/www.ignaciosanchezmejias.es\\\/wp-content\\\/uploads\\\/2020\\\/12\\\/2017-Cartel.jpg\",\"width\":1064,\"height\":1500},{\"@type\":\"BreadcrumbList\",\"@id\":\"https:\\\/\\\/www.ignaciosanchezmejias.es\\\/index.php\\\/2017\\\/02\\\/11\\\/a-sevilla-a-ver-los-toros\\\/#breadcrumb\",\"itemListElement\":[{\"@type\":\"ListItem\",\"position\":1,\"name\":\"Portada\",\"item\":\"https:\\\/\\\/www.ignaciosanchezmejias.es\\\/\"},{\"@type\":\"ListItem\",\"position\":2,\"name\":\"A Sevilla a ver los toros\"}]},{\"@type\":\"WebSite\",\"@id\":\"https:\\\/\\\/www.ignaciosanchezmejias.es\\\/#website\",\"url\":\"https:\\\/\\\/www.ignaciosanchezmejias.es\\\/\",\"name\":\"Blog de Ignacio S\u00e1nchez-Mej\u00edas\",\"description\":\"Sitio personal ISM\",\"publisher\":{\"@id\":\"https:\\\/\\\/www.ignaciosanchezmejias.es\\\/#\\\/schema\\\/person\\\/494d20bda3404108c02016d5e608fc65\"},\"potentialAction\":[{\"@type\":\"SearchAction\",\"target\":{\"@type\":\"EntryPoint\",\"urlTemplate\":\"https:\\\/\\\/www.ignaciosanchezmejias.es\\\/?s={search_term_string}\"},\"query-input\":{\"@type\":\"PropertyValueSpecification\",\"valueRequired\":true,\"valueName\":\"search_term_string\"}}],\"inLanguage\":\"es\"},{\"@type\":[\"Person\",\"Organization\"],\"@id\":\"https:\\\/\\\/www.ignaciosanchezmejias.es\\\/#\\\/schema\\\/person\\\/494d20bda3404108c02016d5e608fc65\",\"name\":\"isanchezmejias\",\"image\":{\"@type\":\"ImageObject\",\"inLanguage\":\"es\",\"@id\":\"https:\\\/\\\/www.ignaciosanchezmejias.es\\\/wp-content\\\/uploads\\\/2020\\\/06\\\/cropped-Yo-antes.jpg\",\"url\":\"https:\\\/\\\/www.ignaciosanchezmejias.es\\\/wp-content\\\/uploads\\\/2020\\\/06\\\/cropped-Yo-antes.jpg\",\"contentUrl\":\"https:\\\/\\\/www.ignaciosanchezmejias.es\\\/wp-content\\\/uploads\\\/2020\\\/06\\\/cropped-Yo-antes.jpg\",\"width\":681,\"height\":482,\"caption\":\"isanchezmejias\"},\"logo\":{\"@id\":\"https:\\\/\\\/www.ignaciosanchezmejias.es\\\/wp-content\\\/uploads\\\/2020\\\/06\\\/cropped-Yo-antes.jpg\"},\"sameAs\":[\"https:\\\/\\\/www.ignaciosanchezmejias.es\"],\"url\":\"https:\\\/\\\/www.ignaciosanchezmejias.es\\\/index.php\\\/author\\\/isanchezmejias\\\/\"}]}<\/script>\n<!-- \/ Yoast SEO plugin. -->","yoast_head_json":{"title":"A Sevilla a ver los toros - Sitio web de Ignacio S\u00e1nchez-Mej\u00edas Herrero","robots":{"index":"index","follow":"follow","max-snippet":"max-snippet:-1","max-image-preview":"max-image-preview:large","max-video-preview":"max-video-preview:-1"},"canonical":"https:\/\/www.ignaciosanchezmejias.es\/index.php\/2017\/02\/11\/a-sevilla-a-ver-los-toros\/","og_locale":"es_ES","og_type":"article","og_title":"A Sevilla a ver los toros - Sitio web de Ignacio S\u00e1nchez-Mej\u00edas Herrero","og_description":"Ayer se present\u00f3 el tradicional cartel del abono de Sevilla para la temporada 2017, de forma que tendremos que responder con nuestro tradicional art\u00edculo sobre el mismo. Los carteles que encarga La Maestranza de Caballer\u00eda de Sevilla, tienen una cosa buena. No dejan indiferencia a nadie. A veces nos ponen de acuerdo en lo malo [&hellip;]","og_url":"https:\/\/www.ignaciosanchezmejias.es\/index.php\/2017\/02\/11\/a-sevilla-a-ver-los-toros\/","og_site_name":"Sitio web de Ignacio S\u00e1nchez-Mej\u00edas Herrero","article_published_time":"2017-02-11T17:35:39+00:00","article_modified_time":"2021-03-17T12:42:02+00:00","og_image":[{"width":1064,"height":1500,"url":"https:\/\/www.ignaciosanchezmejias.es\/wp-content\/uploads\/2020\/12\/2017-Cartel.jpg","type":"image\/jpeg"}],"author":"isanchezmejias","twitter_card":"summary_large_image","twitter_misc":{"Escrito por":"isanchezmejias","Tiempo de lectura":"2 minutos"},"schema":{"@context":"https:\/\/schema.org","@graph":[{"@type":"Article","@id":"https:\/\/www.ignaciosanchezmejias.es\/index.php\/2017\/02\/11\/a-sevilla-a-ver-los-toros\/#article","isPartOf":{"@id":"https:\/\/www.ignaciosanchezmejias.es\/index.php\/2017\/02\/11\/a-sevilla-a-ver-los-toros\/"},"author":{"name":"isanchezmejias","@id":"https:\/\/www.ignaciosanchezmejias.es\/#\/schema\/person\/494d20bda3404108c02016d5e608fc65"},"headline":"A Sevilla a ver los toros","datePublished":"2017-02-11T17:35:39+00:00","dateModified":"2021-03-17T12:42:02+00:00","mainEntityOfPage":{"@id":"https:\/\/www.ignaciosanchezmejias.es\/index.php\/2017\/02\/11\/a-sevilla-a-ver-los-toros\/"},"wordCount":443,"commentCount":0,"publisher":{"@id":"https:\/\/www.ignaciosanchezmejias.es\/#\/schema\/person\/494d20bda3404108c02016d5e608fc65"},"image":{"@id":"https:\/\/www.ignaciosanchezmejias.es\/index.php\/2017\/02\/11\/a-sevilla-a-ver-los-toros\/#primaryimage"},"thumbnailUrl":"https:\/\/www.ignaciosanchezmejias.es\/wp-content\/uploads\/2020\/12\/2017-Cartel.jpg","keywords":["Cuadro"],"articleSection":["Abono Sevilla 2017"],"inLanguage":"es","potentialAction":[{"@type":"CommentAction","name":"Comment","target":["https:\/\/www.ignaciosanchezmejias.es\/index.php\/2017\/02\/11\/a-sevilla-a-ver-los-toros\/#respond"]}]},{"@type":"WebPage","@id":"https:\/\/www.ignaciosanchezmejias.es\/index.php\/2017\/02\/11\/a-sevilla-a-ver-los-toros\/","url":"https:\/\/www.ignaciosanchezmejias.es\/index.php\/2017\/02\/11\/a-sevilla-a-ver-los-toros\/","name":"A Sevilla a ver los toros - Sitio web de Ignacio S\u00e1nchez-Mej\u00edas Herrero","isPartOf":{"@id":"https:\/\/www.ignaciosanchezmejias.es\/#website"},"primaryImageOfPage":{"@id":"https:\/\/www.ignaciosanchezmejias.es\/index.php\/2017\/02\/11\/a-sevilla-a-ver-los-toros\/#primaryimage"},"image":{"@id":"https:\/\/www.ignaciosanchezmejias.es\/index.php\/2017\/02\/11\/a-sevilla-a-ver-los-toros\/#primaryimage"},"thumbnailUrl":"https:\/\/www.ignaciosanchezmejias.es\/wp-content\/uploads\/2020\/12\/2017-Cartel.jpg","datePublished":"2017-02-11T17:35:39+00:00","dateModified":"2021-03-17T12:42:02+00:00","breadcrumb":{"@id":"https:\/\/www.ignaciosanchezmejias.es\/index.php\/2017\/02\/11\/a-sevilla-a-ver-los-toros\/#breadcrumb"},"inLanguage":"es","potentialAction":[{"@type":"ReadAction","target":["https:\/\/www.ignaciosanchezmejias.es\/index.php\/2017\/02\/11\/a-sevilla-a-ver-los-toros\/"]}]},{"@type":"ImageObject","inLanguage":"es","@id":"https:\/\/www.ignaciosanchezmejias.es\/index.php\/2017\/02\/11\/a-sevilla-a-ver-los-toros\/#primaryimage","url":"https:\/\/www.ignaciosanchezmejias.es\/wp-content\/uploads\/2020\/12\/2017-Cartel.jpg","contentUrl":"https:\/\/www.ignaciosanchezmejias.es\/wp-content\/uploads\/2020\/12\/2017-Cartel.jpg","width":1064,"height":1500},{"@type":"BreadcrumbList","@id":"https:\/\/www.ignaciosanchezmejias.es\/index.php\/2017\/02\/11\/a-sevilla-a-ver-los-toros\/#breadcrumb","itemListElement":[{"@type":"ListItem","position":1,"name":"Portada","item":"https:\/\/www.ignaciosanchezmejias.es\/"},{"@type":"ListItem","position":2,"name":"A Sevilla a ver los toros"}]},{"@type":"WebSite","@id":"https:\/\/www.ignaciosanchezmejias.es\/#website","url":"https:\/\/www.ignaciosanchezmejias.es\/","name":"Blog de Ignacio S\u00e1nchez-Mej\u00edas","description":"Sitio personal ISM","publisher":{"@id":"https:\/\/www.ignaciosanchezmejias.es\/#\/schema\/person\/494d20bda3404108c02016d5e608fc65"},"potentialAction":[{"@type":"SearchAction","target":{"@type":"EntryPoint","urlTemplate":"https:\/\/www.ignaciosanchezmejias.es\/?s={search_term_string}"},"query-input":{"@type":"PropertyValueSpecification","valueRequired":true,"valueName":"search_term_string"}}],"inLanguage":"es"},{"@type":["Person","Organization"],"@id":"https:\/\/www.ignaciosanchezmejias.es\/#\/schema\/person\/494d20bda3404108c02016d5e608fc65","name":"isanchezmejias","image":{"@type":"ImageObject","inLanguage":"es","@id":"https:\/\/www.ignaciosanchezmejias.es\/wp-content\/uploads\/2020\/06\/cropped-Yo-antes.jpg","url":"https:\/\/www.ignaciosanchezmejias.es\/wp-content\/uploads\/2020\/06\/cropped-Yo-antes.jpg","contentUrl":"https:\/\/www.ignaciosanchezmejias.es\/wp-content\/uploads\/2020\/06\/cropped-Yo-antes.jpg","width":681,"height":482,"caption":"isanchezmejias"},"logo":{"@id":"https:\/\/www.ignaciosanchezmejias.es\/wp-content\/uploads\/2020\/06\/cropped-Yo-antes.jpg"},"sameAs":["https:\/\/www.ignaciosanchezmejias.es"],"url":"https:\/\/www.ignaciosanchezmejias.es\/index.php\/author\/isanchezmejias\/"}]}},"_links":{"self":[{"href":"https:\/\/www.ignaciosanchezmejias.es\/index.php\/wp-json\/wp\/v2\/posts\/743","targetHints":{"allow":["GET"]}}],"collection":[{"href":"https:\/\/www.ignaciosanchezmejias.es\/index.php\/wp-json\/wp\/v2\/posts"}],"about":[{"href":"https:\/\/www.ignaciosanchezmejias.es\/index.php\/wp-json\/wp\/v2\/types\/post"}],"author":[{"embeddable":true,"href":"https:\/\/www.ignaciosanchezmejias.es\/index.php\/wp-json\/wp\/v2\/users\/1"}],"replies":[{"embeddable":true,"href":"https:\/\/www.ignaciosanchezmejias.es\/index.php\/wp-json\/wp\/v2\/comments?post=743"}],"version-history":[{"count":1,"href":"https:\/\/www.ignaciosanchezmejias.es\/index.php\/wp-json\/wp\/v2\/posts\/743\/revisions"}],"predecessor-version":[{"id":746,"href":"https:\/\/www.ignaciosanchezmejias.es\/index.php\/wp-json\/wp\/v2\/posts\/743\/revisions\/746"}],"wp:featuredmedia":[{"embeddable":true,"href":"https:\/\/www.ignaciosanchezmejias.es\/index.php\/wp-json\/wp\/v2\/media\/744"}],"wp:attachment":[{"href":"https:\/\/www.ignaciosanchezmejias.es\/index.php\/wp-json\/wp\/v2\/media?parent=743"}],"wp:term":[{"taxonomy":"category","embeddable":true,"href":"https:\/\/www.ignaciosanchezmejias.es\/index.php\/wp-json\/wp\/v2\/categories?post=743"},{"taxonomy":"post_tag","embeddable":true,"href":"https:\/\/www.ignaciosanchezmejias.es\/index.php\/wp-json\/wp\/v2\/tags?post=743"}],"curies":[{"name":"wp","href":"https:\/\/api.w.org\/{rel}","templated":true}]}}