{"id":725,"date":"2017-05-17T11:46:19","date_gmt":"2017-05-17T11:46:19","guid":{"rendered":"https:\/\/www.ignaciosanchezmejias.es\/?p=725"},"modified":"2020-12-28T18:43:00","modified_gmt":"2020-12-28T18:43:00","slug":"el-miura-amapolo-premio-tertulia-los-40","status":"publish","type":"post","link":"https:\/\/www.ignaciosanchezmejias.es\/index.php\/2017\/05\/17\/el-miura-amapolo-premio-tertulia-los-40\/","title":{"rendered":"El miura \u201cAmapolo\u201d premio Tertulia Los 40"},"content":{"rendered":"\n<p>Como otras veces, nos hemos reunido para hablar de toros en la Tertulia Los 40. Pero esta vez de una forma especial, porque ten\u00edamos que dar nuestro premio al toro m\u00e1s bravo o mejor toro de la pasada Feria de Abril. El d\u00eda de la reuni\u00f3n de nuestro jurado es especialmente agradable por lo que se aprende de toros oyendo hablar a sus miembros. El maestro Tom\u00e1s Campuzano, ganaderos como Antonio Navarro y Juan Ben\u00edtez Cubero, el rejoneador Javier Buend\u00eda (tambi\u00e9n ganadero), el apoderado y periodista Rafael Moreno, y un servidor con categor\u00eda de aficionado raso. Todo ello bajo la presidencia del que lo es de la Tertulia, Ignacio S\u00e1nchez de Ibarg\u00fcen y tomando buena nota su secretario Ram\u00f3n Loarte. Con semejante elenco comprender\u00e1n ustedes lo que se aprende en esas reuniones.<a href=\"https:\/\/web.archive.org\/web\/20180129054312\/http:\/\/blogs.sevilla.abc.es\/desdeeltendido2\/files\/2017\/05\/2017-miura-los-40.jpg\"><\/a><\/p>\n\n\n\n<p>Este a\u00f1o ten\u00edamos trabajo. Han sido muchos toros bravos, encastados y buenos con sus matices, para comentar. Cierto es que no ha salido un corrida completa redonda, pero tambi\u00e9n lo es que se han visto buenos toros en muchas de las corridas. As\u00ed, por orden de aparici\u00f3n, podemos hablar de \u201cRuidoso\u201d de Torrestrella, lidiado Jos\u00e9 Garrido, \u201cPlatino\u201d de Victorino Mart\u00edn, por Antonio Ferrera, \u201cIlusi\u00f3n\u201d de Jandilla, por \u201cEl Fandi\u201d, \u201cNovelero\u201d de N\u00fa\u00f1ez del Cuvillo, por David Mora, \u201cDerramado\u201d de Victoriano del R\u00edo, por Sebasti\u00e1n Castella, \u201cBellito\u201d de El Pilar, por L\u00f3pez Sim\u00f3n y \u201cAmapolo\u201d de Miura, por Pepe Moral.<\/p>\n\n\n\n<p>Despu\u00e9s de hablar sobre toros casi dos horas, llegamos a una conclusi\u00f3n, la cosa estaba dif\u00edcil. Conseguimos seleccionar tres toros, que a todos nos parec\u00edan premiables, y eran los de Torrestrella, El Pilar y Miura. Cada uno fuimos dando nuestra opini\u00f3n sobre el toro, la faena y las circunstancias de la lidia. Siendo finalmente el premiado, \u201cAmapolo\u201d de Miura, lidiado en quinto lugar por Pepe Moral, que le cort\u00f3 una oreja con petici\u00f3n de la segundda. Un gran toro. Enhorabuena a los ganaderos en este a\u00f1o del 175\u00ba aniversario de antig\u00fcedad. Se da la circunstancia de que el programa oficial equivoc\u00f3 el nombre de este toro, pero ya ha quedado rebautizado oficialmente como \u201cAmapolo\u201d, c\u00e1rdeno de 631 kilos, nacido en enero de 2012 y marcado con el n\u00famero 36.<\/p>\n\n\n\n<p>El premio se entregar\u00e1 en 2018, en la caseta de Feria de la Tertulia Los 40, el d\u00eda del \u201cpesca\u00edto\u201d, toque el d\u00eda que toque.<\/p>\n","protected":false},"excerpt":{"rendered":"<p>Como otras veces, nos hemos reunido para hablar de toros en la Tertulia Los 40. Pero esta vez de una forma especial, porque ten\u00edamos que dar nuestro premio al toro m\u00e1s bravo o mejor toro de la pasada Feria de Abril. El d\u00eda de la reuni\u00f3n de nuestro jurado es especialmente agradable por lo que [&hellip;]<\/p>\n","protected":false},"author":1,"featured_media":726,"comment_status":"open","ping_status":"open","sticky":false,"template":"","format":"standard","meta":{"footnotes":""},"categories":[5],"tags":[54,139],"class_list":["post-725","post","type-post","status-publish","format-standard","has-post-thumbnail","hentry","category-general","tag-miura","tag-tertulia-los-40"],"yoast_head":"<!-- This site is optimized with the Yoast SEO plugin v27.5 - https:\/\/yoast.com\/product\/yoast-seo-wordpress\/ -->\n<title>El miura \u201cAmapolo\u201d premio Tertulia Los 40 - Sitio web de Ignacio S\u00e1nchez-Mej\u00edas Herrero<\/title>\n<meta name=\"robots\" content=\"index, follow, max-snippet:-1, max-image-preview:large, max-video-preview:-1\" \/>\n<link rel=\"canonical\" href=\"https:\/\/www.ignaciosanchezmejias.es\/index.php\/2017\/05\/17\/el-miura-amapolo-premio-tertulia-los-40\/\" \/>\n<meta property=\"og:locale\" content=\"es_ES\" \/>\n<meta property=\"og:type\" content=\"article\" \/>\n<meta property=\"og:title\" content=\"El miura \u201cAmapolo\u201d premio Tertulia Los 40 - Sitio web de Ignacio S\u00e1nchez-Mej\u00edas Herrero\" \/>\n<meta property=\"og:description\" content=\"Como otras veces, nos hemos reunido para hablar de toros en la Tertulia Los 40. Pero esta vez de una forma especial, porque ten\u00edamos que dar nuestro premio al toro m\u00e1s bravo o mejor toro de la pasada Feria de Abril. El d\u00eda de la reuni\u00f3n de nuestro jurado es especialmente agradable por lo que [&hellip;]\" \/>\n<meta property=\"og:url\" content=\"https:\/\/www.ignaciosanchezmejias.es\/index.php\/2017\/05\/17\/el-miura-amapolo-premio-tertulia-los-40\/\" \/>\n<meta property=\"og:site_name\" content=\"Sitio web de Ignacio S\u00e1nchez-Mej\u00edas Herrero\" \/>\n<meta property=\"article:published_time\" content=\"2017-05-17T11:46:19+00:00\" \/>\n<meta property=\"article:modified_time\" content=\"2020-12-28T18:43:00+00:00\" \/>\n<meta property=\"og:image\" content=\"https:\/\/www.ignaciosanchezmejias.es\/wp-content\/uploads\/2020\/12\/2017-miura-los-40.jpg\" \/>\n\t<meta property=\"og:image:width\" content=\"640\" \/>\n\t<meta property=\"og:image:height\" content=\"382\" \/>\n\t<meta property=\"og:image:type\" content=\"image\/jpeg\" \/>\n<meta name=\"author\" content=\"isanchezmejias\" \/>\n<meta name=\"twitter:card\" content=\"summary_large_image\" \/>\n<meta name=\"twitter:label1\" content=\"Escrito por\" \/>\n\t<meta name=\"twitter:data1\" content=\"isanchezmejias\" \/>\n\t<meta name=\"twitter:label2\" content=\"Tiempo de lectura\" \/>\n\t<meta name=\"twitter:data2\" content=\"2 minutos\" \/>\n<script type=\"application\/ld+json\" class=\"yoast-schema-graph\">{\"@context\":\"https:\\\/\\\/schema.org\",\"@graph\":[{\"@type\":\"Article\",\"@id\":\"https:\\\/\\\/www.ignaciosanchezmejias.es\\\/index.php\\\/2017\\\/05\\\/17\\\/el-miura-amapolo-premio-tertulia-los-40\\\/#article\",\"isPartOf\":{\"@id\":\"https:\\\/\\\/www.ignaciosanchezmejias.es\\\/index.php\\\/2017\\\/05\\\/17\\\/el-miura-amapolo-premio-tertulia-los-40\\\/\"},\"author\":{\"name\":\"isanchezmejias\",\"@id\":\"https:\\\/\\\/www.ignaciosanchezmejias.es\\\/#\\\/schema\\\/person\\\/494d20bda3404108c02016d5e608fc65\"},\"headline\":\"El miura \u201cAmapolo\u201d premio Tertulia Los 40\",\"datePublished\":\"2017-05-17T11:46:19+00:00\",\"dateModified\":\"2020-12-28T18:43:00+00:00\",\"mainEntityOfPage\":{\"@id\":\"https:\\\/\\\/www.ignaciosanchezmejias.es\\\/index.php\\\/2017\\\/05\\\/17\\\/el-miura-amapolo-premio-tertulia-los-40\\\/\"},\"wordCount\":421,\"commentCount\":0,\"publisher\":{\"@id\":\"https:\\\/\\\/www.ignaciosanchezmejias.es\\\/#\\\/schema\\\/person\\\/494d20bda3404108c02016d5e608fc65\"},\"image\":{\"@id\":\"https:\\\/\\\/www.ignaciosanchezmejias.es\\\/index.php\\\/2017\\\/05\\\/17\\\/el-miura-amapolo-premio-tertulia-los-40\\\/#primaryimage\"},\"thumbnailUrl\":\"https:\\\/\\\/www.ignaciosanchezmejias.es\\\/wp-content\\\/uploads\\\/2020\\\/12\\\/2017-miura-los-40.jpg\",\"keywords\":[\"Miura\",\"Tertulia Los 40\"],\"articleSection\":[\"General\"],\"inLanguage\":\"es\",\"potentialAction\":[{\"@type\":\"CommentAction\",\"name\":\"Comment\",\"target\":[\"https:\\\/\\\/www.ignaciosanchezmejias.es\\\/index.php\\\/2017\\\/05\\\/17\\\/el-miura-amapolo-premio-tertulia-los-40\\\/#respond\"]}]},{\"@type\":\"WebPage\",\"@id\":\"https:\\\/\\\/www.ignaciosanchezmejias.es\\\/index.php\\\/2017\\\/05\\\/17\\\/el-miura-amapolo-premio-tertulia-los-40\\\/\",\"url\":\"https:\\\/\\\/www.ignaciosanchezmejias.es\\\/index.php\\\/2017\\\/05\\\/17\\\/el-miura-amapolo-premio-tertulia-los-40\\\/\",\"name\":\"El miura \u201cAmapolo\u201d premio Tertulia Los 40 - Sitio web de Ignacio S\u00e1nchez-Mej\u00edas Herrero\",\"isPartOf\":{\"@id\":\"https:\\\/\\\/www.ignaciosanchezmejias.es\\\/#website\"},\"primaryImageOfPage\":{\"@id\":\"https:\\\/\\\/www.ignaciosanchezmejias.es\\\/index.php\\\/2017\\\/05\\\/17\\\/el-miura-amapolo-premio-tertulia-los-40\\\/#primaryimage\"},\"image\":{\"@id\":\"https:\\\/\\\/www.ignaciosanchezmejias.es\\\/index.php\\\/2017\\\/05\\\/17\\\/el-miura-amapolo-premio-tertulia-los-40\\\/#primaryimage\"},\"thumbnailUrl\":\"https:\\\/\\\/www.ignaciosanchezmejias.es\\\/wp-content\\\/uploads\\\/2020\\\/12\\\/2017-miura-los-40.jpg\",\"datePublished\":\"2017-05-17T11:46:19+00:00\",\"dateModified\":\"2020-12-28T18:43:00+00:00\",\"breadcrumb\":{\"@id\":\"https:\\\/\\\/www.ignaciosanchezmejias.es\\\/index.php\\\/2017\\\/05\\\/17\\\/el-miura-amapolo-premio-tertulia-los-40\\\/#breadcrumb\"},\"inLanguage\":\"es\",\"potentialAction\":[{\"@type\":\"ReadAction\",\"target\":[\"https:\\\/\\\/www.ignaciosanchezmejias.es\\\/index.php\\\/2017\\\/05\\\/17\\\/el-miura-amapolo-premio-tertulia-los-40\\\/\"]}]},{\"@type\":\"ImageObject\",\"inLanguage\":\"es\",\"@id\":\"https:\\\/\\\/www.ignaciosanchezmejias.es\\\/index.php\\\/2017\\\/05\\\/17\\\/el-miura-amapolo-premio-tertulia-los-40\\\/#primaryimage\",\"url\":\"https:\\\/\\\/www.ignaciosanchezmejias.es\\\/wp-content\\\/uploads\\\/2020\\\/12\\\/2017-miura-los-40.jpg\",\"contentUrl\":\"https:\\\/\\\/www.ignaciosanchezmejias.es\\\/wp-content\\\/uploads\\\/2020\\\/12\\\/2017-miura-los-40.jpg\",\"width\":640,\"height\":382,\"caption\":\"Foto. Arjona para aplausos.es. \\\"Amapolo\\\" en varas\"},{\"@type\":\"BreadcrumbList\",\"@id\":\"https:\\\/\\\/www.ignaciosanchezmejias.es\\\/index.php\\\/2017\\\/05\\\/17\\\/el-miura-amapolo-premio-tertulia-los-40\\\/#breadcrumb\",\"itemListElement\":[{\"@type\":\"ListItem\",\"position\":1,\"name\":\"Portada\",\"item\":\"https:\\\/\\\/www.ignaciosanchezmejias.es\\\/\"},{\"@type\":\"ListItem\",\"position\":2,\"name\":\"El miura \u201cAmapolo\u201d premio Tertulia Los 40\"}]},{\"@type\":\"WebSite\",\"@id\":\"https:\\\/\\\/www.ignaciosanchezmejias.es\\\/#website\",\"url\":\"https:\\\/\\\/www.ignaciosanchezmejias.es\\\/\",\"name\":\"Blog de Ignacio S\u00e1nchez-Mej\u00edas\",\"description\":\"Sitio personal ISM\",\"publisher\":{\"@id\":\"https:\\\/\\\/www.ignaciosanchezmejias.es\\\/#\\\/schema\\\/person\\\/494d20bda3404108c02016d5e608fc65\"},\"potentialAction\":[{\"@type\":\"SearchAction\",\"target\":{\"@type\":\"EntryPoint\",\"urlTemplate\":\"https:\\\/\\\/www.ignaciosanchezmejias.es\\\/?s={search_term_string}\"},\"query-input\":{\"@type\":\"PropertyValueSpecification\",\"valueRequired\":true,\"valueName\":\"search_term_string\"}}],\"inLanguage\":\"es\"},{\"@type\":[\"Person\",\"Organization\"],\"@id\":\"https:\\\/\\\/www.ignaciosanchezmejias.es\\\/#\\\/schema\\\/person\\\/494d20bda3404108c02016d5e608fc65\",\"name\":\"isanchezmejias\",\"image\":{\"@type\":\"ImageObject\",\"inLanguage\":\"es\",\"@id\":\"https:\\\/\\\/www.ignaciosanchezmejias.es\\\/wp-content\\\/uploads\\\/2020\\\/06\\\/cropped-Yo-antes.jpg\",\"url\":\"https:\\\/\\\/www.ignaciosanchezmejias.es\\\/wp-content\\\/uploads\\\/2020\\\/06\\\/cropped-Yo-antes.jpg\",\"contentUrl\":\"https:\\\/\\\/www.ignaciosanchezmejias.es\\\/wp-content\\\/uploads\\\/2020\\\/06\\\/cropped-Yo-antes.jpg\",\"width\":681,\"height\":482,\"caption\":\"isanchezmejias\"},\"logo\":{\"@id\":\"https:\\\/\\\/www.ignaciosanchezmejias.es\\\/wp-content\\\/uploads\\\/2020\\\/06\\\/cropped-Yo-antes.jpg\"},\"sameAs\":[\"https:\\\/\\\/www.ignaciosanchezmejias.es\"],\"url\":\"https:\\\/\\\/www.ignaciosanchezmejias.es\\\/index.php\\\/author\\\/isanchezmejias\\\/\"}]}<\/script>\n<!-- \/ Yoast SEO plugin. -->","yoast_head_json":{"title":"El miura \u201cAmapolo\u201d premio Tertulia Los 40 - Sitio web de Ignacio S\u00e1nchez-Mej\u00edas Herrero","robots":{"index":"index","follow":"follow","max-snippet":"max-snippet:-1","max-image-preview":"max-image-preview:large","max-video-preview":"max-video-preview:-1"},"canonical":"https:\/\/www.ignaciosanchezmejias.es\/index.php\/2017\/05\/17\/el-miura-amapolo-premio-tertulia-los-40\/","og_locale":"es_ES","og_type":"article","og_title":"El miura \u201cAmapolo\u201d premio Tertulia Los 40 - Sitio web de Ignacio S\u00e1nchez-Mej\u00edas Herrero","og_description":"Como otras veces, nos hemos reunido para hablar de toros en la Tertulia Los 40. Pero esta vez de una forma especial, porque ten\u00edamos que dar nuestro premio al toro m\u00e1s bravo o mejor toro de la pasada Feria de Abril. El d\u00eda de la reuni\u00f3n de nuestro jurado es especialmente agradable por lo que [&hellip;]","og_url":"https:\/\/www.ignaciosanchezmejias.es\/index.php\/2017\/05\/17\/el-miura-amapolo-premio-tertulia-los-40\/","og_site_name":"Sitio web de Ignacio S\u00e1nchez-Mej\u00edas Herrero","article_published_time":"2017-05-17T11:46:19+00:00","article_modified_time":"2020-12-28T18:43:00+00:00","og_image":[{"width":640,"height":382,"url":"https:\/\/www.ignaciosanchezmejias.es\/wp-content\/uploads\/2020\/12\/2017-miura-los-40.jpg","type":"image\/jpeg"}],"author":"isanchezmejias","twitter_card":"summary_large_image","twitter_misc":{"Escrito por":"isanchezmejias","Tiempo de lectura":"2 minutos"},"schema":{"@context":"https:\/\/schema.org","@graph":[{"@type":"Article","@id":"https:\/\/www.ignaciosanchezmejias.es\/index.php\/2017\/05\/17\/el-miura-amapolo-premio-tertulia-los-40\/#article","isPartOf":{"@id":"https:\/\/www.ignaciosanchezmejias.es\/index.php\/2017\/05\/17\/el-miura-amapolo-premio-tertulia-los-40\/"},"author":{"name":"isanchezmejias","@id":"https:\/\/www.ignaciosanchezmejias.es\/#\/schema\/person\/494d20bda3404108c02016d5e608fc65"},"headline":"El miura \u201cAmapolo\u201d premio Tertulia Los 40","datePublished":"2017-05-17T11:46:19+00:00","dateModified":"2020-12-28T18:43:00+00:00","mainEntityOfPage":{"@id":"https:\/\/www.ignaciosanchezmejias.es\/index.php\/2017\/05\/17\/el-miura-amapolo-premio-tertulia-los-40\/"},"wordCount":421,"commentCount":0,"publisher":{"@id":"https:\/\/www.ignaciosanchezmejias.es\/#\/schema\/person\/494d20bda3404108c02016d5e608fc65"},"image":{"@id":"https:\/\/www.ignaciosanchezmejias.es\/index.php\/2017\/05\/17\/el-miura-amapolo-premio-tertulia-los-40\/#primaryimage"},"thumbnailUrl":"https:\/\/www.ignaciosanchezmejias.es\/wp-content\/uploads\/2020\/12\/2017-miura-los-40.jpg","keywords":["Miura","Tertulia Los 40"],"articleSection":["General"],"inLanguage":"es","potentialAction":[{"@type":"CommentAction","name":"Comment","target":["https:\/\/www.ignaciosanchezmejias.es\/index.php\/2017\/05\/17\/el-miura-amapolo-premio-tertulia-los-40\/#respond"]}]},{"@type":"WebPage","@id":"https:\/\/www.ignaciosanchezmejias.es\/index.php\/2017\/05\/17\/el-miura-amapolo-premio-tertulia-los-40\/","url":"https:\/\/www.ignaciosanchezmejias.es\/index.php\/2017\/05\/17\/el-miura-amapolo-premio-tertulia-los-40\/","name":"El miura \u201cAmapolo\u201d premio Tertulia Los 40 - Sitio web de Ignacio S\u00e1nchez-Mej\u00edas Herrero","isPartOf":{"@id":"https:\/\/www.ignaciosanchezmejias.es\/#website"},"primaryImageOfPage":{"@id":"https:\/\/www.ignaciosanchezmejias.es\/index.php\/2017\/05\/17\/el-miura-amapolo-premio-tertulia-los-40\/#primaryimage"},"image":{"@id":"https:\/\/www.ignaciosanchezmejias.es\/index.php\/2017\/05\/17\/el-miura-amapolo-premio-tertulia-los-40\/#primaryimage"},"thumbnailUrl":"https:\/\/www.ignaciosanchezmejias.es\/wp-content\/uploads\/2020\/12\/2017-miura-los-40.jpg","datePublished":"2017-05-17T11:46:19+00:00","dateModified":"2020-12-28T18:43:00+00:00","breadcrumb":{"@id":"https:\/\/www.ignaciosanchezmejias.es\/index.php\/2017\/05\/17\/el-miura-amapolo-premio-tertulia-los-40\/#breadcrumb"},"inLanguage":"es","potentialAction":[{"@type":"ReadAction","target":["https:\/\/www.ignaciosanchezmejias.es\/index.php\/2017\/05\/17\/el-miura-amapolo-premio-tertulia-los-40\/"]}]},{"@type":"ImageObject","inLanguage":"es","@id":"https:\/\/www.ignaciosanchezmejias.es\/index.php\/2017\/05\/17\/el-miura-amapolo-premio-tertulia-los-40\/#primaryimage","url":"https:\/\/www.ignaciosanchezmejias.es\/wp-content\/uploads\/2020\/12\/2017-miura-los-40.jpg","contentUrl":"https:\/\/www.ignaciosanchezmejias.es\/wp-content\/uploads\/2020\/12\/2017-miura-los-40.jpg","width":640,"height":382,"caption":"Foto. Arjona para aplausos.es. \"Amapolo\" en varas"},{"@type":"BreadcrumbList","@id":"https:\/\/www.ignaciosanchezmejias.es\/index.php\/2017\/05\/17\/el-miura-amapolo-premio-tertulia-los-40\/#breadcrumb","itemListElement":[{"@type":"ListItem","position":1,"name":"Portada","item":"https:\/\/www.ignaciosanchezmejias.es\/"},{"@type":"ListItem","position":2,"name":"El miura \u201cAmapolo\u201d premio Tertulia Los 40"}]},{"@type":"WebSite","@id":"https:\/\/www.ignaciosanchezmejias.es\/#website","url":"https:\/\/www.ignaciosanchezmejias.es\/","name":"Blog de Ignacio S\u00e1nchez-Mej\u00edas","description":"Sitio personal ISM","publisher":{"@id":"https:\/\/www.ignaciosanchezmejias.es\/#\/schema\/person\/494d20bda3404108c02016d5e608fc65"},"potentialAction":[{"@type":"SearchAction","target":{"@type":"EntryPoint","urlTemplate":"https:\/\/www.ignaciosanchezmejias.es\/?s={search_term_string}"},"query-input":{"@type":"PropertyValueSpecification","valueRequired":true,"valueName":"search_term_string"}}],"inLanguage":"es"},{"@type":["Person","Organization"],"@id":"https:\/\/www.ignaciosanchezmejias.es\/#\/schema\/person\/494d20bda3404108c02016d5e608fc65","name":"isanchezmejias","image":{"@type":"ImageObject","inLanguage":"es","@id":"https:\/\/www.ignaciosanchezmejias.es\/wp-content\/uploads\/2020\/06\/cropped-Yo-antes.jpg","url":"https:\/\/www.ignaciosanchezmejias.es\/wp-content\/uploads\/2020\/06\/cropped-Yo-antes.jpg","contentUrl":"https:\/\/www.ignaciosanchezmejias.es\/wp-content\/uploads\/2020\/06\/cropped-Yo-antes.jpg","width":681,"height":482,"caption":"isanchezmejias"},"logo":{"@id":"https:\/\/www.ignaciosanchezmejias.es\/wp-content\/uploads\/2020\/06\/cropped-Yo-antes.jpg"},"sameAs":["https:\/\/www.ignaciosanchezmejias.es"],"url":"https:\/\/www.ignaciosanchezmejias.es\/index.php\/author\/isanchezmejias\/"}]}},"_links":{"self":[{"href":"https:\/\/www.ignaciosanchezmejias.es\/index.php\/wp-json\/wp\/v2\/posts\/725","targetHints":{"allow":["GET"]}}],"collection":[{"href":"https:\/\/www.ignaciosanchezmejias.es\/index.php\/wp-json\/wp\/v2\/posts"}],"about":[{"href":"https:\/\/www.ignaciosanchezmejias.es\/index.php\/wp-json\/wp\/v2\/types\/post"}],"author":[{"embeddable":true,"href":"https:\/\/www.ignaciosanchezmejias.es\/index.php\/wp-json\/wp\/v2\/users\/1"}],"replies":[{"embeddable":true,"href":"https:\/\/www.ignaciosanchezmejias.es\/index.php\/wp-json\/wp\/v2\/comments?post=725"}],"version-history":[{"count":1,"href":"https:\/\/www.ignaciosanchezmejias.es\/index.php\/wp-json\/wp\/v2\/posts\/725\/revisions"}],"predecessor-version":[{"id":727,"href":"https:\/\/www.ignaciosanchezmejias.es\/index.php\/wp-json\/wp\/v2\/posts\/725\/revisions\/727"}],"wp:featuredmedia":[{"embeddable":true,"href":"https:\/\/www.ignaciosanchezmejias.es\/index.php\/wp-json\/wp\/v2\/media\/726"}],"wp:attachment":[{"href":"https:\/\/www.ignaciosanchezmejias.es\/index.php\/wp-json\/wp\/v2\/media?parent=725"}],"wp:term":[{"taxonomy":"category","embeddable":true,"href":"https:\/\/www.ignaciosanchezmejias.es\/index.php\/wp-json\/wp\/v2\/categories?post=725"},{"taxonomy":"post_tag","embeddable":true,"href":"https:\/\/www.ignaciosanchezmejias.es\/index.php\/wp-json\/wp\/v2\/tags?post=725"}],"curies":[{"name":"wp","href":"https:\/\/api.w.org\/{rel}","templated":true}]}}