{"id":722,"date":"2017-05-24T11:34:42","date_gmt":"2017-05-24T11:34:42","guid":{"rendered":"https:\/\/www.ignaciosanchezmejias.es\/?p=722"},"modified":"2021-03-17T12:56:19","modified_gmt":"2021-03-17T12:56:19","slug":"reunion-de-la-delegada-del-gobierno-con-los-presidentes","status":"publish","type":"post","link":"https:\/\/www.ignaciosanchezmejias.es\/index.php\/2017\/05\/24\/reunion-de-la-delegada-del-gobierno-con-los-presidentes\/","title":{"rendered":"Reuni\u00f3n de la Delegada del Gobierno con los presidentes"},"content":{"rendered":"\n<p>La Delegaci\u00f3n del Gobierno de la Junta de Andaluc\u00eda en Sevilla, ha remitido a los medios de comunicaci\u00f3n una nota de prensa, con motivo de la reuni\u00f3n que ha mantenido su titular, Do\u00f1a Mar\u00eda Esther Gil, con los presidentes de la plaza de toros de Sevilla, una vez terminada la Feria.<\/p>\n\n\n\n<p>Adem\u00e1s de la nota de prensa que reproducimos en su totalidad al final de este art\u00edculo, remite una extensa estad\u00edstica de los festejos celebrados, con su resumen num\u00e9rico, detalles de los reconocimientos previos, fichas de los festejos, trofeos y vueltas, reses rechazadas, etc. Se agradece el trabajo de resumir en un documento tantos datos.<\/p>\n\n\n\n<p>Con respecto a la Nota, destaca la Delegada \u201c<em>la unidad de los equipos y ha insistido en la necesidad de seguir elevando el prestigio de la Maestranza durante el resto de la temporada<\/em>\u201d. Lo de la unidad de los equipos, tenemos que suponer que se refiere a que cada equipo manten\u00eda un criterio \u00fanico, cosa que no discutimos, pero en lo seguir elevando el prestigio de la Maestranza, parte de la premisa de que los equipos lo han elevado este a\u00f1o, cosa ya discutible, cuando no rotundamente falsa. Hemos visto trofeos por bajonazos, reses lidiadas con las protestas del p\u00fablico y una vuelta a un toro que pidieron tres aficionados, por no extenderme en otros episodios.<\/p>\n\n\n\n<p>Lo que roza lo esperp\u00e9ntico es la satisfacci\u00f3n de la Delegada \u201c<em>por la unidad de criterio que durante la Feria de Abril han demostrado los presidentes a la hora de ejecutar sus funciones\u201d.<\/em>&nbsp;Yo supon\u00eda que esta reuni\u00f3n de coordinaci\u00f3n era, precisamente para eso, para unificar criterios que este a\u00f1o han sido dispares. Por poner alg\u00fan ejemplo, D. Jos\u00e9 Luque ha otorgado orejas con bajonazos, eso s\u00ed, a petici\u00f3n del p\u00fablico, cuando Do\u00f1a Anabel Moreno, con la misma petici\u00f3n o m\u00e1s, las negaba, precisamente, por no matar por arriba. No he entendido lo de la unidad de criterio, pero posiblemente sea culpa m\u00eda.<\/p>\n\n\n\n<p>Tambi\u00e9n se refiere la Delegada \u201c<em>al rigor como principal exigencia en la presentaci\u00f3n y conformaci\u00f3n de la reses que han de ser lidiadas en el coso de Sevilla, como principal caracter\u00edstica en la concesi\u00f3n de trofeos desde el palco maestrante<\/em>\u201d. Ya no s\u00e9 si es que las reses estaban presentadas con rigor o si por eso se daban trofeos, pero sigo sin estar de acuerdo.<\/p>\n\n\n\n<p>Desconozco si la se\u00f1ora delegada Do\u00f1a Mar\u00eda Esther Gil, es aficionada a los toros. Igualmente desconozco si ha ido a la plaza esta feria, pero cualquier aficionado que haya ido los toros este a\u00f1o, seguro que no ha entendido estas conclusiones. Supongo que esto ser\u00e1 la verdad oficial, pero no es, de ninguna manera, lo que hemos visto este a\u00f1o desde el palco.<\/p>\n\n\n\n<p><\/p>\n\n\n\n<p>NOTA DE PRENSA<\/p>\n\n\n\n<p><em>La delegada del Gobierno se re\u00fane con los presidentes de la Real Maestranza para evaluar la Feria de Abril<\/em><\/p>\n\n\n\n<p><em>Mar\u00eda Esther Gil ha destacado la unidad de los equipos y ha insistido en la necesidad de seguir elevando el prestigio de la Maestranza durante el resto de la temporada.<\/em><\/p>\n\n\n\n<p><em>La delegada del Gobierno de la Junta de Andaluc\u00eda en Sevilla, Mar\u00eda Esther Gil Mart\u00edn, ha presidido la reuni\u00f3n de coordinaci\u00f3n con los presidentes de los distintos equipos gubernativos que actuaron durante el pasado ciclo ferial 2017 en la plaza de la Real Maestranza de Sevilla. En el encuentro, la delegada del Gobierno, Autoridad taurina en la provincia, ha insistido en la necesidad de seguir elevando el prestigio y la categor\u00eda de la Maestranza durante el resto de la temporada, y ha mostrado su satisfacci\u00f3n por la unidad de criterio que durante la Feria de Abril han demostrado los presidentes a la hora de ejecutar sus funciones. Mar\u00eda Esther Gil se ha referido al rigor como principal exigencia en la&nbsp; presentaci\u00f3n y conformaci\u00f3n de la reses que han de ser lidiadas en el coso de Sevilla, como principal caracter\u00edstica en la concesi\u00f3n de trofeos desde el palco maestrante, y como argumento prioritario en la aplicaci\u00f3n del Reglamento Taurino Andaluz en nuestra plaza.<\/em><\/p>\n\n\n\n<p><em>En total, durante el ciclo de la Feria de Abril de 2017 se han celebrado 14 corridas (2 menos que la temporada anterior), habi\u00e9ndose reconocido por parte de los equipos de la Junta de Andaluc\u00eda un total de 138 toros, 13 de ellos rechazados en los reconocimientos previos; por conformaci\u00f3n zoot\u00e9cnica inapropiada para la categor\u00eda de la plaza, excepto en dos ocasiones, que se rechazaron por tener escobillados los pitones. Durante la lidia, fueron aplaudidos en el arrastre en diferentes ocasiones y en una ocasi\u00f3n el presidente concedi\u00f3 la vuelta al ruedo: al toro \u201cDerramado\u201d, n.\u00ba 51, de la ganader\u00eda de Victoriano del R\u00edo.<\/em><\/p>\n\n\n\n<p><em>Por lo que se refiere a los trofeos concedidos a los actuantes, hay que destacar que durante el ciclo ferial se han otorgados 17 orejas, dos de ellas de una misma res, logradas&nbsp; \u00e9stas por el matador Andr\u00e9s Roca Rey. Adem\u00e1s, los toreros dieron 8 vueltas al ruedo, y los banderilleros se desmonteraron para saludar en 21 ocasiones.<\/em><\/p>\n\n\n\n<p><em>En cuanto a las propuestas de sanci\u00f3n, los equipos presidenciales han llevado a cabo cinco propuestas, dos de ellas a banderilleros por retrasar deliberadamente el arrastre de la res influyendo en el desarrollo del espect\u00e1culo; una a un picador, por rebasar los c\u00edrculos en el intento de picar, y dos a espectadores, que fueron expulsados de la plaza por molestias y ofensas a espectadores.<\/em><\/p>\n\n\n\n<p>Pd. Se adjunta Documento Datos Estad\u00edsticos Feria de Abril de Sevilla 2017<\/p>\n","protected":false},"excerpt":{"rendered":"<p>La Delegaci\u00f3n del Gobierno de la Junta de Andaluc\u00eda en Sevilla, ha remitido a los medios de comunicaci\u00f3n una nota de prensa, con motivo de la reuni\u00f3n que ha mantenido su titular, Do\u00f1a Mar\u00eda Esther Gil, con los presidentes de la plaza de toros de Sevilla, una vez terminada la Feria. Adem\u00e1s de la nota [&hellip;]<\/p>\n","protected":false},"author":1,"featured_media":723,"comment_status":"open","ping_status":"open","sticky":false,"template":"","format":"standard","meta":{"footnotes":""},"categories":[5],"tags":[528],"class_list":["post-722","post","type-post","status-publish","format-standard","has-post-thumbnail","hentry","category-general","tag-presidentes"],"yoast_head":"<!-- This site is optimized with the Yoast SEO plugin v27.5 - https:\/\/yoast.com\/product\/yoast-seo-wordpress\/ -->\n<title>Reuni\u00f3n de la Delegada del Gobierno con los presidentes - Sitio web de Ignacio S\u00e1nchez-Mej\u00edas Herrero<\/title>\n<meta name=\"robots\" content=\"index, follow, max-snippet:-1, max-image-preview:large, max-video-preview:-1\" \/>\n<link rel=\"canonical\" href=\"https:\/\/www.ignaciosanchezmejias.es\/index.php\/2017\/05\/24\/reunion-de-la-delegada-del-gobierno-con-los-presidentes\/\" \/>\n<meta property=\"og:locale\" content=\"es_ES\" \/>\n<meta property=\"og:type\" content=\"article\" \/>\n<meta property=\"og:title\" content=\"Reuni\u00f3n de la Delegada del Gobierno con los presidentes - Sitio web de Ignacio S\u00e1nchez-Mej\u00edas Herrero\" \/>\n<meta property=\"og:description\" content=\"La Delegaci\u00f3n del Gobierno de la Junta de Andaluc\u00eda en Sevilla, ha remitido a los medios de comunicaci\u00f3n una nota de prensa, con motivo de la reuni\u00f3n que ha mantenido su titular, Do\u00f1a Mar\u00eda Esther Gil, con los presidentes de la plaza de toros de Sevilla, una vez terminada la Feria. Adem\u00e1s de la nota [&hellip;]\" \/>\n<meta property=\"og:url\" content=\"https:\/\/www.ignaciosanchezmejias.es\/index.php\/2017\/05\/24\/reunion-de-la-delegada-del-gobierno-con-los-presidentes\/\" \/>\n<meta property=\"og:site_name\" content=\"Sitio web de Ignacio S\u00e1nchez-Mej\u00edas Herrero\" \/>\n<meta property=\"article:published_time\" content=\"2017-05-24T11:34:42+00:00\" \/>\n<meta property=\"article:modified_time\" content=\"2021-03-17T12:56:19+00:00\" \/>\n<meta property=\"og:image\" content=\"https:\/\/www.ignaciosanchezmejias.es\/wp-content\/uploads\/2020\/12\/2017-DElegada-Gobierno.jpg\" \/>\n\t<meta property=\"og:image:width\" content=\"1050\" \/>\n\t<meta property=\"og:image:height\" content=\"700\" \/>\n\t<meta property=\"og:image:type\" content=\"image\/jpeg\" \/>\n<meta name=\"author\" content=\"isanchezmejias\" \/>\n<meta name=\"twitter:card\" content=\"summary_large_image\" \/>\n<meta name=\"twitter:label1\" content=\"Escrito por\" \/>\n\t<meta name=\"twitter:data1\" content=\"isanchezmejias\" \/>\n\t<meta name=\"twitter:label2\" content=\"Tiempo de lectura\" \/>\n\t<meta name=\"twitter:data2\" content=\"5 minutos\" \/>\n<script type=\"application\/ld+json\" class=\"yoast-schema-graph\">{\"@context\":\"https:\\\/\\\/schema.org\",\"@graph\":[{\"@type\":\"Article\",\"@id\":\"https:\\\/\\\/www.ignaciosanchezmejias.es\\\/index.php\\\/2017\\\/05\\\/24\\\/reunion-de-la-delegada-del-gobierno-con-los-presidentes\\\/#article\",\"isPartOf\":{\"@id\":\"https:\\\/\\\/www.ignaciosanchezmejias.es\\\/index.php\\\/2017\\\/05\\\/24\\\/reunion-de-la-delegada-del-gobierno-con-los-presidentes\\\/\"},\"author\":{\"name\":\"isanchezmejias\",\"@id\":\"https:\\\/\\\/www.ignaciosanchezmejias.es\\\/#\\\/schema\\\/person\\\/494d20bda3404108c02016d5e608fc65\"},\"headline\":\"Reuni\u00f3n de la Delegada del Gobierno con los presidentes\",\"datePublished\":\"2017-05-24T11:34:42+00:00\",\"dateModified\":\"2021-03-17T12:56:19+00:00\",\"mainEntityOfPage\":{\"@id\":\"https:\\\/\\\/www.ignaciosanchezmejias.es\\\/index.php\\\/2017\\\/05\\\/24\\\/reunion-de-la-delegada-del-gobierno-con-los-presidentes\\\/\"},\"wordCount\":971,\"commentCount\":0,\"publisher\":{\"@id\":\"https:\\\/\\\/www.ignaciosanchezmejias.es\\\/#\\\/schema\\\/person\\\/494d20bda3404108c02016d5e608fc65\"},\"image\":{\"@id\":\"https:\\\/\\\/www.ignaciosanchezmejias.es\\\/index.php\\\/2017\\\/05\\\/24\\\/reunion-de-la-delegada-del-gobierno-con-los-presidentes\\\/#primaryimage\"},\"thumbnailUrl\":\"https:\\\/\\\/www.ignaciosanchezmejias.es\\\/wp-content\\\/uploads\\\/2020\\\/12\\\/2017-DElegada-Gobierno.jpg\",\"keywords\":[\"Presidentes\"],\"articleSection\":[\"General\"],\"inLanguage\":\"es\",\"potentialAction\":[{\"@type\":\"CommentAction\",\"name\":\"Comment\",\"target\":[\"https:\\\/\\\/www.ignaciosanchezmejias.es\\\/index.php\\\/2017\\\/05\\\/24\\\/reunion-de-la-delegada-del-gobierno-con-los-presidentes\\\/#respond\"]}]},{\"@type\":\"WebPage\",\"@id\":\"https:\\\/\\\/www.ignaciosanchezmejias.es\\\/index.php\\\/2017\\\/05\\\/24\\\/reunion-de-la-delegada-del-gobierno-con-los-presidentes\\\/\",\"url\":\"https:\\\/\\\/www.ignaciosanchezmejias.es\\\/index.php\\\/2017\\\/05\\\/24\\\/reunion-de-la-delegada-del-gobierno-con-los-presidentes\\\/\",\"name\":\"Reuni\u00f3n de la Delegada del Gobierno con los presidentes - Sitio web de Ignacio S\u00e1nchez-Mej\u00edas Herrero\",\"isPartOf\":{\"@id\":\"https:\\\/\\\/www.ignaciosanchezmejias.es\\\/#website\"},\"primaryImageOfPage\":{\"@id\":\"https:\\\/\\\/www.ignaciosanchezmejias.es\\\/index.php\\\/2017\\\/05\\\/24\\\/reunion-de-la-delegada-del-gobierno-con-los-presidentes\\\/#primaryimage\"},\"image\":{\"@id\":\"https:\\\/\\\/www.ignaciosanchezmejias.es\\\/index.php\\\/2017\\\/05\\\/24\\\/reunion-de-la-delegada-del-gobierno-con-los-presidentes\\\/#primaryimage\"},\"thumbnailUrl\":\"https:\\\/\\\/www.ignaciosanchezmejias.es\\\/wp-content\\\/uploads\\\/2020\\\/12\\\/2017-DElegada-Gobierno.jpg\",\"datePublished\":\"2017-05-24T11:34:42+00:00\",\"dateModified\":\"2021-03-17T12:56:19+00:00\",\"breadcrumb\":{\"@id\":\"https:\\\/\\\/www.ignaciosanchezmejias.es\\\/index.php\\\/2017\\\/05\\\/24\\\/reunion-de-la-delegada-del-gobierno-con-los-presidentes\\\/#breadcrumb\"},\"inLanguage\":\"es\",\"potentialAction\":[{\"@type\":\"ReadAction\",\"target\":[\"https:\\\/\\\/www.ignaciosanchezmejias.es\\\/index.php\\\/2017\\\/05\\\/24\\\/reunion-de-la-delegada-del-gobierno-con-los-presidentes\\\/\"]}]},{\"@type\":\"ImageObject\",\"inLanguage\":\"es\",\"@id\":\"https:\\\/\\\/www.ignaciosanchezmejias.es\\\/index.php\\\/2017\\\/05\\\/24\\\/reunion-de-la-delegada-del-gobierno-con-los-presidentes\\\/#primaryimage\",\"url\":\"https:\\\/\\\/www.ignaciosanchezmejias.es\\\/wp-content\\\/uploads\\\/2020\\\/12\\\/2017-DElegada-Gobierno.jpg\",\"contentUrl\":\"https:\\\/\\\/www.ignaciosanchezmejias.es\\\/wp-content\\\/uploads\\\/2020\\\/12\\\/2017-DElegada-Gobierno.jpg\",\"width\":1050,\"height\":700},{\"@type\":\"BreadcrumbList\",\"@id\":\"https:\\\/\\\/www.ignaciosanchezmejias.es\\\/index.php\\\/2017\\\/05\\\/24\\\/reunion-de-la-delegada-del-gobierno-con-los-presidentes\\\/#breadcrumb\",\"itemListElement\":[{\"@type\":\"ListItem\",\"position\":1,\"name\":\"Portada\",\"item\":\"https:\\\/\\\/www.ignaciosanchezmejias.es\\\/\"},{\"@type\":\"ListItem\",\"position\":2,\"name\":\"Reuni\u00f3n de la Delegada del Gobierno con los presidentes\"}]},{\"@type\":\"WebSite\",\"@id\":\"https:\\\/\\\/www.ignaciosanchezmejias.es\\\/#website\",\"url\":\"https:\\\/\\\/www.ignaciosanchezmejias.es\\\/\",\"name\":\"Blog de Ignacio S\u00e1nchez-Mej\u00edas\",\"description\":\"Sitio personal ISM\",\"publisher\":{\"@id\":\"https:\\\/\\\/www.ignaciosanchezmejias.es\\\/#\\\/schema\\\/person\\\/494d20bda3404108c02016d5e608fc65\"},\"potentialAction\":[{\"@type\":\"SearchAction\",\"target\":{\"@type\":\"EntryPoint\",\"urlTemplate\":\"https:\\\/\\\/www.ignaciosanchezmejias.es\\\/?s={search_term_string}\"},\"query-input\":{\"@type\":\"PropertyValueSpecification\",\"valueRequired\":true,\"valueName\":\"search_term_string\"}}],\"inLanguage\":\"es\"},{\"@type\":[\"Person\",\"Organization\"],\"@id\":\"https:\\\/\\\/www.ignaciosanchezmejias.es\\\/#\\\/schema\\\/person\\\/494d20bda3404108c02016d5e608fc65\",\"name\":\"isanchezmejias\",\"image\":{\"@type\":\"ImageObject\",\"inLanguage\":\"es\",\"@id\":\"https:\\\/\\\/www.ignaciosanchezmejias.es\\\/wp-content\\\/uploads\\\/2020\\\/06\\\/cropped-Yo-antes.jpg\",\"url\":\"https:\\\/\\\/www.ignaciosanchezmejias.es\\\/wp-content\\\/uploads\\\/2020\\\/06\\\/cropped-Yo-antes.jpg\",\"contentUrl\":\"https:\\\/\\\/www.ignaciosanchezmejias.es\\\/wp-content\\\/uploads\\\/2020\\\/06\\\/cropped-Yo-antes.jpg\",\"width\":681,\"height\":482,\"caption\":\"isanchezmejias\"},\"logo\":{\"@id\":\"https:\\\/\\\/www.ignaciosanchezmejias.es\\\/wp-content\\\/uploads\\\/2020\\\/06\\\/cropped-Yo-antes.jpg\"},\"sameAs\":[\"https:\\\/\\\/www.ignaciosanchezmejias.es\"],\"url\":\"https:\\\/\\\/www.ignaciosanchezmejias.es\\\/index.php\\\/author\\\/isanchezmejias\\\/\"}]}<\/script>\n<!-- \/ Yoast SEO plugin. -->","yoast_head_json":{"title":"Reuni\u00f3n de la Delegada del Gobierno con los presidentes - Sitio web de Ignacio S\u00e1nchez-Mej\u00edas Herrero","robots":{"index":"index","follow":"follow","max-snippet":"max-snippet:-1","max-image-preview":"max-image-preview:large","max-video-preview":"max-video-preview:-1"},"canonical":"https:\/\/www.ignaciosanchezmejias.es\/index.php\/2017\/05\/24\/reunion-de-la-delegada-del-gobierno-con-los-presidentes\/","og_locale":"es_ES","og_type":"article","og_title":"Reuni\u00f3n de la Delegada del Gobierno con los presidentes - Sitio web de Ignacio S\u00e1nchez-Mej\u00edas Herrero","og_description":"La Delegaci\u00f3n del Gobierno de la Junta de Andaluc\u00eda en Sevilla, ha remitido a los medios de comunicaci\u00f3n una nota de prensa, con motivo de la reuni\u00f3n que ha mantenido su titular, Do\u00f1a Mar\u00eda Esther Gil, con los presidentes de la plaza de toros de Sevilla, una vez terminada la Feria. Adem\u00e1s de la nota [&hellip;]","og_url":"https:\/\/www.ignaciosanchezmejias.es\/index.php\/2017\/05\/24\/reunion-de-la-delegada-del-gobierno-con-los-presidentes\/","og_site_name":"Sitio web de Ignacio S\u00e1nchez-Mej\u00edas Herrero","article_published_time":"2017-05-24T11:34:42+00:00","article_modified_time":"2021-03-17T12:56:19+00:00","og_image":[{"width":1050,"height":700,"url":"https:\/\/www.ignaciosanchezmejias.es\/wp-content\/uploads\/2020\/12\/2017-DElegada-Gobierno.jpg","type":"image\/jpeg"}],"author":"isanchezmejias","twitter_card":"summary_large_image","twitter_misc":{"Escrito por":"isanchezmejias","Tiempo de lectura":"5 minutos"},"schema":{"@context":"https:\/\/schema.org","@graph":[{"@type":"Article","@id":"https:\/\/www.ignaciosanchezmejias.es\/index.php\/2017\/05\/24\/reunion-de-la-delegada-del-gobierno-con-los-presidentes\/#article","isPartOf":{"@id":"https:\/\/www.ignaciosanchezmejias.es\/index.php\/2017\/05\/24\/reunion-de-la-delegada-del-gobierno-con-los-presidentes\/"},"author":{"name":"isanchezmejias","@id":"https:\/\/www.ignaciosanchezmejias.es\/#\/schema\/person\/494d20bda3404108c02016d5e608fc65"},"headline":"Reuni\u00f3n de la Delegada del Gobierno con los presidentes","datePublished":"2017-05-24T11:34:42+00:00","dateModified":"2021-03-17T12:56:19+00:00","mainEntityOfPage":{"@id":"https:\/\/www.ignaciosanchezmejias.es\/index.php\/2017\/05\/24\/reunion-de-la-delegada-del-gobierno-con-los-presidentes\/"},"wordCount":971,"commentCount":0,"publisher":{"@id":"https:\/\/www.ignaciosanchezmejias.es\/#\/schema\/person\/494d20bda3404108c02016d5e608fc65"},"image":{"@id":"https:\/\/www.ignaciosanchezmejias.es\/index.php\/2017\/05\/24\/reunion-de-la-delegada-del-gobierno-con-los-presidentes\/#primaryimage"},"thumbnailUrl":"https:\/\/www.ignaciosanchezmejias.es\/wp-content\/uploads\/2020\/12\/2017-DElegada-Gobierno.jpg","keywords":["Presidentes"],"articleSection":["General"],"inLanguage":"es","potentialAction":[{"@type":"CommentAction","name":"Comment","target":["https:\/\/www.ignaciosanchezmejias.es\/index.php\/2017\/05\/24\/reunion-de-la-delegada-del-gobierno-con-los-presidentes\/#respond"]}]},{"@type":"WebPage","@id":"https:\/\/www.ignaciosanchezmejias.es\/index.php\/2017\/05\/24\/reunion-de-la-delegada-del-gobierno-con-los-presidentes\/","url":"https:\/\/www.ignaciosanchezmejias.es\/index.php\/2017\/05\/24\/reunion-de-la-delegada-del-gobierno-con-los-presidentes\/","name":"Reuni\u00f3n de la Delegada del Gobierno con los presidentes - Sitio web de Ignacio S\u00e1nchez-Mej\u00edas Herrero","isPartOf":{"@id":"https:\/\/www.ignaciosanchezmejias.es\/#website"},"primaryImageOfPage":{"@id":"https:\/\/www.ignaciosanchezmejias.es\/index.php\/2017\/05\/24\/reunion-de-la-delegada-del-gobierno-con-los-presidentes\/#primaryimage"},"image":{"@id":"https:\/\/www.ignaciosanchezmejias.es\/index.php\/2017\/05\/24\/reunion-de-la-delegada-del-gobierno-con-los-presidentes\/#primaryimage"},"thumbnailUrl":"https:\/\/www.ignaciosanchezmejias.es\/wp-content\/uploads\/2020\/12\/2017-DElegada-Gobierno.jpg","datePublished":"2017-05-24T11:34:42+00:00","dateModified":"2021-03-17T12:56:19+00:00","breadcrumb":{"@id":"https:\/\/www.ignaciosanchezmejias.es\/index.php\/2017\/05\/24\/reunion-de-la-delegada-del-gobierno-con-los-presidentes\/#breadcrumb"},"inLanguage":"es","potentialAction":[{"@type":"ReadAction","target":["https:\/\/www.ignaciosanchezmejias.es\/index.php\/2017\/05\/24\/reunion-de-la-delegada-del-gobierno-con-los-presidentes\/"]}]},{"@type":"ImageObject","inLanguage":"es","@id":"https:\/\/www.ignaciosanchezmejias.es\/index.php\/2017\/05\/24\/reunion-de-la-delegada-del-gobierno-con-los-presidentes\/#primaryimage","url":"https:\/\/www.ignaciosanchezmejias.es\/wp-content\/uploads\/2020\/12\/2017-DElegada-Gobierno.jpg","contentUrl":"https:\/\/www.ignaciosanchezmejias.es\/wp-content\/uploads\/2020\/12\/2017-DElegada-Gobierno.jpg","width":1050,"height":700},{"@type":"BreadcrumbList","@id":"https:\/\/www.ignaciosanchezmejias.es\/index.php\/2017\/05\/24\/reunion-de-la-delegada-del-gobierno-con-los-presidentes\/#breadcrumb","itemListElement":[{"@type":"ListItem","position":1,"name":"Portada","item":"https:\/\/www.ignaciosanchezmejias.es\/"},{"@type":"ListItem","position":2,"name":"Reuni\u00f3n de la Delegada del Gobierno con los presidentes"}]},{"@type":"WebSite","@id":"https:\/\/www.ignaciosanchezmejias.es\/#website","url":"https:\/\/www.ignaciosanchezmejias.es\/","name":"Blog de Ignacio S\u00e1nchez-Mej\u00edas","description":"Sitio personal ISM","publisher":{"@id":"https:\/\/www.ignaciosanchezmejias.es\/#\/schema\/person\/494d20bda3404108c02016d5e608fc65"},"potentialAction":[{"@type":"SearchAction","target":{"@type":"EntryPoint","urlTemplate":"https:\/\/www.ignaciosanchezmejias.es\/?s={search_term_string}"},"query-input":{"@type":"PropertyValueSpecification","valueRequired":true,"valueName":"search_term_string"}}],"inLanguage":"es"},{"@type":["Person","Organization"],"@id":"https:\/\/www.ignaciosanchezmejias.es\/#\/schema\/person\/494d20bda3404108c02016d5e608fc65","name":"isanchezmejias","image":{"@type":"ImageObject","inLanguage":"es","@id":"https:\/\/www.ignaciosanchezmejias.es\/wp-content\/uploads\/2020\/06\/cropped-Yo-antes.jpg","url":"https:\/\/www.ignaciosanchezmejias.es\/wp-content\/uploads\/2020\/06\/cropped-Yo-antes.jpg","contentUrl":"https:\/\/www.ignaciosanchezmejias.es\/wp-content\/uploads\/2020\/06\/cropped-Yo-antes.jpg","width":681,"height":482,"caption":"isanchezmejias"},"logo":{"@id":"https:\/\/www.ignaciosanchezmejias.es\/wp-content\/uploads\/2020\/06\/cropped-Yo-antes.jpg"},"sameAs":["https:\/\/www.ignaciosanchezmejias.es"],"url":"https:\/\/www.ignaciosanchezmejias.es\/index.php\/author\/isanchezmejias\/"}]}},"_links":{"self":[{"href":"https:\/\/www.ignaciosanchezmejias.es\/index.php\/wp-json\/wp\/v2\/posts\/722","targetHints":{"allow":["GET"]}}],"collection":[{"href":"https:\/\/www.ignaciosanchezmejias.es\/index.php\/wp-json\/wp\/v2\/posts"}],"about":[{"href":"https:\/\/www.ignaciosanchezmejias.es\/index.php\/wp-json\/wp\/v2\/types\/post"}],"author":[{"embeddable":true,"href":"https:\/\/www.ignaciosanchezmejias.es\/index.php\/wp-json\/wp\/v2\/users\/1"}],"replies":[{"embeddable":true,"href":"https:\/\/www.ignaciosanchezmejias.es\/index.php\/wp-json\/wp\/v2\/comments?post=722"}],"version-history":[{"count":1,"href":"https:\/\/www.ignaciosanchezmejias.es\/index.php\/wp-json\/wp\/v2\/posts\/722\/revisions"}],"predecessor-version":[{"id":724,"href":"https:\/\/www.ignaciosanchezmejias.es\/index.php\/wp-json\/wp\/v2\/posts\/722\/revisions\/724"}],"wp:featuredmedia":[{"embeddable":true,"href":"https:\/\/www.ignaciosanchezmejias.es\/index.php\/wp-json\/wp\/v2\/media\/723"}],"wp:attachment":[{"href":"https:\/\/www.ignaciosanchezmejias.es\/index.php\/wp-json\/wp\/v2\/media?parent=722"}],"wp:term":[{"taxonomy":"category","embeddable":true,"href":"https:\/\/www.ignaciosanchezmejias.es\/index.php\/wp-json\/wp\/v2\/categories?post=722"},{"taxonomy":"post_tag","embeddable":true,"href":"https:\/\/www.ignaciosanchezmejias.es\/index.php\/wp-json\/wp\/v2\/tags?post=722"}],"curies":[{"name":"wp","href":"https:\/\/api.w.org\/{rel}","templated":true}]}}