{"id":7148,"date":"2023-02-21T12:20:36","date_gmt":"2023-02-21T12:20:36","guid":{"rendered":"https:\/\/www.ignaciosanchezmejias.es\/?p=7148"},"modified":"2023-02-21T12:20:36","modified_gmt":"2023-02-21T12:20:36","slug":"el-abono-de-sevilla-2023","status":"publish","type":"post","link":"https:\/\/www.ignaciosanchezmejias.es\/index.php\/2023\/02\/21\/el-abono-de-sevilla-2023\/","title":{"rendered":"El abono de Sevilla 2023"},"content":{"rendered":"\n<p><br>Como estoy leyendo diversas opiniones sobre los carteles de Sevilla de la temporada de 2023, yo tambi\u00e9n voy a dar la m\u00eda. Lo primero que hay que decir que es que no hay sorpresas. La empresa Pag\u00e9s le tiene cogido el gusto al p\u00fablico que va a la Plaza de Toros de Sevilla, faltar\u00eda m\u00e1s despu\u00e9s de tant\u00edsimos a\u00f1os, y le da lo que quiere. Carteles rematados y toros con las menores dificultades posibles que propicien los triunfos.<\/p>\n\n\n\n<p><br>La base del abono la forman Morante de la Puebla (6 festejos), El Juli y Roca Rey (4) y Daniel Luque, Manzanares, Talavante y Pablo Aguado (3). Estos siete matadores cubren el 54% de los puestos de las corridas de terna, esto es, m\u00e1s de la mitad del abono se cubre s\u00f3lo con ellos, dando idea de que no hay mucha apertura para toreros nuevos. F\u00edjense si los carteles est\u00e1n rematados que comparecen en el abono los 11 primeros matadores del escalaf\u00f3n de 2022 que m\u00e1s torearon en plazas de 1\u00aa categor\u00eda. No falta ninguno. Podremos echar a tal o cual torero de menos, en funci\u00f3n de nuestros gustos o sus m\u00e9ritos, pero en la n\u00f3mina de torero pocos reproches a la empresa.<\/p>\n\n\n\n<p><br>Como ustedes saben el cliente en el mundo de los toros no es el p\u00fablico que va a verlos sino las figuras, y en los \u00faltimos tiempos aquello que podr\u00edamos llamar las \u201cintegraciones\u201d. Empresarios de varias plazas de toros, apoderado de varios toreros y rejoneadores y con ganader\u00edas, igual dentro de poco nos enteramos que el Sr. Matilla tiene hasta una f\u00e1brica de piensos. Nos sentamos de empresario a integrador, a intercambiar cromos, con las ganader\u00edas que diga el integrador, de ah\u00ed que en Sevilla venga el encaste Domecq en m\u00e1s del 80% de las corridas. Y eso que este a\u00f1o a las cl\u00e1sicas excepciones de Miura y Victorino se unido La Quinta, d\u00e9monos con un canto en los dientes.<\/p>\n\n\n\n<p><br>En resumen, abono t\u00edpico de todos los a\u00f1os, quiz\u00e1s m\u00e1s flojito en la preferia, y m\u00e1s rematado en farolillos, donde se anticipan varios llenos. La empresa, como en a\u00f1os anteriores, no anuncia ning\u00fan gui\u00f1o al abonado, que no parece que vaya a subir y se conforma, que no es poco, con los varios llenos de \u201cno hay billetes\u201d que se anticipan.<\/p>\n\n\n\n<p><br>Menci\u00f3n aparte merece el cambio de operador televisivo. Saben ustedes que la aparici\u00f3n de \u201cOne Toro\u201d o \u201cMundotoro TV\u201d, o como quiera que acabe llam\u00e1ndose, se ha llevado por delante el canal de toros de Movistar, que ya ha anunciado su cierre. El resultado de este cambio lo vamos a ver en un par de a\u00f1os. Pero tengan ustedes en cuenta lo siguiente: Movistar llevaba dando toros muchos a\u00f1os, y ech\u00f3 una mano fundamental en plena pandemia, era un canal espa\u00f1ol y la empresa contaba con el arraigo de millones de clientes (no el canal de Toros, la empresa), con lo cual, cualquier decisi\u00f3n estrat\u00e9gica tenia esta mochila detr\u00e1s. \u201cOne Toros\u201d ser\u00e1 una plataforma en \u201cstreaming\u201d, como Nexflix, YouTube o Prime Video y otras muchas no se asusten ustedes, pero no es espa\u00f1ola y es puramente capitalista. No tiene ning\u00fan compromiso con el Toro (salvo lo firmado) ni con Espa\u00f1a. Si el negocio funciona y ganan dinero seguir\u00e1n dando toros, pero si la cosa no va, con todo su leg\u00edtimo derecho de hacer negocios, cerraran y adi\u00f3s mu y buenas. Esperemos que les vaya superior.<\/p>\n\n\n\n<p><br><a href=\"https:\/\/twitter.com\/isanchezmejias\" target=\"_blank\" rel=\"noreferrer noopener\">@isanchezmejias<\/a><\/p>\n","protected":false},"excerpt":{"rendered":"<p>Como estoy leyendo diversas opiniones sobre los carteles de Sevilla de la temporada de 2023, yo tambi\u00e9n voy a dar la m\u00eda. Lo primero que hay que decir que es que no hay sorpresas. La empresa Pag\u00e9s le tiene cogido el gusto al p\u00fablico que va a la Plaza de Toros de Sevilla, faltar\u00eda m\u00e1s [&hellip;]<\/p>\n","protected":false},"author":1,"featured_media":7149,"comment_status":"open","ping_status":"open","sticky":false,"template":"","format":"standard","meta":{"footnotes":""},"categories":[542],"tags":[25,329,198,312,54,29,47,62,293,16],"class_list":["post-7148","post","type-post","status-publish","format-standard","has-post-thumbnail","hentry","category-abono-sevilla-2023","tag-el-juli","tag-jose-m-manzanares","tag-la-quinta","tag-luque","tag-miura","tag-morante-de-la-puebla","tag-pablo-aguado","tag-roca-rey","tag-talavante","tag-victorino-martin"],"yoast_head":"<!-- This site is optimized with the Yoast SEO plugin v27.4 - https:\/\/yoast.com\/product\/yoast-seo-wordpress\/ -->\n<title>El abono de Sevilla 2023 - Sitio web de Ignacio S\u00e1nchez-Mej\u00edas Herrero<\/title>\n<meta name=\"robots\" content=\"index, follow, max-snippet:-1, max-image-preview:large, max-video-preview:-1\" \/>\n<link rel=\"canonical\" href=\"https:\/\/www.ignaciosanchezmejias.es\/index.php\/2023\/02\/21\/el-abono-de-sevilla-2023\/\" \/>\n<meta property=\"og:locale\" content=\"es_ES\" \/>\n<meta property=\"og:type\" content=\"article\" \/>\n<meta property=\"og:title\" content=\"El abono de Sevilla 2023 - Sitio web de Ignacio S\u00e1nchez-Mej\u00edas Herrero\" \/>\n<meta property=\"og:description\" content=\"Como estoy leyendo diversas opiniones sobre los carteles de Sevilla de la temporada de 2023, yo tambi\u00e9n voy a dar la m\u00eda. Lo primero que hay que decir que es que no hay sorpresas. La empresa Pag\u00e9s le tiene cogido el gusto al p\u00fablico que va a la Plaza de Toros de Sevilla, faltar\u00eda m\u00e1s [&hellip;]\" \/>\n<meta property=\"og:url\" content=\"https:\/\/www.ignaciosanchezmejias.es\/index.php\/2023\/02\/21\/el-abono-de-sevilla-2023\/\" \/>\n<meta property=\"og:site_name\" content=\"Sitio web de Ignacio S\u00e1nchez-Mej\u00edas Herrero\" \/>\n<meta property=\"article:published_time\" content=\"2023-02-21T12:20:36+00:00\" \/>\n<meta property=\"og:image\" content=\"https:\/\/www.ignaciosanchezmejias.es\/wp-content\/uploads\/2023\/02\/Abono.jpeg\" \/>\n\t<meta property=\"og:image:width\" content=\"1024\" \/>\n\t<meta property=\"og:image:height\" content=\"1024\" \/>\n\t<meta property=\"og:image:type\" content=\"image\/jpeg\" \/>\n<meta name=\"author\" content=\"isanchezmejias\" \/>\n<meta name=\"twitter:card\" content=\"summary_large_image\" \/>\n<meta name=\"twitter:label1\" content=\"Escrito por\" \/>\n\t<meta name=\"twitter:data1\" content=\"isanchezmejias\" \/>\n\t<meta name=\"twitter:label2\" content=\"Tiempo de lectura\" \/>\n\t<meta name=\"twitter:data2\" content=\"3 minutos\" \/>\n<script type=\"application\/ld+json\" class=\"yoast-schema-graph\">{\"@context\":\"https:\\\/\\\/schema.org\",\"@graph\":[{\"@type\":\"Article\",\"@id\":\"https:\\\/\\\/www.ignaciosanchezmejias.es\\\/index.php\\\/2023\\\/02\\\/21\\\/el-abono-de-sevilla-2023\\\/#article\",\"isPartOf\":{\"@id\":\"https:\\\/\\\/www.ignaciosanchezmejias.es\\\/index.php\\\/2023\\\/02\\\/21\\\/el-abono-de-sevilla-2023\\\/\"},\"author\":{\"name\":\"isanchezmejias\",\"@id\":\"https:\\\/\\\/www.ignaciosanchezmejias.es\\\/#\\\/schema\\\/person\\\/494d20bda3404108c02016d5e608fc65\"},\"headline\":\"El abono de Sevilla 2023\",\"datePublished\":\"2023-02-21T12:20:36+00:00\",\"mainEntityOfPage\":{\"@id\":\"https:\\\/\\\/www.ignaciosanchezmejias.es\\\/index.php\\\/2023\\\/02\\\/21\\\/el-abono-de-sevilla-2023\\\/\"},\"wordCount\":614,\"commentCount\":11,\"publisher\":{\"@id\":\"https:\\\/\\\/www.ignaciosanchezmejias.es\\\/#\\\/schema\\\/person\\\/494d20bda3404108c02016d5e608fc65\"},\"image\":{\"@id\":\"https:\\\/\\\/www.ignaciosanchezmejias.es\\\/index.php\\\/2023\\\/02\\\/21\\\/el-abono-de-sevilla-2023\\\/#primaryimage\"},\"thumbnailUrl\":\"https:\\\/\\\/www.ignaciosanchezmejias.es\\\/wp-content\\\/uploads\\\/2023\\\/02\\\/Abono.jpeg\",\"keywords\":[\"El Juli\",\"Jos\u00e9 M\u00aa Manzanares\",\"La Quinta\",\"Luque\",\"Miura\",\"Morante de la Puebla\",\"Pablo Aguado\",\"Roca Rey\",\"Talavante\",\"Victorino Mart\u00edn\"],\"articleSection\":[\"Abono Sevilla 2023\"],\"inLanguage\":\"es\",\"potentialAction\":[{\"@type\":\"CommentAction\",\"name\":\"Comment\",\"target\":[\"https:\\\/\\\/www.ignaciosanchezmejias.es\\\/index.php\\\/2023\\\/02\\\/21\\\/el-abono-de-sevilla-2023\\\/#respond\"]}]},{\"@type\":\"WebPage\",\"@id\":\"https:\\\/\\\/www.ignaciosanchezmejias.es\\\/index.php\\\/2023\\\/02\\\/21\\\/el-abono-de-sevilla-2023\\\/\",\"url\":\"https:\\\/\\\/www.ignaciosanchezmejias.es\\\/index.php\\\/2023\\\/02\\\/21\\\/el-abono-de-sevilla-2023\\\/\",\"name\":\"El abono de Sevilla 2023 - Sitio web de Ignacio S\u00e1nchez-Mej\u00edas Herrero\",\"isPartOf\":{\"@id\":\"https:\\\/\\\/www.ignaciosanchezmejias.es\\\/#website\"},\"primaryImageOfPage\":{\"@id\":\"https:\\\/\\\/www.ignaciosanchezmejias.es\\\/index.php\\\/2023\\\/02\\\/21\\\/el-abono-de-sevilla-2023\\\/#primaryimage\"},\"image\":{\"@id\":\"https:\\\/\\\/www.ignaciosanchezmejias.es\\\/index.php\\\/2023\\\/02\\\/21\\\/el-abono-de-sevilla-2023\\\/#primaryimage\"},\"thumbnailUrl\":\"https:\\\/\\\/www.ignaciosanchezmejias.es\\\/wp-content\\\/uploads\\\/2023\\\/02\\\/Abono.jpeg\",\"datePublished\":\"2023-02-21T12:20:36+00:00\",\"breadcrumb\":{\"@id\":\"https:\\\/\\\/www.ignaciosanchezmejias.es\\\/index.php\\\/2023\\\/02\\\/21\\\/el-abono-de-sevilla-2023\\\/#breadcrumb\"},\"inLanguage\":\"es\",\"potentialAction\":[{\"@type\":\"ReadAction\",\"target\":[\"https:\\\/\\\/www.ignaciosanchezmejias.es\\\/index.php\\\/2023\\\/02\\\/21\\\/el-abono-de-sevilla-2023\\\/\"]}]},{\"@type\":\"ImageObject\",\"inLanguage\":\"es\",\"@id\":\"https:\\\/\\\/www.ignaciosanchezmejias.es\\\/index.php\\\/2023\\\/02\\\/21\\\/el-abono-de-sevilla-2023\\\/#primaryimage\",\"url\":\"https:\\\/\\\/www.ignaciosanchezmejias.es\\\/wp-content\\\/uploads\\\/2023\\\/02\\\/Abono.jpeg\",\"contentUrl\":\"https:\\\/\\\/www.ignaciosanchezmejias.es\\\/wp-content\\\/uploads\\\/2023\\\/02\\\/Abono.jpeg\",\"width\":1024,\"height\":1024},{\"@type\":\"BreadcrumbList\",\"@id\":\"https:\\\/\\\/www.ignaciosanchezmejias.es\\\/index.php\\\/2023\\\/02\\\/21\\\/el-abono-de-sevilla-2023\\\/#breadcrumb\",\"itemListElement\":[{\"@type\":\"ListItem\",\"position\":1,\"name\":\"Portada\",\"item\":\"https:\\\/\\\/www.ignaciosanchezmejias.es\\\/\"},{\"@type\":\"ListItem\",\"position\":2,\"name\":\"El abono de Sevilla 2023\"}]},{\"@type\":\"WebSite\",\"@id\":\"https:\\\/\\\/www.ignaciosanchezmejias.es\\\/#website\",\"url\":\"https:\\\/\\\/www.ignaciosanchezmejias.es\\\/\",\"name\":\"Blog de Ignacio S\u00e1nchez-Mej\u00edas\",\"description\":\"Sitio personal ISM\",\"publisher\":{\"@id\":\"https:\\\/\\\/www.ignaciosanchezmejias.es\\\/#\\\/schema\\\/person\\\/494d20bda3404108c02016d5e608fc65\"},\"potentialAction\":[{\"@type\":\"SearchAction\",\"target\":{\"@type\":\"EntryPoint\",\"urlTemplate\":\"https:\\\/\\\/www.ignaciosanchezmejias.es\\\/?s={search_term_string}\"},\"query-input\":{\"@type\":\"PropertyValueSpecification\",\"valueRequired\":true,\"valueName\":\"search_term_string\"}}],\"inLanguage\":\"es\"},{\"@type\":[\"Person\",\"Organization\"],\"@id\":\"https:\\\/\\\/www.ignaciosanchezmejias.es\\\/#\\\/schema\\\/person\\\/494d20bda3404108c02016d5e608fc65\",\"name\":\"isanchezmejias\",\"image\":{\"@type\":\"ImageObject\",\"inLanguage\":\"es\",\"@id\":\"https:\\\/\\\/www.ignaciosanchezmejias.es\\\/wp-content\\\/uploads\\\/2020\\\/06\\\/cropped-Yo-antes.jpg\",\"url\":\"https:\\\/\\\/www.ignaciosanchezmejias.es\\\/wp-content\\\/uploads\\\/2020\\\/06\\\/cropped-Yo-antes.jpg\",\"contentUrl\":\"https:\\\/\\\/www.ignaciosanchezmejias.es\\\/wp-content\\\/uploads\\\/2020\\\/06\\\/cropped-Yo-antes.jpg\",\"width\":681,\"height\":482,\"caption\":\"isanchezmejias\"},\"logo\":{\"@id\":\"https:\\\/\\\/www.ignaciosanchezmejias.es\\\/wp-content\\\/uploads\\\/2020\\\/06\\\/cropped-Yo-antes.jpg\"},\"sameAs\":[\"https:\\\/\\\/www.ignaciosanchezmejias.es\"],\"url\":\"https:\\\/\\\/www.ignaciosanchezmejias.es\\\/index.php\\\/author\\\/isanchezmejias\\\/\"}]}<\/script>\n<!-- \/ Yoast SEO plugin. -->","yoast_head_json":{"title":"El abono de Sevilla 2023 - Sitio web de Ignacio S\u00e1nchez-Mej\u00edas Herrero","robots":{"index":"index","follow":"follow","max-snippet":"max-snippet:-1","max-image-preview":"max-image-preview:large","max-video-preview":"max-video-preview:-1"},"canonical":"https:\/\/www.ignaciosanchezmejias.es\/index.php\/2023\/02\/21\/el-abono-de-sevilla-2023\/","og_locale":"es_ES","og_type":"article","og_title":"El abono de Sevilla 2023 - Sitio web de Ignacio S\u00e1nchez-Mej\u00edas Herrero","og_description":"Como estoy leyendo diversas opiniones sobre los carteles de Sevilla de la temporada de 2023, yo tambi\u00e9n voy a dar la m\u00eda. Lo primero que hay que decir que es que no hay sorpresas. La empresa Pag\u00e9s le tiene cogido el gusto al p\u00fablico que va a la Plaza de Toros de Sevilla, faltar\u00eda m\u00e1s [&hellip;]","og_url":"https:\/\/www.ignaciosanchezmejias.es\/index.php\/2023\/02\/21\/el-abono-de-sevilla-2023\/","og_site_name":"Sitio web de Ignacio S\u00e1nchez-Mej\u00edas Herrero","article_published_time":"2023-02-21T12:20:36+00:00","og_image":[{"width":1024,"height":1024,"url":"https:\/\/www.ignaciosanchezmejias.es\/wp-content\/uploads\/2023\/02\/Abono.jpeg","type":"image\/jpeg"}],"author":"isanchezmejias","twitter_card":"summary_large_image","twitter_misc":{"Escrito por":"isanchezmejias","Tiempo de lectura":"3 minutos"},"schema":{"@context":"https:\/\/schema.org","@graph":[{"@type":"Article","@id":"https:\/\/www.ignaciosanchezmejias.es\/index.php\/2023\/02\/21\/el-abono-de-sevilla-2023\/#article","isPartOf":{"@id":"https:\/\/www.ignaciosanchezmejias.es\/index.php\/2023\/02\/21\/el-abono-de-sevilla-2023\/"},"author":{"name":"isanchezmejias","@id":"https:\/\/www.ignaciosanchezmejias.es\/#\/schema\/person\/494d20bda3404108c02016d5e608fc65"},"headline":"El abono de Sevilla 2023","datePublished":"2023-02-21T12:20:36+00:00","mainEntityOfPage":{"@id":"https:\/\/www.ignaciosanchezmejias.es\/index.php\/2023\/02\/21\/el-abono-de-sevilla-2023\/"},"wordCount":614,"commentCount":11,"publisher":{"@id":"https:\/\/www.ignaciosanchezmejias.es\/#\/schema\/person\/494d20bda3404108c02016d5e608fc65"},"image":{"@id":"https:\/\/www.ignaciosanchezmejias.es\/index.php\/2023\/02\/21\/el-abono-de-sevilla-2023\/#primaryimage"},"thumbnailUrl":"https:\/\/www.ignaciosanchezmejias.es\/wp-content\/uploads\/2023\/02\/Abono.jpeg","keywords":["El Juli","Jos\u00e9 M\u00aa Manzanares","La Quinta","Luque","Miura","Morante de la Puebla","Pablo Aguado","Roca Rey","Talavante","Victorino Mart\u00edn"],"articleSection":["Abono Sevilla 2023"],"inLanguage":"es","potentialAction":[{"@type":"CommentAction","name":"Comment","target":["https:\/\/www.ignaciosanchezmejias.es\/index.php\/2023\/02\/21\/el-abono-de-sevilla-2023\/#respond"]}]},{"@type":"WebPage","@id":"https:\/\/www.ignaciosanchezmejias.es\/index.php\/2023\/02\/21\/el-abono-de-sevilla-2023\/","url":"https:\/\/www.ignaciosanchezmejias.es\/index.php\/2023\/02\/21\/el-abono-de-sevilla-2023\/","name":"El abono de Sevilla 2023 - Sitio web de Ignacio S\u00e1nchez-Mej\u00edas Herrero","isPartOf":{"@id":"https:\/\/www.ignaciosanchezmejias.es\/#website"},"primaryImageOfPage":{"@id":"https:\/\/www.ignaciosanchezmejias.es\/index.php\/2023\/02\/21\/el-abono-de-sevilla-2023\/#primaryimage"},"image":{"@id":"https:\/\/www.ignaciosanchezmejias.es\/index.php\/2023\/02\/21\/el-abono-de-sevilla-2023\/#primaryimage"},"thumbnailUrl":"https:\/\/www.ignaciosanchezmejias.es\/wp-content\/uploads\/2023\/02\/Abono.jpeg","datePublished":"2023-02-21T12:20:36+00:00","breadcrumb":{"@id":"https:\/\/www.ignaciosanchezmejias.es\/index.php\/2023\/02\/21\/el-abono-de-sevilla-2023\/#breadcrumb"},"inLanguage":"es","potentialAction":[{"@type":"ReadAction","target":["https:\/\/www.ignaciosanchezmejias.es\/index.php\/2023\/02\/21\/el-abono-de-sevilla-2023\/"]}]},{"@type":"ImageObject","inLanguage":"es","@id":"https:\/\/www.ignaciosanchezmejias.es\/index.php\/2023\/02\/21\/el-abono-de-sevilla-2023\/#primaryimage","url":"https:\/\/www.ignaciosanchezmejias.es\/wp-content\/uploads\/2023\/02\/Abono.jpeg","contentUrl":"https:\/\/www.ignaciosanchezmejias.es\/wp-content\/uploads\/2023\/02\/Abono.jpeg","width":1024,"height":1024},{"@type":"BreadcrumbList","@id":"https:\/\/www.ignaciosanchezmejias.es\/index.php\/2023\/02\/21\/el-abono-de-sevilla-2023\/#breadcrumb","itemListElement":[{"@type":"ListItem","position":1,"name":"Portada","item":"https:\/\/www.ignaciosanchezmejias.es\/"},{"@type":"ListItem","position":2,"name":"El abono de Sevilla 2023"}]},{"@type":"WebSite","@id":"https:\/\/www.ignaciosanchezmejias.es\/#website","url":"https:\/\/www.ignaciosanchezmejias.es\/","name":"Blog de Ignacio S\u00e1nchez-Mej\u00edas","description":"Sitio personal ISM","publisher":{"@id":"https:\/\/www.ignaciosanchezmejias.es\/#\/schema\/person\/494d20bda3404108c02016d5e608fc65"},"potentialAction":[{"@type":"SearchAction","target":{"@type":"EntryPoint","urlTemplate":"https:\/\/www.ignaciosanchezmejias.es\/?s={search_term_string}"},"query-input":{"@type":"PropertyValueSpecification","valueRequired":true,"valueName":"search_term_string"}}],"inLanguage":"es"},{"@type":["Person","Organization"],"@id":"https:\/\/www.ignaciosanchezmejias.es\/#\/schema\/person\/494d20bda3404108c02016d5e608fc65","name":"isanchezmejias","image":{"@type":"ImageObject","inLanguage":"es","@id":"https:\/\/www.ignaciosanchezmejias.es\/wp-content\/uploads\/2020\/06\/cropped-Yo-antes.jpg","url":"https:\/\/www.ignaciosanchezmejias.es\/wp-content\/uploads\/2020\/06\/cropped-Yo-antes.jpg","contentUrl":"https:\/\/www.ignaciosanchezmejias.es\/wp-content\/uploads\/2020\/06\/cropped-Yo-antes.jpg","width":681,"height":482,"caption":"isanchezmejias"},"logo":{"@id":"https:\/\/www.ignaciosanchezmejias.es\/wp-content\/uploads\/2020\/06\/cropped-Yo-antes.jpg"},"sameAs":["https:\/\/www.ignaciosanchezmejias.es"],"url":"https:\/\/www.ignaciosanchezmejias.es\/index.php\/author\/isanchezmejias\/"}]}},"_links":{"self":[{"href":"https:\/\/www.ignaciosanchezmejias.es\/index.php\/wp-json\/wp\/v2\/posts\/7148","targetHints":{"allow":["GET"]}}],"collection":[{"href":"https:\/\/www.ignaciosanchezmejias.es\/index.php\/wp-json\/wp\/v2\/posts"}],"about":[{"href":"https:\/\/www.ignaciosanchezmejias.es\/index.php\/wp-json\/wp\/v2\/types\/post"}],"author":[{"embeddable":true,"href":"https:\/\/www.ignaciosanchezmejias.es\/index.php\/wp-json\/wp\/v2\/users\/1"}],"replies":[{"embeddable":true,"href":"https:\/\/www.ignaciosanchezmejias.es\/index.php\/wp-json\/wp\/v2\/comments?post=7148"}],"version-history":[{"count":1,"href":"https:\/\/www.ignaciosanchezmejias.es\/index.php\/wp-json\/wp\/v2\/posts\/7148\/revisions"}],"predecessor-version":[{"id":7150,"href":"https:\/\/www.ignaciosanchezmejias.es\/index.php\/wp-json\/wp\/v2\/posts\/7148\/revisions\/7150"}],"wp:featuredmedia":[{"embeddable":true,"href":"https:\/\/www.ignaciosanchezmejias.es\/index.php\/wp-json\/wp\/v2\/media\/7149"}],"wp:attachment":[{"href":"https:\/\/www.ignaciosanchezmejias.es\/index.php\/wp-json\/wp\/v2\/media?parent=7148"}],"wp:term":[{"taxonomy":"category","embeddable":true,"href":"https:\/\/www.ignaciosanchezmejias.es\/index.php\/wp-json\/wp\/v2\/categories?post=7148"},{"taxonomy":"post_tag","embeddable":true,"href":"https:\/\/www.ignaciosanchezmejias.es\/index.php\/wp-json\/wp\/v2\/tags?post=7148"}],"curies":[{"name":"wp","href":"https:\/\/api.w.org\/{rel}","templated":true}]}}