{"id":7059,"date":"2022-10-31T17:40:17","date_gmt":"2022-10-31T17:40:17","guid":{"rendered":"https:\/\/www.ignaciosanchezmejias.es\/?p=7059"},"modified":"2022-11-01T11:43:51","modified_gmt":"2022-11-01T11:43:51","slug":"cordoba-y-manolete","status":"publish","type":"post","link":"https:\/\/www.ignaciosanchezmejias.es\/index.php\/2022\/10\/31\/cordoba-y-manolete\/","title":{"rendered":"C\u00f3rdoba y Manolete"},"content":{"rendered":"\n<p><\/p>\n\n\n\n<p>El pasado mi\u00e9rcoles nos fuimos con nuestra tertulia taurina de Economistas Er78 a realizar una ruta por C\u00f3rdoba homenaje a Manolete. El d\u00eda lo organiz\u00f3 el aficionado cordob\u00e9s Antonio Luis Aguilera, un experto en la vida y obra de Manolete, que tan bien nos lo cuenta en su blog <a rel=\"noreferrer noopener\" href=\"https:\/\/plazadelalagunilla.blogspot.com\/\" target=\"_blank\">plazadelalagunilla.blogspot.com<\/a> , que les dejo enlazado para m\u00e1s detalles.<\/p>\n\n\n<div class=\"wp-block-image\">\n<figure class=\"aligncenter size-full\"><img loading=\"lazy\" decoding=\"async\" width=\"742\" height=\"807\" src=\"https:\/\/www.ignaciosanchezmejias.es\/wp-content\/uploads\/2022\/10\/Coedoba-1.jpg\" alt=\"\" class=\"wp-image-7060\" srcset=\"https:\/\/www.ignaciosanchezmejias.es\/wp-content\/uploads\/2022\/10\/Coedoba-1.jpg 742w, https:\/\/www.ignaciosanchezmejias.es\/wp-content\/uploads\/2022\/10\/Coedoba-1-276x300.jpg 276w\" sizes=\"auto, (max-width: 742px) 100vw, 742px\" \/><figcaption>Casa de Manolete<\/figcaption><\/figure>\n<\/div>\n\n\n<p>El tiempo acompa\u00f1\u00f3 para hacer un magn\u00edfico recorrido por los lugares m\u00e1s emblem\u00e1ticos de la C\u00f3rdoba de \u201cManolete\u201d, guiados y explicados por Antonio: el Campo de la Merced, donde estaba \u201cEl Barrio\u201d, coraz\u00f3n de la C\u00f3rdoba taurina por la existencia del matadero extramuros; la Plaza de la Lagunilla donde vivi\u00f3 el torero muchos a\u00f1os, que aunque no conserva la casa, s\u00ed tiene un busto que cuidan los vecinos; La Plaza del Conde de Priego donde se erige un grupo escult\u00f3rico de dudoso gusto, que fue sufragado con una corrida en la antigua plaza de los Tejares, en 1951 con 11 toros, tambi\u00e9n visitamos los terrenos donde estuvo esta plaza; El Convento de San Jacinto y el azulejo de su fachada donde el matador rezaba a la Virgen de los Dolores de la que era muy devoto; la Plaza de Capuchinos con el Cristo de los Faroles; la calle Torres Cabrera, donde los vecinos han colocado un m\u00e1rmol donde estuvo la casa donde naci\u00f3; la Iglesia de San Miguel, donde fue bautizado; la \u201cCasa de Manolete\u201d que compr\u00f3 para la familia en la calle Cervantes, precioso palacete hoy convertido en restaurante de lujo y que se puede visitar.<\/p>\n\n\n<div class=\"wp-block-image\">\n<figure class=\"aligncenter size-full\"><img loading=\"lazy\" decoding=\"async\" width=\"768\" height=\"1024\" src=\"https:\/\/www.ignaciosanchezmejias.es\/wp-content\/uploads\/2022\/10\/Cordoba-2.jpg\" alt=\"\" class=\"wp-image-7062\" srcset=\"https:\/\/www.ignaciosanchezmejias.es\/wp-content\/uploads\/2022\/10\/Cordoba-2.jpg 768w, https:\/\/www.ignaciosanchezmejias.es\/wp-content\/uploads\/2022\/10\/Cordoba-2-225x300.jpg 225w\" sizes=\"auto, (max-width: 768px) 100vw, 768px\" \/><\/figure>\n<\/div>\n\n\n<p>Tambi\u00e9n visitamos en el barrio de San Cayetano, la casa hermandad de Jes\u00fas Ca\u00eddo, de la que fue Hermano Mayor, y donde pudimos admirar un precioso vestido azul y oro y una t\u00fanica regalo del torero. En el barrio de Santa Marina nos abrieron la casa hermandad del Resucitado, que guarda el \u00faltimo traje de luces con el que sali\u00f3 el maestro de una plaza de toros, fue la de Santander, previa a la de la tragedia de Linares.<\/p>\n\n\n\n<p>Todo ello con las inestimables explicaciones de nuestro cicerone, Antonio Luis Aguilera, que es una verdadera enciclopedia, no s\u00f3lo ya por el saber sino por la sencillez de las explicaciones y la pasi\u00f3n que demuestra por Manolete y por la C\u00f3rdoba taurina.<\/p>\n\n\n\n<p>Terminamos en el Cementerio de Salud, en el Pante\u00f3n de Manolete. Rezamos una oraci\u00f3n y Antonio nos puso los pelos de punta recitando los versos de Pepe Alameda:<\/p>\n\n\n\n<figure class=\"wp-block-embed aligncenter is-type-video is-provider-youtube wp-block-embed-youtube wp-embed-aspect-16-9 wp-has-aspect-ratio\"><div class=\"wp-block-embed__wrapper\">\n<iframe loading=\"lazy\" title=\"C\u00f3rdoba Manolete\" width=\"580\" height=\"326\" src=\"https:\/\/www.youtube.com\/embed\/etgHBn3ZekM?feature=oembed\" frameborder=\"0\" allow=\"accelerometer; autoplay; clipboard-write; encrypted-media; gyroscope; picture-in-picture; web-share\" referrerpolicy=\"strict-origin-when-cross-origin\" allowfullscreen><\/iframe>\n<\/div><\/figure>\n\n\n\n<div class=\"wp-block-group is-vertical is-layout-flex wp-container-core-group-is-layout-8cf370e7 wp-block-group-is-layout-flex\">\n<p><em>Est\u00e1s tan fijo ya, tan alejado \/ que la mano de El Creco no podr\u00eda \/ dar m\u00e1s profundidad, m\u00e1s lejan\u00eda \/ a tu sombra de m\u00e1rtir expoliado<\/em>.<\/p>\n\n\n\n<p><em>Te veo ante tu Dios, el toro al lado, \/ en un ruedo sin l\u00edmites, sin d\u00eda, \/ a ti que eras una epifan\u00eda \/ y hoy eres estoque abandonado.<\/em><\/p>\n\n\n\n<p><em>Bajo el hueso amarillo de la frente, \/ tus ojos, ya sin ojos, sin deseo \/ Radiogr\u00e1fico, m\u00edtico, ascendente,<\/em><\/p>\n\n\n\n<p><em>Fiel a ti mismo de perfil te veo, \/ como ya te ver\u00e1s eternamente, \/ esqueleto inmutable del toreo<\/em><\/p>\n<\/div>\n\n\n\n<p>Para finalizar el magn\u00edfico d\u00eda nos fuimos a almorzar a la Taberna San Crist\u00f3bal, donde el salmorejo, el flamenqu\u00edn, el menudo y el rabo de toro, pusieron broche de oro a la jornada.<\/p>\n\n\n<div class=\"wp-block-image\">\n<figure class=\"aligncenter size-full\"><img loading=\"lazy\" decoding=\"async\" width=\"768\" height=\"1024\" src=\"https:\/\/www.ignaciosanchezmejias.es\/wp-content\/uploads\/2022\/10\/Cordoba-3.jpg\" alt=\"\" class=\"wp-image-7063\" srcset=\"https:\/\/www.ignaciosanchezmejias.es\/wp-content\/uploads\/2022\/10\/Cordoba-3.jpg 768w, https:\/\/www.ignaciosanchezmejias.es\/wp-content\/uploads\/2022\/10\/Cordoba-3-225x300.jpg 225w\" sizes=\"auto, (max-width: 768px) 100vw, 768px\" \/><\/figure>\n<\/div>\n\n\n<p>Los miembros de la tertulia quedaron encantados. Reitero las gracias a Antonio por su tiempo y las inestimables explicaciones que nos brind\u00f3.<\/p>\n\n\n\n<p><a href=\"https:\/\/twitter.com\/isanchezmejias\" target=\"_blank\" rel=\"noreferrer noopener\">@isanchezmejias<\/a><\/p>\n","protected":false},"excerpt":{"rendered":"<p>El pasado mi\u00e9rcoles nos fuimos con nuestra tertulia taurina de Economistas Er78 a realizar una ruta por C\u00f3rdoba homenaje a Manolete. El d\u00eda lo organiz\u00f3 el aficionado cordob\u00e9s Antonio Luis Aguilera, un experto en la vida y obra de Manolete, que tan bien nos lo cuenta en su blog plazadelalagunilla.blogspot.com , que les dejo enlazado [&hellip;]<\/p>\n","protected":false},"author":1,"featured_media":7061,"comment_status":"open","ping_status":"open","sticky":false,"template":"","format":"standard","meta":{"footnotes":""},"categories":[5],"tags":[537,255],"class_list":["post-7059","post","type-post","status-publish","format-standard","has-post-thumbnail","hentry","category-general","tag-cordoba","tag-manolete"],"yoast_head":"<!-- This site is optimized with the Yoast SEO plugin v27.5 - https:\/\/yoast.com\/product\/yoast-seo-wordpress\/ -->\n<title>C\u00f3rdoba y Manolete - Sitio web de Ignacio S\u00e1nchez-Mej\u00edas Herrero<\/title>\n<meta name=\"robots\" content=\"index, follow, max-snippet:-1, max-image-preview:large, max-video-preview:-1\" \/>\n<link rel=\"canonical\" href=\"https:\/\/www.ignaciosanchezmejias.es\/index.php\/2022\/10\/31\/cordoba-y-manolete\/\" \/>\n<meta property=\"og:locale\" content=\"es_ES\" \/>\n<meta property=\"og:type\" content=\"article\" \/>\n<meta property=\"og:title\" content=\"C\u00f3rdoba y Manolete - Sitio web de Ignacio S\u00e1nchez-Mej\u00edas Herrero\" \/>\n<meta property=\"og:description\" content=\"El pasado mi\u00e9rcoles nos fuimos con nuestra tertulia taurina de Economistas Er78 a realizar una ruta por C\u00f3rdoba homenaje a Manolete. El d\u00eda lo organiz\u00f3 el aficionado cordob\u00e9s Antonio Luis Aguilera, un experto en la vida y obra de Manolete, que tan bien nos lo cuenta en su blog plazadelalagunilla.blogspot.com , que les dejo enlazado [&hellip;]\" \/>\n<meta property=\"og:url\" content=\"https:\/\/www.ignaciosanchezmejias.es\/index.php\/2022\/10\/31\/cordoba-y-manolete\/\" \/>\n<meta property=\"og:site_name\" content=\"Sitio web de Ignacio S\u00e1nchez-Mej\u00edas Herrero\" \/>\n<meta property=\"article:published_time\" content=\"2022-10-31T17:40:17+00:00\" \/>\n<meta property=\"article:modified_time\" content=\"2022-11-01T11:43:51+00:00\" \/>\n<meta property=\"og:image\" content=\"https:\/\/www.ignaciosanchezmejias.es\/wp-content\/uploads\/2022\/10\/Cordoba-1.jpg\" \/>\n\t<meta property=\"og:image:width\" content=\"586\" \/>\n\t<meta property=\"og:image:height\" content=\"772\" \/>\n\t<meta property=\"og:image:type\" content=\"image\/jpeg\" \/>\n<meta name=\"author\" content=\"isanchezmejias\" \/>\n<meta name=\"twitter:card\" content=\"summary_large_image\" \/>\n<meta name=\"twitter:label1\" content=\"Escrito por\" \/>\n\t<meta name=\"twitter:data1\" content=\"isanchezmejias\" \/>\n\t<meta name=\"twitter:label2\" content=\"Tiempo de lectura\" \/>\n\t<meta name=\"twitter:data2\" content=\"3 minutos\" \/>\n<script type=\"application\/ld+json\" class=\"yoast-schema-graph\">{\"@context\":\"https:\\\/\\\/schema.org\",\"@graph\":[{\"@type\":\"Article\",\"@id\":\"https:\\\/\\\/www.ignaciosanchezmejias.es\\\/index.php\\\/2022\\\/10\\\/31\\\/cordoba-y-manolete\\\/#article\",\"isPartOf\":{\"@id\":\"https:\\\/\\\/www.ignaciosanchezmejias.es\\\/index.php\\\/2022\\\/10\\\/31\\\/cordoba-y-manolete\\\/\"},\"author\":{\"name\":\"isanchezmejias\",\"@id\":\"https:\\\/\\\/www.ignaciosanchezmejias.es\\\/#\\\/schema\\\/person\\\/494d20bda3404108c02016d5e608fc65\"},\"headline\":\"C\u00f3rdoba y Manolete\",\"datePublished\":\"2022-10-31T17:40:17+00:00\",\"dateModified\":\"2022-11-01T11:43:51+00:00\",\"mainEntityOfPage\":{\"@id\":\"https:\\\/\\\/www.ignaciosanchezmejias.es\\\/index.php\\\/2022\\\/10\\\/31\\\/cordoba-y-manolete\\\/\"},\"wordCount\":600,\"commentCount\":4,\"publisher\":{\"@id\":\"https:\\\/\\\/www.ignaciosanchezmejias.es\\\/#\\\/schema\\\/person\\\/494d20bda3404108c02016d5e608fc65\"},\"image\":{\"@id\":\"https:\\\/\\\/www.ignaciosanchezmejias.es\\\/index.php\\\/2022\\\/10\\\/31\\\/cordoba-y-manolete\\\/#primaryimage\"},\"thumbnailUrl\":\"https:\\\/\\\/www.ignaciosanchezmejias.es\\\/wp-content\\\/uploads\\\/2022\\\/10\\\/Cordoba-1.jpg\",\"keywords\":[\"C\u00f3rdoba\",\"Manolete\"],\"articleSection\":[\"General\"],\"inLanguage\":\"es\",\"potentialAction\":[{\"@type\":\"CommentAction\",\"name\":\"Comment\",\"target\":[\"https:\\\/\\\/www.ignaciosanchezmejias.es\\\/index.php\\\/2022\\\/10\\\/31\\\/cordoba-y-manolete\\\/#respond\"]}]},{\"@type\":\"WebPage\",\"@id\":\"https:\\\/\\\/www.ignaciosanchezmejias.es\\\/index.php\\\/2022\\\/10\\\/31\\\/cordoba-y-manolete\\\/\",\"url\":\"https:\\\/\\\/www.ignaciosanchezmejias.es\\\/index.php\\\/2022\\\/10\\\/31\\\/cordoba-y-manolete\\\/\",\"name\":\"C\u00f3rdoba y Manolete - Sitio web de Ignacio S\u00e1nchez-Mej\u00edas Herrero\",\"isPartOf\":{\"@id\":\"https:\\\/\\\/www.ignaciosanchezmejias.es\\\/#website\"},\"primaryImageOfPage\":{\"@id\":\"https:\\\/\\\/www.ignaciosanchezmejias.es\\\/index.php\\\/2022\\\/10\\\/31\\\/cordoba-y-manolete\\\/#primaryimage\"},\"image\":{\"@id\":\"https:\\\/\\\/www.ignaciosanchezmejias.es\\\/index.php\\\/2022\\\/10\\\/31\\\/cordoba-y-manolete\\\/#primaryimage\"},\"thumbnailUrl\":\"https:\\\/\\\/www.ignaciosanchezmejias.es\\\/wp-content\\\/uploads\\\/2022\\\/10\\\/Cordoba-1.jpg\",\"datePublished\":\"2022-10-31T17:40:17+00:00\",\"dateModified\":\"2022-11-01T11:43:51+00:00\",\"breadcrumb\":{\"@id\":\"https:\\\/\\\/www.ignaciosanchezmejias.es\\\/index.php\\\/2022\\\/10\\\/31\\\/cordoba-y-manolete\\\/#breadcrumb\"},\"inLanguage\":\"es\",\"potentialAction\":[{\"@type\":\"ReadAction\",\"target\":[\"https:\\\/\\\/www.ignaciosanchezmejias.es\\\/index.php\\\/2022\\\/10\\\/31\\\/cordoba-y-manolete\\\/\"]}]},{\"@type\":\"ImageObject\",\"inLanguage\":\"es\",\"@id\":\"https:\\\/\\\/www.ignaciosanchezmejias.es\\\/index.php\\\/2022\\\/10\\\/31\\\/cordoba-y-manolete\\\/#primaryimage\",\"url\":\"https:\\\/\\\/www.ignaciosanchezmejias.es\\\/wp-content\\\/uploads\\\/2022\\\/10\\\/Cordoba-1.jpg\",\"contentUrl\":\"https:\\\/\\\/www.ignaciosanchezmejias.es\\\/wp-content\\\/uploads\\\/2022\\\/10\\\/Cordoba-1.jpg\",\"width\":586,\"height\":772},{\"@type\":\"BreadcrumbList\",\"@id\":\"https:\\\/\\\/www.ignaciosanchezmejias.es\\\/index.php\\\/2022\\\/10\\\/31\\\/cordoba-y-manolete\\\/#breadcrumb\",\"itemListElement\":[{\"@type\":\"ListItem\",\"position\":1,\"name\":\"Portada\",\"item\":\"https:\\\/\\\/www.ignaciosanchezmejias.es\\\/\"},{\"@type\":\"ListItem\",\"position\":2,\"name\":\"C\u00f3rdoba y Manolete\"}]},{\"@type\":\"WebSite\",\"@id\":\"https:\\\/\\\/www.ignaciosanchezmejias.es\\\/#website\",\"url\":\"https:\\\/\\\/www.ignaciosanchezmejias.es\\\/\",\"name\":\"Blog de Ignacio S\u00e1nchez-Mej\u00edas\",\"description\":\"Sitio personal ISM\",\"publisher\":{\"@id\":\"https:\\\/\\\/www.ignaciosanchezmejias.es\\\/#\\\/schema\\\/person\\\/494d20bda3404108c02016d5e608fc65\"},\"potentialAction\":[{\"@type\":\"SearchAction\",\"target\":{\"@type\":\"EntryPoint\",\"urlTemplate\":\"https:\\\/\\\/www.ignaciosanchezmejias.es\\\/?s={search_term_string}\"},\"query-input\":{\"@type\":\"PropertyValueSpecification\",\"valueRequired\":true,\"valueName\":\"search_term_string\"}}],\"inLanguage\":\"es\"},{\"@type\":[\"Person\",\"Organization\"],\"@id\":\"https:\\\/\\\/www.ignaciosanchezmejias.es\\\/#\\\/schema\\\/person\\\/494d20bda3404108c02016d5e608fc65\",\"name\":\"isanchezmejias\",\"image\":{\"@type\":\"ImageObject\",\"inLanguage\":\"es\",\"@id\":\"https:\\\/\\\/www.ignaciosanchezmejias.es\\\/wp-content\\\/uploads\\\/2020\\\/06\\\/cropped-Yo-antes.jpg\",\"url\":\"https:\\\/\\\/www.ignaciosanchezmejias.es\\\/wp-content\\\/uploads\\\/2020\\\/06\\\/cropped-Yo-antes.jpg\",\"contentUrl\":\"https:\\\/\\\/www.ignaciosanchezmejias.es\\\/wp-content\\\/uploads\\\/2020\\\/06\\\/cropped-Yo-antes.jpg\",\"width\":681,\"height\":482,\"caption\":\"isanchezmejias\"},\"logo\":{\"@id\":\"https:\\\/\\\/www.ignaciosanchezmejias.es\\\/wp-content\\\/uploads\\\/2020\\\/06\\\/cropped-Yo-antes.jpg\"},\"sameAs\":[\"https:\\\/\\\/www.ignaciosanchezmejias.es\"],\"url\":\"https:\\\/\\\/www.ignaciosanchezmejias.es\\\/index.php\\\/author\\\/isanchezmejias\\\/\"}]}<\/script>\n<!-- \/ Yoast SEO plugin. -->","yoast_head_json":{"title":"C\u00f3rdoba y Manolete - Sitio web de Ignacio S\u00e1nchez-Mej\u00edas Herrero","robots":{"index":"index","follow":"follow","max-snippet":"max-snippet:-1","max-image-preview":"max-image-preview:large","max-video-preview":"max-video-preview:-1"},"canonical":"https:\/\/www.ignaciosanchezmejias.es\/index.php\/2022\/10\/31\/cordoba-y-manolete\/","og_locale":"es_ES","og_type":"article","og_title":"C\u00f3rdoba y Manolete - Sitio web de Ignacio S\u00e1nchez-Mej\u00edas Herrero","og_description":"El pasado mi\u00e9rcoles nos fuimos con nuestra tertulia taurina de Economistas Er78 a realizar una ruta por C\u00f3rdoba homenaje a Manolete. El d\u00eda lo organiz\u00f3 el aficionado cordob\u00e9s Antonio Luis Aguilera, un experto en la vida y obra de Manolete, que tan bien nos lo cuenta en su blog plazadelalagunilla.blogspot.com , que les dejo enlazado [&hellip;]","og_url":"https:\/\/www.ignaciosanchezmejias.es\/index.php\/2022\/10\/31\/cordoba-y-manolete\/","og_site_name":"Sitio web de Ignacio S\u00e1nchez-Mej\u00edas Herrero","article_published_time":"2022-10-31T17:40:17+00:00","article_modified_time":"2022-11-01T11:43:51+00:00","og_image":[{"width":586,"height":772,"url":"https:\/\/www.ignaciosanchezmejias.es\/wp-content\/uploads\/2022\/10\/Cordoba-1.jpg","type":"image\/jpeg"}],"author":"isanchezmejias","twitter_card":"summary_large_image","twitter_misc":{"Escrito por":"isanchezmejias","Tiempo de lectura":"3 minutos"},"schema":{"@context":"https:\/\/schema.org","@graph":[{"@type":"Article","@id":"https:\/\/www.ignaciosanchezmejias.es\/index.php\/2022\/10\/31\/cordoba-y-manolete\/#article","isPartOf":{"@id":"https:\/\/www.ignaciosanchezmejias.es\/index.php\/2022\/10\/31\/cordoba-y-manolete\/"},"author":{"name":"isanchezmejias","@id":"https:\/\/www.ignaciosanchezmejias.es\/#\/schema\/person\/494d20bda3404108c02016d5e608fc65"},"headline":"C\u00f3rdoba y Manolete","datePublished":"2022-10-31T17:40:17+00:00","dateModified":"2022-11-01T11:43:51+00:00","mainEntityOfPage":{"@id":"https:\/\/www.ignaciosanchezmejias.es\/index.php\/2022\/10\/31\/cordoba-y-manolete\/"},"wordCount":600,"commentCount":4,"publisher":{"@id":"https:\/\/www.ignaciosanchezmejias.es\/#\/schema\/person\/494d20bda3404108c02016d5e608fc65"},"image":{"@id":"https:\/\/www.ignaciosanchezmejias.es\/index.php\/2022\/10\/31\/cordoba-y-manolete\/#primaryimage"},"thumbnailUrl":"https:\/\/www.ignaciosanchezmejias.es\/wp-content\/uploads\/2022\/10\/Cordoba-1.jpg","keywords":["C\u00f3rdoba","Manolete"],"articleSection":["General"],"inLanguage":"es","potentialAction":[{"@type":"CommentAction","name":"Comment","target":["https:\/\/www.ignaciosanchezmejias.es\/index.php\/2022\/10\/31\/cordoba-y-manolete\/#respond"]}]},{"@type":"WebPage","@id":"https:\/\/www.ignaciosanchezmejias.es\/index.php\/2022\/10\/31\/cordoba-y-manolete\/","url":"https:\/\/www.ignaciosanchezmejias.es\/index.php\/2022\/10\/31\/cordoba-y-manolete\/","name":"C\u00f3rdoba y Manolete - Sitio web de Ignacio S\u00e1nchez-Mej\u00edas Herrero","isPartOf":{"@id":"https:\/\/www.ignaciosanchezmejias.es\/#website"},"primaryImageOfPage":{"@id":"https:\/\/www.ignaciosanchezmejias.es\/index.php\/2022\/10\/31\/cordoba-y-manolete\/#primaryimage"},"image":{"@id":"https:\/\/www.ignaciosanchezmejias.es\/index.php\/2022\/10\/31\/cordoba-y-manolete\/#primaryimage"},"thumbnailUrl":"https:\/\/www.ignaciosanchezmejias.es\/wp-content\/uploads\/2022\/10\/Cordoba-1.jpg","datePublished":"2022-10-31T17:40:17+00:00","dateModified":"2022-11-01T11:43:51+00:00","breadcrumb":{"@id":"https:\/\/www.ignaciosanchezmejias.es\/index.php\/2022\/10\/31\/cordoba-y-manolete\/#breadcrumb"},"inLanguage":"es","potentialAction":[{"@type":"ReadAction","target":["https:\/\/www.ignaciosanchezmejias.es\/index.php\/2022\/10\/31\/cordoba-y-manolete\/"]}]},{"@type":"ImageObject","inLanguage":"es","@id":"https:\/\/www.ignaciosanchezmejias.es\/index.php\/2022\/10\/31\/cordoba-y-manolete\/#primaryimage","url":"https:\/\/www.ignaciosanchezmejias.es\/wp-content\/uploads\/2022\/10\/Cordoba-1.jpg","contentUrl":"https:\/\/www.ignaciosanchezmejias.es\/wp-content\/uploads\/2022\/10\/Cordoba-1.jpg","width":586,"height":772},{"@type":"BreadcrumbList","@id":"https:\/\/www.ignaciosanchezmejias.es\/index.php\/2022\/10\/31\/cordoba-y-manolete\/#breadcrumb","itemListElement":[{"@type":"ListItem","position":1,"name":"Portada","item":"https:\/\/www.ignaciosanchezmejias.es\/"},{"@type":"ListItem","position":2,"name":"C\u00f3rdoba y Manolete"}]},{"@type":"WebSite","@id":"https:\/\/www.ignaciosanchezmejias.es\/#website","url":"https:\/\/www.ignaciosanchezmejias.es\/","name":"Blog de Ignacio S\u00e1nchez-Mej\u00edas","description":"Sitio personal ISM","publisher":{"@id":"https:\/\/www.ignaciosanchezmejias.es\/#\/schema\/person\/494d20bda3404108c02016d5e608fc65"},"potentialAction":[{"@type":"SearchAction","target":{"@type":"EntryPoint","urlTemplate":"https:\/\/www.ignaciosanchezmejias.es\/?s={search_term_string}"},"query-input":{"@type":"PropertyValueSpecification","valueRequired":true,"valueName":"search_term_string"}}],"inLanguage":"es"},{"@type":["Person","Organization"],"@id":"https:\/\/www.ignaciosanchezmejias.es\/#\/schema\/person\/494d20bda3404108c02016d5e608fc65","name":"isanchezmejias","image":{"@type":"ImageObject","inLanguage":"es","@id":"https:\/\/www.ignaciosanchezmejias.es\/wp-content\/uploads\/2020\/06\/cropped-Yo-antes.jpg","url":"https:\/\/www.ignaciosanchezmejias.es\/wp-content\/uploads\/2020\/06\/cropped-Yo-antes.jpg","contentUrl":"https:\/\/www.ignaciosanchezmejias.es\/wp-content\/uploads\/2020\/06\/cropped-Yo-antes.jpg","width":681,"height":482,"caption":"isanchezmejias"},"logo":{"@id":"https:\/\/www.ignaciosanchezmejias.es\/wp-content\/uploads\/2020\/06\/cropped-Yo-antes.jpg"},"sameAs":["https:\/\/www.ignaciosanchezmejias.es"],"url":"https:\/\/www.ignaciosanchezmejias.es\/index.php\/author\/isanchezmejias\/"}]}},"_links":{"self":[{"href":"https:\/\/www.ignaciosanchezmejias.es\/index.php\/wp-json\/wp\/v2\/posts\/7059","targetHints":{"allow":["GET"]}}],"collection":[{"href":"https:\/\/www.ignaciosanchezmejias.es\/index.php\/wp-json\/wp\/v2\/posts"}],"about":[{"href":"https:\/\/www.ignaciosanchezmejias.es\/index.php\/wp-json\/wp\/v2\/types\/post"}],"author":[{"embeddable":true,"href":"https:\/\/www.ignaciosanchezmejias.es\/index.php\/wp-json\/wp\/v2\/users\/1"}],"replies":[{"embeddable":true,"href":"https:\/\/www.ignaciosanchezmejias.es\/index.php\/wp-json\/wp\/v2\/comments?post=7059"}],"version-history":[{"count":6,"href":"https:\/\/www.ignaciosanchezmejias.es\/index.php\/wp-json\/wp\/v2\/posts\/7059\/revisions"}],"predecessor-version":[{"id":7071,"href":"https:\/\/www.ignaciosanchezmejias.es\/index.php\/wp-json\/wp\/v2\/posts\/7059\/revisions\/7071"}],"wp:featuredmedia":[{"embeddable":true,"href":"https:\/\/www.ignaciosanchezmejias.es\/index.php\/wp-json\/wp\/v2\/media\/7061"}],"wp:attachment":[{"href":"https:\/\/www.ignaciosanchezmejias.es\/index.php\/wp-json\/wp\/v2\/media?parent=7059"}],"wp:term":[{"taxonomy":"category","embeddable":true,"href":"https:\/\/www.ignaciosanchezmejias.es\/index.php\/wp-json\/wp\/v2\/categories?post=7059"},{"taxonomy":"post_tag","embeddable":true,"href":"https:\/\/www.ignaciosanchezmejias.es\/index.php\/wp-json\/wp\/v2\/tags?post=7059"}],"curies":[{"name":"wp","href":"https:\/\/api.w.org\/{rel}","templated":true}]}}