{"id":7043,"date":"2022-09-24T07:49:28","date_gmt":"2022-09-24T07:49:28","guid":{"rendered":"https:\/\/www.ignaciosanchezmejias.es\/?p=7043"},"modified":"2022-09-24T07:52:12","modified_gmt":"2022-09-24T07:52:12","slug":"impresionante-faena-de-morante","status":"publish","type":"post","link":"https:\/\/www.ignaciosanchezmejias.es\/index.php\/2022\/09\/24\/impresionante-faena-de-morante\/","title":{"rendered":"Impresionante faena de Morante"},"content":{"rendered":"\n<p><\/p>\n\n\n\n<p>El cuarto toro de la infumable corrida de Matilla, sali\u00f3 como descoordinado, dando camball\u00e1s. Se acerc\u00f3 al burladero del 7 y en los terrenos del 5 ya lo esperaba Morante sin m\u00e1s pre\u00e1mbulos. Se le vino cruzado, casi se lo lleva por delante, no obedeci\u00f3 al capote y lo persigui\u00f3 con malas intenciones hasta el burladero hac\u00eda donde hu\u00eda el torero por pies, y hasta tuvo que tirar el capote a un lado para que no lo alcanzara. Despu\u00e9s de unos momentos de zozobra, el matador tuvo que hacer de tripas coraz\u00f3n y salir a intentar pararlo otra vez. El toro segu\u00eda raro, y adem\u00e1s empez\u00f3 a cojear de la mano derecha. La plaza empez\u00f3 a pedir su devoluci\u00f3n, y cuando peg\u00f3 un gui\u00f1o de burriciego aquello ya era un clamor pidiendo el pa\u00f1uelo verde. Entonces Morante pidi\u00f3 calma, incluso corrigi\u00f3 a su subalterno \u201cEl Lili\u201d por darle el trapazo que se merec\u00eda el toro y le pidi\u00f3 suavidad. Pensamos, algo le habr\u00e1 visto el torero, pero el qu\u00e9. En el quite le dio unas chicuelinas con tanto desprecio como nunca hab\u00edamos visto.<\/p>\n\n\n\n<p>Cuando cogi\u00f3 la muleta, pens\u00e1bamos si aquello le iba a durar dos minutos o lo intentar\u00eda por la derecha. Pero se apoy\u00f3 en las tablas como si el toro fuera bueno, y partir de ah\u00ed surgi\u00f3 la magia y la emoci\u00f3n de la que solo es capaz este torero. El toro acab\u00f3 rompiendo en malo y hasta peligroso, pero Morante se la jug\u00f3 sin cuento, con un valor seco y en una faena larga, poderosa y artistita lo meti\u00f3 en la canasta y fuerza de quietud y de no dudarle. A la en\u00e9sima serie, ya con la m\u00fasica, que ese es otro enemigo con el que tiene que lidiar el torero, aquello era una locura. Cada serie mejor que la anterior, cada pase mejor que el anterior, cada \u201c\u00d3le\u201d m\u00e1s fuerte que el anterior. Varias veces puso al p\u00fablico en pie. Si lo mata a la primera le hubi\u00e9ramos pedido el rabo y medio toro si hiciera falta. Calculen como ser\u00eda la cosa que despu\u00e9s dos pinchazos el presidente le tuvo que dar la oreja. La vuelta al ruedo fue de \u00e9poca. Gracias Morante.<\/p>\n\n\n\n<p><a href=\"https:\/\/twitter.com\/isanchezmejias\" target=\"_blank\" rel=\"noreferrer noopener\">@isanchezmejias<\/a><\/p>\n","protected":false},"excerpt":{"rendered":"<p>El cuarto toro de la infumable corrida de Matilla, sali\u00f3 como descoordinado, dando camball\u00e1s. Se acerc\u00f3 al burladero del 7 y en los terrenos del 5 ya lo esperaba Morante sin m\u00e1s pre\u00e1mbulos. Se le vino cruzado, casi se lo lleva por delante, no obedeci\u00f3 al capote y lo persigui\u00f3 con malas intenciones hasta el [&hellip;]<\/p>\n","protected":false},"author":1,"featured_media":7044,"comment_status":"open","ping_status":"open","sticky":false,"template":"","format":"standard","meta":{"footnotes":""},"categories":[532],"tags":[161,96,29,536],"class_list":["post-7043","post","type-post","status-publish","format-standard","has-post-thumbnail","hentry","category-abono-sevilla-2022","tag-hnos-garcia-jimenez","tag-juan-ortega","tag-morante-de-la-puebla","tag-tomas-rufo"],"yoast_head":"<!-- This site is optimized with the Yoast SEO plugin v27.5 - https:\/\/yoast.com\/product\/yoast-seo-wordpress\/ -->\n<title>Impresionante faena de Morante - Sitio web de Ignacio S\u00e1nchez-Mej\u00edas Herrero<\/title>\n<meta name=\"robots\" content=\"index, follow, max-snippet:-1, max-image-preview:large, max-video-preview:-1\" \/>\n<link rel=\"canonical\" href=\"https:\/\/www.ignaciosanchezmejias.es\/index.php\/2022\/09\/24\/impresionante-faena-de-morante\/\" \/>\n<meta property=\"og:locale\" content=\"es_ES\" \/>\n<meta property=\"og:type\" content=\"article\" \/>\n<meta property=\"og:title\" content=\"Impresionante faena de Morante - Sitio web de Ignacio S\u00e1nchez-Mej\u00edas Herrero\" \/>\n<meta property=\"og:description\" content=\"El cuarto toro de la infumable corrida de Matilla, sali\u00f3 como descoordinado, dando camball\u00e1s. Se acerc\u00f3 al burladero del 7 y en los terrenos del 5 ya lo esperaba Morante sin m\u00e1s pre\u00e1mbulos. Se le vino cruzado, casi se lo lleva por delante, no obedeci\u00f3 al capote y lo persigui\u00f3 con malas intenciones hasta el [&hellip;]\" \/>\n<meta property=\"og:url\" content=\"https:\/\/www.ignaciosanchezmejias.es\/index.php\/2022\/09\/24\/impresionante-faena-de-morante\/\" \/>\n<meta property=\"og:site_name\" content=\"Sitio web de Ignacio S\u00e1nchez-Mej\u00edas Herrero\" \/>\n<meta property=\"article:published_time\" content=\"2022-09-24T07:49:28+00:00\" \/>\n<meta property=\"article:modified_time\" content=\"2022-09-24T07:52:12+00:00\" \/>\n<meta property=\"og:image\" content=\"https:\/\/www.ignaciosanchezmejias.es\/wp-content\/uploads\/2022\/09\/Morante-San-Miguel.jpg\" \/>\n\t<meta property=\"og:image:width\" content=\"1451\" \/>\n\t<meta property=\"og:image:height\" content=\"908\" \/>\n\t<meta property=\"og:image:type\" content=\"image\/jpeg\" \/>\n<meta name=\"author\" content=\"isanchezmejias\" \/>\n<meta name=\"twitter:card\" content=\"summary_large_image\" \/>\n<meta name=\"twitter:label1\" content=\"Escrito por\" \/>\n\t<meta name=\"twitter:data1\" content=\"isanchezmejias\" \/>\n\t<meta name=\"twitter:label2\" content=\"Tiempo de lectura\" \/>\n\t<meta name=\"twitter:data2\" content=\"2 minutos\" \/>\n<script type=\"application\/ld+json\" class=\"yoast-schema-graph\">{\"@context\":\"https:\\\/\\\/schema.org\",\"@graph\":[{\"@type\":\"Article\",\"@id\":\"https:\\\/\\\/www.ignaciosanchezmejias.es\\\/index.php\\\/2022\\\/09\\\/24\\\/impresionante-faena-de-morante\\\/#article\",\"isPartOf\":{\"@id\":\"https:\\\/\\\/www.ignaciosanchezmejias.es\\\/index.php\\\/2022\\\/09\\\/24\\\/impresionante-faena-de-morante\\\/\"},\"author\":{\"name\":\"isanchezmejias\",\"@id\":\"https:\\\/\\\/www.ignaciosanchezmejias.es\\\/#\\\/schema\\\/person\\\/494d20bda3404108c02016d5e608fc65\"},\"headline\":\"Impresionante faena de Morante\",\"datePublished\":\"2022-09-24T07:49:28+00:00\",\"dateModified\":\"2022-09-24T07:52:12+00:00\",\"mainEntityOfPage\":{\"@id\":\"https:\\\/\\\/www.ignaciosanchezmejias.es\\\/index.php\\\/2022\\\/09\\\/24\\\/impresionante-faena-de-morante\\\/\"},\"wordCount\":394,\"commentCount\":2,\"publisher\":{\"@id\":\"https:\\\/\\\/www.ignaciosanchezmejias.es\\\/#\\\/schema\\\/person\\\/494d20bda3404108c02016d5e608fc65\"},\"image\":{\"@id\":\"https:\\\/\\\/www.ignaciosanchezmejias.es\\\/index.php\\\/2022\\\/09\\\/24\\\/impresionante-faena-de-morante\\\/#primaryimage\"},\"thumbnailUrl\":\"https:\\\/\\\/www.ignaciosanchezmejias.es\\\/wp-content\\\/uploads\\\/2022\\\/09\\\/Morante-San-Miguel.jpg\",\"keywords\":[\"Hnos. Garc\u00eda Jim\u00e9nez\",\"Juan Ortega\",\"Morante de la Puebla\",\"Tom\u00e1s Rufo\"],\"articleSection\":[\"Abono Sevilla 2022\"],\"inLanguage\":\"es\",\"potentialAction\":[{\"@type\":\"CommentAction\",\"name\":\"Comment\",\"target\":[\"https:\\\/\\\/www.ignaciosanchezmejias.es\\\/index.php\\\/2022\\\/09\\\/24\\\/impresionante-faena-de-morante\\\/#respond\"]}]},{\"@type\":\"WebPage\",\"@id\":\"https:\\\/\\\/www.ignaciosanchezmejias.es\\\/index.php\\\/2022\\\/09\\\/24\\\/impresionante-faena-de-morante\\\/\",\"url\":\"https:\\\/\\\/www.ignaciosanchezmejias.es\\\/index.php\\\/2022\\\/09\\\/24\\\/impresionante-faena-de-morante\\\/\",\"name\":\"Impresionante faena de Morante - Sitio web de Ignacio S\u00e1nchez-Mej\u00edas Herrero\",\"isPartOf\":{\"@id\":\"https:\\\/\\\/www.ignaciosanchezmejias.es\\\/#website\"},\"primaryImageOfPage\":{\"@id\":\"https:\\\/\\\/www.ignaciosanchezmejias.es\\\/index.php\\\/2022\\\/09\\\/24\\\/impresionante-faena-de-morante\\\/#primaryimage\"},\"image\":{\"@id\":\"https:\\\/\\\/www.ignaciosanchezmejias.es\\\/index.php\\\/2022\\\/09\\\/24\\\/impresionante-faena-de-morante\\\/#primaryimage\"},\"thumbnailUrl\":\"https:\\\/\\\/www.ignaciosanchezmejias.es\\\/wp-content\\\/uploads\\\/2022\\\/09\\\/Morante-San-Miguel.jpg\",\"datePublished\":\"2022-09-24T07:49:28+00:00\",\"dateModified\":\"2022-09-24T07:52:12+00:00\",\"breadcrumb\":{\"@id\":\"https:\\\/\\\/www.ignaciosanchezmejias.es\\\/index.php\\\/2022\\\/09\\\/24\\\/impresionante-faena-de-morante\\\/#breadcrumb\"},\"inLanguage\":\"es\",\"potentialAction\":[{\"@type\":\"ReadAction\",\"target\":[\"https:\\\/\\\/www.ignaciosanchezmejias.es\\\/index.php\\\/2022\\\/09\\\/24\\\/impresionante-faena-de-morante\\\/\"]}]},{\"@type\":\"ImageObject\",\"inLanguage\":\"es\",\"@id\":\"https:\\\/\\\/www.ignaciosanchezmejias.es\\\/index.php\\\/2022\\\/09\\\/24\\\/impresionante-faena-de-morante\\\/#primaryimage\",\"url\":\"https:\\\/\\\/www.ignaciosanchezmejias.es\\\/wp-content\\\/uploads\\\/2022\\\/09\\\/Morante-San-Miguel.jpg\",\"contentUrl\":\"https:\\\/\\\/www.ignaciosanchezmejias.es\\\/wp-content\\\/uploads\\\/2022\\\/09\\\/Morante-San-Miguel.jpg\",\"width\":1451,\"height\":908,\"caption\":\"Foto. Empresa Pag\u00e9s - Toromedia\"},{\"@type\":\"BreadcrumbList\",\"@id\":\"https:\\\/\\\/www.ignaciosanchezmejias.es\\\/index.php\\\/2022\\\/09\\\/24\\\/impresionante-faena-de-morante\\\/#breadcrumb\",\"itemListElement\":[{\"@type\":\"ListItem\",\"position\":1,\"name\":\"Portada\",\"item\":\"https:\\\/\\\/www.ignaciosanchezmejias.es\\\/\"},{\"@type\":\"ListItem\",\"position\":2,\"name\":\"Impresionante faena de Morante\"}]},{\"@type\":\"WebSite\",\"@id\":\"https:\\\/\\\/www.ignaciosanchezmejias.es\\\/#website\",\"url\":\"https:\\\/\\\/www.ignaciosanchezmejias.es\\\/\",\"name\":\"Blog de Ignacio S\u00e1nchez-Mej\u00edas\",\"description\":\"Sitio personal ISM\",\"publisher\":{\"@id\":\"https:\\\/\\\/www.ignaciosanchezmejias.es\\\/#\\\/schema\\\/person\\\/494d20bda3404108c02016d5e608fc65\"},\"potentialAction\":[{\"@type\":\"SearchAction\",\"target\":{\"@type\":\"EntryPoint\",\"urlTemplate\":\"https:\\\/\\\/www.ignaciosanchezmejias.es\\\/?s={search_term_string}\"},\"query-input\":{\"@type\":\"PropertyValueSpecification\",\"valueRequired\":true,\"valueName\":\"search_term_string\"}}],\"inLanguage\":\"es\"},{\"@type\":[\"Person\",\"Organization\"],\"@id\":\"https:\\\/\\\/www.ignaciosanchezmejias.es\\\/#\\\/schema\\\/person\\\/494d20bda3404108c02016d5e608fc65\",\"name\":\"isanchezmejias\",\"image\":{\"@type\":\"ImageObject\",\"inLanguage\":\"es\",\"@id\":\"https:\\\/\\\/www.ignaciosanchezmejias.es\\\/wp-content\\\/uploads\\\/2020\\\/06\\\/cropped-Yo-antes.jpg\",\"url\":\"https:\\\/\\\/www.ignaciosanchezmejias.es\\\/wp-content\\\/uploads\\\/2020\\\/06\\\/cropped-Yo-antes.jpg\",\"contentUrl\":\"https:\\\/\\\/www.ignaciosanchezmejias.es\\\/wp-content\\\/uploads\\\/2020\\\/06\\\/cropped-Yo-antes.jpg\",\"width\":681,\"height\":482,\"caption\":\"isanchezmejias\"},\"logo\":{\"@id\":\"https:\\\/\\\/www.ignaciosanchezmejias.es\\\/wp-content\\\/uploads\\\/2020\\\/06\\\/cropped-Yo-antes.jpg\"},\"sameAs\":[\"https:\\\/\\\/www.ignaciosanchezmejias.es\"],\"url\":\"https:\\\/\\\/www.ignaciosanchezmejias.es\\\/index.php\\\/author\\\/isanchezmejias\\\/\"}]}<\/script>\n<!-- \/ Yoast SEO plugin. -->","yoast_head_json":{"title":"Impresionante faena de Morante - Sitio web de Ignacio S\u00e1nchez-Mej\u00edas Herrero","robots":{"index":"index","follow":"follow","max-snippet":"max-snippet:-1","max-image-preview":"max-image-preview:large","max-video-preview":"max-video-preview:-1"},"canonical":"https:\/\/www.ignaciosanchezmejias.es\/index.php\/2022\/09\/24\/impresionante-faena-de-morante\/","og_locale":"es_ES","og_type":"article","og_title":"Impresionante faena de Morante - Sitio web de Ignacio S\u00e1nchez-Mej\u00edas Herrero","og_description":"El cuarto toro de la infumable corrida de Matilla, sali\u00f3 como descoordinado, dando camball\u00e1s. Se acerc\u00f3 al burladero del 7 y en los terrenos del 5 ya lo esperaba Morante sin m\u00e1s pre\u00e1mbulos. Se le vino cruzado, casi se lo lleva por delante, no obedeci\u00f3 al capote y lo persigui\u00f3 con malas intenciones hasta el [&hellip;]","og_url":"https:\/\/www.ignaciosanchezmejias.es\/index.php\/2022\/09\/24\/impresionante-faena-de-morante\/","og_site_name":"Sitio web de Ignacio S\u00e1nchez-Mej\u00edas Herrero","article_published_time":"2022-09-24T07:49:28+00:00","article_modified_time":"2022-09-24T07:52:12+00:00","og_image":[{"width":1451,"height":908,"url":"https:\/\/www.ignaciosanchezmejias.es\/wp-content\/uploads\/2022\/09\/Morante-San-Miguel.jpg","type":"image\/jpeg"}],"author":"isanchezmejias","twitter_card":"summary_large_image","twitter_misc":{"Escrito por":"isanchezmejias","Tiempo de lectura":"2 minutos"},"schema":{"@context":"https:\/\/schema.org","@graph":[{"@type":"Article","@id":"https:\/\/www.ignaciosanchezmejias.es\/index.php\/2022\/09\/24\/impresionante-faena-de-morante\/#article","isPartOf":{"@id":"https:\/\/www.ignaciosanchezmejias.es\/index.php\/2022\/09\/24\/impresionante-faena-de-morante\/"},"author":{"name":"isanchezmejias","@id":"https:\/\/www.ignaciosanchezmejias.es\/#\/schema\/person\/494d20bda3404108c02016d5e608fc65"},"headline":"Impresionante faena de Morante","datePublished":"2022-09-24T07:49:28+00:00","dateModified":"2022-09-24T07:52:12+00:00","mainEntityOfPage":{"@id":"https:\/\/www.ignaciosanchezmejias.es\/index.php\/2022\/09\/24\/impresionante-faena-de-morante\/"},"wordCount":394,"commentCount":2,"publisher":{"@id":"https:\/\/www.ignaciosanchezmejias.es\/#\/schema\/person\/494d20bda3404108c02016d5e608fc65"},"image":{"@id":"https:\/\/www.ignaciosanchezmejias.es\/index.php\/2022\/09\/24\/impresionante-faena-de-morante\/#primaryimage"},"thumbnailUrl":"https:\/\/www.ignaciosanchezmejias.es\/wp-content\/uploads\/2022\/09\/Morante-San-Miguel.jpg","keywords":["Hnos. Garc\u00eda Jim\u00e9nez","Juan Ortega","Morante de la Puebla","Tom\u00e1s Rufo"],"articleSection":["Abono Sevilla 2022"],"inLanguage":"es","potentialAction":[{"@type":"CommentAction","name":"Comment","target":["https:\/\/www.ignaciosanchezmejias.es\/index.php\/2022\/09\/24\/impresionante-faena-de-morante\/#respond"]}]},{"@type":"WebPage","@id":"https:\/\/www.ignaciosanchezmejias.es\/index.php\/2022\/09\/24\/impresionante-faena-de-morante\/","url":"https:\/\/www.ignaciosanchezmejias.es\/index.php\/2022\/09\/24\/impresionante-faena-de-morante\/","name":"Impresionante faena de Morante - Sitio web de Ignacio S\u00e1nchez-Mej\u00edas Herrero","isPartOf":{"@id":"https:\/\/www.ignaciosanchezmejias.es\/#website"},"primaryImageOfPage":{"@id":"https:\/\/www.ignaciosanchezmejias.es\/index.php\/2022\/09\/24\/impresionante-faena-de-morante\/#primaryimage"},"image":{"@id":"https:\/\/www.ignaciosanchezmejias.es\/index.php\/2022\/09\/24\/impresionante-faena-de-morante\/#primaryimage"},"thumbnailUrl":"https:\/\/www.ignaciosanchezmejias.es\/wp-content\/uploads\/2022\/09\/Morante-San-Miguel.jpg","datePublished":"2022-09-24T07:49:28+00:00","dateModified":"2022-09-24T07:52:12+00:00","breadcrumb":{"@id":"https:\/\/www.ignaciosanchezmejias.es\/index.php\/2022\/09\/24\/impresionante-faena-de-morante\/#breadcrumb"},"inLanguage":"es","potentialAction":[{"@type":"ReadAction","target":["https:\/\/www.ignaciosanchezmejias.es\/index.php\/2022\/09\/24\/impresionante-faena-de-morante\/"]}]},{"@type":"ImageObject","inLanguage":"es","@id":"https:\/\/www.ignaciosanchezmejias.es\/index.php\/2022\/09\/24\/impresionante-faena-de-morante\/#primaryimage","url":"https:\/\/www.ignaciosanchezmejias.es\/wp-content\/uploads\/2022\/09\/Morante-San-Miguel.jpg","contentUrl":"https:\/\/www.ignaciosanchezmejias.es\/wp-content\/uploads\/2022\/09\/Morante-San-Miguel.jpg","width":1451,"height":908,"caption":"Foto. Empresa Pag\u00e9s - Toromedia"},{"@type":"BreadcrumbList","@id":"https:\/\/www.ignaciosanchezmejias.es\/index.php\/2022\/09\/24\/impresionante-faena-de-morante\/#breadcrumb","itemListElement":[{"@type":"ListItem","position":1,"name":"Portada","item":"https:\/\/www.ignaciosanchezmejias.es\/"},{"@type":"ListItem","position":2,"name":"Impresionante faena de Morante"}]},{"@type":"WebSite","@id":"https:\/\/www.ignaciosanchezmejias.es\/#website","url":"https:\/\/www.ignaciosanchezmejias.es\/","name":"Blog de Ignacio S\u00e1nchez-Mej\u00edas","description":"Sitio personal ISM","publisher":{"@id":"https:\/\/www.ignaciosanchezmejias.es\/#\/schema\/person\/494d20bda3404108c02016d5e608fc65"},"potentialAction":[{"@type":"SearchAction","target":{"@type":"EntryPoint","urlTemplate":"https:\/\/www.ignaciosanchezmejias.es\/?s={search_term_string}"},"query-input":{"@type":"PropertyValueSpecification","valueRequired":true,"valueName":"search_term_string"}}],"inLanguage":"es"},{"@type":["Person","Organization"],"@id":"https:\/\/www.ignaciosanchezmejias.es\/#\/schema\/person\/494d20bda3404108c02016d5e608fc65","name":"isanchezmejias","image":{"@type":"ImageObject","inLanguage":"es","@id":"https:\/\/www.ignaciosanchezmejias.es\/wp-content\/uploads\/2020\/06\/cropped-Yo-antes.jpg","url":"https:\/\/www.ignaciosanchezmejias.es\/wp-content\/uploads\/2020\/06\/cropped-Yo-antes.jpg","contentUrl":"https:\/\/www.ignaciosanchezmejias.es\/wp-content\/uploads\/2020\/06\/cropped-Yo-antes.jpg","width":681,"height":482,"caption":"isanchezmejias"},"logo":{"@id":"https:\/\/www.ignaciosanchezmejias.es\/wp-content\/uploads\/2020\/06\/cropped-Yo-antes.jpg"},"sameAs":["https:\/\/www.ignaciosanchezmejias.es"],"url":"https:\/\/www.ignaciosanchezmejias.es\/index.php\/author\/isanchezmejias\/"}]}},"_links":{"self":[{"href":"https:\/\/www.ignaciosanchezmejias.es\/index.php\/wp-json\/wp\/v2\/posts\/7043","targetHints":{"allow":["GET"]}}],"collection":[{"href":"https:\/\/www.ignaciosanchezmejias.es\/index.php\/wp-json\/wp\/v2\/posts"}],"about":[{"href":"https:\/\/www.ignaciosanchezmejias.es\/index.php\/wp-json\/wp\/v2\/types\/post"}],"author":[{"embeddable":true,"href":"https:\/\/www.ignaciosanchezmejias.es\/index.php\/wp-json\/wp\/v2\/users\/1"}],"replies":[{"embeddable":true,"href":"https:\/\/www.ignaciosanchezmejias.es\/index.php\/wp-json\/wp\/v2\/comments?post=7043"}],"version-history":[{"count":2,"href":"https:\/\/www.ignaciosanchezmejias.es\/index.php\/wp-json\/wp\/v2\/posts\/7043\/revisions"}],"predecessor-version":[{"id":7046,"href":"https:\/\/www.ignaciosanchezmejias.es\/index.php\/wp-json\/wp\/v2\/posts\/7043\/revisions\/7046"}],"wp:featuredmedia":[{"embeddable":true,"href":"https:\/\/www.ignaciosanchezmejias.es\/index.php\/wp-json\/wp\/v2\/media\/7044"}],"wp:attachment":[{"href":"https:\/\/www.ignaciosanchezmejias.es\/index.php\/wp-json\/wp\/v2\/media?parent=7043"}],"wp:term":[{"taxonomy":"category","embeddable":true,"href":"https:\/\/www.ignaciosanchezmejias.es\/index.php\/wp-json\/wp\/v2\/categories?post=7043"},{"taxonomy":"post_tag","embeddable":true,"href":"https:\/\/www.ignaciosanchezmejias.es\/index.php\/wp-json\/wp\/v2\/tags?post=7043"}],"curies":[{"name":"wp","href":"https:\/\/api.w.org\/{rel}","templated":true}]}}