{"id":678,"date":"2017-05-04T16:28:32","date_gmt":"2017-05-04T16:28:32","guid":{"rendered":"https:\/\/www.ignaciosanchezmejias.es\/?p=678"},"modified":"2020-12-28T18:43:31","modified_gmt":"2020-12-28T18:43:31","slug":"mejor-negros-que-coloraos","status":"publish","type":"post","link":"https:\/\/www.ignaciosanchezmejias.es\/index.php\/2017\/05\/04\/mejor-negros-que-coloraos\/","title":{"rendered":"Mejor negros que coloraos"},"content":{"rendered":"\n<p>Los veedores de los toreros, sus expertos en reatas, sus peones de confianza o quienes quiera que les aconsejen sobre el orden de sus toros, no se han ganado el sueldo esta tarde. Si los tres primeros toros de la corrida se hubieran lidiado los tres \u00faltimos, a estas horas estar\u00edamos hablando de la corrida de la Feria, con no menos de tres o cuatro orejas. Los tres primeros negros de N\u00fa\u00f1ez del Cuvillo han sido bravos y encastados como para salir de triunfador de la Feria. El colorao cuarto un manso de carreta del Roc\u00edo, el quinto otro colorao cinque\u00f1o que sali\u00f3 en manso y acab\u00f3 en bravuc\u00f3n, y el sexto, afortunadamente negro, otro toro encastado pero sin llegar a la calidad de los primeros.<\/p>\n\n\n\n<p>Morante, que estrenaba un precioso terno coral quisquilla y oro, quemaba su \u00faltima corrida, y ha estado queriendo toda la tarde. En su primero le hemos visto con la muleta pases profundos, pero a la faena le ha faltado quiz\u00e1s mando para dominar a su encastado enemigo. La estocada qued\u00f3 tendida y el toro muri\u00f3 en bravo, y esta tardanza enfri\u00f3 algo la petici\u00f3n de oreja, que el presidente no concedi\u00f3. Si en vez del \u201cabreplaza\u201d hubiera sido el cuarto era de oreja sin discusi\u00f3n. Cuando todos est\u00e1bamos esperanzados en su \u00faltimo cartucho sali\u00f3 un manso al que a duras penas enjaret\u00f3 unas ver\u00f3nicas y unas chicuelinas, y al que no pod\u00edan sujetar ni dos capoteros con la experiencia de \u201cLili\u201d y Carretero. Visto lo cual, Morante tom\u00f3 las banderillas y le zamp\u00f3 al manso y huidizo tres pares en los terrenos que pudo, el \u00faltimo al quiebro. No ve\u00edamos banderillear a Morante desde los seis toros de Ronda, y hay que reconocer que derrocha arte hasta poniendo banderillas. La faena fue imposible. L\u00e1stima no estar en La M\u00e9xico para pedir el sobrero.<\/p>\n\n\n\n<p>Aunque parezca un contrasentido, hemos visto a Talavante demasiado sereno. Su primero era un toro de triunfo grande por lo que transmit\u00eda, y se ha quedado en oreja despu\u00e9s de una faena sin pisar el acelerador. Con su segundo no se pele\u00f3 como se merec\u00eda y no pudo completar el \u00e9xito. David Mora, tore\u00f3 bien a su bravo primero, pero pinch\u00f3, y en su segundo ya pesaba la tarde demasiado y la faena no tom\u00f3 vuelos.<\/p>\n\n\n\n<p>En resumen, una tarde entretenida pero una pena de tarde, que pod\u00eda haber sido de triunfos grandes. Felicitar al ganadero, y constatar que de esto de toros no entienden ni las vacas. Si no que alguien explique por qu\u00e9 el fracaso ganadero de Domingo de Resurrecci\u00f3n en contraposici\u00f3n con los magn\u00edficos toros que hemos visto hoy.<\/p>\n","protected":false},"excerpt":{"rendered":"<p>Los veedores de los toreros, sus expertos en reatas, sus peones de confianza o quienes quiera que les aconsejen sobre el orden de sus toros, no se han ganado el sueldo esta tarde. Si los tres primeros toros de la corrida se hubieran lidiado los tres \u00faltimos, a estas horas estar\u00edamos hablando de la corrida [&hellip;]<\/p>\n","protected":false},"author":1,"featured_media":679,"comment_status":"open","ping_status":"open","sticky":false,"template":"","format":"standard","meta":{"footnotes":""},"categories":[179],"tags":[23,187,29,45],"class_list":["post-678","post","type-post","status-publish","format-standard","has-post-thumbnail","hentry","category-abono-sevilla-2017","tag-alejandro-talavante","tag-david-mora","tag-morante-de-la-puebla","tag-nunez-del-cuvillo"],"yoast_head":"<!-- This site is optimized with the Yoast SEO plugin v27.5 - https:\/\/yoast.com\/product\/yoast-seo-wordpress\/ -->\n<title>Mejor negros que coloraos - Sitio web de Ignacio S\u00e1nchez-Mej\u00edas Herrero<\/title>\n<meta name=\"robots\" content=\"index, follow, max-snippet:-1, max-image-preview:large, max-video-preview:-1\" \/>\n<link rel=\"canonical\" href=\"https:\/\/www.ignaciosanchezmejias.es\/index.php\/2017\/05\/04\/mejor-negros-que-coloraos\/\" \/>\n<meta property=\"og:locale\" content=\"es_ES\" \/>\n<meta property=\"og:type\" content=\"article\" \/>\n<meta property=\"og:title\" content=\"Mejor negros que coloraos - Sitio web de Ignacio S\u00e1nchez-Mej\u00edas Herrero\" \/>\n<meta property=\"og:description\" content=\"Los veedores de los toreros, sus expertos en reatas, sus peones de confianza o quienes quiera que les aconsejen sobre el orden de sus toros, no se han ganado el sueldo esta tarde. Si los tres primeros toros de la corrida se hubieran lidiado los tres \u00faltimos, a estas horas estar\u00edamos hablando de la corrida [&hellip;]\" \/>\n<meta property=\"og:url\" content=\"https:\/\/www.ignaciosanchezmejias.es\/index.php\/2017\/05\/04\/mejor-negros-que-coloraos\/\" \/>\n<meta property=\"og:site_name\" content=\"Sitio web de Ignacio S\u00e1nchez-Mej\u00edas Herrero\" \/>\n<meta property=\"article:published_time\" content=\"2017-05-04T16:28:32+00:00\" \/>\n<meta property=\"article:modified_time\" content=\"2020-12-28T18:43:31+00:00\" \/>\n<meta property=\"og:image\" content=\"https:\/\/www.ignaciosanchezmejias.es\/wp-content\/uploads\/2020\/12\/2017-Morante-banderillas.jpg\" \/>\n\t<meta property=\"og:image:width\" content=\"620\" \/>\n\t<meta property=\"og:image:height\" content=\"349\" \/>\n\t<meta property=\"og:image:type\" content=\"image\/jpeg\" \/>\n<meta name=\"author\" content=\"isanchezmejias\" \/>\n<meta name=\"twitter:card\" content=\"summary_large_image\" \/>\n<meta name=\"twitter:label1\" content=\"Escrito por\" \/>\n\t<meta name=\"twitter:data1\" content=\"isanchezmejias\" \/>\n\t<meta name=\"twitter:label2\" content=\"Tiempo de lectura\" \/>\n\t<meta name=\"twitter:data2\" content=\"2 minutos\" \/>\n<script type=\"application\/ld+json\" class=\"yoast-schema-graph\">{\"@context\":\"https:\\\/\\\/schema.org\",\"@graph\":[{\"@type\":\"Article\",\"@id\":\"https:\\\/\\\/www.ignaciosanchezmejias.es\\\/index.php\\\/2017\\\/05\\\/04\\\/mejor-negros-que-coloraos\\\/#article\",\"isPartOf\":{\"@id\":\"https:\\\/\\\/www.ignaciosanchezmejias.es\\\/index.php\\\/2017\\\/05\\\/04\\\/mejor-negros-que-coloraos\\\/\"},\"author\":{\"name\":\"isanchezmejias\",\"@id\":\"https:\\\/\\\/www.ignaciosanchezmejias.es\\\/#\\\/schema\\\/person\\\/494d20bda3404108c02016d5e608fc65\"},\"headline\":\"Mejor negros que coloraos\",\"datePublished\":\"2017-05-04T16:28:32+00:00\",\"dateModified\":\"2020-12-28T18:43:31+00:00\",\"mainEntityOfPage\":{\"@id\":\"https:\\\/\\\/www.ignaciosanchezmejias.es\\\/index.php\\\/2017\\\/05\\\/04\\\/mejor-negros-que-coloraos\\\/\"},\"wordCount\":466,\"commentCount\":0,\"publisher\":{\"@id\":\"https:\\\/\\\/www.ignaciosanchezmejias.es\\\/#\\\/schema\\\/person\\\/494d20bda3404108c02016d5e608fc65\"},\"image\":{\"@id\":\"https:\\\/\\\/www.ignaciosanchezmejias.es\\\/index.php\\\/2017\\\/05\\\/04\\\/mejor-negros-que-coloraos\\\/#primaryimage\"},\"thumbnailUrl\":\"https:\\\/\\\/www.ignaciosanchezmejias.es\\\/wp-content\\\/uploads\\\/2020\\\/12\\\/2017-Morante-banderillas.jpg\",\"keywords\":[\"Alejandro Talavante\",\"David Mora\",\"Morante de la Puebla\",\"Nu\u00f1ez del Cuvillo\"],\"articleSection\":[\"Abono Sevilla 2017\"],\"inLanguage\":\"es\",\"potentialAction\":[{\"@type\":\"CommentAction\",\"name\":\"Comment\",\"target\":[\"https:\\\/\\\/www.ignaciosanchezmejias.es\\\/index.php\\\/2017\\\/05\\\/04\\\/mejor-negros-que-coloraos\\\/#respond\"]}]},{\"@type\":\"WebPage\",\"@id\":\"https:\\\/\\\/www.ignaciosanchezmejias.es\\\/index.php\\\/2017\\\/05\\\/04\\\/mejor-negros-que-coloraos\\\/\",\"url\":\"https:\\\/\\\/www.ignaciosanchezmejias.es\\\/index.php\\\/2017\\\/05\\\/04\\\/mejor-negros-que-coloraos\\\/\",\"name\":\"Mejor negros que coloraos - Sitio web de Ignacio S\u00e1nchez-Mej\u00edas Herrero\",\"isPartOf\":{\"@id\":\"https:\\\/\\\/www.ignaciosanchezmejias.es\\\/#website\"},\"primaryImageOfPage\":{\"@id\":\"https:\\\/\\\/www.ignaciosanchezmejias.es\\\/index.php\\\/2017\\\/05\\\/04\\\/mejor-negros-que-coloraos\\\/#primaryimage\"},\"image\":{\"@id\":\"https:\\\/\\\/www.ignaciosanchezmejias.es\\\/index.php\\\/2017\\\/05\\\/04\\\/mejor-negros-que-coloraos\\\/#primaryimage\"},\"thumbnailUrl\":\"https:\\\/\\\/www.ignaciosanchezmejias.es\\\/wp-content\\\/uploads\\\/2020\\\/12\\\/2017-Morante-banderillas.jpg\",\"datePublished\":\"2017-05-04T16:28:32+00:00\",\"dateModified\":\"2020-12-28T18:43:31+00:00\",\"breadcrumb\":{\"@id\":\"https:\\\/\\\/www.ignaciosanchezmejias.es\\\/index.php\\\/2017\\\/05\\\/04\\\/mejor-negros-que-coloraos\\\/#breadcrumb\"},\"inLanguage\":\"es\",\"potentialAction\":[{\"@type\":\"ReadAction\",\"target\":[\"https:\\\/\\\/www.ignaciosanchezmejias.es\\\/index.php\\\/2017\\\/05\\\/04\\\/mejor-negros-que-coloraos\\\/\"]}]},{\"@type\":\"ImageObject\",\"inLanguage\":\"es\",\"@id\":\"https:\\\/\\\/www.ignaciosanchezmejias.es\\\/index.php\\\/2017\\\/05\\\/04\\\/mejor-negros-que-coloraos\\\/#primaryimage\",\"url\":\"https:\\\/\\\/www.ignaciosanchezmejias.es\\\/wp-content\\\/uploads\\\/2020\\\/12\\\/2017-Morante-banderillas.jpg\",\"contentUrl\":\"https:\\\/\\\/www.ignaciosanchezmejias.es\\\/wp-content\\\/uploads\\\/2020\\\/12\\\/2017-Morante-banderillas.jpg\",\"width\":620,\"height\":349,\"caption\":\"Fptp. Arjona para aplausos.es\"},{\"@type\":\"BreadcrumbList\",\"@id\":\"https:\\\/\\\/www.ignaciosanchezmejias.es\\\/index.php\\\/2017\\\/05\\\/04\\\/mejor-negros-que-coloraos\\\/#breadcrumb\",\"itemListElement\":[{\"@type\":\"ListItem\",\"position\":1,\"name\":\"Portada\",\"item\":\"https:\\\/\\\/www.ignaciosanchezmejias.es\\\/\"},{\"@type\":\"ListItem\",\"position\":2,\"name\":\"Mejor negros que coloraos\"}]},{\"@type\":\"WebSite\",\"@id\":\"https:\\\/\\\/www.ignaciosanchezmejias.es\\\/#website\",\"url\":\"https:\\\/\\\/www.ignaciosanchezmejias.es\\\/\",\"name\":\"Blog de Ignacio S\u00e1nchez-Mej\u00edas\",\"description\":\"Sitio personal ISM\",\"publisher\":{\"@id\":\"https:\\\/\\\/www.ignaciosanchezmejias.es\\\/#\\\/schema\\\/person\\\/494d20bda3404108c02016d5e608fc65\"},\"potentialAction\":[{\"@type\":\"SearchAction\",\"target\":{\"@type\":\"EntryPoint\",\"urlTemplate\":\"https:\\\/\\\/www.ignaciosanchezmejias.es\\\/?s={search_term_string}\"},\"query-input\":{\"@type\":\"PropertyValueSpecification\",\"valueRequired\":true,\"valueName\":\"search_term_string\"}}],\"inLanguage\":\"es\"},{\"@type\":[\"Person\",\"Organization\"],\"@id\":\"https:\\\/\\\/www.ignaciosanchezmejias.es\\\/#\\\/schema\\\/person\\\/494d20bda3404108c02016d5e608fc65\",\"name\":\"isanchezmejias\",\"image\":{\"@type\":\"ImageObject\",\"inLanguage\":\"es\",\"@id\":\"https:\\\/\\\/www.ignaciosanchezmejias.es\\\/wp-content\\\/uploads\\\/2020\\\/06\\\/cropped-Yo-antes.jpg\",\"url\":\"https:\\\/\\\/www.ignaciosanchezmejias.es\\\/wp-content\\\/uploads\\\/2020\\\/06\\\/cropped-Yo-antes.jpg\",\"contentUrl\":\"https:\\\/\\\/www.ignaciosanchezmejias.es\\\/wp-content\\\/uploads\\\/2020\\\/06\\\/cropped-Yo-antes.jpg\",\"width\":681,\"height\":482,\"caption\":\"isanchezmejias\"},\"logo\":{\"@id\":\"https:\\\/\\\/www.ignaciosanchezmejias.es\\\/wp-content\\\/uploads\\\/2020\\\/06\\\/cropped-Yo-antes.jpg\"},\"sameAs\":[\"https:\\\/\\\/www.ignaciosanchezmejias.es\"],\"url\":\"https:\\\/\\\/www.ignaciosanchezmejias.es\\\/index.php\\\/author\\\/isanchezmejias\\\/\"}]}<\/script>\n<!-- \/ Yoast SEO plugin. -->","yoast_head_json":{"title":"Mejor negros que coloraos - Sitio web de Ignacio S\u00e1nchez-Mej\u00edas Herrero","robots":{"index":"index","follow":"follow","max-snippet":"max-snippet:-1","max-image-preview":"max-image-preview:large","max-video-preview":"max-video-preview:-1"},"canonical":"https:\/\/www.ignaciosanchezmejias.es\/index.php\/2017\/05\/04\/mejor-negros-que-coloraos\/","og_locale":"es_ES","og_type":"article","og_title":"Mejor negros que coloraos - Sitio web de Ignacio S\u00e1nchez-Mej\u00edas Herrero","og_description":"Los veedores de los toreros, sus expertos en reatas, sus peones de confianza o quienes quiera que les aconsejen sobre el orden de sus toros, no se han ganado el sueldo esta tarde. Si los tres primeros toros de la corrida se hubieran lidiado los tres \u00faltimos, a estas horas estar\u00edamos hablando de la corrida [&hellip;]","og_url":"https:\/\/www.ignaciosanchezmejias.es\/index.php\/2017\/05\/04\/mejor-negros-que-coloraos\/","og_site_name":"Sitio web de Ignacio S\u00e1nchez-Mej\u00edas Herrero","article_published_time":"2017-05-04T16:28:32+00:00","article_modified_time":"2020-12-28T18:43:31+00:00","og_image":[{"width":620,"height":349,"url":"https:\/\/www.ignaciosanchezmejias.es\/wp-content\/uploads\/2020\/12\/2017-Morante-banderillas.jpg","type":"image\/jpeg"}],"author":"isanchezmejias","twitter_card":"summary_large_image","twitter_misc":{"Escrito por":"isanchezmejias","Tiempo de lectura":"2 minutos"},"schema":{"@context":"https:\/\/schema.org","@graph":[{"@type":"Article","@id":"https:\/\/www.ignaciosanchezmejias.es\/index.php\/2017\/05\/04\/mejor-negros-que-coloraos\/#article","isPartOf":{"@id":"https:\/\/www.ignaciosanchezmejias.es\/index.php\/2017\/05\/04\/mejor-negros-que-coloraos\/"},"author":{"name":"isanchezmejias","@id":"https:\/\/www.ignaciosanchezmejias.es\/#\/schema\/person\/494d20bda3404108c02016d5e608fc65"},"headline":"Mejor negros que coloraos","datePublished":"2017-05-04T16:28:32+00:00","dateModified":"2020-12-28T18:43:31+00:00","mainEntityOfPage":{"@id":"https:\/\/www.ignaciosanchezmejias.es\/index.php\/2017\/05\/04\/mejor-negros-que-coloraos\/"},"wordCount":466,"commentCount":0,"publisher":{"@id":"https:\/\/www.ignaciosanchezmejias.es\/#\/schema\/person\/494d20bda3404108c02016d5e608fc65"},"image":{"@id":"https:\/\/www.ignaciosanchezmejias.es\/index.php\/2017\/05\/04\/mejor-negros-que-coloraos\/#primaryimage"},"thumbnailUrl":"https:\/\/www.ignaciosanchezmejias.es\/wp-content\/uploads\/2020\/12\/2017-Morante-banderillas.jpg","keywords":["Alejandro Talavante","David Mora","Morante de la Puebla","Nu\u00f1ez del Cuvillo"],"articleSection":["Abono Sevilla 2017"],"inLanguage":"es","potentialAction":[{"@type":"CommentAction","name":"Comment","target":["https:\/\/www.ignaciosanchezmejias.es\/index.php\/2017\/05\/04\/mejor-negros-que-coloraos\/#respond"]}]},{"@type":"WebPage","@id":"https:\/\/www.ignaciosanchezmejias.es\/index.php\/2017\/05\/04\/mejor-negros-que-coloraos\/","url":"https:\/\/www.ignaciosanchezmejias.es\/index.php\/2017\/05\/04\/mejor-negros-que-coloraos\/","name":"Mejor negros que coloraos - Sitio web de Ignacio S\u00e1nchez-Mej\u00edas Herrero","isPartOf":{"@id":"https:\/\/www.ignaciosanchezmejias.es\/#website"},"primaryImageOfPage":{"@id":"https:\/\/www.ignaciosanchezmejias.es\/index.php\/2017\/05\/04\/mejor-negros-que-coloraos\/#primaryimage"},"image":{"@id":"https:\/\/www.ignaciosanchezmejias.es\/index.php\/2017\/05\/04\/mejor-negros-que-coloraos\/#primaryimage"},"thumbnailUrl":"https:\/\/www.ignaciosanchezmejias.es\/wp-content\/uploads\/2020\/12\/2017-Morante-banderillas.jpg","datePublished":"2017-05-04T16:28:32+00:00","dateModified":"2020-12-28T18:43:31+00:00","breadcrumb":{"@id":"https:\/\/www.ignaciosanchezmejias.es\/index.php\/2017\/05\/04\/mejor-negros-que-coloraos\/#breadcrumb"},"inLanguage":"es","potentialAction":[{"@type":"ReadAction","target":["https:\/\/www.ignaciosanchezmejias.es\/index.php\/2017\/05\/04\/mejor-negros-que-coloraos\/"]}]},{"@type":"ImageObject","inLanguage":"es","@id":"https:\/\/www.ignaciosanchezmejias.es\/index.php\/2017\/05\/04\/mejor-negros-que-coloraos\/#primaryimage","url":"https:\/\/www.ignaciosanchezmejias.es\/wp-content\/uploads\/2020\/12\/2017-Morante-banderillas.jpg","contentUrl":"https:\/\/www.ignaciosanchezmejias.es\/wp-content\/uploads\/2020\/12\/2017-Morante-banderillas.jpg","width":620,"height":349,"caption":"Fptp. Arjona para aplausos.es"},{"@type":"BreadcrumbList","@id":"https:\/\/www.ignaciosanchezmejias.es\/index.php\/2017\/05\/04\/mejor-negros-que-coloraos\/#breadcrumb","itemListElement":[{"@type":"ListItem","position":1,"name":"Portada","item":"https:\/\/www.ignaciosanchezmejias.es\/"},{"@type":"ListItem","position":2,"name":"Mejor negros que coloraos"}]},{"@type":"WebSite","@id":"https:\/\/www.ignaciosanchezmejias.es\/#website","url":"https:\/\/www.ignaciosanchezmejias.es\/","name":"Blog de Ignacio S\u00e1nchez-Mej\u00edas","description":"Sitio personal ISM","publisher":{"@id":"https:\/\/www.ignaciosanchezmejias.es\/#\/schema\/person\/494d20bda3404108c02016d5e608fc65"},"potentialAction":[{"@type":"SearchAction","target":{"@type":"EntryPoint","urlTemplate":"https:\/\/www.ignaciosanchezmejias.es\/?s={search_term_string}"},"query-input":{"@type":"PropertyValueSpecification","valueRequired":true,"valueName":"search_term_string"}}],"inLanguage":"es"},{"@type":["Person","Organization"],"@id":"https:\/\/www.ignaciosanchezmejias.es\/#\/schema\/person\/494d20bda3404108c02016d5e608fc65","name":"isanchezmejias","image":{"@type":"ImageObject","inLanguage":"es","@id":"https:\/\/www.ignaciosanchezmejias.es\/wp-content\/uploads\/2020\/06\/cropped-Yo-antes.jpg","url":"https:\/\/www.ignaciosanchezmejias.es\/wp-content\/uploads\/2020\/06\/cropped-Yo-antes.jpg","contentUrl":"https:\/\/www.ignaciosanchezmejias.es\/wp-content\/uploads\/2020\/06\/cropped-Yo-antes.jpg","width":681,"height":482,"caption":"isanchezmejias"},"logo":{"@id":"https:\/\/www.ignaciosanchezmejias.es\/wp-content\/uploads\/2020\/06\/cropped-Yo-antes.jpg"},"sameAs":["https:\/\/www.ignaciosanchezmejias.es"],"url":"https:\/\/www.ignaciosanchezmejias.es\/index.php\/author\/isanchezmejias\/"}]}},"_links":{"self":[{"href":"https:\/\/www.ignaciosanchezmejias.es\/index.php\/wp-json\/wp\/v2\/posts\/678","targetHints":{"allow":["GET"]}}],"collection":[{"href":"https:\/\/www.ignaciosanchezmejias.es\/index.php\/wp-json\/wp\/v2\/posts"}],"about":[{"href":"https:\/\/www.ignaciosanchezmejias.es\/index.php\/wp-json\/wp\/v2\/types\/post"}],"author":[{"embeddable":true,"href":"https:\/\/www.ignaciosanchezmejias.es\/index.php\/wp-json\/wp\/v2\/users\/1"}],"replies":[{"embeddable":true,"href":"https:\/\/www.ignaciosanchezmejias.es\/index.php\/wp-json\/wp\/v2\/comments?post=678"}],"version-history":[{"count":1,"href":"https:\/\/www.ignaciosanchezmejias.es\/index.php\/wp-json\/wp\/v2\/posts\/678\/revisions"}],"predecessor-version":[{"id":680,"href":"https:\/\/www.ignaciosanchezmejias.es\/index.php\/wp-json\/wp\/v2\/posts\/678\/revisions\/680"}],"wp:featuredmedia":[{"embeddable":true,"href":"https:\/\/www.ignaciosanchezmejias.es\/index.php\/wp-json\/wp\/v2\/media\/679"}],"wp:attachment":[{"href":"https:\/\/www.ignaciosanchezmejias.es\/index.php\/wp-json\/wp\/v2\/media?parent=678"}],"wp:term":[{"taxonomy":"category","embeddable":true,"href":"https:\/\/www.ignaciosanchezmejias.es\/index.php\/wp-json\/wp\/v2\/categories?post=678"},{"taxonomy":"post_tag","embeddable":true,"href":"https:\/\/www.ignaciosanchezmejias.es\/index.php\/wp-json\/wp\/v2\/tags?post=678"}],"curies":[{"name":"wp","href":"https:\/\/api.w.org\/{rel}","templated":true}]}}