{"id":675,"date":"2017-05-06T16:22:33","date_gmt":"2017-05-06T16:22:33","guid":{"rendered":"https:\/\/www.ignaciosanchezmejias.es\/?p=675"},"modified":"2020-12-28T18:43:22","modified_gmt":"2020-12-28T18:43:22","slug":"roca-rey-viene-a-quedarse","status":"publish","type":"post","link":"https:\/\/www.ignaciosanchezmejias.es\/index.php\/2017\/05\/06\/roca-rey-viene-a-quedarse\/","title":{"rendered":"Roca Rey viene a quedarse"},"content":{"rendered":"\n<p>Roca Rey ya sali\u00f3 a hombros por la Puerta Principal de la plaza de toros de Sevilla de novillero. Recuerdo verlo salir cojeando a duras penas de la enfermer\u00eda exclusivamente para salir a hombros, y con solo ese gesto ya demostr\u00f3 que quer\u00eda ser figura del toreo. Ayer le correspondi\u00f3 un toro de esos magn\u00edficos \u201cmansitos\u201d actuales, al que tuvo que hacer faena en la puerta de chiqueros, pero que rompi\u00f3 a embestir con clase y profundidad. Roca plante\u00f3 la faena con la misma profundidad que exig\u00eda el toro y le sali\u00f3 redonda, dos orejas y el p\u00fablico entregado esperando para sacarlo por la Puerta del Pr\u00edncipe. Lamentablemente, en el sexto toro empez\u00f3 a llover y muchos visitantes no preparados, empezaron a abandonar los tendidos desluciendo la faena, que no hab\u00eda tomado vuelos, pero que de matar le hubieran abierto la ansiada puerta. Desgraciadamente se tuvo que volver a ir por la Puerta Principal, pero con la convicci\u00f3n de todos de que tenemos figura para mover todo el escalaf\u00f3n.<\/p>\n\n\n\n<p>El toro bravo le toc\u00f3 a Castella. Le embisti\u00f3 por abajo como para hacer cinco carteles de toros, y el torero pudo disfrutar como nunca en Sevilla. La l\u00e1stima fue que la estocada cay\u00f3 algo trasera y necesit\u00f3 usar varias veces el descabello. El presidente, frustrado por no poder sacar los pa\u00f1uelos blancos, opt\u00f3 por el azul para dar una vuelta al ruedo al toro, que hab\u00edan pedido tres personas. Que no digo que no se mereciera, pero tambi\u00e9n hemos tenido otros toros de Torrestrella o de Victorino igualmente bravos, a los que no se les premi\u00f3 con semejante honor.<\/p>\n\n\n\n<p>Por cierto, ya que vimos una lenta vuelta de las mulillas, cabe preguntarse qu\u00e9 pasa con el tiro de mulas este a\u00f1o. De unos alegres arrastres al galope sonando los cascabeles, hemos pasado a unos tristes al paso y con algunos fallos de enganche, adem\u00e1s.<\/p>\n","protected":false},"excerpt":{"rendered":"<p>Roca Rey ya sali\u00f3 a hombros por la Puerta Principal de la plaza de toros de Sevilla de novillero. Recuerdo verlo salir cojeando a duras penas de la enfermer\u00eda exclusivamente para salir a hombros, y con solo ese gesto ya demostr\u00f3 que quer\u00eda ser figura del toreo. Ayer le correspondi\u00f3 un toro de esos magn\u00edficos [&hellip;]<\/p>\n","protected":false},"author":1,"featured_media":676,"comment_status":"open","ping_status":"open","sticky":false,"template":"","format":"standard","meta":{"footnotes":""},"categories":[179],"tags":[26,62,22,69],"class_list":["post-675","post","type-post","status-publish","format-standard","has-post-thumbnail","hentry","category-abono-sevilla-2017","tag-jose-maria-manzanares","tag-roca-rey","tag-sebastian-castella","tag-victoriano-del-rio"],"yoast_head":"<!-- This site is optimized with the Yoast SEO plugin v27.5 - https:\/\/yoast.com\/product\/yoast-seo-wordpress\/ -->\n<title>Roca Rey viene a quedarse - Sitio web de Ignacio S\u00e1nchez-Mej\u00edas Herrero<\/title>\n<meta name=\"robots\" content=\"index, follow, max-snippet:-1, max-image-preview:large, max-video-preview:-1\" \/>\n<link rel=\"canonical\" href=\"https:\/\/www.ignaciosanchezmejias.es\/index.php\/2017\/05\/06\/roca-rey-viene-a-quedarse\/\" \/>\n<meta property=\"og:locale\" content=\"es_ES\" \/>\n<meta property=\"og:type\" content=\"article\" \/>\n<meta property=\"og:title\" content=\"Roca Rey viene a quedarse - Sitio web de Ignacio S\u00e1nchez-Mej\u00edas Herrero\" \/>\n<meta property=\"og:description\" content=\"Roca Rey ya sali\u00f3 a hombros por la Puerta Principal de la plaza de toros de Sevilla de novillero. Recuerdo verlo salir cojeando a duras penas de la enfermer\u00eda exclusivamente para salir a hombros, y con solo ese gesto ya demostr\u00f3 que quer\u00eda ser figura del toreo. Ayer le correspondi\u00f3 un toro de esos magn\u00edficos [&hellip;]\" \/>\n<meta property=\"og:url\" content=\"https:\/\/www.ignaciosanchezmejias.es\/index.php\/2017\/05\/06\/roca-rey-viene-a-quedarse\/\" \/>\n<meta property=\"og:site_name\" content=\"Sitio web de Ignacio S\u00e1nchez-Mej\u00edas Herrero\" \/>\n<meta property=\"article:published_time\" content=\"2017-05-06T16:22:33+00:00\" \/>\n<meta property=\"article:modified_time\" content=\"2020-12-28T18:43:22+00:00\" \/>\n<meta property=\"og:image\" content=\"https:\/\/www.ignaciosanchezmejias.es\/wp-content\/uploads\/2020\/12\/2017-Roca-dos-oreja.jpg\" \/>\n\t<meta property=\"og:image:width\" content=\"1350\" \/>\n\t<meta property=\"og:image:height\" content=\"900\" \/>\n\t<meta property=\"og:image:type\" content=\"image\/jpeg\" \/>\n<meta name=\"author\" content=\"isanchezmejias\" \/>\n<meta name=\"twitter:card\" content=\"summary_large_image\" \/>\n<meta name=\"twitter:label1\" content=\"Escrito por\" \/>\n\t<meta name=\"twitter:data1\" content=\"isanchezmejias\" \/>\n\t<meta name=\"twitter:label2\" content=\"Tiempo de lectura\" \/>\n\t<meta name=\"twitter:data2\" content=\"2 minutos\" \/>\n<script type=\"application\/ld+json\" class=\"yoast-schema-graph\">{\"@context\":\"https:\\\/\\\/schema.org\",\"@graph\":[{\"@type\":\"Article\",\"@id\":\"https:\\\/\\\/www.ignaciosanchezmejias.es\\\/index.php\\\/2017\\\/05\\\/06\\\/roca-rey-viene-a-quedarse\\\/#article\",\"isPartOf\":{\"@id\":\"https:\\\/\\\/www.ignaciosanchezmejias.es\\\/index.php\\\/2017\\\/05\\\/06\\\/roca-rey-viene-a-quedarse\\\/\"},\"author\":{\"name\":\"isanchezmejias\",\"@id\":\"https:\\\/\\\/www.ignaciosanchezmejias.es\\\/#\\\/schema\\\/person\\\/494d20bda3404108c02016d5e608fc65\"},\"headline\":\"Roca Rey viene a quedarse\",\"datePublished\":\"2017-05-06T16:22:33+00:00\",\"dateModified\":\"2020-12-28T18:43:22+00:00\",\"mainEntityOfPage\":{\"@id\":\"https:\\\/\\\/www.ignaciosanchezmejias.es\\\/index.php\\\/2017\\\/05\\\/06\\\/roca-rey-viene-a-quedarse\\\/\"},\"wordCount\":334,\"commentCount\":0,\"publisher\":{\"@id\":\"https:\\\/\\\/www.ignaciosanchezmejias.es\\\/#\\\/schema\\\/person\\\/494d20bda3404108c02016d5e608fc65\"},\"image\":{\"@id\":\"https:\\\/\\\/www.ignaciosanchezmejias.es\\\/index.php\\\/2017\\\/05\\\/06\\\/roca-rey-viene-a-quedarse\\\/#primaryimage\"},\"thumbnailUrl\":\"https:\\\/\\\/www.ignaciosanchezmejias.es\\\/wp-content\\\/uploads\\\/2020\\\/12\\\/2017-Roca-dos-oreja.jpg\",\"keywords\":[\"Jos\u00e9 Mar\u00eda Manzanares\",\"Roca Rey\",\"Sebastian Castella\",\"Victoriano del R\u00edo\"],\"articleSection\":[\"Abono Sevilla 2017\"],\"inLanguage\":\"es\",\"potentialAction\":[{\"@type\":\"CommentAction\",\"name\":\"Comment\",\"target\":[\"https:\\\/\\\/www.ignaciosanchezmejias.es\\\/index.php\\\/2017\\\/05\\\/06\\\/roca-rey-viene-a-quedarse\\\/#respond\"]}]},{\"@type\":\"WebPage\",\"@id\":\"https:\\\/\\\/www.ignaciosanchezmejias.es\\\/index.php\\\/2017\\\/05\\\/06\\\/roca-rey-viene-a-quedarse\\\/\",\"url\":\"https:\\\/\\\/www.ignaciosanchezmejias.es\\\/index.php\\\/2017\\\/05\\\/06\\\/roca-rey-viene-a-quedarse\\\/\",\"name\":\"Roca Rey viene a quedarse - Sitio web de Ignacio S\u00e1nchez-Mej\u00edas Herrero\",\"isPartOf\":{\"@id\":\"https:\\\/\\\/www.ignaciosanchezmejias.es\\\/#website\"},\"primaryImageOfPage\":{\"@id\":\"https:\\\/\\\/www.ignaciosanchezmejias.es\\\/index.php\\\/2017\\\/05\\\/06\\\/roca-rey-viene-a-quedarse\\\/#primaryimage\"},\"image\":{\"@id\":\"https:\\\/\\\/www.ignaciosanchezmejias.es\\\/index.php\\\/2017\\\/05\\\/06\\\/roca-rey-viene-a-quedarse\\\/#primaryimage\"},\"thumbnailUrl\":\"https:\\\/\\\/www.ignaciosanchezmejias.es\\\/wp-content\\\/uploads\\\/2020\\\/12\\\/2017-Roca-dos-oreja.jpg\",\"datePublished\":\"2017-05-06T16:22:33+00:00\",\"dateModified\":\"2020-12-28T18:43:22+00:00\",\"breadcrumb\":{\"@id\":\"https:\\\/\\\/www.ignaciosanchezmejias.es\\\/index.php\\\/2017\\\/05\\\/06\\\/roca-rey-viene-a-quedarse\\\/#breadcrumb\"},\"inLanguage\":\"es\",\"potentialAction\":[{\"@type\":\"ReadAction\",\"target\":[\"https:\\\/\\\/www.ignaciosanchezmejias.es\\\/index.php\\\/2017\\\/05\\\/06\\\/roca-rey-viene-a-quedarse\\\/\"]}]},{\"@type\":\"ImageObject\",\"inLanguage\":\"es\",\"@id\":\"https:\\\/\\\/www.ignaciosanchezmejias.es\\\/index.php\\\/2017\\\/05\\\/06\\\/roca-rey-viene-a-quedarse\\\/#primaryimage\",\"url\":\"https:\\\/\\\/www.ignaciosanchezmejias.es\\\/wp-content\\\/uploads\\\/2020\\\/12\\\/2017-Roca-dos-oreja.jpg\",\"contentUrl\":\"https:\\\/\\\/www.ignaciosanchezmejias.es\\\/wp-content\\\/uploads\\\/2020\\\/12\\\/2017-Roca-dos-oreja.jpg\",\"width\":1350,\"height\":900,\"caption\":\"FOTO: J.M.SERRANO para ABC\"},{\"@type\":\"BreadcrumbList\",\"@id\":\"https:\\\/\\\/www.ignaciosanchezmejias.es\\\/index.php\\\/2017\\\/05\\\/06\\\/roca-rey-viene-a-quedarse\\\/#breadcrumb\",\"itemListElement\":[{\"@type\":\"ListItem\",\"position\":1,\"name\":\"Portada\",\"item\":\"https:\\\/\\\/www.ignaciosanchezmejias.es\\\/\"},{\"@type\":\"ListItem\",\"position\":2,\"name\":\"Roca Rey viene a quedarse\"}]},{\"@type\":\"WebSite\",\"@id\":\"https:\\\/\\\/www.ignaciosanchezmejias.es\\\/#website\",\"url\":\"https:\\\/\\\/www.ignaciosanchezmejias.es\\\/\",\"name\":\"Blog de Ignacio S\u00e1nchez-Mej\u00edas\",\"description\":\"Sitio personal ISM\",\"publisher\":{\"@id\":\"https:\\\/\\\/www.ignaciosanchezmejias.es\\\/#\\\/schema\\\/person\\\/494d20bda3404108c02016d5e608fc65\"},\"potentialAction\":[{\"@type\":\"SearchAction\",\"target\":{\"@type\":\"EntryPoint\",\"urlTemplate\":\"https:\\\/\\\/www.ignaciosanchezmejias.es\\\/?s={search_term_string}\"},\"query-input\":{\"@type\":\"PropertyValueSpecification\",\"valueRequired\":true,\"valueName\":\"search_term_string\"}}],\"inLanguage\":\"es\"},{\"@type\":[\"Person\",\"Organization\"],\"@id\":\"https:\\\/\\\/www.ignaciosanchezmejias.es\\\/#\\\/schema\\\/person\\\/494d20bda3404108c02016d5e608fc65\",\"name\":\"isanchezmejias\",\"image\":{\"@type\":\"ImageObject\",\"inLanguage\":\"es\",\"@id\":\"https:\\\/\\\/www.ignaciosanchezmejias.es\\\/wp-content\\\/uploads\\\/2020\\\/06\\\/cropped-Yo-antes.jpg\",\"url\":\"https:\\\/\\\/www.ignaciosanchezmejias.es\\\/wp-content\\\/uploads\\\/2020\\\/06\\\/cropped-Yo-antes.jpg\",\"contentUrl\":\"https:\\\/\\\/www.ignaciosanchezmejias.es\\\/wp-content\\\/uploads\\\/2020\\\/06\\\/cropped-Yo-antes.jpg\",\"width\":681,\"height\":482,\"caption\":\"isanchezmejias\"},\"logo\":{\"@id\":\"https:\\\/\\\/www.ignaciosanchezmejias.es\\\/wp-content\\\/uploads\\\/2020\\\/06\\\/cropped-Yo-antes.jpg\"},\"sameAs\":[\"https:\\\/\\\/www.ignaciosanchezmejias.es\"],\"url\":\"https:\\\/\\\/www.ignaciosanchezmejias.es\\\/index.php\\\/author\\\/isanchezmejias\\\/\"}]}<\/script>\n<!-- \/ Yoast SEO plugin. -->","yoast_head_json":{"title":"Roca Rey viene a quedarse - Sitio web de Ignacio S\u00e1nchez-Mej\u00edas Herrero","robots":{"index":"index","follow":"follow","max-snippet":"max-snippet:-1","max-image-preview":"max-image-preview:large","max-video-preview":"max-video-preview:-1"},"canonical":"https:\/\/www.ignaciosanchezmejias.es\/index.php\/2017\/05\/06\/roca-rey-viene-a-quedarse\/","og_locale":"es_ES","og_type":"article","og_title":"Roca Rey viene a quedarse - Sitio web de Ignacio S\u00e1nchez-Mej\u00edas Herrero","og_description":"Roca Rey ya sali\u00f3 a hombros por la Puerta Principal de la plaza de toros de Sevilla de novillero. Recuerdo verlo salir cojeando a duras penas de la enfermer\u00eda exclusivamente para salir a hombros, y con solo ese gesto ya demostr\u00f3 que quer\u00eda ser figura del toreo. Ayer le correspondi\u00f3 un toro de esos magn\u00edficos [&hellip;]","og_url":"https:\/\/www.ignaciosanchezmejias.es\/index.php\/2017\/05\/06\/roca-rey-viene-a-quedarse\/","og_site_name":"Sitio web de Ignacio S\u00e1nchez-Mej\u00edas Herrero","article_published_time":"2017-05-06T16:22:33+00:00","article_modified_time":"2020-12-28T18:43:22+00:00","og_image":[{"width":1350,"height":900,"url":"https:\/\/www.ignaciosanchezmejias.es\/wp-content\/uploads\/2020\/12\/2017-Roca-dos-oreja.jpg","type":"image\/jpeg"}],"author":"isanchezmejias","twitter_card":"summary_large_image","twitter_misc":{"Escrito por":"isanchezmejias","Tiempo de lectura":"2 minutos"},"schema":{"@context":"https:\/\/schema.org","@graph":[{"@type":"Article","@id":"https:\/\/www.ignaciosanchezmejias.es\/index.php\/2017\/05\/06\/roca-rey-viene-a-quedarse\/#article","isPartOf":{"@id":"https:\/\/www.ignaciosanchezmejias.es\/index.php\/2017\/05\/06\/roca-rey-viene-a-quedarse\/"},"author":{"name":"isanchezmejias","@id":"https:\/\/www.ignaciosanchezmejias.es\/#\/schema\/person\/494d20bda3404108c02016d5e608fc65"},"headline":"Roca Rey viene a quedarse","datePublished":"2017-05-06T16:22:33+00:00","dateModified":"2020-12-28T18:43:22+00:00","mainEntityOfPage":{"@id":"https:\/\/www.ignaciosanchezmejias.es\/index.php\/2017\/05\/06\/roca-rey-viene-a-quedarse\/"},"wordCount":334,"commentCount":0,"publisher":{"@id":"https:\/\/www.ignaciosanchezmejias.es\/#\/schema\/person\/494d20bda3404108c02016d5e608fc65"},"image":{"@id":"https:\/\/www.ignaciosanchezmejias.es\/index.php\/2017\/05\/06\/roca-rey-viene-a-quedarse\/#primaryimage"},"thumbnailUrl":"https:\/\/www.ignaciosanchezmejias.es\/wp-content\/uploads\/2020\/12\/2017-Roca-dos-oreja.jpg","keywords":["Jos\u00e9 Mar\u00eda Manzanares","Roca Rey","Sebastian Castella","Victoriano del R\u00edo"],"articleSection":["Abono Sevilla 2017"],"inLanguage":"es","potentialAction":[{"@type":"CommentAction","name":"Comment","target":["https:\/\/www.ignaciosanchezmejias.es\/index.php\/2017\/05\/06\/roca-rey-viene-a-quedarse\/#respond"]}]},{"@type":"WebPage","@id":"https:\/\/www.ignaciosanchezmejias.es\/index.php\/2017\/05\/06\/roca-rey-viene-a-quedarse\/","url":"https:\/\/www.ignaciosanchezmejias.es\/index.php\/2017\/05\/06\/roca-rey-viene-a-quedarse\/","name":"Roca Rey viene a quedarse - Sitio web de Ignacio S\u00e1nchez-Mej\u00edas Herrero","isPartOf":{"@id":"https:\/\/www.ignaciosanchezmejias.es\/#website"},"primaryImageOfPage":{"@id":"https:\/\/www.ignaciosanchezmejias.es\/index.php\/2017\/05\/06\/roca-rey-viene-a-quedarse\/#primaryimage"},"image":{"@id":"https:\/\/www.ignaciosanchezmejias.es\/index.php\/2017\/05\/06\/roca-rey-viene-a-quedarse\/#primaryimage"},"thumbnailUrl":"https:\/\/www.ignaciosanchezmejias.es\/wp-content\/uploads\/2020\/12\/2017-Roca-dos-oreja.jpg","datePublished":"2017-05-06T16:22:33+00:00","dateModified":"2020-12-28T18:43:22+00:00","breadcrumb":{"@id":"https:\/\/www.ignaciosanchezmejias.es\/index.php\/2017\/05\/06\/roca-rey-viene-a-quedarse\/#breadcrumb"},"inLanguage":"es","potentialAction":[{"@type":"ReadAction","target":["https:\/\/www.ignaciosanchezmejias.es\/index.php\/2017\/05\/06\/roca-rey-viene-a-quedarse\/"]}]},{"@type":"ImageObject","inLanguage":"es","@id":"https:\/\/www.ignaciosanchezmejias.es\/index.php\/2017\/05\/06\/roca-rey-viene-a-quedarse\/#primaryimage","url":"https:\/\/www.ignaciosanchezmejias.es\/wp-content\/uploads\/2020\/12\/2017-Roca-dos-oreja.jpg","contentUrl":"https:\/\/www.ignaciosanchezmejias.es\/wp-content\/uploads\/2020\/12\/2017-Roca-dos-oreja.jpg","width":1350,"height":900,"caption":"FOTO: J.M.SERRANO para ABC"},{"@type":"BreadcrumbList","@id":"https:\/\/www.ignaciosanchezmejias.es\/index.php\/2017\/05\/06\/roca-rey-viene-a-quedarse\/#breadcrumb","itemListElement":[{"@type":"ListItem","position":1,"name":"Portada","item":"https:\/\/www.ignaciosanchezmejias.es\/"},{"@type":"ListItem","position":2,"name":"Roca Rey viene a quedarse"}]},{"@type":"WebSite","@id":"https:\/\/www.ignaciosanchezmejias.es\/#website","url":"https:\/\/www.ignaciosanchezmejias.es\/","name":"Blog de Ignacio S\u00e1nchez-Mej\u00edas","description":"Sitio personal ISM","publisher":{"@id":"https:\/\/www.ignaciosanchezmejias.es\/#\/schema\/person\/494d20bda3404108c02016d5e608fc65"},"potentialAction":[{"@type":"SearchAction","target":{"@type":"EntryPoint","urlTemplate":"https:\/\/www.ignaciosanchezmejias.es\/?s={search_term_string}"},"query-input":{"@type":"PropertyValueSpecification","valueRequired":true,"valueName":"search_term_string"}}],"inLanguage":"es"},{"@type":["Person","Organization"],"@id":"https:\/\/www.ignaciosanchezmejias.es\/#\/schema\/person\/494d20bda3404108c02016d5e608fc65","name":"isanchezmejias","image":{"@type":"ImageObject","inLanguage":"es","@id":"https:\/\/www.ignaciosanchezmejias.es\/wp-content\/uploads\/2020\/06\/cropped-Yo-antes.jpg","url":"https:\/\/www.ignaciosanchezmejias.es\/wp-content\/uploads\/2020\/06\/cropped-Yo-antes.jpg","contentUrl":"https:\/\/www.ignaciosanchezmejias.es\/wp-content\/uploads\/2020\/06\/cropped-Yo-antes.jpg","width":681,"height":482,"caption":"isanchezmejias"},"logo":{"@id":"https:\/\/www.ignaciosanchezmejias.es\/wp-content\/uploads\/2020\/06\/cropped-Yo-antes.jpg"},"sameAs":["https:\/\/www.ignaciosanchezmejias.es"],"url":"https:\/\/www.ignaciosanchezmejias.es\/index.php\/author\/isanchezmejias\/"}]}},"_links":{"self":[{"href":"https:\/\/www.ignaciosanchezmejias.es\/index.php\/wp-json\/wp\/v2\/posts\/675","targetHints":{"allow":["GET"]}}],"collection":[{"href":"https:\/\/www.ignaciosanchezmejias.es\/index.php\/wp-json\/wp\/v2\/posts"}],"about":[{"href":"https:\/\/www.ignaciosanchezmejias.es\/index.php\/wp-json\/wp\/v2\/types\/post"}],"author":[{"embeddable":true,"href":"https:\/\/www.ignaciosanchezmejias.es\/index.php\/wp-json\/wp\/v2\/users\/1"}],"replies":[{"embeddable":true,"href":"https:\/\/www.ignaciosanchezmejias.es\/index.php\/wp-json\/wp\/v2\/comments?post=675"}],"version-history":[{"count":1,"href":"https:\/\/www.ignaciosanchezmejias.es\/index.php\/wp-json\/wp\/v2\/posts\/675\/revisions"}],"predecessor-version":[{"id":677,"href":"https:\/\/www.ignaciosanchezmejias.es\/index.php\/wp-json\/wp\/v2\/posts\/675\/revisions\/677"}],"wp:featuredmedia":[{"embeddable":true,"href":"https:\/\/www.ignaciosanchezmejias.es\/index.php\/wp-json\/wp\/v2\/media\/676"}],"wp:attachment":[{"href":"https:\/\/www.ignaciosanchezmejias.es\/index.php\/wp-json\/wp\/v2\/media?parent=675"}],"wp:term":[{"taxonomy":"category","embeddable":true,"href":"https:\/\/www.ignaciosanchezmejias.es\/index.php\/wp-json\/wp\/v2\/categories?post=675"},{"taxonomy":"post_tag","embeddable":true,"href":"https:\/\/www.ignaciosanchezmejias.es\/index.php\/wp-json\/wp\/v2\/tags?post=675"}],"curies":[{"name":"wp","href":"https:\/\/api.w.org\/{rel}","templated":true}]}}