{"id":659,"date":"2017-08-13T12:02:05","date_gmt":"2017-08-13T12:02:05","guid":{"rendered":"https:\/\/www.ignaciosanchezmejias.es\/?p=659"},"modified":"2020-12-28T18:42:10","modified_gmt":"2020-12-28T18:42:10","slug":"el-juli-golea-con-los-reservas-y-morante-dice-que-se-va","status":"publish","type":"post","link":"https:\/\/www.ignaciosanchezmejias.es\/index.php\/2017\/08\/13\/el-juli-golea-con-los-reservas-y-morante-dice-que-se-va\/","title":{"rendered":"El Juli golea con los reservas y Morante dice que se va"},"content":{"rendered":"\n<p>En la tarde noche del domingo 12+1 de agosto, hab\u00eda anunciado un mano a mano de Morante con El Juli en El Puerto de Santa Mar\u00eda. Este \u00faltimo ven\u00eda retar al artista en su segunda casa, pensando que Sevilla sigue siendo la primera. Cada uno tra\u00eda sus toros, nada de sorteos. Morante de Cuvillo y El Juli de Daniel Ruiz. Morante lidi\u00f3 los suyos, pero los favoritos de El Juli, no serv\u00edan, tuvo que traer los reservas de Santiago Domecq. Pues con los reservas gole\u00f3, cinco orejas y un rabo en una tarde redonda. Le plant\u00f3 cara al Levante y a Morante, y demostr\u00f3 por qu\u00e9 lleva en figura los a\u00f1os que lleva. Exprimi\u00f3 a sus toros hasta el \u00faltimo pase en faenas largu\u00edsimas (hasta 7 veces escuchamos los pasodobles) y mat\u00f3 con su t\u00edpico \u201cjulipi\u00e9\u201d trasero a sus tres toros. Hay que reconocer el pundonor y la inteligencia de este torero que estuvo cumbre toda la tarde, con independencia de que guste m\u00e1s o menos su toreo rectil\u00edneo y sin apreturas.<\/p>\n\n\n\n<p>La noticia vino despu\u00e9s, \u201cMorante se va\u201d, espero que no sea por el fracaso de la tarde en la que no quiso ver a ninguno de sus toros. Primero se lo le\u00edmos a \u00c1lvaro Acevedo en Cuadernos de Tauromaquia, y despu\u00e9s a los portales taurinos. Toro grande, que no se mueve y as\u00ed no puedo seguir. Estoy igual de anonadado que ustedes, no doy cr\u00e9dito, y espero que sea un pronto y que el artista recapacite y vuelva en s\u00ed.<\/p>\n","protected":false},"excerpt":{"rendered":"<p>En la tarde noche del domingo 12+1 de agosto, hab\u00eda anunciado un mano a mano de Morante con El Juli en El Puerto de Santa Mar\u00eda. Este \u00faltimo ven\u00eda retar al artista en su segunda casa, pensando que Sevilla sigue siendo la primera. Cada uno tra\u00eda sus toros, nada de sorteos. Morante de Cuvillo y [&hellip;]<\/p>\n","protected":false},"author":1,"featured_media":660,"comment_status":"open","ping_status":"open","sticky":false,"template":"","format":"standard","meta":{"footnotes":""},"categories":[5],"tags":[25,29,45,74],"class_list":["post-659","post","type-post","status-publish","format-standard","has-post-thumbnail","hentry","category-general","tag-el-juli","tag-morante-de-la-puebla","tag-nunez-del-cuvillo","tag-santiago-domeq"],"yoast_head":"<!-- This site is optimized with the Yoast SEO plugin v27.4 - https:\/\/yoast.com\/product\/yoast-seo-wordpress\/ -->\n<title>El Juli golea con los reservas y Morante dice que se va - Sitio web de Ignacio S\u00e1nchez-Mej\u00edas Herrero<\/title>\n<meta name=\"robots\" content=\"index, follow, max-snippet:-1, max-image-preview:large, max-video-preview:-1\" \/>\n<link rel=\"canonical\" href=\"https:\/\/www.ignaciosanchezmejias.es\/index.php\/2017\/08\/13\/el-juli-golea-con-los-reservas-y-morante-dice-que-se-va\/\" \/>\n<meta property=\"og:locale\" content=\"es_ES\" \/>\n<meta property=\"og:type\" content=\"article\" \/>\n<meta property=\"og:title\" content=\"El Juli golea con los reservas y Morante dice que se va - Sitio web de Ignacio S\u00e1nchez-Mej\u00edas Herrero\" \/>\n<meta property=\"og:description\" content=\"En la tarde noche del domingo 12+1 de agosto, hab\u00eda anunciado un mano a mano de Morante con El Juli en El Puerto de Santa Mar\u00eda. Este \u00faltimo ven\u00eda retar al artista en su segunda casa, pensando que Sevilla sigue siendo la primera. Cada uno tra\u00eda sus toros, nada de sorteos. Morante de Cuvillo y [&hellip;]\" \/>\n<meta property=\"og:url\" content=\"https:\/\/www.ignaciosanchezmejias.es\/index.php\/2017\/08\/13\/el-juli-golea-con-los-reservas-y-morante-dice-que-se-va\/\" \/>\n<meta property=\"og:site_name\" content=\"Sitio web de Ignacio S\u00e1nchez-Mej\u00edas Herrero\" \/>\n<meta property=\"article:published_time\" content=\"2017-08-13T12:02:05+00:00\" \/>\n<meta property=\"article:modified_time\" content=\"2020-12-28T18:42:10+00:00\" \/>\n<meta property=\"og:image\" content=\"https:\/\/www.ignaciosanchezmejias.es\/wp-content\/uploads\/2020\/12\/2017-PUERTO-JULI.jpg\" \/>\n\t<meta property=\"og:image:width\" content=\"380\" \/>\n\t<meta property=\"og:image:height\" content=\"229\" \/>\n\t<meta property=\"og:image:type\" content=\"image\/jpeg\" \/>\n<meta name=\"author\" content=\"isanchezmejias\" \/>\n<meta name=\"twitter:card\" content=\"summary_large_image\" \/>\n<meta name=\"twitter:label1\" content=\"Escrito por\" \/>\n\t<meta name=\"twitter:data1\" content=\"isanchezmejias\" \/>\n\t<meta name=\"twitter:label2\" content=\"Tiempo de lectura\" \/>\n\t<meta name=\"twitter:data2\" content=\"1 minuto\" \/>\n<script type=\"application\/ld+json\" class=\"yoast-schema-graph\">{\"@context\":\"https:\\\/\\\/schema.org\",\"@graph\":[{\"@type\":\"Article\",\"@id\":\"https:\\\/\\\/www.ignaciosanchezmejias.es\\\/index.php\\\/2017\\\/08\\\/13\\\/el-juli-golea-con-los-reservas-y-morante-dice-que-se-va\\\/#article\",\"isPartOf\":{\"@id\":\"https:\\\/\\\/www.ignaciosanchezmejias.es\\\/index.php\\\/2017\\\/08\\\/13\\\/el-juli-golea-con-los-reservas-y-morante-dice-que-se-va\\\/\"},\"author\":{\"name\":\"isanchezmejias\",\"@id\":\"https:\\\/\\\/www.ignaciosanchezmejias.es\\\/#\\\/schema\\\/person\\\/494d20bda3404108c02016d5e608fc65\"},\"headline\":\"El Juli golea con los reservas y Morante dice que se va\",\"datePublished\":\"2017-08-13T12:02:05+00:00\",\"dateModified\":\"2020-12-28T18:42:10+00:00\",\"mainEntityOfPage\":{\"@id\":\"https:\\\/\\\/www.ignaciosanchezmejias.es\\\/index.php\\\/2017\\\/08\\\/13\\\/el-juli-golea-con-los-reservas-y-morante-dice-que-se-va\\\/\"},\"wordCount\":276,\"commentCount\":0,\"publisher\":{\"@id\":\"https:\\\/\\\/www.ignaciosanchezmejias.es\\\/#\\\/schema\\\/person\\\/494d20bda3404108c02016d5e608fc65\"},\"image\":{\"@id\":\"https:\\\/\\\/www.ignaciosanchezmejias.es\\\/index.php\\\/2017\\\/08\\\/13\\\/el-juli-golea-con-los-reservas-y-morante-dice-que-se-va\\\/#primaryimage\"},\"thumbnailUrl\":\"https:\\\/\\\/www.ignaciosanchezmejias.es\\\/wp-content\\\/uploads\\\/2020\\\/12\\\/2017-PUERTO-JULI.jpg\",\"keywords\":[\"El Juli\",\"Morante de la Puebla\",\"Nu\u00f1ez del Cuvillo\",\"Santiago Domecq\"],\"articleSection\":[\"General\"],\"inLanguage\":\"es\",\"potentialAction\":[{\"@type\":\"CommentAction\",\"name\":\"Comment\",\"target\":[\"https:\\\/\\\/www.ignaciosanchezmejias.es\\\/index.php\\\/2017\\\/08\\\/13\\\/el-juli-golea-con-los-reservas-y-morante-dice-que-se-va\\\/#respond\"]}]},{\"@type\":\"WebPage\",\"@id\":\"https:\\\/\\\/www.ignaciosanchezmejias.es\\\/index.php\\\/2017\\\/08\\\/13\\\/el-juli-golea-con-los-reservas-y-morante-dice-que-se-va\\\/\",\"url\":\"https:\\\/\\\/www.ignaciosanchezmejias.es\\\/index.php\\\/2017\\\/08\\\/13\\\/el-juli-golea-con-los-reservas-y-morante-dice-que-se-va\\\/\",\"name\":\"El Juli golea con los reservas y Morante dice que se va - Sitio web de Ignacio S\u00e1nchez-Mej\u00edas Herrero\",\"isPartOf\":{\"@id\":\"https:\\\/\\\/www.ignaciosanchezmejias.es\\\/#website\"},\"primaryImageOfPage\":{\"@id\":\"https:\\\/\\\/www.ignaciosanchezmejias.es\\\/index.php\\\/2017\\\/08\\\/13\\\/el-juli-golea-con-los-reservas-y-morante-dice-que-se-va\\\/#primaryimage\"},\"image\":{\"@id\":\"https:\\\/\\\/www.ignaciosanchezmejias.es\\\/index.php\\\/2017\\\/08\\\/13\\\/el-juli-golea-con-los-reservas-y-morante-dice-que-se-va\\\/#primaryimage\"},\"thumbnailUrl\":\"https:\\\/\\\/www.ignaciosanchezmejias.es\\\/wp-content\\\/uploads\\\/2020\\\/12\\\/2017-PUERTO-JULI.jpg\",\"datePublished\":\"2017-08-13T12:02:05+00:00\",\"dateModified\":\"2020-12-28T18:42:10+00:00\",\"breadcrumb\":{\"@id\":\"https:\\\/\\\/www.ignaciosanchezmejias.es\\\/index.php\\\/2017\\\/08\\\/13\\\/el-juli-golea-con-los-reservas-y-morante-dice-que-se-va\\\/#breadcrumb\"},\"inLanguage\":\"es\",\"potentialAction\":[{\"@type\":\"ReadAction\",\"target\":[\"https:\\\/\\\/www.ignaciosanchezmejias.es\\\/index.php\\\/2017\\\/08\\\/13\\\/el-juli-golea-con-los-reservas-y-morante-dice-que-se-va\\\/\"]}]},{\"@type\":\"ImageObject\",\"inLanguage\":\"es\",\"@id\":\"https:\\\/\\\/www.ignaciosanchezmejias.es\\\/index.php\\\/2017\\\/08\\\/13\\\/el-juli-golea-con-los-reservas-y-morante-dice-que-se-va\\\/#primaryimage\",\"url\":\"https:\\\/\\\/www.ignaciosanchezmejias.es\\\/wp-content\\\/uploads\\\/2020\\\/12\\\/2017-PUERTO-JULI.jpg\",\"contentUrl\":\"https:\\\/\\\/www.ignaciosanchezmejias.es\\\/wp-content\\\/uploads\\\/2020\\\/12\\\/2017-PUERTO-JULI.jpg\",\"width\":380,\"height\":229,\"caption\":\"Foto. Arjona para aplausos.es\"},{\"@type\":\"BreadcrumbList\",\"@id\":\"https:\\\/\\\/www.ignaciosanchezmejias.es\\\/index.php\\\/2017\\\/08\\\/13\\\/el-juli-golea-con-los-reservas-y-morante-dice-que-se-va\\\/#breadcrumb\",\"itemListElement\":[{\"@type\":\"ListItem\",\"position\":1,\"name\":\"Portada\",\"item\":\"https:\\\/\\\/www.ignaciosanchezmejias.es\\\/\"},{\"@type\":\"ListItem\",\"position\":2,\"name\":\"El Juli golea con los reservas y Morante dice que se va\"}]},{\"@type\":\"WebSite\",\"@id\":\"https:\\\/\\\/www.ignaciosanchezmejias.es\\\/#website\",\"url\":\"https:\\\/\\\/www.ignaciosanchezmejias.es\\\/\",\"name\":\"Blog de Ignacio S\u00e1nchez-Mej\u00edas\",\"description\":\"Sitio personal ISM\",\"publisher\":{\"@id\":\"https:\\\/\\\/www.ignaciosanchezmejias.es\\\/#\\\/schema\\\/person\\\/494d20bda3404108c02016d5e608fc65\"},\"potentialAction\":[{\"@type\":\"SearchAction\",\"target\":{\"@type\":\"EntryPoint\",\"urlTemplate\":\"https:\\\/\\\/www.ignaciosanchezmejias.es\\\/?s={search_term_string}\"},\"query-input\":{\"@type\":\"PropertyValueSpecification\",\"valueRequired\":true,\"valueName\":\"search_term_string\"}}],\"inLanguage\":\"es\"},{\"@type\":[\"Person\",\"Organization\"],\"@id\":\"https:\\\/\\\/www.ignaciosanchezmejias.es\\\/#\\\/schema\\\/person\\\/494d20bda3404108c02016d5e608fc65\",\"name\":\"isanchezmejias\",\"image\":{\"@type\":\"ImageObject\",\"inLanguage\":\"es\",\"@id\":\"https:\\\/\\\/www.ignaciosanchezmejias.es\\\/wp-content\\\/uploads\\\/2020\\\/06\\\/cropped-Yo-antes.jpg\",\"url\":\"https:\\\/\\\/www.ignaciosanchezmejias.es\\\/wp-content\\\/uploads\\\/2020\\\/06\\\/cropped-Yo-antes.jpg\",\"contentUrl\":\"https:\\\/\\\/www.ignaciosanchezmejias.es\\\/wp-content\\\/uploads\\\/2020\\\/06\\\/cropped-Yo-antes.jpg\",\"width\":681,\"height\":482,\"caption\":\"isanchezmejias\"},\"logo\":{\"@id\":\"https:\\\/\\\/www.ignaciosanchezmejias.es\\\/wp-content\\\/uploads\\\/2020\\\/06\\\/cropped-Yo-antes.jpg\"},\"sameAs\":[\"https:\\\/\\\/www.ignaciosanchezmejias.es\"],\"url\":\"https:\\\/\\\/www.ignaciosanchezmejias.es\\\/index.php\\\/author\\\/isanchezmejias\\\/\"}]}<\/script>\n<!-- \/ Yoast SEO plugin. -->","yoast_head_json":{"title":"El Juli golea con los reservas y Morante dice que se va - Sitio web de Ignacio S\u00e1nchez-Mej\u00edas Herrero","robots":{"index":"index","follow":"follow","max-snippet":"max-snippet:-1","max-image-preview":"max-image-preview:large","max-video-preview":"max-video-preview:-1"},"canonical":"https:\/\/www.ignaciosanchezmejias.es\/index.php\/2017\/08\/13\/el-juli-golea-con-los-reservas-y-morante-dice-que-se-va\/","og_locale":"es_ES","og_type":"article","og_title":"El Juli golea con los reservas y Morante dice que se va - Sitio web de Ignacio S\u00e1nchez-Mej\u00edas Herrero","og_description":"En la tarde noche del domingo 12+1 de agosto, hab\u00eda anunciado un mano a mano de Morante con El Juli en El Puerto de Santa Mar\u00eda. Este \u00faltimo ven\u00eda retar al artista en su segunda casa, pensando que Sevilla sigue siendo la primera. Cada uno tra\u00eda sus toros, nada de sorteos. Morante de Cuvillo y [&hellip;]","og_url":"https:\/\/www.ignaciosanchezmejias.es\/index.php\/2017\/08\/13\/el-juli-golea-con-los-reservas-y-morante-dice-que-se-va\/","og_site_name":"Sitio web de Ignacio S\u00e1nchez-Mej\u00edas Herrero","article_published_time":"2017-08-13T12:02:05+00:00","article_modified_time":"2020-12-28T18:42:10+00:00","og_image":[{"width":380,"height":229,"url":"https:\/\/www.ignaciosanchezmejias.es\/wp-content\/uploads\/2020\/12\/2017-PUERTO-JULI.jpg","type":"image\/jpeg"}],"author":"isanchezmejias","twitter_card":"summary_large_image","twitter_misc":{"Escrito por":"isanchezmejias","Tiempo de lectura":"1 minuto"},"schema":{"@context":"https:\/\/schema.org","@graph":[{"@type":"Article","@id":"https:\/\/www.ignaciosanchezmejias.es\/index.php\/2017\/08\/13\/el-juli-golea-con-los-reservas-y-morante-dice-que-se-va\/#article","isPartOf":{"@id":"https:\/\/www.ignaciosanchezmejias.es\/index.php\/2017\/08\/13\/el-juli-golea-con-los-reservas-y-morante-dice-que-se-va\/"},"author":{"name":"isanchezmejias","@id":"https:\/\/www.ignaciosanchezmejias.es\/#\/schema\/person\/494d20bda3404108c02016d5e608fc65"},"headline":"El Juli golea con los reservas y Morante dice que se va","datePublished":"2017-08-13T12:02:05+00:00","dateModified":"2020-12-28T18:42:10+00:00","mainEntityOfPage":{"@id":"https:\/\/www.ignaciosanchezmejias.es\/index.php\/2017\/08\/13\/el-juli-golea-con-los-reservas-y-morante-dice-que-se-va\/"},"wordCount":276,"commentCount":0,"publisher":{"@id":"https:\/\/www.ignaciosanchezmejias.es\/#\/schema\/person\/494d20bda3404108c02016d5e608fc65"},"image":{"@id":"https:\/\/www.ignaciosanchezmejias.es\/index.php\/2017\/08\/13\/el-juli-golea-con-los-reservas-y-morante-dice-que-se-va\/#primaryimage"},"thumbnailUrl":"https:\/\/www.ignaciosanchezmejias.es\/wp-content\/uploads\/2020\/12\/2017-PUERTO-JULI.jpg","keywords":["El Juli","Morante de la Puebla","Nu\u00f1ez del Cuvillo","Santiago Domecq"],"articleSection":["General"],"inLanguage":"es","potentialAction":[{"@type":"CommentAction","name":"Comment","target":["https:\/\/www.ignaciosanchezmejias.es\/index.php\/2017\/08\/13\/el-juli-golea-con-los-reservas-y-morante-dice-que-se-va\/#respond"]}]},{"@type":"WebPage","@id":"https:\/\/www.ignaciosanchezmejias.es\/index.php\/2017\/08\/13\/el-juli-golea-con-los-reservas-y-morante-dice-que-se-va\/","url":"https:\/\/www.ignaciosanchezmejias.es\/index.php\/2017\/08\/13\/el-juli-golea-con-los-reservas-y-morante-dice-que-se-va\/","name":"El Juli golea con los reservas y Morante dice que se va - Sitio web de Ignacio S\u00e1nchez-Mej\u00edas Herrero","isPartOf":{"@id":"https:\/\/www.ignaciosanchezmejias.es\/#website"},"primaryImageOfPage":{"@id":"https:\/\/www.ignaciosanchezmejias.es\/index.php\/2017\/08\/13\/el-juli-golea-con-los-reservas-y-morante-dice-que-se-va\/#primaryimage"},"image":{"@id":"https:\/\/www.ignaciosanchezmejias.es\/index.php\/2017\/08\/13\/el-juli-golea-con-los-reservas-y-morante-dice-que-se-va\/#primaryimage"},"thumbnailUrl":"https:\/\/www.ignaciosanchezmejias.es\/wp-content\/uploads\/2020\/12\/2017-PUERTO-JULI.jpg","datePublished":"2017-08-13T12:02:05+00:00","dateModified":"2020-12-28T18:42:10+00:00","breadcrumb":{"@id":"https:\/\/www.ignaciosanchezmejias.es\/index.php\/2017\/08\/13\/el-juli-golea-con-los-reservas-y-morante-dice-que-se-va\/#breadcrumb"},"inLanguage":"es","potentialAction":[{"@type":"ReadAction","target":["https:\/\/www.ignaciosanchezmejias.es\/index.php\/2017\/08\/13\/el-juli-golea-con-los-reservas-y-morante-dice-que-se-va\/"]}]},{"@type":"ImageObject","inLanguage":"es","@id":"https:\/\/www.ignaciosanchezmejias.es\/index.php\/2017\/08\/13\/el-juli-golea-con-los-reservas-y-morante-dice-que-se-va\/#primaryimage","url":"https:\/\/www.ignaciosanchezmejias.es\/wp-content\/uploads\/2020\/12\/2017-PUERTO-JULI.jpg","contentUrl":"https:\/\/www.ignaciosanchezmejias.es\/wp-content\/uploads\/2020\/12\/2017-PUERTO-JULI.jpg","width":380,"height":229,"caption":"Foto. Arjona para aplausos.es"},{"@type":"BreadcrumbList","@id":"https:\/\/www.ignaciosanchezmejias.es\/index.php\/2017\/08\/13\/el-juli-golea-con-los-reservas-y-morante-dice-que-se-va\/#breadcrumb","itemListElement":[{"@type":"ListItem","position":1,"name":"Portada","item":"https:\/\/www.ignaciosanchezmejias.es\/"},{"@type":"ListItem","position":2,"name":"El Juli golea con los reservas y Morante dice que se va"}]},{"@type":"WebSite","@id":"https:\/\/www.ignaciosanchezmejias.es\/#website","url":"https:\/\/www.ignaciosanchezmejias.es\/","name":"Blog de Ignacio S\u00e1nchez-Mej\u00edas","description":"Sitio personal ISM","publisher":{"@id":"https:\/\/www.ignaciosanchezmejias.es\/#\/schema\/person\/494d20bda3404108c02016d5e608fc65"},"potentialAction":[{"@type":"SearchAction","target":{"@type":"EntryPoint","urlTemplate":"https:\/\/www.ignaciosanchezmejias.es\/?s={search_term_string}"},"query-input":{"@type":"PropertyValueSpecification","valueRequired":true,"valueName":"search_term_string"}}],"inLanguage":"es"},{"@type":["Person","Organization"],"@id":"https:\/\/www.ignaciosanchezmejias.es\/#\/schema\/person\/494d20bda3404108c02016d5e608fc65","name":"isanchezmejias","image":{"@type":"ImageObject","inLanguage":"es","@id":"https:\/\/www.ignaciosanchezmejias.es\/wp-content\/uploads\/2020\/06\/cropped-Yo-antes.jpg","url":"https:\/\/www.ignaciosanchezmejias.es\/wp-content\/uploads\/2020\/06\/cropped-Yo-antes.jpg","contentUrl":"https:\/\/www.ignaciosanchezmejias.es\/wp-content\/uploads\/2020\/06\/cropped-Yo-antes.jpg","width":681,"height":482,"caption":"isanchezmejias"},"logo":{"@id":"https:\/\/www.ignaciosanchezmejias.es\/wp-content\/uploads\/2020\/06\/cropped-Yo-antes.jpg"},"sameAs":["https:\/\/www.ignaciosanchezmejias.es"],"url":"https:\/\/www.ignaciosanchezmejias.es\/index.php\/author\/isanchezmejias\/"}]}},"_links":{"self":[{"href":"https:\/\/www.ignaciosanchezmejias.es\/index.php\/wp-json\/wp\/v2\/posts\/659","targetHints":{"allow":["GET"]}}],"collection":[{"href":"https:\/\/www.ignaciosanchezmejias.es\/index.php\/wp-json\/wp\/v2\/posts"}],"about":[{"href":"https:\/\/www.ignaciosanchezmejias.es\/index.php\/wp-json\/wp\/v2\/types\/post"}],"author":[{"embeddable":true,"href":"https:\/\/www.ignaciosanchezmejias.es\/index.php\/wp-json\/wp\/v2\/users\/1"}],"replies":[{"embeddable":true,"href":"https:\/\/www.ignaciosanchezmejias.es\/index.php\/wp-json\/wp\/v2\/comments?post=659"}],"version-history":[{"count":1,"href":"https:\/\/www.ignaciosanchezmejias.es\/index.php\/wp-json\/wp\/v2\/posts\/659\/revisions"}],"predecessor-version":[{"id":661,"href":"https:\/\/www.ignaciosanchezmejias.es\/index.php\/wp-json\/wp\/v2\/posts\/659\/revisions\/661"}],"wp:featuredmedia":[{"embeddable":true,"href":"https:\/\/www.ignaciosanchezmejias.es\/index.php\/wp-json\/wp\/v2\/media\/660"}],"wp:attachment":[{"href":"https:\/\/www.ignaciosanchezmejias.es\/index.php\/wp-json\/wp\/v2\/media?parent=659"}],"wp:term":[{"taxonomy":"category","embeddable":true,"href":"https:\/\/www.ignaciosanchezmejias.es\/index.php\/wp-json\/wp\/v2\/categories?post=659"},{"taxonomy":"post_tag","embeddable":true,"href":"https:\/\/www.ignaciosanchezmejias.es\/index.php\/wp-json\/wp\/v2\/tags?post=659"}],"curies":[{"name":"wp","href":"https:\/\/api.w.org\/{rel}","templated":true}]}}