{"id":6310,"date":"2021-06-06T11:38:33","date_gmt":"2021-06-06T11:38:33","guid":{"rendered":"https:\/\/www.ignaciosanchezmejias.es\/?p=6310"},"modified":"2025-06-04T09:01:17","modified_gmt":"2025-06-04T09:01:17","slug":"inaugurado-el-monumento-a-jose-gomez-ortega-en-sevilla","status":"publish","type":"post","link":"https:\/\/www.ignaciosanchezmejias.es\/index.php\/2021\/06\/06\/inaugurado-el-monumento-a-jose-gomez-ortega-en-sevilla\/","title":{"rendered":"Inaugurado el monumento a Jos\u00e9 G\u00f3mez Ortega en Sevilla"},"content":{"rendered":"<p>&nbsp;<\/p>\n<p>La Hermandad de La Macarena se propuso honrar a su hermano Jos\u00e9 G\u00f3mez Ortega en el centenario de su muerte. Con su Hermano Mayor al frente, D. Jos\u00e9 Antonio Fern\u00e1ndez Cabrero, cre\u00f3 una comisi\u00f3n para los actos del centenario de la muerte de \u201cJoselito El Gallo\u201d. El Hermano Mayor desde el primer momento nos habl\u00f3 de que este era un acto de justicia de la Hermandad para con su hermano, oficial de la junta de gobierno, benefactor y devoto.<\/p>\n<p>En la comisi\u00f3n debatimos varias alternativas, pero los actos quedaron centrados en tres pilares: Una serie de mesas redondas, que ya estaban programadas y organizadas, una gran exposici\u00f3n que se iba celebrar en abril y mayo de 2020, que tambi\u00e9n estaba dise\u00f1ada en formato y contenidos, y un monumento que saldase la deuda de Sevilla con Jos\u00e9 y que se inaugurar\u00eda en noviembre de 2020, cerrando los actos del centenario.<\/p>\n<p>Despu\u00e9s lleg\u00f3 lo que nadie imaginaba, la pandemia por el COVID 19, coincidiendo casi la declaraci\u00f3n del Estado de Alarma con la primera de las mesas redonda de las previstas. En la comisi\u00f3n seguimos trabajando, pero la pandemia se llev\u00f3 por delante la exposici\u00f3n y la mayor\u00eda de las mesas redondas. Ten\u00edamos claro que el monumento era lo que iba a quedar para la posteridad, y la Hermandad sigui\u00f3 adelante con el proyecto, ahora culminado.<\/p>\n<figure id=\"attachment_6312\" aria-describedby=\"caption-attachment-6312\" style=\"width: 284px\" class=\"wp-caption alignnone\"><img loading=\"lazy\" decoding=\"async\" class=\" wp-image-6312\" src=\"https:\/\/www.ignaciosanchezmejias.es\/wp-content\/uploads\/2021\/06\/Gallito-Macarena-200x300.jpg\" alt=\"\" width=\"284\" height=\"426\" srcset=\"https:\/\/www.ignaciosanchezmejias.es\/wp-content\/uploads\/2021\/06\/Gallito-Macarena-200x300.jpg 200w, https:\/\/www.ignaciosanchezmejias.es\/wp-content\/uploads\/2021\/06\/Gallito-Macarena-683x1024.jpg 683w, https:\/\/www.ignaciosanchezmejias.es\/wp-content\/uploads\/2021\/06\/Gallito-Macarena-768x1152.jpg 768w, https:\/\/www.ignaciosanchezmejias.es\/wp-content\/uploads\/2021\/06\/Gallito-Macarena-1024x1536.jpg 1024w, https:\/\/www.ignaciosanchezmejias.es\/wp-content\/uploads\/2021\/06\/Gallito-Macarena-1200x1800.jpg 1200w, https:\/\/www.ignaciosanchezmejias.es\/wp-content\/uploads\/2021\/06\/Gallito-Macarena.jpg 1280w\" sizes=\"auto, (max-width: 284px) 100vw, 284px\" \/><figcaption id=\"caption-attachment-6312\" class=\"wp-caption-text\">Foto Hermandad de la Macarena<\/figcaption><\/figure>\n<p>La labor del Hermano Mayor, ha sido encomiable y ejemplar. Siempre construyendo y animando. Ha trabajado muchas horas para el \u00e9xito final del proyecto, hablado con infinidad de personas, logrado benefactores y organiz\u00e1ndolo todo. Tambi\u00e9n es de justicia reconocer la labor de los miembros de la junta de gobierno de la Hermandad que m\u00e1s se han implicado en la comisi\u00f3n, destacando la de su mayordomo Jos\u00e9 Luis Notario y la del responsable de comunicaci\u00f3n Alejandro L\u00f3pez, tambi\u00e9n la del maestro Eduardo D\u00e1vila Miura. Por parte del resto, destacar la labor de Juan Carlos Gil, director de la C\u00e1tedra Ignacio S\u00e1nchez Mej\u00edas de Comunicaci\u00f3n y Tauromaquia de la Universidad de Sevilla, as\u00ed como la de Jos\u00e9 Luque Teruel, \u00c1lvaro Rodr\u00edguez del Moral y Jos\u00e9 Rodr\u00edguez P\u00edo, con los que hemos trabajado con la mejor de nuestras intenciones. A todos ellos hay que agradecer el trabajo desinteresado y la dedicaci\u00f3n al proyecto.<\/p>\n<figure id=\"attachment_6313\" aria-describedby=\"caption-attachment-6313\" style=\"width: 359px\" class=\"wp-caption alignnone\"><img loading=\"lazy\" decoding=\"async\" class=\" wp-image-6313\" src=\"https:\/\/www.ignaciosanchezmejias.es\/wp-content\/uploads\/2021\/06\/Martin-Nieto-300x133.jpg\" alt=\"\" width=\"359\" height=\"159\" srcset=\"https:\/\/www.ignaciosanchezmejias.es\/wp-content\/uploads\/2021\/06\/Martin-Nieto-300x133.jpg 300w, https:\/\/www.ignaciosanchezmejias.es\/wp-content\/uploads\/2021\/06\/Martin-Nieto-1024x455.jpg 1024w, https:\/\/www.ignaciosanchezmejias.es\/wp-content\/uploads\/2021\/06\/Martin-Nieto-768x341.jpg 768w, https:\/\/www.ignaciosanchezmejias.es\/wp-content\/uploads\/2021\/06\/Martin-Nieto-1200x533.jpg 1200w, https:\/\/www.ignaciosanchezmejias.es\/wp-content\/uploads\/2021\/06\/Martin-Nieto.jpg 1440w\" sizes=\"auto, (max-width: 359px) 100vw, 359px\" \/><figcaption id=\"caption-attachment-6313\" class=\"wp-caption-text\">Foto Manuel Mart\u00edn Nieto<\/figcaption><\/figure>\n<p>Como ustedes saben, la escultura es obra de Manuel Mart\u00edn Nieto, que en el acto de la inauguraci\u00f3n nos habl\u00f3 del honor que hab\u00eda sido para \u00e9l trabajar en el proyecto. Informa de que para reflejar la expresi\u00f3n de Jos\u00e9 tom\u00f3 la foto que reproducimos \u201cpor la seriedad y paz que refleja\u201d. La escultura es una alegor\u00eda del \u00faltimo pase\u00edllo de Gallito camino de la Bas\u00edlica de su Virgen de la Esperanza.<\/p>\n<p>La escultura fue cedida a la ciudad de Sevilla en un acto previo que firmaron el Hermano Mayor y el alcalde de Sevilla, Juan Espadas, y ya forma parte del patrimonio cultural de la ciudad. En su pedestal reza lo siguiente:<\/p>\n<p>\u201cA Jos\u00e9 G\u00f3mez Ortega, \u201cJoselito El Gallo\u201d, hermano macareno ejemplar, rey de los toreros y h\u00e9roe del pueblo, comprometido con los m\u00e1s desfavorecidos, generoso benefactor de esta Hermandad y del barrio de la Macarena, y ferviente devoto de la Sant\u00edsima Virgen de la Esperanza. La Hermandad de la Macarena en reconocimiento y gratitud perpetuos\u201d<\/p>\n<p><a href=\"https:\/\/twitter.com\/isanchezmejias\" target=\"_blank\" rel=\"noopener\">@isanchezmejias<\/a><\/p>\n","protected":false},"excerpt":{"rendered":"<p>&nbsp; La Hermandad de La Macarena se propuso honrar a su hermano Jos\u00e9 G\u00f3mez Ortega en el centenario de su muerte. Con su Hermano Mayor al frente, D. Jos\u00e9 Antonio Fern\u00e1ndez Cabrero, cre\u00f3 una comisi\u00f3n para los actos del centenario de la muerte de \u201cJoselito El Gallo\u201d. El Hermano Mayor desde el primer momento nos [&hellip;]<\/p>\n","protected":false},"author":1,"featured_media":6315,"comment_status":"open","ping_status":"open","sticky":false,"template":"","format":"standard","meta":{"footnotes":""},"categories":[5],"tags":[38,123,40],"class_list":["post-6310","post","type-post","status-publish","format-standard","has-post-thumbnail","hentry","category-general","tag-gallito","tag-hermandad-de-la-macarena","tag-joselito-el-gallo"],"yoast_head":"<!-- This site is optimized with the Yoast SEO plugin v27.4 - https:\/\/yoast.com\/product\/yoast-seo-wordpress\/ -->\n<title>Inaugurado el monumento a Jos\u00e9 G\u00f3mez Ortega en Sevilla - Sitio web de Ignacio S\u00e1nchez-Mej\u00edas Herrero<\/title>\n<meta name=\"robots\" content=\"index, follow, max-snippet:-1, max-image-preview:large, max-video-preview:-1\" \/>\n<link rel=\"canonical\" href=\"https:\/\/www.ignaciosanchezmejias.es\/index.php\/2021\/06\/06\/inaugurado-el-monumento-a-jose-gomez-ortega-en-sevilla\/\" \/>\n<meta property=\"og:locale\" content=\"es_ES\" \/>\n<meta property=\"og:type\" content=\"article\" \/>\n<meta property=\"og:title\" content=\"Inaugurado el monumento a Jos\u00e9 G\u00f3mez Ortega en Sevilla - Sitio web de Ignacio S\u00e1nchez-Mej\u00edas Herrero\" \/>\n<meta property=\"og:description\" content=\"&nbsp; La Hermandad de La Macarena se propuso honrar a su hermano Jos\u00e9 G\u00f3mez Ortega en el centenario de su muerte. Con su Hermano Mayor al frente, D. Jos\u00e9 Antonio Fern\u00e1ndez Cabrero, cre\u00f3 una comisi\u00f3n para los actos del centenario de la muerte de \u201cJoselito El Gallo\u201d. El Hermano Mayor desde el primer momento nos [&hellip;]\" \/>\n<meta property=\"og:url\" content=\"https:\/\/www.ignaciosanchezmejias.es\/index.php\/2021\/06\/06\/inaugurado-el-monumento-a-jose-gomez-ortega-en-sevilla\/\" \/>\n<meta property=\"og:site_name\" content=\"Sitio web de Ignacio S\u00e1nchez-Mej\u00edas Herrero\" \/>\n<meta property=\"article:published_time\" content=\"2021-06-06T11:38:33+00:00\" \/>\n<meta property=\"article:modified_time\" content=\"2025-06-04T09:01:17+00:00\" \/>\n<meta property=\"og:image\" content=\"https:\/\/www.ignaciosanchezmejias.es\/wp-content\/uploads\/2021\/06\/Gallito-PSM.jpg\" \/>\n\t<meta property=\"og:image:width\" content=\"1536\" \/>\n\t<meta property=\"og:image:height\" content=\"2048\" \/>\n\t<meta property=\"og:image:type\" content=\"image\/jpeg\" \/>\n<meta name=\"author\" content=\"isanchezmejias\" \/>\n<meta name=\"twitter:card\" content=\"summary_large_image\" \/>\n<meta name=\"twitter:label1\" content=\"Escrito por\" \/>\n\t<meta name=\"twitter:data1\" content=\"isanchezmejias\" \/>\n\t<meta name=\"twitter:label2\" content=\"Tiempo de lectura\" \/>\n\t<meta name=\"twitter:data2\" content=\"3 minutos\" \/>\n<script type=\"application\/ld+json\" class=\"yoast-schema-graph\">{\"@context\":\"https:\\\/\\\/schema.org\",\"@graph\":[{\"@type\":\"Article\",\"@id\":\"https:\\\/\\\/www.ignaciosanchezmejias.es\\\/index.php\\\/2021\\\/06\\\/06\\\/inaugurado-el-monumento-a-jose-gomez-ortega-en-sevilla\\\/#article\",\"isPartOf\":{\"@id\":\"https:\\\/\\\/www.ignaciosanchezmejias.es\\\/index.php\\\/2021\\\/06\\\/06\\\/inaugurado-el-monumento-a-jose-gomez-ortega-en-sevilla\\\/\"},\"author\":{\"name\":\"isanchezmejias\",\"@id\":\"https:\\\/\\\/www.ignaciosanchezmejias.es\\\/#\\\/schema\\\/person\\\/494d20bda3404108c02016d5e608fc65\"},\"headline\":\"Inaugurado el monumento a Jos\u00e9 G\u00f3mez Ortega en Sevilla\",\"datePublished\":\"2021-06-06T11:38:33+00:00\",\"dateModified\":\"2025-06-04T09:01:17+00:00\",\"mainEntityOfPage\":{\"@id\":\"https:\\\/\\\/www.ignaciosanchezmejias.es\\\/index.php\\\/2021\\\/06\\\/06\\\/inaugurado-el-monumento-a-jose-gomez-ortega-en-sevilla\\\/\"},\"wordCount\":615,\"commentCount\":3,\"publisher\":{\"@id\":\"https:\\\/\\\/www.ignaciosanchezmejias.es\\\/#\\\/schema\\\/person\\\/494d20bda3404108c02016d5e608fc65\"},\"image\":{\"@id\":\"https:\\\/\\\/www.ignaciosanchezmejias.es\\\/index.php\\\/2021\\\/06\\\/06\\\/inaugurado-el-monumento-a-jose-gomez-ortega-en-sevilla\\\/#primaryimage\"},\"thumbnailUrl\":\"https:\\\/\\\/www.ignaciosanchezmejias.es\\\/wp-content\\\/uploads\\\/2021\\\/06\\\/Gallito-PSM.jpg\",\"keywords\":[\"Gallito\",\"Hermandad de La Macarena\",\"Joselito el Gallo\"],\"articleSection\":[\"General\"],\"inLanguage\":\"es\",\"potentialAction\":[{\"@type\":\"CommentAction\",\"name\":\"Comment\",\"target\":[\"https:\\\/\\\/www.ignaciosanchezmejias.es\\\/index.php\\\/2021\\\/06\\\/06\\\/inaugurado-el-monumento-a-jose-gomez-ortega-en-sevilla\\\/#respond\"]}]},{\"@type\":\"WebPage\",\"@id\":\"https:\\\/\\\/www.ignaciosanchezmejias.es\\\/index.php\\\/2021\\\/06\\\/06\\\/inaugurado-el-monumento-a-jose-gomez-ortega-en-sevilla\\\/\",\"url\":\"https:\\\/\\\/www.ignaciosanchezmejias.es\\\/index.php\\\/2021\\\/06\\\/06\\\/inaugurado-el-monumento-a-jose-gomez-ortega-en-sevilla\\\/\",\"name\":\"Inaugurado el monumento a Jos\u00e9 G\u00f3mez Ortega en Sevilla - Sitio web de Ignacio S\u00e1nchez-Mej\u00edas Herrero\",\"isPartOf\":{\"@id\":\"https:\\\/\\\/www.ignaciosanchezmejias.es\\\/#website\"},\"primaryImageOfPage\":{\"@id\":\"https:\\\/\\\/www.ignaciosanchezmejias.es\\\/index.php\\\/2021\\\/06\\\/06\\\/inaugurado-el-monumento-a-jose-gomez-ortega-en-sevilla\\\/#primaryimage\"},\"image\":{\"@id\":\"https:\\\/\\\/www.ignaciosanchezmejias.es\\\/index.php\\\/2021\\\/06\\\/06\\\/inaugurado-el-monumento-a-jose-gomez-ortega-en-sevilla\\\/#primaryimage\"},\"thumbnailUrl\":\"https:\\\/\\\/www.ignaciosanchezmejias.es\\\/wp-content\\\/uploads\\\/2021\\\/06\\\/Gallito-PSM.jpg\",\"datePublished\":\"2021-06-06T11:38:33+00:00\",\"dateModified\":\"2025-06-04T09:01:17+00:00\",\"breadcrumb\":{\"@id\":\"https:\\\/\\\/www.ignaciosanchezmejias.es\\\/index.php\\\/2021\\\/06\\\/06\\\/inaugurado-el-monumento-a-jose-gomez-ortega-en-sevilla\\\/#breadcrumb\"},\"inLanguage\":\"es\",\"potentialAction\":[{\"@type\":\"ReadAction\",\"target\":[\"https:\\\/\\\/www.ignaciosanchezmejias.es\\\/index.php\\\/2021\\\/06\\\/06\\\/inaugurado-el-monumento-a-jose-gomez-ortega-en-sevilla\\\/\"]}]},{\"@type\":\"ImageObject\",\"inLanguage\":\"es\",\"@id\":\"https:\\\/\\\/www.ignaciosanchezmejias.es\\\/index.php\\\/2021\\\/06\\\/06\\\/inaugurado-el-monumento-a-jose-gomez-ortega-en-sevilla\\\/#primaryimage\",\"url\":\"https:\\\/\\\/www.ignaciosanchezmejias.es\\\/wp-content\\\/uploads\\\/2021\\\/06\\\/Gallito-PSM.jpg\",\"contentUrl\":\"https:\\\/\\\/www.ignaciosanchezmejias.es\\\/wp-content\\\/uploads\\\/2021\\\/06\\\/Gallito-PSM.jpg\",\"width\":1536,\"height\":2048},{\"@type\":\"BreadcrumbList\",\"@id\":\"https:\\\/\\\/www.ignaciosanchezmejias.es\\\/index.php\\\/2021\\\/06\\\/06\\\/inaugurado-el-monumento-a-jose-gomez-ortega-en-sevilla\\\/#breadcrumb\",\"itemListElement\":[{\"@type\":\"ListItem\",\"position\":1,\"name\":\"Portada\",\"item\":\"https:\\\/\\\/www.ignaciosanchezmejias.es\\\/\"},{\"@type\":\"ListItem\",\"position\":2,\"name\":\"Inaugurado el monumento a Jos\u00e9 G\u00f3mez Ortega en Sevilla\"}]},{\"@type\":\"WebSite\",\"@id\":\"https:\\\/\\\/www.ignaciosanchezmejias.es\\\/#website\",\"url\":\"https:\\\/\\\/www.ignaciosanchezmejias.es\\\/\",\"name\":\"Blog de Ignacio S\u00e1nchez-Mej\u00edas\",\"description\":\"Sitio personal ISM\",\"publisher\":{\"@id\":\"https:\\\/\\\/www.ignaciosanchezmejias.es\\\/#\\\/schema\\\/person\\\/494d20bda3404108c02016d5e608fc65\"},\"potentialAction\":[{\"@type\":\"SearchAction\",\"target\":{\"@type\":\"EntryPoint\",\"urlTemplate\":\"https:\\\/\\\/www.ignaciosanchezmejias.es\\\/?s={search_term_string}\"},\"query-input\":{\"@type\":\"PropertyValueSpecification\",\"valueRequired\":true,\"valueName\":\"search_term_string\"}}],\"inLanguage\":\"es\"},{\"@type\":[\"Person\",\"Organization\"],\"@id\":\"https:\\\/\\\/www.ignaciosanchezmejias.es\\\/#\\\/schema\\\/person\\\/494d20bda3404108c02016d5e608fc65\",\"name\":\"isanchezmejias\",\"image\":{\"@type\":\"ImageObject\",\"inLanguage\":\"es\",\"@id\":\"https:\\\/\\\/www.ignaciosanchezmejias.es\\\/wp-content\\\/uploads\\\/2020\\\/06\\\/cropped-Yo-antes.jpg\",\"url\":\"https:\\\/\\\/www.ignaciosanchezmejias.es\\\/wp-content\\\/uploads\\\/2020\\\/06\\\/cropped-Yo-antes.jpg\",\"contentUrl\":\"https:\\\/\\\/www.ignaciosanchezmejias.es\\\/wp-content\\\/uploads\\\/2020\\\/06\\\/cropped-Yo-antes.jpg\",\"width\":681,\"height\":482,\"caption\":\"isanchezmejias\"},\"logo\":{\"@id\":\"https:\\\/\\\/www.ignaciosanchezmejias.es\\\/wp-content\\\/uploads\\\/2020\\\/06\\\/cropped-Yo-antes.jpg\"},\"sameAs\":[\"https:\\\/\\\/www.ignaciosanchezmejias.es\"],\"url\":\"https:\\\/\\\/www.ignaciosanchezmejias.es\\\/index.php\\\/author\\\/isanchezmejias\\\/\"}]}<\/script>\n<!-- \/ Yoast SEO plugin. -->","yoast_head_json":{"title":"Inaugurado el monumento a Jos\u00e9 G\u00f3mez Ortega en Sevilla - Sitio web de Ignacio S\u00e1nchez-Mej\u00edas Herrero","robots":{"index":"index","follow":"follow","max-snippet":"max-snippet:-1","max-image-preview":"max-image-preview:large","max-video-preview":"max-video-preview:-1"},"canonical":"https:\/\/www.ignaciosanchezmejias.es\/index.php\/2021\/06\/06\/inaugurado-el-monumento-a-jose-gomez-ortega-en-sevilla\/","og_locale":"es_ES","og_type":"article","og_title":"Inaugurado el monumento a Jos\u00e9 G\u00f3mez Ortega en Sevilla - Sitio web de Ignacio S\u00e1nchez-Mej\u00edas Herrero","og_description":"&nbsp; La Hermandad de La Macarena se propuso honrar a su hermano Jos\u00e9 G\u00f3mez Ortega en el centenario de su muerte. Con su Hermano Mayor al frente, D. Jos\u00e9 Antonio Fern\u00e1ndez Cabrero, cre\u00f3 una comisi\u00f3n para los actos del centenario de la muerte de \u201cJoselito El Gallo\u201d. El Hermano Mayor desde el primer momento nos [&hellip;]","og_url":"https:\/\/www.ignaciosanchezmejias.es\/index.php\/2021\/06\/06\/inaugurado-el-monumento-a-jose-gomez-ortega-en-sevilla\/","og_site_name":"Sitio web de Ignacio S\u00e1nchez-Mej\u00edas Herrero","article_published_time":"2021-06-06T11:38:33+00:00","article_modified_time":"2025-06-04T09:01:17+00:00","og_image":[{"width":1536,"height":2048,"url":"https:\/\/www.ignaciosanchezmejias.es\/wp-content\/uploads\/2021\/06\/Gallito-PSM.jpg","type":"image\/jpeg"}],"author":"isanchezmejias","twitter_card":"summary_large_image","twitter_misc":{"Escrito por":"isanchezmejias","Tiempo de lectura":"3 minutos"},"schema":{"@context":"https:\/\/schema.org","@graph":[{"@type":"Article","@id":"https:\/\/www.ignaciosanchezmejias.es\/index.php\/2021\/06\/06\/inaugurado-el-monumento-a-jose-gomez-ortega-en-sevilla\/#article","isPartOf":{"@id":"https:\/\/www.ignaciosanchezmejias.es\/index.php\/2021\/06\/06\/inaugurado-el-monumento-a-jose-gomez-ortega-en-sevilla\/"},"author":{"name":"isanchezmejias","@id":"https:\/\/www.ignaciosanchezmejias.es\/#\/schema\/person\/494d20bda3404108c02016d5e608fc65"},"headline":"Inaugurado el monumento a Jos\u00e9 G\u00f3mez Ortega en Sevilla","datePublished":"2021-06-06T11:38:33+00:00","dateModified":"2025-06-04T09:01:17+00:00","mainEntityOfPage":{"@id":"https:\/\/www.ignaciosanchezmejias.es\/index.php\/2021\/06\/06\/inaugurado-el-monumento-a-jose-gomez-ortega-en-sevilla\/"},"wordCount":615,"commentCount":3,"publisher":{"@id":"https:\/\/www.ignaciosanchezmejias.es\/#\/schema\/person\/494d20bda3404108c02016d5e608fc65"},"image":{"@id":"https:\/\/www.ignaciosanchezmejias.es\/index.php\/2021\/06\/06\/inaugurado-el-monumento-a-jose-gomez-ortega-en-sevilla\/#primaryimage"},"thumbnailUrl":"https:\/\/www.ignaciosanchezmejias.es\/wp-content\/uploads\/2021\/06\/Gallito-PSM.jpg","keywords":["Gallito","Hermandad de La Macarena","Joselito el Gallo"],"articleSection":["General"],"inLanguage":"es","potentialAction":[{"@type":"CommentAction","name":"Comment","target":["https:\/\/www.ignaciosanchezmejias.es\/index.php\/2021\/06\/06\/inaugurado-el-monumento-a-jose-gomez-ortega-en-sevilla\/#respond"]}]},{"@type":"WebPage","@id":"https:\/\/www.ignaciosanchezmejias.es\/index.php\/2021\/06\/06\/inaugurado-el-monumento-a-jose-gomez-ortega-en-sevilla\/","url":"https:\/\/www.ignaciosanchezmejias.es\/index.php\/2021\/06\/06\/inaugurado-el-monumento-a-jose-gomez-ortega-en-sevilla\/","name":"Inaugurado el monumento a Jos\u00e9 G\u00f3mez Ortega en Sevilla - Sitio web de Ignacio S\u00e1nchez-Mej\u00edas Herrero","isPartOf":{"@id":"https:\/\/www.ignaciosanchezmejias.es\/#website"},"primaryImageOfPage":{"@id":"https:\/\/www.ignaciosanchezmejias.es\/index.php\/2021\/06\/06\/inaugurado-el-monumento-a-jose-gomez-ortega-en-sevilla\/#primaryimage"},"image":{"@id":"https:\/\/www.ignaciosanchezmejias.es\/index.php\/2021\/06\/06\/inaugurado-el-monumento-a-jose-gomez-ortega-en-sevilla\/#primaryimage"},"thumbnailUrl":"https:\/\/www.ignaciosanchezmejias.es\/wp-content\/uploads\/2021\/06\/Gallito-PSM.jpg","datePublished":"2021-06-06T11:38:33+00:00","dateModified":"2025-06-04T09:01:17+00:00","breadcrumb":{"@id":"https:\/\/www.ignaciosanchezmejias.es\/index.php\/2021\/06\/06\/inaugurado-el-monumento-a-jose-gomez-ortega-en-sevilla\/#breadcrumb"},"inLanguage":"es","potentialAction":[{"@type":"ReadAction","target":["https:\/\/www.ignaciosanchezmejias.es\/index.php\/2021\/06\/06\/inaugurado-el-monumento-a-jose-gomez-ortega-en-sevilla\/"]}]},{"@type":"ImageObject","inLanguage":"es","@id":"https:\/\/www.ignaciosanchezmejias.es\/index.php\/2021\/06\/06\/inaugurado-el-monumento-a-jose-gomez-ortega-en-sevilla\/#primaryimage","url":"https:\/\/www.ignaciosanchezmejias.es\/wp-content\/uploads\/2021\/06\/Gallito-PSM.jpg","contentUrl":"https:\/\/www.ignaciosanchezmejias.es\/wp-content\/uploads\/2021\/06\/Gallito-PSM.jpg","width":1536,"height":2048},{"@type":"BreadcrumbList","@id":"https:\/\/www.ignaciosanchezmejias.es\/index.php\/2021\/06\/06\/inaugurado-el-monumento-a-jose-gomez-ortega-en-sevilla\/#breadcrumb","itemListElement":[{"@type":"ListItem","position":1,"name":"Portada","item":"https:\/\/www.ignaciosanchezmejias.es\/"},{"@type":"ListItem","position":2,"name":"Inaugurado el monumento a Jos\u00e9 G\u00f3mez Ortega en Sevilla"}]},{"@type":"WebSite","@id":"https:\/\/www.ignaciosanchezmejias.es\/#website","url":"https:\/\/www.ignaciosanchezmejias.es\/","name":"Blog de Ignacio S\u00e1nchez-Mej\u00edas","description":"Sitio personal ISM","publisher":{"@id":"https:\/\/www.ignaciosanchezmejias.es\/#\/schema\/person\/494d20bda3404108c02016d5e608fc65"},"potentialAction":[{"@type":"SearchAction","target":{"@type":"EntryPoint","urlTemplate":"https:\/\/www.ignaciosanchezmejias.es\/?s={search_term_string}"},"query-input":{"@type":"PropertyValueSpecification","valueRequired":true,"valueName":"search_term_string"}}],"inLanguage":"es"},{"@type":["Person","Organization"],"@id":"https:\/\/www.ignaciosanchezmejias.es\/#\/schema\/person\/494d20bda3404108c02016d5e608fc65","name":"isanchezmejias","image":{"@type":"ImageObject","inLanguage":"es","@id":"https:\/\/www.ignaciosanchezmejias.es\/wp-content\/uploads\/2020\/06\/cropped-Yo-antes.jpg","url":"https:\/\/www.ignaciosanchezmejias.es\/wp-content\/uploads\/2020\/06\/cropped-Yo-antes.jpg","contentUrl":"https:\/\/www.ignaciosanchezmejias.es\/wp-content\/uploads\/2020\/06\/cropped-Yo-antes.jpg","width":681,"height":482,"caption":"isanchezmejias"},"logo":{"@id":"https:\/\/www.ignaciosanchezmejias.es\/wp-content\/uploads\/2020\/06\/cropped-Yo-antes.jpg"},"sameAs":["https:\/\/www.ignaciosanchezmejias.es"],"url":"https:\/\/www.ignaciosanchezmejias.es\/index.php\/author\/isanchezmejias\/"}]}},"_links":{"self":[{"href":"https:\/\/www.ignaciosanchezmejias.es\/index.php\/wp-json\/wp\/v2\/posts\/6310","targetHints":{"allow":["GET"]}}],"collection":[{"href":"https:\/\/www.ignaciosanchezmejias.es\/index.php\/wp-json\/wp\/v2\/posts"}],"about":[{"href":"https:\/\/www.ignaciosanchezmejias.es\/index.php\/wp-json\/wp\/v2\/types\/post"}],"author":[{"embeddable":true,"href":"https:\/\/www.ignaciosanchezmejias.es\/index.php\/wp-json\/wp\/v2\/users\/1"}],"replies":[{"embeddable":true,"href":"https:\/\/www.ignaciosanchezmejias.es\/index.php\/wp-json\/wp\/v2\/comments?post=6310"}],"version-history":[{"count":4,"href":"https:\/\/www.ignaciosanchezmejias.es\/index.php\/wp-json\/wp\/v2\/posts\/6310\/revisions"}],"predecessor-version":[{"id":6318,"href":"https:\/\/www.ignaciosanchezmejias.es\/index.php\/wp-json\/wp\/v2\/posts\/6310\/revisions\/6318"}],"wp:featuredmedia":[{"embeddable":true,"href":"https:\/\/www.ignaciosanchezmejias.es\/index.php\/wp-json\/wp\/v2\/media\/6315"}],"wp:attachment":[{"href":"https:\/\/www.ignaciosanchezmejias.es\/index.php\/wp-json\/wp\/v2\/media?parent=6310"}],"wp:term":[{"taxonomy":"category","embeddable":true,"href":"https:\/\/www.ignaciosanchezmejias.es\/index.php\/wp-json\/wp\/v2\/categories?post=6310"},{"taxonomy":"post_tag","embeddable":true,"href":"https:\/\/www.ignaciosanchezmejias.es\/index.php\/wp-json\/wp\/v2\/tags?post=6310"}],"curies":[{"name":"wp","href":"https:\/\/api.w.org\/{rel}","templated":true}]}}