{"id":624,"date":"2017-12-30T15:58:09","date_gmt":"2017-12-30T15:58:09","guid":{"rendered":"https:\/\/www.ignaciosanchezmejias.es\/?p=624"},"modified":"2021-03-17T13:03:16","modified_gmt":"2021-03-17T13:03:16","slug":"ganaderias-para-la-feria-de-abril-2018","status":"publish","type":"post","link":"https:\/\/www.ignaciosanchezmejias.es\/index.php\/2017\/12\/30\/ganaderias-para-la-feria-de-abril-2018\/","title":{"rendered":"Ganader\u00edas para la Feria de abril 2018"},"content":{"rendered":"\n<p>Nos enteramos por los medios de comunicaci\u00f3n, que para eso est\u00e1n, de las ganader\u00edas contratadas por la empresa de Sevilla para la Feria de abril de 2018. Aunque la empresa inform\u00f3 de ello en las redes sociales, aun no figuran en su p\u00e1gina web ni a los abonados aun no nos ha llegado la tradicional felicitaci\u00f3n con esta informaci\u00f3n y el DVD con el resumen de la temporada anterior.<\/p>\n\n\n\n<p>La novedad en que no hay ninguna novedad, como en los \u00faltimos a\u00f1os. De acuerdo con el n\u00famero de ganader\u00edas contratadas y lo que informa la empresa, la Feria tendr\u00e1 la misma estructura que el a\u00f1o pasado. Domingo de Resurrecci\u00f3n y domingo intermedio, empezando el ciclo continuado de corridas el mi\u00e9rcoles de preferia, con la de rejones el domingo. De las ganader\u00edas \u00a1Repiten 12 de 13! Sustituyendo la de Daniel Ruiz por La Palmosilla. Leyendo esto, ustedes pensar\u00e1n que el a\u00f1o pasado fue un rotundo \u00e9xito el ganado, pero no. Si repasamos brevemente la Feria pasada, tenemos, por orden de aparici\u00f3n:<\/p>\n\n\n\n<ul class=\"wp-block-list\"><li>D. Joaquin N\u00fa\u00f1ez del Cuvillo: Domingo de Resurrecci\u00f3n (no pas\u00f3 nada) y jueves de farolillos (encastada). Repite y, probablemente, doble<\/li><li>Fuente Ymbro: Domingo intermedio. Decepcionante. Repite<\/li><li>Torrestrella: Mi\u00e9rcoles de preferia. Brava. Repite<\/li><li>Garcigrande: Jueves de preferia: Muchos kilos y poca casta. Repite<\/li><li>D. Juan Pedro Domecq. Viernes de preferia. Buena. Repite<\/li><li>D. Victorino Mart\u00edn Andr\u00e9s. S\u00e1bado de \u201cpesca\u00edto\u201d. Magn\u00edfica. Repite<\/li><li>Daniel Ruiz. Lunes de farolillos. Un fiasco. No viene<\/li><li>Hnos. Garc\u00eda Jim\u00e9nez. Martes de farolillos. Obedientes, descastados y sin emoci\u00f3n. Repite<\/li><li>Jandilla. Mi\u00e9rcoles de farolillos. Encastada con poco fondo. Repite<\/li><li>D. Victoriano del R\u00edo Cort\u00e9s. Viernes de farolillos. Solo uno bueno. Repite<\/li><li>El Pilar. S\u00e1bado de farolillos S\u00f3lo uno bravo. Repite<\/li><li>Miura. Domingo de miura. Una Corrida de toros con may\u00fasculas. Repite<\/li><\/ul>\n\n\n\n<p>Si pensamos que en s\u00f3lo 5 de 13 corridas no defraudaron los toros, podemos preguntarnos el c\u00f3mo es que repiten todos menos una. La respuesta es muy f\u00e1cil. El cliente no es el aficionado, el cliente es la figura. La Feria se monta para que vengan las figuras, con los toros que piden las figura, no con los que nos gustar\u00eda ver a los aficionados.<\/p>\n\n\n\n<p>En esto, cada aficionado tendr\u00eda sus preferencias de ganader\u00eda y encastes. No voy a poner aqu\u00ed los m\u00edos porque ser\u00eda ventajista, pero s\u00ed dir\u00e9 que echo de menos, y mucho, otro tipo de toros m\u00e1s exigentes, como los del Conde de la Maza, y, sobre todo, otro tipo de encastes, como los de Ana Romero, o Rehuelga con su \u00e9xito de Madrid, e incluso Alcurruc\u00e9n.<\/p>\n\n\n\n<p>El a\u00f1o pasado vimos a la empresa quejarse de lo deficitario de la Feria, y parece que la estructura con los mismos toros ser\u00e1 la misma. Es l\u00f3gico que la empresa monte la Feria para ganar dinero, y ojal\u00e1 lo gane, y mucho, pero si la revoluci\u00f3n del abono es La Palmosilla \u2026<\/p>\n\n\n\n<p><\/p>\n\n\n\n<p>PD rectificativa, y entono el mea culpa. El viernes la empresa nos envi\u00f3 la informaci\u00f3n de las ganader\u00edas por correo electr\u00f3nico. Con los l\u00edos festivos no lo hab\u00eda le\u00eddo.<\/p>\n\n\n\n<p>PD2 Ya nos ha llegado la Felicitaci\u00f3n de la empresa con la informaci\u00f3n de las ganader\u00edas y el DVD con el resumen de la temporada anterior. Se agradece.<\/p>\n","protected":false},"excerpt":{"rendered":"<p>Nos enteramos por los medios de comunicaci\u00f3n, que para eso est\u00e1n, de las ganader\u00edas contratadas por la empresa de Sevilla para la Feria de abril de 2018. Aunque la empresa inform\u00f3 de ello en las redes sociales, aun no figuran en su p\u00e1gina web ni a los abonados aun no nos ha llegado la tradicional [&hellip;]<\/p>\n","protected":false},"author":1,"featured_media":625,"comment_status":"open","ping_status":"open","sticky":false,"template":"","format":"standard","meta":{"footnotes":""},"categories":[159],"tags":[274,458],"class_list":["post-624","post","type-post","status-publish","format-standard","has-post-thumbnail","hentry","category-abono-sevilla-2018-2","tag-empresa-pages","tag-ganaderias"],"yoast_head":"<!-- This site is optimized with the Yoast SEO plugin v27.5 - https:\/\/yoast.com\/product\/yoast-seo-wordpress\/ -->\n<title>Ganader\u00edas para la Feria de abril 2018 - Sitio web de Ignacio S\u00e1nchez-Mej\u00edas Herrero<\/title>\n<meta name=\"robots\" content=\"index, follow, max-snippet:-1, max-image-preview:large, max-video-preview:-1\" \/>\n<link rel=\"canonical\" href=\"https:\/\/www.ignaciosanchezmejias.es\/index.php\/2017\/12\/30\/ganaderias-para-la-feria-de-abril-2018\/\" \/>\n<meta property=\"og:locale\" content=\"es_ES\" \/>\n<meta property=\"og:type\" content=\"article\" \/>\n<meta property=\"og:title\" content=\"Ganader\u00edas para la Feria de abril 2018 - Sitio web de Ignacio S\u00e1nchez-Mej\u00edas Herrero\" \/>\n<meta property=\"og:description\" content=\"Nos enteramos por los medios de comunicaci\u00f3n, que para eso est\u00e1n, de las ganader\u00edas contratadas por la empresa de Sevilla para la Feria de abril de 2018. Aunque la empresa inform\u00f3 de ello en las redes sociales, aun no figuran en su p\u00e1gina web ni a los abonados aun no nos ha llegado la tradicional [&hellip;]\" \/>\n<meta property=\"og:url\" content=\"https:\/\/www.ignaciosanchezmejias.es\/index.php\/2017\/12\/30\/ganaderias-para-la-feria-de-abril-2018\/\" \/>\n<meta property=\"og:site_name\" content=\"Sitio web de Ignacio S\u00e1nchez-Mej\u00edas Herrero\" \/>\n<meta property=\"article:published_time\" content=\"2017-12-30T15:58:09+00:00\" \/>\n<meta property=\"article:modified_time\" content=\"2021-03-17T13:03:16+00:00\" \/>\n<meta property=\"og:image\" content=\"https:\/\/www.ignaciosanchezmejias.es\/wp-content\/uploads\/2020\/12\/2016-Maestranza.jpg\" \/>\n\t<meta property=\"og:image:width\" content=\"196\" \/>\n\t<meta property=\"og:image:height\" content=\"116\" \/>\n\t<meta property=\"og:image:type\" content=\"image\/jpeg\" \/>\n<meta name=\"author\" content=\"isanchezmejias\" \/>\n<meta name=\"twitter:card\" content=\"summary_large_image\" \/>\n<meta name=\"twitter:label1\" content=\"Escrito por\" \/>\n\t<meta name=\"twitter:data1\" content=\"isanchezmejias\" \/>\n\t<meta name=\"twitter:label2\" content=\"Tiempo de lectura\" \/>\n\t<meta name=\"twitter:data2\" content=\"3 minutos\" \/>\n<script type=\"application\/ld+json\" class=\"yoast-schema-graph\">{\"@context\":\"https:\\\/\\\/schema.org\",\"@graph\":[{\"@type\":\"Article\",\"@id\":\"https:\\\/\\\/www.ignaciosanchezmejias.es\\\/index.php\\\/2017\\\/12\\\/30\\\/ganaderias-para-la-feria-de-abril-2018\\\/#article\",\"isPartOf\":{\"@id\":\"https:\\\/\\\/www.ignaciosanchezmejias.es\\\/index.php\\\/2017\\\/12\\\/30\\\/ganaderias-para-la-feria-de-abril-2018\\\/\"},\"author\":{\"name\":\"isanchezmejias\",\"@id\":\"https:\\\/\\\/www.ignaciosanchezmejias.es\\\/#\\\/schema\\\/person\\\/494d20bda3404108c02016d5e608fc65\"},\"headline\":\"Ganader\u00edas para la Feria de abril 2018\",\"datePublished\":\"2017-12-30T15:58:09+00:00\",\"dateModified\":\"2021-03-17T13:03:16+00:00\",\"mainEntityOfPage\":{\"@id\":\"https:\\\/\\\/www.ignaciosanchezmejias.es\\\/index.php\\\/2017\\\/12\\\/30\\\/ganaderias-para-la-feria-de-abril-2018\\\/\"},\"wordCount\":588,\"commentCount\":0,\"publisher\":{\"@id\":\"https:\\\/\\\/www.ignaciosanchezmejias.es\\\/#\\\/schema\\\/person\\\/494d20bda3404108c02016d5e608fc65\"},\"image\":{\"@id\":\"https:\\\/\\\/www.ignaciosanchezmejias.es\\\/index.php\\\/2017\\\/12\\\/30\\\/ganaderias-para-la-feria-de-abril-2018\\\/#primaryimage\"},\"thumbnailUrl\":\"https:\\\/\\\/www.ignaciosanchezmejias.es\\\/wp-content\\\/uploads\\\/2020\\\/12\\\/2016-Maestranza.jpg\",\"keywords\":[\"Empresa Pag\u00e9s\",\"Ganader\u00edas\"],\"articleSection\":[\"Abono Sevilla 2018\"],\"inLanguage\":\"es\",\"potentialAction\":[{\"@type\":\"CommentAction\",\"name\":\"Comment\",\"target\":[\"https:\\\/\\\/www.ignaciosanchezmejias.es\\\/index.php\\\/2017\\\/12\\\/30\\\/ganaderias-para-la-feria-de-abril-2018\\\/#respond\"]}]},{\"@type\":\"WebPage\",\"@id\":\"https:\\\/\\\/www.ignaciosanchezmejias.es\\\/index.php\\\/2017\\\/12\\\/30\\\/ganaderias-para-la-feria-de-abril-2018\\\/\",\"url\":\"https:\\\/\\\/www.ignaciosanchezmejias.es\\\/index.php\\\/2017\\\/12\\\/30\\\/ganaderias-para-la-feria-de-abril-2018\\\/\",\"name\":\"Ganader\u00edas para la Feria de abril 2018 - Sitio web de Ignacio S\u00e1nchez-Mej\u00edas Herrero\",\"isPartOf\":{\"@id\":\"https:\\\/\\\/www.ignaciosanchezmejias.es\\\/#website\"},\"primaryImageOfPage\":{\"@id\":\"https:\\\/\\\/www.ignaciosanchezmejias.es\\\/index.php\\\/2017\\\/12\\\/30\\\/ganaderias-para-la-feria-de-abril-2018\\\/#primaryimage\"},\"image\":{\"@id\":\"https:\\\/\\\/www.ignaciosanchezmejias.es\\\/index.php\\\/2017\\\/12\\\/30\\\/ganaderias-para-la-feria-de-abril-2018\\\/#primaryimage\"},\"thumbnailUrl\":\"https:\\\/\\\/www.ignaciosanchezmejias.es\\\/wp-content\\\/uploads\\\/2020\\\/12\\\/2016-Maestranza.jpg\",\"datePublished\":\"2017-12-30T15:58:09+00:00\",\"dateModified\":\"2021-03-17T13:03:16+00:00\",\"breadcrumb\":{\"@id\":\"https:\\\/\\\/www.ignaciosanchezmejias.es\\\/index.php\\\/2017\\\/12\\\/30\\\/ganaderias-para-la-feria-de-abril-2018\\\/#breadcrumb\"},\"inLanguage\":\"es\",\"potentialAction\":[{\"@type\":\"ReadAction\",\"target\":[\"https:\\\/\\\/www.ignaciosanchezmejias.es\\\/index.php\\\/2017\\\/12\\\/30\\\/ganaderias-para-la-feria-de-abril-2018\\\/\"]}]},{\"@type\":\"ImageObject\",\"inLanguage\":\"es\",\"@id\":\"https:\\\/\\\/www.ignaciosanchezmejias.es\\\/index.php\\\/2017\\\/12\\\/30\\\/ganaderias-para-la-feria-de-abril-2018\\\/#primaryimage\",\"url\":\"https:\\\/\\\/www.ignaciosanchezmejias.es\\\/wp-content\\\/uploads\\\/2020\\\/12\\\/2016-Maestranza.jpg\",\"contentUrl\":\"https:\\\/\\\/www.ignaciosanchezmejias.es\\\/wp-content\\\/uploads\\\/2020\\\/12\\\/2016-Maestranza.jpg\",\"width\":196,\"height\":116},{\"@type\":\"BreadcrumbList\",\"@id\":\"https:\\\/\\\/www.ignaciosanchezmejias.es\\\/index.php\\\/2017\\\/12\\\/30\\\/ganaderias-para-la-feria-de-abril-2018\\\/#breadcrumb\",\"itemListElement\":[{\"@type\":\"ListItem\",\"position\":1,\"name\":\"Portada\",\"item\":\"https:\\\/\\\/www.ignaciosanchezmejias.es\\\/\"},{\"@type\":\"ListItem\",\"position\":2,\"name\":\"Ganader\u00edas para la Feria de abril 2018\"}]},{\"@type\":\"WebSite\",\"@id\":\"https:\\\/\\\/www.ignaciosanchezmejias.es\\\/#website\",\"url\":\"https:\\\/\\\/www.ignaciosanchezmejias.es\\\/\",\"name\":\"Blog de Ignacio S\u00e1nchez-Mej\u00edas\",\"description\":\"Sitio personal ISM\",\"publisher\":{\"@id\":\"https:\\\/\\\/www.ignaciosanchezmejias.es\\\/#\\\/schema\\\/person\\\/494d20bda3404108c02016d5e608fc65\"},\"potentialAction\":[{\"@type\":\"SearchAction\",\"target\":{\"@type\":\"EntryPoint\",\"urlTemplate\":\"https:\\\/\\\/www.ignaciosanchezmejias.es\\\/?s={search_term_string}\"},\"query-input\":{\"@type\":\"PropertyValueSpecification\",\"valueRequired\":true,\"valueName\":\"search_term_string\"}}],\"inLanguage\":\"es\"},{\"@type\":[\"Person\",\"Organization\"],\"@id\":\"https:\\\/\\\/www.ignaciosanchezmejias.es\\\/#\\\/schema\\\/person\\\/494d20bda3404108c02016d5e608fc65\",\"name\":\"isanchezmejias\",\"image\":{\"@type\":\"ImageObject\",\"inLanguage\":\"es\",\"@id\":\"https:\\\/\\\/www.ignaciosanchezmejias.es\\\/wp-content\\\/uploads\\\/2020\\\/06\\\/cropped-Yo-antes.jpg\",\"url\":\"https:\\\/\\\/www.ignaciosanchezmejias.es\\\/wp-content\\\/uploads\\\/2020\\\/06\\\/cropped-Yo-antes.jpg\",\"contentUrl\":\"https:\\\/\\\/www.ignaciosanchezmejias.es\\\/wp-content\\\/uploads\\\/2020\\\/06\\\/cropped-Yo-antes.jpg\",\"width\":681,\"height\":482,\"caption\":\"isanchezmejias\"},\"logo\":{\"@id\":\"https:\\\/\\\/www.ignaciosanchezmejias.es\\\/wp-content\\\/uploads\\\/2020\\\/06\\\/cropped-Yo-antes.jpg\"},\"sameAs\":[\"https:\\\/\\\/www.ignaciosanchezmejias.es\"],\"url\":\"https:\\\/\\\/www.ignaciosanchezmejias.es\\\/index.php\\\/author\\\/isanchezmejias\\\/\"}]}<\/script>\n<!-- \/ Yoast SEO plugin. -->","yoast_head_json":{"title":"Ganader\u00edas para la Feria de abril 2018 - Sitio web de Ignacio S\u00e1nchez-Mej\u00edas Herrero","robots":{"index":"index","follow":"follow","max-snippet":"max-snippet:-1","max-image-preview":"max-image-preview:large","max-video-preview":"max-video-preview:-1"},"canonical":"https:\/\/www.ignaciosanchezmejias.es\/index.php\/2017\/12\/30\/ganaderias-para-la-feria-de-abril-2018\/","og_locale":"es_ES","og_type":"article","og_title":"Ganader\u00edas para la Feria de abril 2018 - Sitio web de Ignacio S\u00e1nchez-Mej\u00edas Herrero","og_description":"Nos enteramos por los medios de comunicaci\u00f3n, que para eso est\u00e1n, de las ganader\u00edas contratadas por la empresa de Sevilla para la Feria de abril de 2018. Aunque la empresa inform\u00f3 de ello en las redes sociales, aun no figuran en su p\u00e1gina web ni a los abonados aun no nos ha llegado la tradicional [&hellip;]","og_url":"https:\/\/www.ignaciosanchezmejias.es\/index.php\/2017\/12\/30\/ganaderias-para-la-feria-de-abril-2018\/","og_site_name":"Sitio web de Ignacio S\u00e1nchez-Mej\u00edas Herrero","article_published_time":"2017-12-30T15:58:09+00:00","article_modified_time":"2021-03-17T13:03:16+00:00","og_image":[{"width":196,"height":116,"url":"https:\/\/www.ignaciosanchezmejias.es\/wp-content\/uploads\/2020\/12\/2016-Maestranza.jpg","type":"image\/jpeg"}],"author":"isanchezmejias","twitter_card":"summary_large_image","twitter_misc":{"Escrito por":"isanchezmejias","Tiempo de lectura":"3 minutos"},"schema":{"@context":"https:\/\/schema.org","@graph":[{"@type":"Article","@id":"https:\/\/www.ignaciosanchezmejias.es\/index.php\/2017\/12\/30\/ganaderias-para-la-feria-de-abril-2018\/#article","isPartOf":{"@id":"https:\/\/www.ignaciosanchezmejias.es\/index.php\/2017\/12\/30\/ganaderias-para-la-feria-de-abril-2018\/"},"author":{"name":"isanchezmejias","@id":"https:\/\/www.ignaciosanchezmejias.es\/#\/schema\/person\/494d20bda3404108c02016d5e608fc65"},"headline":"Ganader\u00edas para la Feria de abril 2018","datePublished":"2017-12-30T15:58:09+00:00","dateModified":"2021-03-17T13:03:16+00:00","mainEntityOfPage":{"@id":"https:\/\/www.ignaciosanchezmejias.es\/index.php\/2017\/12\/30\/ganaderias-para-la-feria-de-abril-2018\/"},"wordCount":588,"commentCount":0,"publisher":{"@id":"https:\/\/www.ignaciosanchezmejias.es\/#\/schema\/person\/494d20bda3404108c02016d5e608fc65"},"image":{"@id":"https:\/\/www.ignaciosanchezmejias.es\/index.php\/2017\/12\/30\/ganaderias-para-la-feria-de-abril-2018\/#primaryimage"},"thumbnailUrl":"https:\/\/www.ignaciosanchezmejias.es\/wp-content\/uploads\/2020\/12\/2016-Maestranza.jpg","keywords":["Empresa Pag\u00e9s","Ganader\u00edas"],"articleSection":["Abono Sevilla 2018"],"inLanguage":"es","potentialAction":[{"@type":"CommentAction","name":"Comment","target":["https:\/\/www.ignaciosanchezmejias.es\/index.php\/2017\/12\/30\/ganaderias-para-la-feria-de-abril-2018\/#respond"]}]},{"@type":"WebPage","@id":"https:\/\/www.ignaciosanchezmejias.es\/index.php\/2017\/12\/30\/ganaderias-para-la-feria-de-abril-2018\/","url":"https:\/\/www.ignaciosanchezmejias.es\/index.php\/2017\/12\/30\/ganaderias-para-la-feria-de-abril-2018\/","name":"Ganader\u00edas para la Feria de abril 2018 - Sitio web de Ignacio S\u00e1nchez-Mej\u00edas Herrero","isPartOf":{"@id":"https:\/\/www.ignaciosanchezmejias.es\/#website"},"primaryImageOfPage":{"@id":"https:\/\/www.ignaciosanchezmejias.es\/index.php\/2017\/12\/30\/ganaderias-para-la-feria-de-abril-2018\/#primaryimage"},"image":{"@id":"https:\/\/www.ignaciosanchezmejias.es\/index.php\/2017\/12\/30\/ganaderias-para-la-feria-de-abril-2018\/#primaryimage"},"thumbnailUrl":"https:\/\/www.ignaciosanchezmejias.es\/wp-content\/uploads\/2020\/12\/2016-Maestranza.jpg","datePublished":"2017-12-30T15:58:09+00:00","dateModified":"2021-03-17T13:03:16+00:00","breadcrumb":{"@id":"https:\/\/www.ignaciosanchezmejias.es\/index.php\/2017\/12\/30\/ganaderias-para-la-feria-de-abril-2018\/#breadcrumb"},"inLanguage":"es","potentialAction":[{"@type":"ReadAction","target":["https:\/\/www.ignaciosanchezmejias.es\/index.php\/2017\/12\/30\/ganaderias-para-la-feria-de-abril-2018\/"]}]},{"@type":"ImageObject","inLanguage":"es","@id":"https:\/\/www.ignaciosanchezmejias.es\/index.php\/2017\/12\/30\/ganaderias-para-la-feria-de-abril-2018\/#primaryimage","url":"https:\/\/www.ignaciosanchezmejias.es\/wp-content\/uploads\/2020\/12\/2016-Maestranza.jpg","contentUrl":"https:\/\/www.ignaciosanchezmejias.es\/wp-content\/uploads\/2020\/12\/2016-Maestranza.jpg","width":196,"height":116},{"@type":"BreadcrumbList","@id":"https:\/\/www.ignaciosanchezmejias.es\/index.php\/2017\/12\/30\/ganaderias-para-la-feria-de-abril-2018\/#breadcrumb","itemListElement":[{"@type":"ListItem","position":1,"name":"Portada","item":"https:\/\/www.ignaciosanchezmejias.es\/"},{"@type":"ListItem","position":2,"name":"Ganader\u00edas para la Feria de abril 2018"}]},{"@type":"WebSite","@id":"https:\/\/www.ignaciosanchezmejias.es\/#website","url":"https:\/\/www.ignaciosanchezmejias.es\/","name":"Blog de Ignacio S\u00e1nchez-Mej\u00edas","description":"Sitio personal ISM","publisher":{"@id":"https:\/\/www.ignaciosanchezmejias.es\/#\/schema\/person\/494d20bda3404108c02016d5e608fc65"},"potentialAction":[{"@type":"SearchAction","target":{"@type":"EntryPoint","urlTemplate":"https:\/\/www.ignaciosanchezmejias.es\/?s={search_term_string}"},"query-input":{"@type":"PropertyValueSpecification","valueRequired":true,"valueName":"search_term_string"}}],"inLanguage":"es"},{"@type":["Person","Organization"],"@id":"https:\/\/www.ignaciosanchezmejias.es\/#\/schema\/person\/494d20bda3404108c02016d5e608fc65","name":"isanchezmejias","image":{"@type":"ImageObject","inLanguage":"es","@id":"https:\/\/www.ignaciosanchezmejias.es\/wp-content\/uploads\/2020\/06\/cropped-Yo-antes.jpg","url":"https:\/\/www.ignaciosanchezmejias.es\/wp-content\/uploads\/2020\/06\/cropped-Yo-antes.jpg","contentUrl":"https:\/\/www.ignaciosanchezmejias.es\/wp-content\/uploads\/2020\/06\/cropped-Yo-antes.jpg","width":681,"height":482,"caption":"isanchezmejias"},"logo":{"@id":"https:\/\/www.ignaciosanchezmejias.es\/wp-content\/uploads\/2020\/06\/cropped-Yo-antes.jpg"},"sameAs":["https:\/\/www.ignaciosanchezmejias.es"],"url":"https:\/\/www.ignaciosanchezmejias.es\/index.php\/author\/isanchezmejias\/"}]}},"_links":{"self":[{"href":"https:\/\/www.ignaciosanchezmejias.es\/index.php\/wp-json\/wp\/v2\/posts\/624","targetHints":{"allow":["GET"]}}],"collection":[{"href":"https:\/\/www.ignaciosanchezmejias.es\/index.php\/wp-json\/wp\/v2\/posts"}],"about":[{"href":"https:\/\/www.ignaciosanchezmejias.es\/index.php\/wp-json\/wp\/v2\/types\/post"}],"author":[{"embeddable":true,"href":"https:\/\/www.ignaciosanchezmejias.es\/index.php\/wp-json\/wp\/v2\/users\/1"}],"replies":[{"embeddable":true,"href":"https:\/\/www.ignaciosanchezmejias.es\/index.php\/wp-json\/wp\/v2\/comments?post=624"}],"version-history":[{"count":1,"href":"https:\/\/www.ignaciosanchezmejias.es\/index.php\/wp-json\/wp\/v2\/posts\/624\/revisions"}],"predecessor-version":[{"id":626,"href":"https:\/\/www.ignaciosanchezmejias.es\/index.php\/wp-json\/wp\/v2\/posts\/624\/revisions\/626"}],"wp:featuredmedia":[{"embeddable":true,"href":"https:\/\/www.ignaciosanchezmejias.es\/index.php\/wp-json\/wp\/v2\/media\/625"}],"wp:attachment":[{"href":"https:\/\/www.ignaciosanchezmejias.es\/index.php\/wp-json\/wp\/v2\/media?parent=624"}],"wp:term":[{"taxonomy":"category","embeddable":true,"href":"https:\/\/www.ignaciosanchezmejias.es\/index.php\/wp-json\/wp\/v2\/categories?post=624"},{"taxonomy":"post_tag","embeddable":true,"href":"https:\/\/www.ignaciosanchezmejias.es\/index.php\/wp-json\/wp\/v2\/tags?post=624"}],"curies":[{"name":"wp","href":"https:\/\/api.w.org\/{rel}","templated":true}]}}