{"id":617,"date":"2018-01-10T13:02:56","date_gmt":"2018-01-10T13:02:56","guid":{"rendered":"https:\/\/www.ignaciosanchezmejias.es\/?p=617"},"modified":"2020-12-28T18:39:25","modified_gmt":"2020-12-28T18:39:25","slug":"ha-muerto-luis-ortega","status":"publish","type":"post","link":"https:\/\/www.ignaciosanchezmejias.es\/index.php\/2018\/01\/10\/ha-muerto-luis-ortega\/","title":{"rendered":"Ha muerto Luis Ortega"},"content":{"rendered":"\n<p>Luis Ortega era un veterano cr\u00edtico de El Puerto de Santa Mar\u00eda. Corresponsal, delegado, representante y alma durante muchos a\u00f1os de la reci\u00e9n nacida entonces, revista Aplausos en la zona. Desde su fundaci\u00f3n se encarg\u00f3 de hacer unas cr\u00f3nicas magn\u00edficas de los festejos taurinos, que eran la delicia de los lectores. Tambi\u00e9n se buscaba sus fuentes de ingresos contratando la publicidad de las mismas. Recuerdo que todas las cr\u00f3nicas iban enmarcadas siempre con varios ejemplares del \u201cToro de Osborne\u201d, lo que las hac\u00eda m\u00e1s atractivas.<\/p>\n\n\n\n<p>Pero Luis fue, sobre todo, amigo de mi padre. Manten\u00edan todas las noches largas charlas telef\u00f3nicas. Cuando llamaba Luis ya sab\u00edamos que nos ten\u00edamos que ir a estudiar, o que ten\u00edamos que estar una hora con la tele bajita, si no quer\u00edamos ver c\u00f3mo la mandaban apagar. Mi padre no era mucho de hablar de toros, y no s\u00e9 qu\u00e9 tendr\u00eda Luis Ortega para alargar estas conversaciones diarias. En estas interminables charlas me enteraba de muchas cosas que pasaban y que iban a pasar en el mundo taurino. Cuando mi padre estaba en El Puerto, estas tertulia se trasladaban a casa y eran m\u00e1s amenas. Desgraciadamente, desde que muri\u00f3 mi padre perdimos el contacto.<\/p>\n\n\n\n<p>Luis era una persona muy peculiar y muy ocurrente. A \u00e9l le escuch\u00e9 una certera sentencia taurina. En una corrida televisada, recuerdo en un toro de Palomo, en el que estaba fatal, el comentarista, para aliviar un poco la complicada lidia dijo: \u201cTenemos cerca de nosotros al cr\u00edtico taurino Luis Ortega al que vamos a preguntar. Luis \u00bfNos podr\u00edas dar tu opini\u00f3n t\u00e9cnica sobre el toro? Y \u00e9l con ese habla andaluza inconfundible s\u00f3lo dijo: \u201cDesde que lo vi salir dije por la burra viene\u201d. El comentarista se qued\u00f3 sin habla, y s\u00f3lo pudo decir que ah\u00ed quedaba el comentario t\u00e9cnico sobre la lidia. He repetido esta sentencia con frecuencia, en muchos \u00e1mbitos de mi vida profesional, y siempre recordaba a Luis Ortega.<\/p>\n\n\n\n<p>Desde aqu\u00ed quiero dar mi m\u00e1s sentido p\u00e9same a sus familiares, amigos y allegados. Descanse en paz el querido Luis.<\/p>\n","protected":false},"excerpt":{"rendered":"<p>Luis Ortega era un veterano cr\u00edtico de El Puerto de Santa Mar\u00eda. Corresponsal, delegado, representante y alma durante muchos a\u00f1os de la reci\u00e9n nacida entonces, revista Aplausos en la zona. Desde su fundaci\u00f3n se encarg\u00f3 de hacer unas cr\u00f3nicas magn\u00edficas de los festejos taurinos, que eran la delicia de los lectores. Tambi\u00e9n se buscaba sus [&hellip;]<\/p>\n","protected":false},"author":1,"featured_media":618,"comment_status":"open","ping_status":"open","sticky":false,"template":"","format":"standard","meta":{"footnotes":""},"categories":[5],"tags":[175],"class_list":["post-617","post","type-post","status-publish","format-standard","has-post-thumbnail","hentry","category-general","tag-luis-ortega"],"yoast_head":"<!-- This site is optimized with the Yoast SEO plugin v27.4 - https:\/\/yoast.com\/product\/yoast-seo-wordpress\/ -->\n<title>Ha muerto Luis Ortega - Sitio web de Ignacio S\u00e1nchez-Mej\u00edas Herrero<\/title>\n<meta name=\"robots\" content=\"index, follow, max-snippet:-1, max-image-preview:large, max-video-preview:-1\" \/>\n<link rel=\"canonical\" href=\"https:\/\/www.ignaciosanchezmejias.es\/index.php\/2018\/01\/10\/ha-muerto-luis-ortega\/\" \/>\n<meta property=\"og:locale\" content=\"es_ES\" \/>\n<meta property=\"og:type\" content=\"article\" \/>\n<meta property=\"og:title\" content=\"Ha muerto Luis Ortega - Sitio web de Ignacio S\u00e1nchez-Mej\u00edas Herrero\" \/>\n<meta property=\"og:description\" content=\"Luis Ortega era un veterano cr\u00edtico de El Puerto de Santa Mar\u00eda. Corresponsal, delegado, representante y alma durante muchos a\u00f1os de la reci\u00e9n nacida entonces, revista Aplausos en la zona. Desde su fundaci\u00f3n se encarg\u00f3 de hacer unas cr\u00f3nicas magn\u00edficas de los festejos taurinos, que eran la delicia de los lectores. Tambi\u00e9n se buscaba sus [&hellip;]\" \/>\n<meta property=\"og:url\" content=\"https:\/\/www.ignaciosanchezmejias.es\/index.php\/2018\/01\/10\/ha-muerto-luis-ortega\/\" \/>\n<meta property=\"og:site_name\" content=\"Sitio web de Ignacio S\u00e1nchez-Mej\u00edas Herrero\" \/>\n<meta property=\"article:published_time\" content=\"2018-01-10T13:02:56+00:00\" \/>\n<meta property=\"article:modified_time\" content=\"2020-12-28T18:39:25+00:00\" \/>\n<meta property=\"og:image\" content=\"https:\/\/www.ignaciosanchezmejias.es\/wp-content\/uploads\/2020\/12\/2018-LO-senora-y-madre.jpg\" \/>\n\t<meta property=\"og:image:width\" content=\"970\" \/>\n\t<meta property=\"og:image:height\" content=\"841\" \/>\n\t<meta property=\"og:image:type\" content=\"image\/jpeg\" \/>\n<meta name=\"author\" content=\"isanchezmejias\" \/>\n<meta name=\"twitter:card\" content=\"summary_large_image\" \/>\n<meta name=\"twitter:label1\" content=\"Escrito por\" \/>\n\t<meta name=\"twitter:data1\" content=\"isanchezmejias\" \/>\n\t<meta name=\"twitter:label2\" content=\"Tiempo de lectura\" \/>\n\t<meta name=\"twitter:data2\" content=\"2 minutos\" \/>\n<script type=\"application\/ld+json\" class=\"yoast-schema-graph\">{\"@context\":\"https:\\\/\\\/schema.org\",\"@graph\":[{\"@type\":\"Article\",\"@id\":\"https:\\\/\\\/www.ignaciosanchezmejias.es\\\/index.php\\\/2018\\\/01\\\/10\\\/ha-muerto-luis-ortega\\\/#article\",\"isPartOf\":{\"@id\":\"https:\\\/\\\/www.ignaciosanchezmejias.es\\\/index.php\\\/2018\\\/01\\\/10\\\/ha-muerto-luis-ortega\\\/\"},\"author\":{\"name\":\"isanchezmejias\",\"@id\":\"https:\\\/\\\/www.ignaciosanchezmejias.es\\\/#\\\/schema\\\/person\\\/494d20bda3404108c02016d5e608fc65\"},\"headline\":\"Ha muerto Luis Ortega\",\"datePublished\":\"2018-01-10T13:02:56+00:00\",\"dateModified\":\"2020-12-28T18:39:25+00:00\",\"mainEntityOfPage\":{\"@id\":\"https:\\\/\\\/www.ignaciosanchezmejias.es\\\/index.php\\\/2018\\\/01\\\/10\\\/ha-muerto-luis-ortega\\\/\"},\"wordCount\":375,\"commentCount\":0,\"publisher\":{\"@id\":\"https:\\\/\\\/www.ignaciosanchezmejias.es\\\/#\\\/schema\\\/person\\\/494d20bda3404108c02016d5e608fc65\"},\"image\":{\"@id\":\"https:\\\/\\\/www.ignaciosanchezmejias.es\\\/index.php\\\/2018\\\/01\\\/10\\\/ha-muerto-luis-ortega\\\/#primaryimage\"},\"thumbnailUrl\":\"https:\\\/\\\/www.ignaciosanchezmejias.es\\\/wp-content\\\/uploads\\\/2020\\\/12\\\/2018-LO-senora-y-madre.jpg\",\"keywords\":[\"Luis Ortega\"],\"articleSection\":[\"General\"],\"inLanguage\":\"es\",\"potentialAction\":[{\"@type\":\"CommentAction\",\"name\":\"Comment\",\"target\":[\"https:\\\/\\\/www.ignaciosanchezmejias.es\\\/index.php\\\/2018\\\/01\\\/10\\\/ha-muerto-luis-ortega\\\/#respond\"]}]},{\"@type\":\"WebPage\",\"@id\":\"https:\\\/\\\/www.ignaciosanchezmejias.es\\\/index.php\\\/2018\\\/01\\\/10\\\/ha-muerto-luis-ortega\\\/\",\"url\":\"https:\\\/\\\/www.ignaciosanchezmejias.es\\\/index.php\\\/2018\\\/01\\\/10\\\/ha-muerto-luis-ortega\\\/\",\"name\":\"Ha muerto Luis Ortega - Sitio web de Ignacio S\u00e1nchez-Mej\u00edas Herrero\",\"isPartOf\":{\"@id\":\"https:\\\/\\\/www.ignaciosanchezmejias.es\\\/#website\"},\"primaryImageOfPage\":{\"@id\":\"https:\\\/\\\/www.ignaciosanchezmejias.es\\\/index.php\\\/2018\\\/01\\\/10\\\/ha-muerto-luis-ortega\\\/#primaryimage\"},\"image\":{\"@id\":\"https:\\\/\\\/www.ignaciosanchezmejias.es\\\/index.php\\\/2018\\\/01\\\/10\\\/ha-muerto-luis-ortega\\\/#primaryimage\"},\"thumbnailUrl\":\"https:\\\/\\\/www.ignaciosanchezmejias.es\\\/wp-content\\\/uploads\\\/2020\\\/12\\\/2018-LO-senora-y-madre.jpg\",\"datePublished\":\"2018-01-10T13:02:56+00:00\",\"dateModified\":\"2020-12-28T18:39:25+00:00\",\"breadcrumb\":{\"@id\":\"https:\\\/\\\/www.ignaciosanchezmejias.es\\\/index.php\\\/2018\\\/01\\\/10\\\/ha-muerto-luis-ortega\\\/#breadcrumb\"},\"inLanguage\":\"es\",\"potentialAction\":[{\"@type\":\"ReadAction\",\"target\":[\"https:\\\/\\\/www.ignaciosanchezmejias.es\\\/index.php\\\/2018\\\/01\\\/10\\\/ha-muerto-luis-ortega\\\/\"]}]},{\"@type\":\"ImageObject\",\"inLanguage\":\"es\",\"@id\":\"https:\\\/\\\/www.ignaciosanchezmejias.es\\\/index.php\\\/2018\\\/01\\\/10\\\/ha-muerto-luis-ortega\\\/#primaryimage\",\"url\":\"https:\\\/\\\/www.ignaciosanchezmejias.es\\\/wp-content\\\/uploads\\\/2020\\\/12\\\/2018-LO-senora-y-madre.jpg\",\"contentUrl\":\"https:\\\/\\\/www.ignaciosanchezmejias.es\\\/wp-content\\\/uploads\\\/2020\\\/12\\\/2018-LO-senora-y-madre.jpg\",\"width\":970,\"height\":841,\"caption\":\"Luis Ortega con su mujer y mi madre en la plaza de toros de El Puerto\"},{\"@type\":\"BreadcrumbList\",\"@id\":\"https:\\\/\\\/www.ignaciosanchezmejias.es\\\/index.php\\\/2018\\\/01\\\/10\\\/ha-muerto-luis-ortega\\\/#breadcrumb\",\"itemListElement\":[{\"@type\":\"ListItem\",\"position\":1,\"name\":\"Portada\",\"item\":\"https:\\\/\\\/www.ignaciosanchezmejias.es\\\/\"},{\"@type\":\"ListItem\",\"position\":2,\"name\":\"Ha muerto Luis Ortega\"}]},{\"@type\":\"WebSite\",\"@id\":\"https:\\\/\\\/www.ignaciosanchezmejias.es\\\/#website\",\"url\":\"https:\\\/\\\/www.ignaciosanchezmejias.es\\\/\",\"name\":\"Blog de Ignacio S\u00e1nchez-Mej\u00edas\",\"description\":\"Sitio personal ISM\",\"publisher\":{\"@id\":\"https:\\\/\\\/www.ignaciosanchezmejias.es\\\/#\\\/schema\\\/person\\\/494d20bda3404108c02016d5e608fc65\"},\"potentialAction\":[{\"@type\":\"SearchAction\",\"target\":{\"@type\":\"EntryPoint\",\"urlTemplate\":\"https:\\\/\\\/www.ignaciosanchezmejias.es\\\/?s={search_term_string}\"},\"query-input\":{\"@type\":\"PropertyValueSpecification\",\"valueRequired\":true,\"valueName\":\"search_term_string\"}}],\"inLanguage\":\"es\"},{\"@type\":[\"Person\",\"Organization\"],\"@id\":\"https:\\\/\\\/www.ignaciosanchezmejias.es\\\/#\\\/schema\\\/person\\\/494d20bda3404108c02016d5e608fc65\",\"name\":\"isanchezmejias\",\"image\":{\"@type\":\"ImageObject\",\"inLanguage\":\"es\",\"@id\":\"https:\\\/\\\/www.ignaciosanchezmejias.es\\\/wp-content\\\/uploads\\\/2020\\\/06\\\/cropped-Yo-antes.jpg\",\"url\":\"https:\\\/\\\/www.ignaciosanchezmejias.es\\\/wp-content\\\/uploads\\\/2020\\\/06\\\/cropped-Yo-antes.jpg\",\"contentUrl\":\"https:\\\/\\\/www.ignaciosanchezmejias.es\\\/wp-content\\\/uploads\\\/2020\\\/06\\\/cropped-Yo-antes.jpg\",\"width\":681,\"height\":482,\"caption\":\"isanchezmejias\"},\"logo\":{\"@id\":\"https:\\\/\\\/www.ignaciosanchezmejias.es\\\/wp-content\\\/uploads\\\/2020\\\/06\\\/cropped-Yo-antes.jpg\"},\"sameAs\":[\"https:\\\/\\\/www.ignaciosanchezmejias.es\"],\"url\":\"https:\\\/\\\/www.ignaciosanchezmejias.es\\\/index.php\\\/author\\\/isanchezmejias\\\/\"}]}<\/script>\n<!-- \/ Yoast SEO plugin. -->","yoast_head_json":{"title":"Ha muerto Luis Ortega - Sitio web de Ignacio S\u00e1nchez-Mej\u00edas Herrero","robots":{"index":"index","follow":"follow","max-snippet":"max-snippet:-1","max-image-preview":"max-image-preview:large","max-video-preview":"max-video-preview:-1"},"canonical":"https:\/\/www.ignaciosanchezmejias.es\/index.php\/2018\/01\/10\/ha-muerto-luis-ortega\/","og_locale":"es_ES","og_type":"article","og_title":"Ha muerto Luis Ortega - Sitio web de Ignacio S\u00e1nchez-Mej\u00edas Herrero","og_description":"Luis Ortega era un veterano cr\u00edtico de El Puerto de Santa Mar\u00eda. Corresponsal, delegado, representante y alma durante muchos a\u00f1os de la reci\u00e9n nacida entonces, revista Aplausos en la zona. Desde su fundaci\u00f3n se encarg\u00f3 de hacer unas cr\u00f3nicas magn\u00edficas de los festejos taurinos, que eran la delicia de los lectores. Tambi\u00e9n se buscaba sus [&hellip;]","og_url":"https:\/\/www.ignaciosanchezmejias.es\/index.php\/2018\/01\/10\/ha-muerto-luis-ortega\/","og_site_name":"Sitio web de Ignacio S\u00e1nchez-Mej\u00edas Herrero","article_published_time":"2018-01-10T13:02:56+00:00","article_modified_time":"2020-12-28T18:39:25+00:00","og_image":[{"width":970,"height":841,"url":"https:\/\/www.ignaciosanchezmejias.es\/wp-content\/uploads\/2020\/12\/2018-LO-senora-y-madre.jpg","type":"image\/jpeg"}],"author":"isanchezmejias","twitter_card":"summary_large_image","twitter_misc":{"Escrito por":"isanchezmejias","Tiempo de lectura":"2 minutos"},"schema":{"@context":"https:\/\/schema.org","@graph":[{"@type":"Article","@id":"https:\/\/www.ignaciosanchezmejias.es\/index.php\/2018\/01\/10\/ha-muerto-luis-ortega\/#article","isPartOf":{"@id":"https:\/\/www.ignaciosanchezmejias.es\/index.php\/2018\/01\/10\/ha-muerto-luis-ortega\/"},"author":{"name":"isanchezmejias","@id":"https:\/\/www.ignaciosanchezmejias.es\/#\/schema\/person\/494d20bda3404108c02016d5e608fc65"},"headline":"Ha muerto Luis Ortega","datePublished":"2018-01-10T13:02:56+00:00","dateModified":"2020-12-28T18:39:25+00:00","mainEntityOfPage":{"@id":"https:\/\/www.ignaciosanchezmejias.es\/index.php\/2018\/01\/10\/ha-muerto-luis-ortega\/"},"wordCount":375,"commentCount":0,"publisher":{"@id":"https:\/\/www.ignaciosanchezmejias.es\/#\/schema\/person\/494d20bda3404108c02016d5e608fc65"},"image":{"@id":"https:\/\/www.ignaciosanchezmejias.es\/index.php\/2018\/01\/10\/ha-muerto-luis-ortega\/#primaryimage"},"thumbnailUrl":"https:\/\/www.ignaciosanchezmejias.es\/wp-content\/uploads\/2020\/12\/2018-LO-senora-y-madre.jpg","keywords":["Luis Ortega"],"articleSection":["General"],"inLanguage":"es","potentialAction":[{"@type":"CommentAction","name":"Comment","target":["https:\/\/www.ignaciosanchezmejias.es\/index.php\/2018\/01\/10\/ha-muerto-luis-ortega\/#respond"]}]},{"@type":"WebPage","@id":"https:\/\/www.ignaciosanchezmejias.es\/index.php\/2018\/01\/10\/ha-muerto-luis-ortega\/","url":"https:\/\/www.ignaciosanchezmejias.es\/index.php\/2018\/01\/10\/ha-muerto-luis-ortega\/","name":"Ha muerto Luis Ortega - Sitio web de Ignacio S\u00e1nchez-Mej\u00edas Herrero","isPartOf":{"@id":"https:\/\/www.ignaciosanchezmejias.es\/#website"},"primaryImageOfPage":{"@id":"https:\/\/www.ignaciosanchezmejias.es\/index.php\/2018\/01\/10\/ha-muerto-luis-ortega\/#primaryimage"},"image":{"@id":"https:\/\/www.ignaciosanchezmejias.es\/index.php\/2018\/01\/10\/ha-muerto-luis-ortega\/#primaryimage"},"thumbnailUrl":"https:\/\/www.ignaciosanchezmejias.es\/wp-content\/uploads\/2020\/12\/2018-LO-senora-y-madre.jpg","datePublished":"2018-01-10T13:02:56+00:00","dateModified":"2020-12-28T18:39:25+00:00","breadcrumb":{"@id":"https:\/\/www.ignaciosanchezmejias.es\/index.php\/2018\/01\/10\/ha-muerto-luis-ortega\/#breadcrumb"},"inLanguage":"es","potentialAction":[{"@type":"ReadAction","target":["https:\/\/www.ignaciosanchezmejias.es\/index.php\/2018\/01\/10\/ha-muerto-luis-ortega\/"]}]},{"@type":"ImageObject","inLanguage":"es","@id":"https:\/\/www.ignaciosanchezmejias.es\/index.php\/2018\/01\/10\/ha-muerto-luis-ortega\/#primaryimage","url":"https:\/\/www.ignaciosanchezmejias.es\/wp-content\/uploads\/2020\/12\/2018-LO-senora-y-madre.jpg","contentUrl":"https:\/\/www.ignaciosanchezmejias.es\/wp-content\/uploads\/2020\/12\/2018-LO-senora-y-madre.jpg","width":970,"height":841,"caption":"Luis Ortega con su mujer y mi madre en la plaza de toros de El Puerto"},{"@type":"BreadcrumbList","@id":"https:\/\/www.ignaciosanchezmejias.es\/index.php\/2018\/01\/10\/ha-muerto-luis-ortega\/#breadcrumb","itemListElement":[{"@type":"ListItem","position":1,"name":"Portada","item":"https:\/\/www.ignaciosanchezmejias.es\/"},{"@type":"ListItem","position":2,"name":"Ha muerto Luis Ortega"}]},{"@type":"WebSite","@id":"https:\/\/www.ignaciosanchezmejias.es\/#website","url":"https:\/\/www.ignaciosanchezmejias.es\/","name":"Blog de Ignacio S\u00e1nchez-Mej\u00edas","description":"Sitio personal ISM","publisher":{"@id":"https:\/\/www.ignaciosanchezmejias.es\/#\/schema\/person\/494d20bda3404108c02016d5e608fc65"},"potentialAction":[{"@type":"SearchAction","target":{"@type":"EntryPoint","urlTemplate":"https:\/\/www.ignaciosanchezmejias.es\/?s={search_term_string}"},"query-input":{"@type":"PropertyValueSpecification","valueRequired":true,"valueName":"search_term_string"}}],"inLanguage":"es"},{"@type":["Person","Organization"],"@id":"https:\/\/www.ignaciosanchezmejias.es\/#\/schema\/person\/494d20bda3404108c02016d5e608fc65","name":"isanchezmejias","image":{"@type":"ImageObject","inLanguage":"es","@id":"https:\/\/www.ignaciosanchezmejias.es\/wp-content\/uploads\/2020\/06\/cropped-Yo-antes.jpg","url":"https:\/\/www.ignaciosanchezmejias.es\/wp-content\/uploads\/2020\/06\/cropped-Yo-antes.jpg","contentUrl":"https:\/\/www.ignaciosanchezmejias.es\/wp-content\/uploads\/2020\/06\/cropped-Yo-antes.jpg","width":681,"height":482,"caption":"isanchezmejias"},"logo":{"@id":"https:\/\/www.ignaciosanchezmejias.es\/wp-content\/uploads\/2020\/06\/cropped-Yo-antes.jpg"},"sameAs":["https:\/\/www.ignaciosanchezmejias.es"],"url":"https:\/\/www.ignaciosanchezmejias.es\/index.php\/author\/isanchezmejias\/"}]}},"_links":{"self":[{"href":"https:\/\/www.ignaciosanchezmejias.es\/index.php\/wp-json\/wp\/v2\/posts\/617","targetHints":{"allow":["GET"]}}],"collection":[{"href":"https:\/\/www.ignaciosanchezmejias.es\/index.php\/wp-json\/wp\/v2\/posts"}],"about":[{"href":"https:\/\/www.ignaciosanchezmejias.es\/index.php\/wp-json\/wp\/v2\/types\/post"}],"author":[{"embeddable":true,"href":"https:\/\/www.ignaciosanchezmejias.es\/index.php\/wp-json\/wp\/v2\/users\/1"}],"replies":[{"embeddable":true,"href":"https:\/\/www.ignaciosanchezmejias.es\/index.php\/wp-json\/wp\/v2\/comments?post=617"}],"version-history":[{"count":1,"href":"https:\/\/www.ignaciosanchezmejias.es\/index.php\/wp-json\/wp\/v2\/posts\/617\/revisions"}],"predecessor-version":[{"id":619,"href":"https:\/\/www.ignaciosanchezmejias.es\/index.php\/wp-json\/wp\/v2\/posts\/617\/revisions\/619"}],"wp:featuredmedia":[{"embeddable":true,"href":"https:\/\/www.ignaciosanchezmejias.es\/index.php\/wp-json\/wp\/v2\/media\/618"}],"wp:attachment":[{"href":"https:\/\/www.ignaciosanchezmejias.es\/index.php\/wp-json\/wp\/v2\/media?parent=617"}],"wp:term":[{"taxonomy":"category","embeddable":true,"href":"https:\/\/www.ignaciosanchezmejias.es\/index.php\/wp-json\/wp\/v2\/categories?post=617"},{"taxonomy":"post_tag","embeddable":true,"href":"https:\/\/www.ignaciosanchezmejias.es\/index.php\/wp-json\/wp\/v2\/tags?post=617"}],"curies":[{"name":"wp","href":"https:\/\/api.w.org\/{rel}","templated":true}]}}