{"id":5966,"date":"2021-03-13T07:04:13","date_gmt":"2021-03-13T07:04:13","guid":{"rendered":"https:\/\/www.ignaciosanchezmejias.es\/?p=5966"},"modified":"2021-03-13T09:42:08","modified_gmt":"2021-03-13T09:42:08","slug":"algo-se-nos-escapa","status":"publish","type":"post","link":"https:\/\/www.ignaciosanchezmejias.es\/index.php\/2021\/03\/13\/algo-se-nos-escapa\/","title":{"rendered":"Algo se nos escapa"},"content":{"rendered":"\n<p>Ayer fueron presentados los carteles del abono de Sevilla 2021, los carteles de la pandemia, y esta acapar\u00f3 toda la atenci\u00f3n. La empresa de Sevilla los anuncia la condici\u00f3n indispensable de que el aforo permitido en la plaza sea del 50%, y as\u00ed ha programado la renovaci\u00f3n de los abonos, pero estas condiciones ni se dan en la actualidad, ni parece siquiera posible que se puedan dar a corto plazo.<\/p>\n\n\n\n<p><br>Las autoridades sanitarias de la Junta de Andaluc\u00eda exigen una distancia de separaci\u00f3n entre espectadores de metro y medio, como ya fuimos el a\u00f1o pasado a la magn\u00edficamente organizada corrida en C\u00f3rdoba, y eso en Sevilla ser\u00eda como ocupar fila s\u00ed fila no y dejar tres sitios libres a cada lado. En total como el 12,5% del aforo, unos 1.300 asistentes, muy lejos de las pretensiones de la empresa. Y aunque esto de la pandemia cambia nuestras esperanzas por d\u00edas, no parece posible que la situaci\u00f3n mejore de tal forma para que, en poco m\u00e1s de un mes que falta para el primer festejo, relajen las medidas de ese modo.<\/p>\n\n\n\n<p><br>Por eso dec\u00eda que algo se nos escapa, porque si en Mor\u00f3n programan una corrida con las condiciones actuales del metro y medio de distancia, no entiendo como una semana despu\u00e9s Sevilla programe otra corrida con el 50% del aforo. Como no parece posible dar los festejos de Sevilla en estas condiciones, algo tiene que saber la empresa de Sevilla para presentar un abono y exigir unos dineros para unos festejos que, de momento, no se pueden celebrar. Quiz\u00e1s la presencia del delegado del gobierno de la Junta, D. Ricardo S\u00e1nchez, descubriendo los carteles junto al Sr. Valencia, nos de una pista de lo que se nos escapa. <\/p>\n\n\n\n<p><br>Ahora viene el drama de los abonados que han recibido una carta indic\u00e1ndoles que o pagan a partir del pr\u00f3ximo lunes 15 de marzo y hasta el 25, o pierden los abonos, y que, si tienen dos s\u00f3lo pueden sacar uno (quedando el otro reservado para cuando la cosa se normalice y volvamos al 100%), y que se procurar\u00e1 buscarle otra entrada cercana de las que est\u00e9n disponibles si lo desean. Pero la decisi\u00f3n ahora est\u00e1 en pagar el lunes aun a sabiendas de que existe una alt\u00edsima probabilidad de que no se den estos festejos en esas fechas, o perder el abono. Hay que decidirse. Porque despu\u00e9s veremos cu\u00e1ndo pueden devolver el dinero, ya que seg\u00fan creo que est\u00e1 actualmente la normativa, hasta que no se programen en fecha distinta y el espectador lo solicite o no se suspenda definitivamente el mismo, no hay obligaci\u00f3n de devolver los dineros. Un lio.<br><\/p>\n\n\n\n<p>De los toros y toreros hablaremos otro d\u00eda \u00a1C\u00f3mo est\u00e1 la cosa!<\/p>\n\n\n\n<p><br><a rel=\"noreferrer noopener\" href=\"https:\/\/twitter.com\/isanchezmejias\" target=\"_blank\">@isanchezmejias<\/a> <\/p>\n","protected":false},"excerpt":{"rendered":"<p>Ayer fueron presentados los carteles del abono de Sevilla 2021, los carteles de la pandemia, y esta acapar\u00f3 toda la atenci\u00f3n. La empresa de Sevilla los anuncia la condici\u00f3n indispensable de que el aforo permitido en la plaza sea del 50%, y as\u00ed ha programado la renovaci\u00f3n de los abonos, pero estas condiciones ni se [&hellip;]<\/p>\n","protected":false},"author":1,"featured_media":5967,"comment_status":"open","ping_status":"open","sticky":false,"template":"","format":"standard","meta":{"footnotes":""},"categories":[504],"tags":[274,103],"class_list":["post-5966","post","type-post","status-publish","format-standard","has-post-thumbnail","hentry","category-abono-sevilla-2021","tag-empresa-pages","tag-empresa-sevilla-pages"],"yoast_head":"<!-- This site is optimized with the Yoast SEO plugin v27.5 - https:\/\/yoast.com\/product\/yoast-seo-wordpress\/ -->\n<title>Algo se nos escapa - Sitio web de Ignacio S\u00e1nchez-Mej\u00edas Herrero<\/title>\n<meta name=\"robots\" content=\"index, follow, max-snippet:-1, max-image-preview:large, max-video-preview:-1\" \/>\n<link rel=\"canonical\" href=\"https:\/\/www.ignaciosanchezmejias.es\/index.php\/2021\/03\/13\/algo-se-nos-escapa\/\" \/>\n<meta property=\"og:locale\" content=\"es_ES\" \/>\n<meta property=\"og:type\" content=\"article\" \/>\n<meta property=\"og:title\" content=\"Algo se nos escapa - Sitio web de Ignacio S\u00e1nchez-Mej\u00edas Herrero\" \/>\n<meta property=\"og:description\" content=\"Ayer fueron presentados los carteles del abono de Sevilla 2021, los carteles de la pandemia, y esta acapar\u00f3 toda la atenci\u00f3n. La empresa de Sevilla los anuncia la condici\u00f3n indispensable de que el aforo permitido en la plaza sea del 50%, y as\u00ed ha programado la renovaci\u00f3n de los abonos, pero estas condiciones ni se [&hellip;]\" \/>\n<meta property=\"og:url\" content=\"https:\/\/www.ignaciosanchezmejias.es\/index.php\/2021\/03\/13\/algo-se-nos-escapa\/\" \/>\n<meta property=\"og:site_name\" content=\"Sitio web de Ignacio S\u00e1nchez-Mej\u00edas Herrero\" \/>\n<meta property=\"article:published_time\" content=\"2021-03-13T07:04:13+00:00\" \/>\n<meta property=\"article:modified_time\" content=\"2021-03-13T09:42:08+00:00\" \/>\n<meta property=\"og:image\" content=\"https:\/\/www.ignaciosanchezmejias.es\/wp-content\/uploads\/2021\/03\/Carteles-2021.jpg\" \/>\n\t<meta property=\"og:image:width\" content=\"1536\" \/>\n\t<meta property=\"og:image:height\" content=\"1183\" \/>\n\t<meta property=\"og:image:type\" content=\"image\/jpeg\" \/>\n<meta name=\"author\" content=\"isanchezmejias\" \/>\n<meta name=\"twitter:card\" content=\"summary_large_image\" \/>\n<meta name=\"twitter:label1\" content=\"Escrito por\" \/>\n\t<meta name=\"twitter:data1\" content=\"isanchezmejias\" \/>\n\t<meta name=\"twitter:label2\" content=\"Tiempo de lectura\" \/>\n\t<meta name=\"twitter:data2\" content=\"2 minutos\" \/>\n<script type=\"application\/ld+json\" class=\"yoast-schema-graph\">{\"@context\":\"https:\\\/\\\/schema.org\",\"@graph\":[{\"@type\":\"Article\",\"@id\":\"https:\\\/\\\/www.ignaciosanchezmejias.es\\\/index.php\\\/2021\\\/03\\\/13\\\/algo-se-nos-escapa\\\/#article\",\"isPartOf\":{\"@id\":\"https:\\\/\\\/www.ignaciosanchezmejias.es\\\/index.php\\\/2021\\\/03\\\/13\\\/algo-se-nos-escapa\\\/\"},\"author\":{\"name\":\"isanchezmejias\",\"@id\":\"https:\\\/\\\/www.ignaciosanchezmejias.es\\\/#\\\/schema\\\/person\\\/494d20bda3404108c02016d5e608fc65\"},\"headline\":\"Algo se nos escapa\",\"datePublished\":\"2021-03-13T07:04:13+00:00\",\"dateModified\":\"2021-03-13T09:42:08+00:00\",\"mainEntityOfPage\":{\"@id\":\"https:\\\/\\\/www.ignaciosanchezmejias.es\\\/index.php\\\/2021\\\/03\\\/13\\\/algo-se-nos-escapa\\\/\"},\"wordCount\":478,\"commentCount\":1,\"publisher\":{\"@id\":\"https:\\\/\\\/www.ignaciosanchezmejias.es\\\/#\\\/schema\\\/person\\\/494d20bda3404108c02016d5e608fc65\"},\"image\":{\"@id\":\"https:\\\/\\\/www.ignaciosanchezmejias.es\\\/index.php\\\/2021\\\/03\\\/13\\\/algo-se-nos-escapa\\\/#primaryimage\"},\"thumbnailUrl\":\"https:\\\/\\\/www.ignaciosanchezmejias.es\\\/wp-content\\\/uploads\\\/2021\\\/03\\\/Carteles-2021.jpg\",\"keywords\":[\"Empresa Pag\u00e9s\",\"Empresa Sevilla Pag\u00e9s\"],\"articleSection\":[\"Abono Sevilla 2021\"],\"inLanguage\":\"es\",\"potentialAction\":[{\"@type\":\"CommentAction\",\"name\":\"Comment\",\"target\":[\"https:\\\/\\\/www.ignaciosanchezmejias.es\\\/index.php\\\/2021\\\/03\\\/13\\\/algo-se-nos-escapa\\\/#respond\"]}]},{\"@type\":\"WebPage\",\"@id\":\"https:\\\/\\\/www.ignaciosanchezmejias.es\\\/index.php\\\/2021\\\/03\\\/13\\\/algo-se-nos-escapa\\\/\",\"url\":\"https:\\\/\\\/www.ignaciosanchezmejias.es\\\/index.php\\\/2021\\\/03\\\/13\\\/algo-se-nos-escapa\\\/\",\"name\":\"Algo se nos escapa - Sitio web de Ignacio S\u00e1nchez-Mej\u00edas Herrero\",\"isPartOf\":{\"@id\":\"https:\\\/\\\/www.ignaciosanchezmejias.es\\\/#website\"},\"primaryImageOfPage\":{\"@id\":\"https:\\\/\\\/www.ignaciosanchezmejias.es\\\/index.php\\\/2021\\\/03\\\/13\\\/algo-se-nos-escapa\\\/#primaryimage\"},\"image\":{\"@id\":\"https:\\\/\\\/www.ignaciosanchezmejias.es\\\/index.php\\\/2021\\\/03\\\/13\\\/algo-se-nos-escapa\\\/#primaryimage\"},\"thumbnailUrl\":\"https:\\\/\\\/www.ignaciosanchezmejias.es\\\/wp-content\\\/uploads\\\/2021\\\/03\\\/Carteles-2021.jpg\",\"datePublished\":\"2021-03-13T07:04:13+00:00\",\"dateModified\":\"2021-03-13T09:42:08+00:00\",\"breadcrumb\":{\"@id\":\"https:\\\/\\\/www.ignaciosanchezmejias.es\\\/index.php\\\/2021\\\/03\\\/13\\\/algo-se-nos-escapa\\\/#breadcrumb\"},\"inLanguage\":\"es\",\"potentialAction\":[{\"@type\":\"ReadAction\",\"target\":[\"https:\\\/\\\/www.ignaciosanchezmejias.es\\\/index.php\\\/2021\\\/03\\\/13\\\/algo-se-nos-escapa\\\/\"]}]},{\"@type\":\"ImageObject\",\"inLanguage\":\"es\",\"@id\":\"https:\\\/\\\/www.ignaciosanchezmejias.es\\\/index.php\\\/2021\\\/03\\\/13\\\/algo-se-nos-escapa\\\/#primaryimage\",\"url\":\"https:\\\/\\\/www.ignaciosanchezmejias.es\\\/wp-content\\\/uploads\\\/2021\\\/03\\\/Carteles-2021.jpg\",\"contentUrl\":\"https:\\\/\\\/www.ignaciosanchezmejias.es\\\/wp-content\\\/uploads\\\/2021\\\/03\\\/Carteles-2021.jpg\",\"width\":1536,\"height\":1183},{\"@type\":\"BreadcrumbList\",\"@id\":\"https:\\\/\\\/www.ignaciosanchezmejias.es\\\/index.php\\\/2021\\\/03\\\/13\\\/algo-se-nos-escapa\\\/#breadcrumb\",\"itemListElement\":[{\"@type\":\"ListItem\",\"position\":1,\"name\":\"Portada\",\"item\":\"https:\\\/\\\/www.ignaciosanchezmejias.es\\\/\"},{\"@type\":\"ListItem\",\"position\":2,\"name\":\"Algo se nos escapa\"}]},{\"@type\":\"WebSite\",\"@id\":\"https:\\\/\\\/www.ignaciosanchezmejias.es\\\/#website\",\"url\":\"https:\\\/\\\/www.ignaciosanchezmejias.es\\\/\",\"name\":\"Blog de Ignacio S\u00e1nchez-Mej\u00edas\",\"description\":\"Sitio personal ISM\",\"publisher\":{\"@id\":\"https:\\\/\\\/www.ignaciosanchezmejias.es\\\/#\\\/schema\\\/person\\\/494d20bda3404108c02016d5e608fc65\"},\"potentialAction\":[{\"@type\":\"SearchAction\",\"target\":{\"@type\":\"EntryPoint\",\"urlTemplate\":\"https:\\\/\\\/www.ignaciosanchezmejias.es\\\/?s={search_term_string}\"},\"query-input\":{\"@type\":\"PropertyValueSpecification\",\"valueRequired\":true,\"valueName\":\"search_term_string\"}}],\"inLanguage\":\"es\"},{\"@type\":[\"Person\",\"Organization\"],\"@id\":\"https:\\\/\\\/www.ignaciosanchezmejias.es\\\/#\\\/schema\\\/person\\\/494d20bda3404108c02016d5e608fc65\",\"name\":\"isanchezmejias\",\"image\":{\"@type\":\"ImageObject\",\"inLanguage\":\"es\",\"@id\":\"https:\\\/\\\/www.ignaciosanchezmejias.es\\\/wp-content\\\/uploads\\\/2020\\\/06\\\/cropped-Yo-antes.jpg\",\"url\":\"https:\\\/\\\/www.ignaciosanchezmejias.es\\\/wp-content\\\/uploads\\\/2020\\\/06\\\/cropped-Yo-antes.jpg\",\"contentUrl\":\"https:\\\/\\\/www.ignaciosanchezmejias.es\\\/wp-content\\\/uploads\\\/2020\\\/06\\\/cropped-Yo-antes.jpg\",\"width\":681,\"height\":482,\"caption\":\"isanchezmejias\"},\"logo\":{\"@id\":\"https:\\\/\\\/www.ignaciosanchezmejias.es\\\/wp-content\\\/uploads\\\/2020\\\/06\\\/cropped-Yo-antes.jpg\"},\"sameAs\":[\"https:\\\/\\\/www.ignaciosanchezmejias.es\"],\"url\":\"https:\\\/\\\/www.ignaciosanchezmejias.es\\\/index.php\\\/author\\\/isanchezmejias\\\/\"}]}<\/script>\n<!-- \/ Yoast SEO plugin. -->","yoast_head_json":{"title":"Algo se nos escapa - Sitio web de Ignacio S\u00e1nchez-Mej\u00edas Herrero","robots":{"index":"index","follow":"follow","max-snippet":"max-snippet:-1","max-image-preview":"max-image-preview:large","max-video-preview":"max-video-preview:-1"},"canonical":"https:\/\/www.ignaciosanchezmejias.es\/index.php\/2021\/03\/13\/algo-se-nos-escapa\/","og_locale":"es_ES","og_type":"article","og_title":"Algo se nos escapa - Sitio web de Ignacio S\u00e1nchez-Mej\u00edas Herrero","og_description":"Ayer fueron presentados los carteles del abono de Sevilla 2021, los carteles de la pandemia, y esta acapar\u00f3 toda la atenci\u00f3n. La empresa de Sevilla los anuncia la condici\u00f3n indispensable de que el aforo permitido en la plaza sea del 50%, y as\u00ed ha programado la renovaci\u00f3n de los abonos, pero estas condiciones ni se [&hellip;]","og_url":"https:\/\/www.ignaciosanchezmejias.es\/index.php\/2021\/03\/13\/algo-se-nos-escapa\/","og_site_name":"Sitio web de Ignacio S\u00e1nchez-Mej\u00edas Herrero","article_published_time":"2021-03-13T07:04:13+00:00","article_modified_time":"2021-03-13T09:42:08+00:00","og_image":[{"width":1536,"height":1183,"url":"https:\/\/www.ignaciosanchezmejias.es\/wp-content\/uploads\/2021\/03\/Carteles-2021.jpg","type":"image\/jpeg"}],"author":"isanchezmejias","twitter_card":"summary_large_image","twitter_misc":{"Escrito por":"isanchezmejias","Tiempo de lectura":"2 minutos"},"schema":{"@context":"https:\/\/schema.org","@graph":[{"@type":"Article","@id":"https:\/\/www.ignaciosanchezmejias.es\/index.php\/2021\/03\/13\/algo-se-nos-escapa\/#article","isPartOf":{"@id":"https:\/\/www.ignaciosanchezmejias.es\/index.php\/2021\/03\/13\/algo-se-nos-escapa\/"},"author":{"name":"isanchezmejias","@id":"https:\/\/www.ignaciosanchezmejias.es\/#\/schema\/person\/494d20bda3404108c02016d5e608fc65"},"headline":"Algo se nos escapa","datePublished":"2021-03-13T07:04:13+00:00","dateModified":"2021-03-13T09:42:08+00:00","mainEntityOfPage":{"@id":"https:\/\/www.ignaciosanchezmejias.es\/index.php\/2021\/03\/13\/algo-se-nos-escapa\/"},"wordCount":478,"commentCount":1,"publisher":{"@id":"https:\/\/www.ignaciosanchezmejias.es\/#\/schema\/person\/494d20bda3404108c02016d5e608fc65"},"image":{"@id":"https:\/\/www.ignaciosanchezmejias.es\/index.php\/2021\/03\/13\/algo-se-nos-escapa\/#primaryimage"},"thumbnailUrl":"https:\/\/www.ignaciosanchezmejias.es\/wp-content\/uploads\/2021\/03\/Carteles-2021.jpg","keywords":["Empresa Pag\u00e9s","Empresa Sevilla Pag\u00e9s"],"articleSection":["Abono Sevilla 2021"],"inLanguage":"es","potentialAction":[{"@type":"CommentAction","name":"Comment","target":["https:\/\/www.ignaciosanchezmejias.es\/index.php\/2021\/03\/13\/algo-se-nos-escapa\/#respond"]}]},{"@type":"WebPage","@id":"https:\/\/www.ignaciosanchezmejias.es\/index.php\/2021\/03\/13\/algo-se-nos-escapa\/","url":"https:\/\/www.ignaciosanchezmejias.es\/index.php\/2021\/03\/13\/algo-se-nos-escapa\/","name":"Algo se nos escapa - Sitio web de Ignacio S\u00e1nchez-Mej\u00edas Herrero","isPartOf":{"@id":"https:\/\/www.ignaciosanchezmejias.es\/#website"},"primaryImageOfPage":{"@id":"https:\/\/www.ignaciosanchezmejias.es\/index.php\/2021\/03\/13\/algo-se-nos-escapa\/#primaryimage"},"image":{"@id":"https:\/\/www.ignaciosanchezmejias.es\/index.php\/2021\/03\/13\/algo-se-nos-escapa\/#primaryimage"},"thumbnailUrl":"https:\/\/www.ignaciosanchezmejias.es\/wp-content\/uploads\/2021\/03\/Carteles-2021.jpg","datePublished":"2021-03-13T07:04:13+00:00","dateModified":"2021-03-13T09:42:08+00:00","breadcrumb":{"@id":"https:\/\/www.ignaciosanchezmejias.es\/index.php\/2021\/03\/13\/algo-se-nos-escapa\/#breadcrumb"},"inLanguage":"es","potentialAction":[{"@type":"ReadAction","target":["https:\/\/www.ignaciosanchezmejias.es\/index.php\/2021\/03\/13\/algo-se-nos-escapa\/"]}]},{"@type":"ImageObject","inLanguage":"es","@id":"https:\/\/www.ignaciosanchezmejias.es\/index.php\/2021\/03\/13\/algo-se-nos-escapa\/#primaryimage","url":"https:\/\/www.ignaciosanchezmejias.es\/wp-content\/uploads\/2021\/03\/Carteles-2021.jpg","contentUrl":"https:\/\/www.ignaciosanchezmejias.es\/wp-content\/uploads\/2021\/03\/Carteles-2021.jpg","width":1536,"height":1183},{"@type":"BreadcrumbList","@id":"https:\/\/www.ignaciosanchezmejias.es\/index.php\/2021\/03\/13\/algo-se-nos-escapa\/#breadcrumb","itemListElement":[{"@type":"ListItem","position":1,"name":"Portada","item":"https:\/\/www.ignaciosanchezmejias.es\/"},{"@type":"ListItem","position":2,"name":"Algo se nos escapa"}]},{"@type":"WebSite","@id":"https:\/\/www.ignaciosanchezmejias.es\/#website","url":"https:\/\/www.ignaciosanchezmejias.es\/","name":"Blog de Ignacio S\u00e1nchez-Mej\u00edas","description":"Sitio personal ISM","publisher":{"@id":"https:\/\/www.ignaciosanchezmejias.es\/#\/schema\/person\/494d20bda3404108c02016d5e608fc65"},"potentialAction":[{"@type":"SearchAction","target":{"@type":"EntryPoint","urlTemplate":"https:\/\/www.ignaciosanchezmejias.es\/?s={search_term_string}"},"query-input":{"@type":"PropertyValueSpecification","valueRequired":true,"valueName":"search_term_string"}}],"inLanguage":"es"},{"@type":["Person","Organization"],"@id":"https:\/\/www.ignaciosanchezmejias.es\/#\/schema\/person\/494d20bda3404108c02016d5e608fc65","name":"isanchezmejias","image":{"@type":"ImageObject","inLanguage":"es","@id":"https:\/\/www.ignaciosanchezmejias.es\/wp-content\/uploads\/2020\/06\/cropped-Yo-antes.jpg","url":"https:\/\/www.ignaciosanchezmejias.es\/wp-content\/uploads\/2020\/06\/cropped-Yo-antes.jpg","contentUrl":"https:\/\/www.ignaciosanchezmejias.es\/wp-content\/uploads\/2020\/06\/cropped-Yo-antes.jpg","width":681,"height":482,"caption":"isanchezmejias"},"logo":{"@id":"https:\/\/www.ignaciosanchezmejias.es\/wp-content\/uploads\/2020\/06\/cropped-Yo-antes.jpg"},"sameAs":["https:\/\/www.ignaciosanchezmejias.es"],"url":"https:\/\/www.ignaciosanchezmejias.es\/index.php\/author\/isanchezmejias\/"}]}},"_links":{"self":[{"href":"https:\/\/www.ignaciosanchezmejias.es\/index.php\/wp-json\/wp\/v2\/posts\/5966","targetHints":{"allow":["GET"]}}],"collection":[{"href":"https:\/\/www.ignaciosanchezmejias.es\/index.php\/wp-json\/wp\/v2\/posts"}],"about":[{"href":"https:\/\/www.ignaciosanchezmejias.es\/index.php\/wp-json\/wp\/v2\/types\/post"}],"author":[{"embeddable":true,"href":"https:\/\/www.ignaciosanchezmejias.es\/index.php\/wp-json\/wp\/v2\/users\/1"}],"replies":[{"embeddable":true,"href":"https:\/\/www.ignaciosanchezmejias.es\/index.php\/wp-json\/wp\/v2\/comments?post=5966"}],"version-history":[{"count":4,"href":"https:\/\/www.ignaciosanchezmejias.es\/index.php\/wp-json\/wp\/v2\/posts\/5966\/revisions"}],"predecessor-version":[{"id":5973,"href":"https:\/\/www.ignaciosanchezmejias.es\/index.php\/wp-json\/wp\/v2\/posts\/5966\/revisions\/5973"}],"wp:featuredmedia":[{"embeddable":true,"href":"https:\/\/www.ignaciosanchezmejias.es\/index.php\/wp-json\/wp\/v2\/media\/5967"}],"wp:attachment":[{"href":"https:\/\/www.ignaciosanchezmejias.es\/index.php\/wp-json\/wp\/v2\/media?parent=5966"}],"wp:term":[{"taxonomy":"category","embeddable":true,"href":"https:\/\/www.ignaciosanchezmejias.es\/index.php\/wp-json\/wp\/v2\/categories?post=5966"},{"taxonomy":"post_tag","embeddable":true,"href":"https:\/\/www.ignaciosanchezmejias.es\/index.php\/wp-json\/wp\/v2\/tags?post=5966"}],"curies":[{"name":"wp","href":"https:\/\/api.w.org\/{rel}","templated":true}]}}