{"id":5059,"date":"2011-05-19T17:00:00","date_gmt":"2011-05-19T17:00:00","guid":{"rendered":"https:\/\/www.ignaciosanchezmejias.es\/?p=5059"},"modified":"2021-03-29T15:17:04","modified_gmt":"2021-03-29T15:17:04","slug":"cuvillos-en-madrid-casi-2a","status":"publish","type":"post","link":"https:\/\/www.ignaciosanchezmejias.es\/index.php\/2011\/05\/19\/cuvillos-en-madrid-casi-2a\/","title":{"rendered":"Cuvillos en Madrid, casi 2\u00aa"},"content":{"rendered":"\n<p>Decepci\u00f3n al enterarnos por la ma\u00f1ana que la corrida de N\u00fa\u00f1ez del Cuvillo en Madrid, no se lidiar\u00eda completa, s\u00f3lo cuatro toros. Esto es un fracaso en toda regla del ganadero. Seg\u00fan coment\u00f3 \u00e9ste, llev\u00f3 a Madrid seis toros con trap\u00edo suficiente, le aprobaron cuatro. Trajo tres m\u00e1s y le aprobaron el m\u00e1s feo, pero le desaprobaron uno de los admitidos. Cree que le hicieron pagar la mala presentaci\u00f3n de su corrida del domingo anterior. Puede que tenga raz\u00f3n, pero de los cuatro toros lidiados, al menos uno, el primero de Castella, estaba en el l\u00edmite. D. \u00c1lvaro es lo suficientemente inteligente para evitar estas situaciones en el futuro. Si no tiene toros para dos corridas de Madrid, pues que obre en consecuencia, si no, puede morir de \u00e9xito.<\/p>\n\n\n\n<p>La corrida tuvo varios protagonistas. El Juli tore\u00f3 a su \u00fanico Cuvillo como nos tiene acostumbrados, perfecto. El Juli podr\u00e1 no emocionar, pero se\u00f1ores \u00a1Qu\u00e9 muleta! Tore\u00f3 muy por abajo, profundo y largo. Mat\u00f3 con su ya peculiar \u201cjulipi\u00e9\u201d y le dieron una oreja que se protest\u00f3 por una parte de otro protagonista, el p\u00fablico, demasiado festivo ayer.<\/p>\n\n\n\n<p>Otro gran protagonista, Manzanares que est\u00e1 en un momento en que todo lo ve claro y, adem\u00e1s, le sale. Para empezar tore\u00f3 los dos cuvillos, al primero no le hizo la faena que hubiera querido por culpa del t\u00edpico viento de Las Ventas. Pero a su segundo lo tore\u00f3 como suele hacerlo, acompa\u00f1ando con la cintura y ligando, aunque la faena no result\u00f3 redonda. Incluso lo cogi\u00f3 de fea manera, libr\u00e1ndose de la cornada por suerte. Le peg\u00f3 un estoconazo en los medios, recibiendo, que fue un monumento a la suerte suprema. El p\u00fablico festivo le pidi\u00f3 las dos orejas que el presidente (otro protagonista), tan estricto por la ma\u00f1ana con los toros, concedi\u00f3 de forma autom\u00e1tica. Como vimos el d\u00eda anterior, un p\u00fablico emocionado es capaz de cualquier cosa.<\/p>\n\n\n\n<p>Lo de los trofeos no lo vamos a discutir, pero es evidente, que la salida por la puerta grande Talavante del d\u00eda anterior tiene mucho m\u00e1s peso que la de Manzanares. El mismo torero reconoci\u00f3, que la faena no hab\u00eda sido la m\u00e1s art\u00edstica que hab\u00eda hecho, pero que lo hab\u00eda dado todo.<\/p>\n\n\n\n<p>De cualquier forma, San Isidro ha tomado vuelo. Hay orejas, puertas grandes, discusiones y pol\u00e9micas. Eso es la Fiesta.<\/p>\n","protected":false},"excerpt":{"rendered":"<p>Decepci\u00f3n al enterarnos por la ma\u00f1ana que la corrida de N\u00fa\u00f1ez del Cuvillo en Madrid, no se lidiar\u00eda completa, s\u00f3lo cuatro toros. Esto es un fracaso en toda regla del ganadero. Seg\u00fan coment\u00f3 \u00e9ste, llev\u00f3 a Madrid seis toros con trap\u00edo suficiente, le aprobaron cuatro. Trajo tres m\u00e1s y le aprobaron el m\u00e1s feo, pero [&hellip;]<\/p>\n","protected":false},"author":1,"featured_media":5060,"comment_status":"open","ping_status":"open","sticky":false,"template":"","format":"standard","meta":{"footnotes":""},"categories":[5],"tags":[25,329,45,22],"class_list":["post-5059","post","type-post","status-publish","format-standard","has-post-thumbnail","hentry","category-general","tag-el-juli","tag-jose-m-manzanares","tag-nunez-del-cuvillo","tag-sebastian-castella"],"yoast_head":"<!-- This site is optimized with the Yoast SEO plugin v27.4 - https:\/\/yoast.com\/product\/yoast-seo-wordpress\/ -->\n<title>Cuvillos en Madrid, casi 2\u00aa - Sitio web de Ignacio S\u00e1nchez-Mej\u00edas Herrero<\/title>\n<meta name=\"robots\" content=\"index, follow, max-snippet:-1, max-image-preview:large, max-video-preview:-1\" \/>\n<link rel=\"canonical\" href=\"https:\/\/www.ignaciosanchezmejias.es\/index.php\/2011\/05\/19\/cuvillos-en-madrid-casi-2a\/\" \/>\n<meta property=\"og:locale\" content=\"es_ES\" \/>\n<meta property=\"og:type\" content=\"article\" \/>\n<meta property=\"og:title\" content=\"Cuvillos en Madrid, casi 2\u00aa - Sitio web de Ignacio S\u00e1nchez-Mej\u00edas Herrero\" \/>\n<meta property=\"og:description\" content=\"Decepci\u00f3n al enterarnos por la ma\u00f1ana que la corrida de N\u00fa\u00f1ez del Cuvillo en Madrid, no se lidiar\u00eda completa, s\u00f3lo cuatro toros. Esto es un fracaso en toda regla del ganadero. Seg\u00fan coment\u00f3 \u00e9ste, llev\u00f3 a Madrid seis toros con trap\u00edo suficiente, le aprobaron cuatro. Trajo tres m\u00e1s y le aprobaron el m\u00e1s feo, pero [&hellip;]\" \/>\n<meta property=\"og:url\" content=\"https:\/\/www.ignaciosanchezmejias.es\/index.php\/2011\/05\/19\/cuvillos-en-madrid-casi-2a\/\" \/>\n<meta property=\"og:site_name\" content=\"Sitio web de Ignacio S\u00e1nchez-Mej\u00edas Herrero\" \/>\n<meta property=\"article:published_time\" content=\"2011-05-19T17:00:00+00:00\" \/>\n<meta property=\"article:modified_time\" content=\"2021-03-29T15:17:04+00:00\" \/>\n<meta property=\"og:image\" content=\"https:\/\/www.ignaciosanchezmejias.es\/wp-content\/uploads\/2021\/01\/Madrid-Cuvillos-en-Madrid-2a.jpg\" \/>\n\t<meta property=\"og:image:width\" content=\"508\" \/>\n\t<meta property=\"og:image:height\" content=\"337\" \/>\n\t<meta property=\"og:image:type\" content=\"image\/jpeg\" \/>\n<meta name=\"author\" content=\"isanchezmejias\" \/>\n<meta name=\"twitter:card\" content=\"summary_large_image\" \/>\n<meta name=\"twitter:label1\" content=\"Escrito por\" \/>\n\t<meta name=\"twitter:data1\" content=\"isanchezmejias\" \/>\n\t<meta name=\"twitter:label2\" content=\"Tiempo de lectura\" \/>\n\t<meta name=\"twitter:data2\" content=\"2 minutos\" \/>\n<script type=\"application\/ld+json\" class=\"yoast-schema-graph\">{\"@context\":\"https:\\\/\\\/schema.org\",\"@graph\":[{\"@type\":\"Article\",\"@id\":\"https:\\\/\\\/www.ignaciosanchezmejias.es\\\/index.php\\\/2011\\\/05\\\/19\\\/cuvillos-en-madrid-casi-2a\\\/#article\",\"isPartOf\":{\"@id\":\"https:\\\/\\\/www.ignaciosanchezmejias.es\\\/index.php\\\/2011\\\/05\\\/19\\\/cuvillos-en-madrid-casi-2a\\\/\"},\"author\":{\"name\":\"isanchezmejias\",\"@id\":\"https:\\\/\\\/www.ignaciosanchezmejias.es\\\/#\\\/schema\\\/person\\\/494d20bda3404108c02016d5e608fc65\"},\"headline\":\"Cuvillos en Madrid, casi 2\u00aa\",\"datePublished\":\"2011-05-19T17:00:00+00:00\",\"dateModified\":\"2021-03-29T15:17:04+00:00\",\"mainEntityOfPage\":{\"@id\":\"https:\\\/\\\/www.ignaciosanchezmejias.es\\\/index.php\\\/2011\\\/05\\\/19\\\/cuvillos-en-madrid-casi-2a\\\/\"},\"wordCount\":424,\"commentCount\":1,\"publisher\":{\"@id\":\"https:\\\/\\\/www.ignaciosanchezmejias.es\\\/#\\\/schema\\\/person\\\/494d20bda3404108c02016d5e608fc65\"},\"image\":{\"@id\":\"https:\\\/\\\/www.ignaciosanchezmejias.es\\\/index.php\\\/2011\\\/05\\\/19\\\/cuvillos-en-madrid-casi-2a\\\/#primaryimage\"},\"thumbnailUrl\":\"https:\\\/\\\/www.ignaciosanchezmejias.es\\\/wp-content\\\/uploads\\\/2021\\\/01\\\/Madrid-Cuvillos-en-Madrid-2a.jpg\",\"keywords\":[\"El Juli\",\"Jos\u00e9 M\u00aa Manzanares\",\"Nu\u00f1ez del Cuvillo\",\"Sebastian Castella\"],\"articleSection\":[\"General\"],\"inLanguage\":\"es\",\"potentialAction\":[{\"@type\":\"CommentAction\",\"name\":\"Comment\",\"target\":[\"https:\\\/\\\/www.ignaciosanchezmejias.es\\\/index.php\\\/2011\\\/05\\\/19\\\/cuvillos-en-madrid-casi-2a\\\/#respond\"]}]},{\"@type\":\"WebPage\",\"@id\":\"https:\\\/\\\/www.ignaciosanchezmejias.es\\\/index.php\\\/2011\\\/05\\\/19\\\/cuvillos-en-madrid-casi-2a\\\/\",\"url\":\"https:\\\/\\\/www.ignaciosanchezmejias.es\\\/index.php\\\/2011\\\/05\\\/19\\\/cuvillos-en-madrid-casi-2a\\\/\",\"name\":\"Cuvillos en Madrid, casi 2\u00aa - Sitio web de Ignacio S\u00e1nchez-Mej\u00edas Herrero\",\"isPartOf\":{\"@id\":\"https:\\\/\\\/www.ignaciosanchezmejias.es\\\/#website\"},\"primaryImageOfPage\":{\"@id\":\"https:\\\/\\\/www.ignaciosanchezmejias.es\\\/index.php\\\/2011\\\/05\\\/19\\\/cuvillos-en-madrid-casi-2a\\\/#primaryimage\"},\"image\":{\"@id\":\"https:\\\/\\\/www.ignaciosanchezmejias.es\\\/index.php\\\/2011\\\/05\\\/19\\\/cuvillos-en-madrid-casi-2a\\\/#primaryimage\"},\"thumbnailUrl\":\"https:\\\/\\\/www.ignaciosanchezmejias.es\\\/wp-content\\\/uploads\\\/2021\\\/01\\\/Madrid-Cuvillos-en-Madrid-2a.jpg\",\"datePublished\":\"2011-05-19T17:00:00+00:00\",\"dateModified\":\"2021-03-29T15:17:04+00:00\",\"breadcrumb\":{\"@id\":\"https:\\\/\\\/www.ignaciosanchezmejias.es\\\/index.php\\\/2011\\\/05\\\/19\\\/cuvillos-en-madrid-casi-2a\\\/#breadcrumb\"},\"inLanguage\":\"es\",\"potentialAction\":[{\"@type\":\"ReadAction\",\"target\":[\"https:\\\/\\\/www.ignaciosanchezmejias.es\\\/index.php\\\/2011\\\/05\\\/19\\\/cuvillos-en-madrid-casi-2a\\\/\"]}]},{\"@type\":\"ImageObject\",\"inLanguage\":\"es\",\"@id\":\"https:\\\/\\\/www.ignaciosanchezmejias.es\\\/index.php\\\/2011\\\/05\\\/19\\\/cuvillos-en-madrid-casi-2a\\\/#primaryimage\",\"url\":\"https:\\\/\\\/www.ignaciosanchezmejias.es\\\/wp-content\\\/uploads\\\/2021\\\/01\\\/Madrid-Cuvillos-en-Madrid-2a.jpg\",\"contentUrl\":\"https:\\\/\\\/www.ignaciosanchezmejias.es\\\/wp-content\\\/uploads\\\/2021\\\/01\\\/Madrid-Cuvillos-en-Madrid-2a.jpg\",\"width\":508,\"height\":337,\"caption\":\"Foto: burladero.com\"},{\"@type\":\"BreadcrumbList\",\"@id\":\"https:\\\/\\\/www.ignaciosanchezmejias.es\\\/index.php\\\/2011\\\/05\\\/19\\\/cuvillos-en-madrid-casi-2a\\\/#breadcrumb\",\"itemListElement\":[{\"@type\":\"ListItem\",\"position\":1,\"name\":\"Portada\",\"item\":\"https:\\\/\\\/www.ignaciosanchezmejias.es\\\/\"},{\"@type\":\"ListItem\",\"position\":2,\"name\":\"Cuvillos en Madrid, casi 2\u00aa\"}]},{\"@type\":\"WebSite\",\"@id\":\"https:\\\/\\\/www.ignaciosanchezmejias.es\\\/#website\",\"url\":\"https:\\\/\\\/www.ignaciosanchezmejias.es\\\/\",\"name\":\"Blog de Ignacio S\u00e1nchez-Mej\u00edas\",\"description\":\"Sitio personal ISM\",\"publisher\":{\"@id\":\"https:\\\/\\\/www.ignaciosanchezmejias.es\\\/#\\\/schema\\\/person\\\/494d20bda3404108c02016d5e608fc65\"},\"potentialAction\":[{\"@type\":\"SearchAction\",\"target\":{\"@type\":\"EntryPoint\",\"urlTemplate\":\"https:\\\/\\\/www.ignaciosanchezmejias.es\\\/?s={search_term_string}\"},\"query-input\":{\"@type\":\"PropertyValueSpecification\",\"valueRequired\":true,\"valueName\":\"search_term_string\"}}],\"inLanguage\":\"es\"},{\"@type\":[\"Person\",\"Organization\"],\"@id\":\"https:\\\/\\\/www.ignaciosanchezmejias.es\\\/#\\\/schema\\\/person\\\/494d20bda3404108c02016d5e608fc65\",\"name\":\"isanchezmejias\",\"image\":{\"@type\":\"ImageObject\",\"inLanguage\":\"es\",\"@id\":\"https:\\\/\\\/www.ignaciosanchezmejias.es\\\/wp-content\\\/uploads\\\/2020\\\/06\\\/cropped-Yo-antes.jpg\",\"url\":\"https:\\\/\\\/www.ignaciosanchezmejias.es\\\/wp-content\\\/uploads\\\/2020\\\/06\\\/cropped-Yo-antes.jpg\",\"contentUrl\":\"https:\\\/\\\/www.ignaciosanchezmejias.es\\\/wp-content\\\/uploads\\\/2020\\\/06\\\/cropped-Yo-antes.jpg\",\"width\":681,\"height\":482,\"caption\":\"isanchezmejias\"},\"logo\":{\"@id\":\"https:\\\/\\\/www.ignaciosanchezmejias.es\\\/wp-content\\\/uploads\\\/2020\\\/06\\\/cropped-Yo-antes.jpg\"},\"sameAs\":[\"https:\\\/\\\/www.ignaciosanchezmejias.es\"],\"url\":\"https:\\\/\\\/www.ignaciosanchezmejias.es\\\/index.php\\\/author\\\/isanchezmejias\\\/\"}]}<\/script>\n<!-- \/ Yoast SEO plugin. -->","yoast_head_json":{"title":"Cuvillos en Madrid, casi 2\u00aa - Sitio web de Ignacio S\u00e1nchez-Mej\u00edas Herrero","robots":{"index":"index","follow":"follow","max-snippet":"max-snippet:-1","max-image-preview":"max-image-preview:large","max-video-preview":"max-video-preview:-1"},"canonical":"https:\/\/www.ignaciosanchezmejias.es\/index.php\/2011\/05\/19\/cuvillos-en-madrid-casi-2a\/","og_locale":"es_ES","og_type":"article","og_title":"Cuvillos en Madrid, casi 2\u00aa - Sitio web de Ignacio S\u00e1nchez-Mej\u00edas Herrero","og_description":"Decepci\u00f3n al enterarnos por la ma\u00f1ana que la corrida de N\u00fa\u00f1ez del Cuvillo en Madrid, no se lidiar\u00eda completa, s\u00f3lo cuatro toros. Esto es un fracaso en toda regla del ganadero. Seg\u00fan coment\u00f3 \u00e9ste, llev\u00f3 a Madrid seis toros con trap\u00edo suficiente, le aprobaron cuatro. Trajo tres m\u00e1s y le aprobaron el m\u00e1s feo, pero [&hellip;]","og_url":"https:\/\/www.ignaciosanchezmejias.es\/index.php\/2011\/05\/19\/cuvillos-en-madrid-casi-2a\/","og_site_name":"Sitio web de Ignacio S\u00e1nchez-Mej\u00edas Herrero","article_published_time":"2011-05-19T17:00:00+00:00","article_modified_time":"2021-03-29T15:17:04+00:00","og_image":[{"width":508,"height":337,"url":"https:\/\/www.ignaciosanchezmejias.es\/wp-content\/uploads\/2021\/01\/Madrid-Cuvillos-en-Madrid-2a.jpg","type":"image\/jpeg"}],"author":"isanchezmejias","twitter_card":"summary_large_image","twitter_misc":{"Escrito por":"isanchezmejias","Tiempo de lectura":"2 minutos"},"schema":{"@context":"https:\/\/schema.org","@graph":[{"@type":"Article","@id":"https:\/\/www.ignaciosanchezmejias.es\/index.php\/2011\/05\/19\/cuvillos-en-madrid-casi-2a\/#article","isPartOf":{"@id":"https:\/\/www.ignaciosanchezmejias.es\/index.php\/2011\/05\/19\/cuvillos-en-madrid-casi-2a\/"},"author":{"name":"isanchezmejias","@id":"https:\/\/www.ignaciosanchezmejias.es\/#\/schema\/person\/494d20bda3404108c02016d5e608fc65"},"headline":"Cuvillos en Madrid, casi 2\u00aa","datePublished":"2011-05-19T17:00:00+00:00","dateModified":"2021-03-29T15:17:04+00:00","mainEntityOfPage":{"@id":"https:\/\/www.ignaciosanchezmejias.es\/index.php\/2011\/05\/19\/cuvillos-en-madrid-casi-2a\/"},"wordCount":424,"commentCount":1,"publisher":{"@id":"https:\/\/www.ignaciosanchezmejias.es\/#\/schema\/person\/494d20bda3404108c02016d5e608fc65"},"image":{"@id":"https:\/\/www.ignaciosanchezmejias.es\/index.php\/2011\/05\/19\/cuvillos-en-madrid-casi-2a\/#primaryimage"},"thumbnailUrl":"https:\/\/www.ignaciosanchezmejias.es\/wp-content\/uploads\/2021\/01\/Madrid-Cuvillos-en-Madrid-2a.jpg","keywords":["El Juli","Jos\u00e9 M\u00aa Manzanares","Nu\u00f1ez del Cuvillo","Sebastian Castella"],"articleSection":["General"],"inLanguage":"es","potentialAction":[{"@type":"CommentAction","name":"Comment","target":["https:\/\/www.ignaciosanchezmejias.es\/index.php\/2011\/05\/19\/cuvillos-en-madrid-casi-2a\/#respond"]}]},{"@type":"WebPage","@id":"https:\/\/www.ignaciosanchezmejias.es\/index.php\/2011\/05\/19\/cuvillos-en-madrid-casi-2a\/","url":"https:\/\/www.ignaciosanchezmejias.es\/index.php\/2011\/05\/19\/cuvillos-en-madrid-casi-2a\/","name":"Cuvillos en Madrid, casi 2\u00aa - Sitio web de Ignacio S\u00e1nchez-Mej\u00edas Herrero","isPartOf":{"@id":"https:\/\/www.ignaciosanchezmejias.es\/#website"},"primaryImageOfPage":{"@id":"https:\/\/www.ignaciosanchezmejias.es\/index.php\/2011\/05\/19\/cuvillos-en-madrid-casi-2a\/#primaryimage"},"image":{"@id":"https:\/\/www.ignaciosanchezmejias.es\/index.php\/2011\/05\/19\/cuvillos-en-madrid-casi-2a\/#primaryimage"},"thumbnailUrl":"https:\/\/www.ignaciosanchezmejias.es\/wp-content\/uploads\/2021\/01\/Madrid-Cuvillos-en-Madrid-2a.jpg","datePublished":"2011-05-19T17:00:00+00:00","dateModified":"2021-03-29T15:17:04+00:00","breadcrumb":{"@id":"https:\/\/www.ignaciosanchezmejias.es\/index.php\/2011\/05\/19\/cuvillos-en-madrid-casi-2a\/#breadcrumb"},"inLanguage":"es","potentialAction":[{"@type":"ReadAction","target":["https:\/\/www.ignaciosanchezmejias.es\/index.php\/2011\/05\/19\/cuvillos-en-madrid-casi-2a\/"]}]},{"@type":"ImageObject","inLanguage":"es","@id":"https:\/\/www.ignaciosanchezmejias.es\/index.php\/2011\/05\/19\/cuvillos-en-madrid-casi-2a\/#primaryimage","url":"https:\/\/www.ignaciosanchezmejias.es\/wp-content\/uploads\/2021\/01\/Madrid-Cuvillos-en-Madrid-2a.jpg","contentUrl":"https:\/\/www.ignaciosanchezmejias.es\/wp-content\/uploads\/2021\/01\/Madrid-Cuvillos-en-Madrid-2a.jpg","width":508,"height":337,"caption":"Foto: burladero.com"},{"@type":"BreadcrumbList","@id":"https:\/\/www.ignaciosanchezmejias.es\/index.php\/2011\/05\/19\/cuvillos-en-madrid-casi-2a\/#breadcrumb","itemListElement":[{"@type":"ListItem","position":1,"name":"Portada","item":"https:\/\/www.ignaciosanchezmejias.es\/"},{"@type":"ListItem","position":2,"name":"Cuvillos en Madrid, casi 2\u00aa"}]},{"@type":"WebSite","@id":"https:\/\/www.ignaciosanchezmejias.es\/#website","url":"https:\/\/www.ignaciosanchezmejias.es\/","name":"Blog de Ignacio S\u00e1nchez-Mej\u00edas","description":"Sitio personal ISM","publisher":{"@id":"https:\/\/www.ignaciosanchezmejias.es\/#\/schema\/person\/494d20bda3404108c02016d5e608fc65"},"potentialAction":[{"@type":"SearchAction","target":{"@type":"EntryPoint","urlTemplate":"https:\/\/www.ignaciosanchezmejias.es\/?s={search_term_string}"},"query-input":{"@type":"PropertyValueSpecification","valueRequired":true,"valueName":"search_term_string"}}],"inLanguage":"es"},{"@type":["Person","Organization"],"@id":"https:\/\/www.ignaciosanchezmejias.es\/#\/schema\/person\/494d20bda3404108c02016d5e608fc65","name":"isanchezmejias","image":{"@type":"ImageObject","inLanguage":"es","@id":"https:\/\/www.ignaciosanchezmejias.es\/wp-content\/uploads\/2020\/06\/cropped-Yo-antes.jpg","url":"https:\/\/www.ignaciosanchezmejias.es\/wp-content\/uploads\/2020\/06\/cropped-Yo-antes.jpg","contentUrl":"https:\/\/www.ignaciosanchezmejias.es\/wp-content\/uploads\/2020\/06\/cropped-Yo-antes.jpg","width":681,"height":482,"caption":"isanchezmejias"},"logo":{"@id":"https:\/\/www.ignaciosanchezmejias.es\/wp-content\/uploads\/2020\/06\/cropped-Yo-antes.jpg"},"sameAs":["https:\/\/www.ignaciosanchezmejias.es"],"url":"https:\/\/www.ignaciosanchezmejias.es\/index.php\/author\/isanchezmejias\/"}]}},"_links":{"self":[{"href":"https:\/\/www.ignaciosanchezmejias.es\/index.php\/wp-json\/wp\/v2\/posts\/5059","targetHints":{"allow":["GET"]}}],"collection":[{"href":"https:\/\/www.ignaciosanchezmejias.es\/index.php\/wp-json\/wp\/v2\/posts"}],"about":[{"href":"https:\/\/www.ignaciosanchezmejias.es\/index.php\/wp-json\/wp\/v2\/types\/post"}],"author":[{"embeddable":true,"href":"https:\/\/www.ignaciosanchezmejias.es\/index.php\/wp-json\/wp\/v2\/users\/1"}],"replies":[{"embeddable":true,"href":"https:\/\/www.ignaciosanchezmejias.es\/index.php\/wp-json\/wp\/v2\/comments?post=5059"}],"version-history":[{"count":1,"href":"https:\/\/www.ignaciosanchezmejias.es\/index.php\/wp-json\/wp\/v2\/posts\/5059\/revisions"}],"predecessor-version":[{"id":5061,"href":"https:\/\/www.ignaciosanchezmejias.es\/index.php\/wp-json\/wp\/v2\/posts\/5059\/revisions\/5061"}],"wp:featuredmedia":[{"embeddable":true,"href":"https:\/\/www.ignaciosanchezmejias.es\/index.php\/wp-json\/wp\/v2\/media\/5060"}],"wp:attachment":[{"href":"https:\/\/www.ignaciosanchezmejias.es\/index.php\/wp-json\/wp\/v2\/media?parent=5059"}],"wp:term":[{"taxonomy":"category","embeddable":true,"href":"https:\/\/www.ignaciosanchezmejias.es\/index.php\/wp-json\/wp\/v2\/categories?post=5059"},{"taxonomy":"post_tag","embeddable":true,"href":"https:\/\/www.ignaciosanchezmejias.es\/index.php\/wp-json\/wp\/v2\/tags?post=5059"}],"curies":[{"name":"wp","href":"https:\/\/api.w.org\/{rel}","templated":true}]}}