{"id":4218,"date":"2009-02-15T15:36:23","date_gmt":"2009-02-15T14:36:23","guid":{"rendered":"http:\/\/blogs.sevilla.abc.es\/desdeeltendido2\/?p=432"},"modified":"2020-12-16T16:56:03","modified_gmt":"2020-12-16T16:56:03","slug":"la-clonacion-del-toro-de-lidia-2","status":"publish","type":"post","link":"https:\/\/www.ignaciosanchezmejias.es\/index.php\/2009\/02\/15\/la-clonacion-del-toro-de-lidia-2\/","title":{"rendered":"La clonaci\u00f3n del toro de lidia"},"content":{"rendered":"\n<p>Hace unos d\u00edas un amigo me coment\u00f3 que la Comisi\u00f3n Europea permitir\u00e1, finalmente, la clonaci\u00f3n del toro de lidia espa\u00f1ol. He encontrado algunas p\u00e1ginas que as\u00ed lo confirman, como \u00e9sta de <a href=\"http:\/\/www.cetnotorolidia.es\/opencms_wf\/opencms\/noticias_hemeroteca\/noticias\/1_Generales\/noticia00368.html\" target=\"_blank\" rel=\"noopener\">cetnotorolidia.es<\/a> que les enlazo.<\/p>\n\n\n\n<p>Yo estoy a favor de todo avance cient\u00edfico y en \u00e9ste no iba a ser menos. Cuando Don \u00c1lvaro Domeq empez\u00f3 a&nbsp;implantar embriones de toro&nbsp;bravo en vacas mansas, que despu\u00e9s los par\u00edan, algunos puristas se echaron las manos a la cabeza diciendo que no iban a embestir. Pero despu\u00e9s parece&nbsp;que embisten, y digo parece porque siempre hay un \u00abenterao\u00bb en el tendido que cuando se tercia dice \u00ab<em>ese es de vaca mansa<\/em>\u00ab, y no sabemos si creerlo, pero&nbsp;si lo creemos, embisten. Ahora el \u00abenterao\u00bb dir\u00e1 \u00ab<em>ese es clonao, se le nota en er tranco<\/em>\u00ab.<\/p>\n\n\n\n<p>Con la clonaci\u00f3n de sementales se abre una nueva v\u00eda de trabajo y m\u00e1s pronto o m\u00e1s tarde&nbsp;&nbsp;nos enteraremos de si funciona,&nbsp;ya que seg\u00fan leo, habr\u00e1 varios clones y el que no se deje para semental se lidiar\u00e1. Ya he o\u00eddo voces en contra, reivindicando que es antinatural, que vamos a peor; dentro de poco oiremos que es un fraude. Yo no lo veo as\u00ed. Si es para mantener o mejorar las condiciones de un toro ya contrastado, estoy a favor.<\/p>\n\n\n\n<p>El semental \u00abAlcalde\u00bb, del ganadero Victoriano del R\u00edo,&nbsp;clonado en Estados Unidos, que es del que ahora la Comisi\u00f3n Europea autoriza la importaci\u00f3n, es un semental consagrado, cuyos hijos ya han propiciado grandes triunfos a figuras del toreo.<\/p>\n\n\n\n<p>Lo curioso de esto es que la Comisi\u00f3n Europea autoriza la lidia del clon pero no su consumo, por lo que nos quedaremos sin poder apreciar, por ejemplo, si la cola de toro clonado <em>incorpora matices diferentes<\/em> a la de toda la vida. Se ve que el resto de Europa sigue sin entender nada del Toreo porque cree que comer toro clonado es m\u00e1s peligroso que torearlo.<\/p>\n","protected":false},"excerpt":{"rendered":"<p>Hace unos d\u00edas un amigo me coment\u00f3 que la Comisi\u00f3n Europea permitir\u00e1, finalmente, la clonaci\u00f3n del toro de lidia espa\u00f1ol. He encontrado algunas p\u00e1ginas que as\u00ed lo confirman, como \u00e9sta de cetnotorolidia.es que les enlazo. Yo estoy a favor de todo avance cient\u00edfico y en \u00e9ste no iba a ser menos. Cuando Don \u00c1lvaro Domeq [&hellip;]<\/p>\n","protected":false},"author":1,"featured_media":324,"comment_status":"open","ping_status":"open","sticky":false,"template":"","format":"standard","meta":{"footnotes":""},"categories":[5],"tags":[69],"class_list":["post-4218","post","type-post","status-publish","format-standard","has-post-thumbnail","hentry","category-general","tag-victoriano-del-rio"],"yoast_head":"<!-- This site is optimized with the Yoast SEO plugin v27.5 - https:\/\/yoast.com\/product\/yoast-seo-wordpress\/ -->\n<title>La clonaci\u00f3n del toro de lidia - Sitio web de Ignacio S\u00e1nchez-Mej\u00edas Herrero<\/title>\n<meta name=\"robots\" content=\"index, follow, max-snippet:-1, max-image-preview:large, max-video-preview:-1\" \/>\n<link rel=\"canonical\" href=\"https:\/\/www.ignaciosanchezmejias.es\/index.php\/2009\/02\/15\/la-clonacion-del-toro-de-lidia-2\/\" \/>\n<meta property=\"og:locale\" content=\"es_ES\" \/>\n<meta property=\"og:type\" content=\"article\" \/>\n<meta property=\"og:title\" content=\"La clonaci\u00f3n del toro de lidia - Sitio web de Ignacio S\u00e1nchez-Mej\u00edas Herrero\" \/>\n<meta property=\"og:description\" content=\"Hace unos d\u00edas un amigo me coment\u00f3 que la Comisi\u00f3n Europea permitir\u00e1, finalmente, la clonaci\u00f3n del toro de lidia espa\u00f1ol. He encontrado algunas p\u00e1ginas que as\u00ed lo confirman, como \u00e9sta de cetnotorolidia.es que les enlazo. Yo estoy a favor de todo avance cient\u00edfico y en \u00e9ste no iba a ser menos. Cuando Don \u00c1lvaro Domeq [&hellip;]\" \/>\n<meta property=\"og:url\" content=\"https:\/\/www.ignaciosanchezmejias.es\/index.php\/2009\/02\/15\/la-clonacion-del-toro-de-lidia-2\/\" \/>\n<meta property=\"og:site_name\" content=\"Sitio web de Ignacio S\u00e1nchez-Mej\u00edas Herrero\" \/>\n<meta property=\"article:published_time\" content=\"2009-02-15T14:36:23+00:00\" \/>\n<meta property=\"article:modified_time\" content=\"2020-12-16T16:56:03+00:00\" \/>\n<meta property=\"og:image\" content=\"https:\/\/www.ignaciosanchezmejias.es\/wp-content\/uploads\/2009\/02\/VdelR-Pedro-Armeste-AFT.jpg\" \/>\n\t<meta property=\"og:image:width\" content=\"300\" \/>\n\t<meta property=\"og:image:height\" content=\"220\" \/>\n\t<meta property=\"og:image:type\" content=\"image\/jpeg\" \/>\n<meta name=\"author\" content=\"isanchezmejias\" \/>\n<meta name=\"twitter:card\" content=\"summary_large_image\" \/>\n<meta name=\"twitter:label1\" content=\"Escrito por\" \/>\n\t<meta name=\"twitter:data1\" content=\"isanchezmejias\" \/>\n\t<meta name=\"twitter:label2\" content=\"Tiempo de lectura\" \/>\n\t<meta name=\"twitter:data2\" content=\"2 minutos\" \/>\n<script type=\"application\/ld+json\" class=\"yoast-schema-graph\">{\"@context\":\"https:\\\/\\\/schema.org\",\"@graph\":[{\"@type\":\"Article\",\"@id\":\"https:\\\/\\\/www.ignaciosanchezmejias.es\\\/index.php\\\/2009\\\/02\\\/15\\\/la-clonacion-del-toro-de-lidia-2\\\/#article\",\"isPartOf\":{\"@id\":\"https:\\\/\\\/www.ignaciosanchezmejias.es\\\/index.php\\\/2009\\\/02\\\/15\\\/la-clonacion-del-toro-de-lidia-2\\\/\"},\"author\":{\"name\":\"isanchezmejias\",\"@id\":\"https:\\\/\\\/www.ignaciosanchezmejias.es\\\/#\\\/schema\\\/person\\\/494d20bda3404108c02016d5e608fc65\"},\"headline\":\"La clonaci\u00f3n del toro de lidia\",\"datePublished\":\"2009-02-15T14:36:23+00:00\",\"dateModified\":\"2020-12-16T16:56:03+00:00\",\"mainEntityOfPage\":{\"@id\":\"https:\\\/\\\/www.ignaciosanchezmejias.es\\\/index.php\\\/2009\\\/02\\\/15\\\/la-clonacion-del-toro-de-lidia-2\\\/\"},\"wordCount\":357,\"commentCount\":12,\"publisher\":{\"@id\":\"https:\\\/\\\/www.ignaciosanchezmejias.es\\\/#\\\/schema\\\/person\\\/494d20bda3404108c02016d5e608fc65\"},\"image\":{\"@id\":\"https:\\\/\\\/www.ignaciosanchezmejias.es\\\/index.php\\\/2009\\\/02\\\/15\\\/la-clonacion-del-toro-de-lidia-2\\\/#primaryimage\"},\"thumbnailUrl\":\"https:\\\/\\\/www.ignaciosanchezmejias.es\\\/wp-content\\\/uploads\\\/2009\\\/02\\\/VdelR-Pedro-Armeste-AFT.jpg\",\"keywords\":[\"Victoriano del R\u00edo\"],\"articleSection\":[\"General\"],\"inLanguage\":\"es\",\"potentialAction\":[{\"@type\":\"CommentAction\",\"name\":\"Comment\",\"target\":[\"https:\\\/\\\/www.ignaciosanchezmejias.es\\\/index.php\\\/2009\\\/02\\\/15\\\/la-clonacion-del-toro-de-lidia-2\\\/#respond\"]}]},{\"@type\":\"WebPage\",\"@id\":\"https:\\\/\\\/www.ignaciosanchezmejias.es\\\/index.php\\\/2009\\\/02\\\/15\\\/la-clonacion-del-toro-de-lidia-2\\\/\",\"url\":\"https:\\\/\\\/www.ignaciosanchezmejias.es\\\/index.php\\\/2009\\\/02\\\/15\\\/la-clonacion-del-toro-de-lidia-2\\\/\",\"name\":\"La clonaci\u00f3n del toro de lidia - Sitio web de Ignacio S\u00e1nchez-Mej\u00edas Herrero\",\"isPartOf\":{\"@id\":\"https:\\\/\\\/www.ignaciosanchezmejias.es\\\/#website\"},\"primaryImageOfPage\":{\"@id\":\"https:\\\/\\\/www.ignaciosanchezmejias.es\\\/index.php\\\/2009\\\/02\\\/15\\\/la-clonacion-del-toro-de-lidia-2\\\/#primaryimage\"},\"image\":{\"@id\":\"https:\\\/\\\/www.ignaciosanchezmejias.es\\\/index.php\\\/2009\\\/02\\\/15\\\/la-clonacion-del-toro-de-lidia-2\\\/#primaryimage\"},\"thumbnailUrl\":\"https:\\\/\\\/www.ignaciosanchezmejias.es\\\/wp-content\\\/uploads\\\/2009\\\/02\\\/VdelR-Pedro-Armeste-AFT.jpg\",\"datePublished\":\"2009-02-15T14:36:23+00:00\",\"dateModified\":\"2020-12-16T16:56:03+00:00\",\"breadcrumb\":{\"@id\":\"https:\\\/\\\/www.ignaciosanchezmejias.es\\\/index.php\\\/2009\\\/02\\\/15\\\/la-clonacion-del-toro-de-lidia-2\\\/#breadcrumb\"},\"inLanguage\":\"es\",\"potentialAction\":[{\"@type\":\"ReadAction\",\"target\":[\"https:\\\/\\\/www.ignaciosanchezmejias.es\\\/index.php\\\/2009\\\/02\\\/15\\\/la-clonacion-del-toro-de-lidia-2\\\/\"]}]},{\"@type\":\"ImageObject\",\"inLanguage\":\"es\",\"@id\":\"https:\\\/\\\/www.ignaciosanchezmejias.es\\\/index.php\\\/2009\\\/02\\\/15\\\/la-clonacion-del-toro-de-lidia-2\\\/#primaryimage\",\"url\":\"https:\\\/\\\/www.ignaciosanchezmejias.es\\\/wp-content\\\/uploads\\\/2009\\\/02\\\/VdelR-Pedro-Armeste-AFT.jpg\",\"contentUrl\":\"https:\\\/\\\/www.ignaciosanchezmejias.es\\\/wp-content\\\/uploads\\\/2009\\\/02\\\/VdelR-Pedro-Armeste-AFT.jpg\",\"width\":300,\"height\":220,\"caption\":\"Victoriano del R\u00edo. Foto Pedro Armeste - AFT\"},{\"@type\":\"BreadcrumbList\",\"@id\":\"https:\\\/\\\/www.ignaciosanchezmejias.es\\\/index.php\\\/2009\\\/02\\\/15\\\/la-clonacion-del-toro-de-lidia-2\\\/#breadcrumb\",\"itemListElement\":[{\"@type\":\"ListItem\",\"position\":1,\"name\":\"Portada\",\"item\":\"https:\\\/\\\/www.ignaciosanchezmejias.es\\\/\"},{\"@type\":\"ListItem\",\"position\":2,\"name\":\"La clonaci\u00f3n del toro de lidia\"}]},{\"@type\":\"WebSite\",\"@id\":\"https:\\\/\\\/www.ignaciosanchezmejias.es\\\/#website\",\"url\":\"https:\\\/\\\/www.ignaciosanchezmejias.es\\\/\",\"name\":\"Blog de Ignacio S\u00e1nchez-Mej\u00edas\",\"description\":\"Sitio personal ISM\",\"publisher\":{\"@id\":\"https:\\\/\\\/www.ignaciosanchezmejias.es\\\/#\\\/schema\\\/person\\\/494d20bda3404108c02016d5e608fc65\"},\"potentialAction\":[{\"@type\":\"SearchAction\",\"target\":{\"@type\":\"EntryPoint\",\"urlTemplate\":\"https:\\\/\\\/www.ignaciosanchezmejias.es\\\/?s={search_term_string}\"},\"query-input\":{\"@type\":\"PropertyValueSpecification\",\"valueRequired\":true,\"valueName\":\"search_term_string\"}}],\"inLanguage\":\"es\"},{\"@type\":[\"Person\",\"Organization\"],\"@id\":\"https:\\\/\\\/www.ignaciosanchezmejias.es\\\/#\\\/schema\\\/person\\\/494d20bda3404108c02016d5e608fc65\",\"name\":\"isanchezmejias\",\"image\":{\"@type\":\"ImageObject\",\"inLanguage\":\"es\",\"@id\":\"https:\\\/\\\/www.ignaciosanchezmejias.es\\\/wp-content\\\/uploads\\\/2020\\\/06\\\/cropped-Yo-antes.jpg\",\"url\":\"https:\\\/\\\/www.ignaciosanchezmejias.es\\\/wp-content\\\/uploads\\\/2020\\\/06\\\/cropped-Yo-antes.jpg\",\"contentUrl\":\"https:\\\/\\\/www.ignaciosanchezmejias.es\\\/wp-content\\\/uploads\\\/2020\\\/06\\\/cropped-Yo-antes.jpg\",\"width\":681,\"height\":482,\"caption\":\"isanchezmejias\"},\"logo\":{\"@id\":\"https:\\\/\\\/www.ignaciosanchezmejias.es\\\/wp-content\\\/uploads\\\/2020\\\/06\\\/cropped-Yo-antes.jpg\"},\"sameAs\":[\"https:\\\/\\\/www.ignaciosanchezmejias.es\"],\"url\":\"https:\\\/\\\/www.ignaciosanchezmejias.es\\\/index.php\\\/author\\\/isanchezmejias\\\/\"}]}<\/script>\n<!-- \/ Yoast SEO plugin. -->","yoast_head_json":{"title":"La clonaci\u00f3n del toro de lidia - Sitio web de Ignacio S\u00e1nchez-Mej\u00edas Herrero","robots":{"index":"index","follow":"follow","max-snippet":"max-snippet:-1","max-image-preview":"max-image-preview:large","max-video-preview":"max-video-preview:-1"},"canonical":"https:\/\/www.ignaciosanchezmejias.es\/index.php\/2009\/02\/15\/la-clonacion-del-toro-de-lidia-2\/","og_locale":"es_ES","og_type":"article","og_title":"La clonaci\u00f3n del toro de lidia - Sitio web de Ignacio S\u00e1nchez-Mej\u00edas Herrero","og_description":"Hace unos d\u00edas un amigo me coment\u00f3 que la Comisi\u00f3n Europea permitir\u00e1, finalmente, la clonaci\u00f3n del toro de lidia espa\u00f1ol. He encontrado algunas p\u00e1ginas que as\u00ed lo confirman, como \u00e9sta de cetnotorolidia.es que les enlazo. Yo estoy a favor de todo avance cient\u00edfico y en \u00e9ste no iba a ser menos. Cuando Don \u00c1lvaro Domeq [&hellip;]","og_url":"https:\/\/www.ignaciosanchezmejias.es\/index.php\/2009\/02\/15\/la-clonacion-del-toro-de-lidia-2\/","og_site_name":"Sitio web de Ignacio S\u00e1nchez-Mej\u00edas Herrero","article_published_time":"2009-02-15T14:36:23+00:00","article_modified_time":"2020-12-16T16:56:03+00:00","og_image":[{"width":300,"height":220,"url":"https:\/\/www.ignaciosanchezmejias.es\/wp-content\/uploads\/2009\/02\/VdelR-Pedro-Armeste-AFT.jpg","type":"image\/jpeg"}],"author":"isanchezmejias","twitter_card":"summary_large_image","twitter_misc":{"Escrito por":"isanchezmejias","Tiempo de lectura":"2 minutos"},"schema":{"@context":"https:\/\/schema.org","@graph":[{"@type":"Article","@id":"https:\/\/www.ignaciosanchezmejias.es\/index.php\/2009\/02\/15\/la-clonacion-del-toro-de-lidia-2\/#article","isPartOf":{"@id":"https:\/\/www.ignaciosanchezmejias.es\/index.php\/2009\/02\/15\/la-clonacion-del-toro-de-lidia-2\/"},"author":{"name":"isanchezmejias","@id":"https:\/\/www.ignaciosanchezmejias.es\/#\/schema\/person\/494d20bda3404108c02016d5e608fc65"},"headline":"La clonaci\u00f3n del toro de lidia","datePublished":"2009-02-15T14:36:23+00:00","dateModified":"2020-12-16T16:56:03+00:00","mainEntityOfPage":{"@id":"https:\/\/www.ignaciosanchezmejias.es\/index.php\/2009\/02\/15\/la-clonacion-del-toro-de-lidia-2\/"},"wordCount":357,"commentCount":12,"publisher":{"@id":"https:\/\/www.ignaciosanchezmejias.es\/#\/schema\/person\/494d20bda3404108c02016d5e608fc65"},"image":{"@id":"https:\/\/www.ignaciosanchezmejias.es\/index.php\/2009\/02\/15\/la-clonacion-del-toro-de-lidia-2\/#primaryimage"},"thumbnailUrl":"https:\/\/www.ignaciosanchezmejias.es\/wp-content\/uploads\/2009\/02\/VdelR-Pedro-Armeste-AFT.jpg","keywords":["Victoriano del R\u00edo"],"articleSection":["General"],"inLanguage":"es","potentialAction":[{"@type":"CommentAction","name":"Comment","target":["https:\/\/www.ignaciosanchezmejias.es\/index.php\/2009\/02\/15\/la-clonacion-del-toro-de-lidia-2\/#respond"]}]},{"@type":"WebPage","@id":"https:\/\/www.ignaciosanchezmejias.es\/index.php\/2009\/02\/15\/la-clonacion-del-toro-de-lidia-2\/","url":"https:\/\/www.ignaciosanchezmejias.es\/index.php\/2009\/02\/15\/la-clonacion-del-toro-de-lidia-2\/","name":"La clonaci\u00f3n del toro de lidia - Sitio web de Ignacio S\u00e1nchez-Mej\u00edas Herrero","isPartOf":{"@id":"https:\/\/www.ignaciosanchezmejias.es\/#website"},"primaryImageOfPage":{"@id":"https:\/\/www.ignaciosanchezmejias.es\/index.php\/2009\/02\/15\/la-clonacion-del-toro-de-lidia-2\/#primaryimage"},"image":{"@id":"https:\/\/www.ignaciosanchezmejias.es\/index.php\/2009\/02\/15\/la-clonacion-del-toro-de-lidia-2\/#primaryimage"},"thumbnailUrl":"https:\/\/www.ignaciosanchezmejias.es\/wp-content\/uploads\/2009\/02\/VdelR-Pedro-Armeste-AFT.jpg","datePublished":"2009-02-15T14:36:23+00:00","dateModified":"2020-12-16T16:56:03+00:00","breadcrumb":{"@id":"https:\/\/www.ignaciosanchezmejias.es\/index.php\/2009\/02\/15\/la-clonacion-del-toro-de-lidia-2\/#breadcrumb"},"inLanguage":"es","potentialAction":[{"@type":"ReadAction","target":["https:\/\/www.ignaciosanchezmejias.es\/index.php\/2009\/02\/15\/la-clonacion-del-toro-de-lidia-2\/"]}]},{"@type":"ImageObject","inLanguage":"es","@id":"https:\/\/www.ignaciosanchezmejias.es\/index.php\/2009\/02\/15\/la-clonacion-del-toro-de-lidia-2\/#primaryimage","url":"https:\/\/www.ignaciosanchezmejias.es\/wp-content\/uploads\/2009\/02\/VdelR-Pedro-Armeste-AFT.jpg","contentUrl":"https:\/\/www.ignaciosanchezmejias.es\/wp-content\/uploads\/2009\/02\/VdelR-Pedro-Armeste-AFT.jpg","width":300,"height":220,"caption":"Victoriano del R\u00edo. Foto Pedro Armeste - AFT"},{"@type":"BreadcrumbList","@id":"https:\/\/www.ignaciosanchezmejias.es\/index.php\/2009\/02\/15\/la-clonacion-del-toro-de-lidia-2\/#breadcrumb","itemListElement":[{"@type":"ListItem","position":1,"name":"Portada","item":"https:\/\/www.ignaciosanchezmejias.es\/"},{"@type":"ListItem","position":2,"name":"La clonaci\u00f3n del toro de lidia"}]},{"@type":"WebSite","@id":"https:\/\/www.ignaciosanchezmejias.es\/#website","url":"https:\/\/www.ignaciosanchezmejias.es\/","name":"Blog de Ignacio S\u00e1nchez-Mej\u00edas","description":"Sitio personal ISM","publisher":{"@id":"https:\/\/www.ignaciosanchezmejias.es\/#\/schema\/person\/494d20bda3404108c02016d5e608fc65"},"potentialAction":[{"@type":"SearchAction","target":{"@type":"EntryPoint","urlTemplate":"https:\/\/www.ignaciosanchezmejias.es\/?s={search_term_string}"},"query-input":{"@type":"PropertyValueSpecification","valueRequired":true,"valueName":"search_term_string"}}],"inLanguage":"es"},{"@type":["Person","Organization"],"@id":"https:\/\/www.ignaciosanchezmejias.es\/#\/schema\/person\/494d20bda3404108c02016d5e608fc65","name":"isanchezmejias","image":{"@type":"ImageObject","inLanguage":"es","@id":"https:\/\/www.ignaciosanchezmejias.es\/wp-content\/uploads\/2020\/06\/cropped-Yo-antes.jpg","url":"https:\/\/www.ignaciosanchezmejias.es\/wp-content\/uploads\/2020\/06\/cropped-Yo-antes.jpg","contentUrl":"https:\/\/www.ignaciosanchezmejias.es\/wp-content\/uploads\/2020\/06\/cropped-Yo-antes.jpg","width":681,"height":482,"caption":"isanchezmejias"},"logo":{"@id":"https:\/\/www.ignaciosanchezmejias.es\/wp-content\/uploads\/2020\/06\/cropped-Yo-antes.jpg"},"sameAs":["https:\/\/www.ignaciosanchezmejias.es"],"url":"https:\/\/www.ignaciosanchezmejias.es\/index.php\/author\/isanchezmejias\/"}]}},"_links":{"self":[{"href":"https:\/\/www.ignaciosanchezmejias.es\/index.php\/wp-json\/wp\/v2\/posts\/4218","targetHints":{"allow":["GET"]}}],"collection":[{"href":"https:\/\/www.ignaciosanchezmejias.es\/index.php\/wp-json\/wp\/v2\/posts"}],"about":[{"href":"https:\/\/www.ignaciosanchezmejias.es\/index.php\/wp-json\/wp\/v2\/types\/post"}],"author":[{"embeddable":true,"href":"https:\/\/www.ignaciosanchezmejias.es\/index.php\/wp-json\/wp\/v2\/users\/1"}],"replies":[{"embeddable":true,"href":"https:\/\/www.ignaciosanchezmejias.es\/index.php\/wp-json\/wp\/v2\/comments?post=4218"}],"version-history":[{"count":1,"href":"https:\/\/www.ignaciosanchezmejias.es\/index.php\/wp-json\/wp\/v2\/posts\/4218\/revisions"}],"predecessor-version":[{"id":4402,"href":"https:\/\/www.ignaciosanchezmejias.es\/index.php\/wp-json\/wp\/v2\/posts\/4218\/revisions\/4402"}],"wp:featuredmedia":[{"embeddable":true,"href":"https:\/\/www.ignaciosanchezmejias.es\/index.php\/wp-json\/wp\/v2\/media\/324"}],"wp:attachment":[{"href":"https:\/\/www.ignaciosanchezmejias.es\/index.php\/wp-json\/wp\/v2\/media?parent=4218"}],"wp:term":[{"taxonomy":"category","embeddable":true,"href":"https:\/\/www.ignaciosanchezmejias.es\/index.php\/wp-json\/wp\/v2\/categories?post=4218"},{"taxonomy":"post_tag","embeddable":true,"href":"https:\/\/www.ignaciosanchezmejias.es\/index.php\/wp-json\/wp\/v2\/tags?post=4218"}],"curies":[{"name":"wp","href":"https:\/\/api.w.org\/{rel}","templated":true}]}}