{"id":4217,"date":"2009-02-10T23:54:24","date_gmt":"2009-02-10T22:54:24","guid":{"rendered":"http:\/\/blogs.sevilla.abc.es\/desdeeltendido2\/?p=420"},"modified":"2020-12-16T16:47:16","modified_gmt":"2020-12-16T16:47:16","slug":"pepe-luis-vazquez-silva-2","status":"publish","type":"post","link":"https:\/\/www.ignaciosanchezmejias.es\/index.php\/2009\/02\/10\/pepe-luis-vazquez-silva-2\/","title":{"rendered":"Pepe Lu\u00eds V\u00e1zquez Silva"},"content":{"rendered":"<p style=\"text-align: justify;\">Me han pedido que hablara de Pepee Lu\u00eds V\u00e1zquez, a ra\u00edz de su anunciado mano a mano con Morante en Antequera el d\u00eda de Andaluc\u00eda.<\/p>\n<p style=\"text-align: justify;\">He leido algunas rese\u00f1as de la presentaci\u00f3n de la corrida y me enterado (ver notas en <a href=\"http:\/\/sevilla.abc.es\/20090210\/toros-toros\/pepe-luis-vazquez-sera-20090210.html\" target=\"_blank\" rel=\"noopener\">ABC<\/a> y en\u00a0<a href=\"http:\/\/www.sevillataurina.com\/noticia.php?id=1709\" target=\"_blank\" rel=\"noopener\">sevillataurina.com<\/a>) que Pepe Lu\u00eds tiene nuevo apoderado y quiere hacer una temporada m\u00e1s larga que la pasada, aunque esto no va a ser dif\u00edcil ya que el a\u00f1o pasado solo tore\u00f3 dos veces.<\/p>\n<p style=\"text-align: justify;\">Bajo mi humide punto de vista Pepe Lu\u00eds es el torero\u00a0m\u00e1s natural del escalaf\u00f3n.\u00a0Parece que no le cuesta ning\u00fan trabajo, para \u00e9l es algo tan sencillo como andar. Yo creo que en parte se debe a lo recogido de sus enga\u00f1os, tambi\u00e9n quiz\u00e1s por eso parece que torea un poco descubierto. Pepe Lu\u00eds nunca fue un torero de\u00a0recursos, ni de dominar los toros, de ah\u00ed que\u00a0le sirvan tan pocos toros. Tampoco\u00a0es un\u00a0matador de coraje; el valor lo\u00a0tienen, en mayor o menos medida, todos los que pisan el ruedo. M\u00e1s bien\u00a0da la sensaci\u00f3n de conformista. Recuerdo una corrida en El Puerto de Santa Mar\u00eda, en la que su segundo toro se despen\u00f3 de un encontronazo en el burladero de\u00a0salida, y \u00e9l recogi\u00f3\u00a0su capote y se\u00a0retir\u00f3\u00a0dando por hecho que no habr\u00eda sustituto. Por otra parte, tambi\u00e9n es un hombre discreto.<\/p>\n<p style=\"text-align: justify;\">Afortunadamente, he tenido la ocasi\u00f3n de ver a Pepe Lu\u00eds muy bien alguna vez, y eso queda para el recuerdo porque hace un toreo diferente; tambi\u00e9n lo he visto cogido de gravedad. A mi lo que preocupa de esta especie de relanzamiento de su carrera, es la edad. Pepe Lu\u00eds es casi de mi quinta, debe rondar los 50 tacos, y si de joven no ten\u00eda ese empuje necesario para mandar en esto, porque condiciones s\u00ed las ten\u00eda, ahora con su edad\u00a0no creo que podamos esperar algo distinto.<\/p>\n<p style=\"text-align: justify;\">Le deseo toda la suerte el mundo, y espero tener la fortuna de ser espectador el d\u00eda en que le salga el toro apropiado y \u00e9l est\u00e9 con el \u00e1nimo preciso para hacer el toreo natural que lleva dentro.<\/p>\n<p style=\"text-align: justify;\">\n","protected":false},"excerpt":{"rendered":"<p>Me han pedido que hablara de Pepee Lu\u00eds V\u00e1zquez, a ra\u00edz de su anunciado mano a mano con Morante en Antequera el d\u00eda de Andaluc\u00eda. He leido algunas rese\u00f1as de la presentaci\u00f3n de la corrida y me enterado (ver notas en ABC y en\u00a0sevillataurina.com) que Pepe Lu\u00eds tiene nuevo apoderado y quiere hacer una temporada [&hellip;]<\/p>\n","protected":false},"author":1,"featured_media":321,"comment_status":"open","ping_status":"open","sticky":false,"template":"","format":"standard","meta":{"footnotes":""},"categories":[5],"tags":[29,95],"class_list":["post-4217","post","type-post","status-publish","format-standard","has-post-thumbnail","hentry","category-general","tag-morante-de-la-puebla","tag-pepe-luis-vazquez"],"yoast_head":"<!-- This site is optimized with the Yoast SEO plugin v27.5 - https:\/\/yoast.com\/product\/yoast-seo-wordpress\/ -->\n<title>Pepe Lu\u00eds V\u00e1zquez Silva - Sitio web de Ignacio S\u00e1nchez-Mej\u00edas Herrero<\/title>\n<meta name=\"robots\" content=\"index, follow, max-snippet:-1, max-image-preview:large, max-video-preview:-1\" \/>\n<link rel=\"canonical\" href=\"https:\/\/www.ignaciosanchezmejias.es\/index.php\/2009\/02\/10\/pepe-luis-vazquez-silva-2\/\" \/>\n<meta property=\"og:locale\" content=\"es_ES\" \/>\n<meta property=\"og:type\" content=\"article\" \/>\n<meta property=\"og:title\" content=\"Pepe Lu\u00eds V\u00e1zquez Silva - Sitio web de Ignacio S\u00e1nchez-Mej\u00edas Herrero\" \/>\n<meta property=\"og:description\" content=\"Me han pedido que hablara de Pepee Lu\u00eds V\u00e1zquez, a ra\u00edz de su anunciado mano a mano con Morante en Antequera el d\u00eda de Andaluc\u00eda. He leido algunas rese\u00f1as de la presentaci\u00f3n de la corrida y me enterado (ver notas en ABC y en\u00a0sevillataurina.com) que Pepe Lu\u00eds tiene nuevo apoderado y quiere hacer una temporada [&hellip;]\" \/>\n<meta property=\"og:url\" content=\"https:\/\/www.ignaciosanchezmejias.es\/index.php\/2009\/02\/10\/pepe-luis-vazquez-silva-2\/\" \/>\n<meta property=\"og:site_name\" content=\"Sitio web de Ignacio S\u00e1nchez-Mej\u00edas Herrero\" \/>\n<meta property=\"article:published_time\" content=\"2009-02-10T22:54:24+00:00\" \/>\n<meta property=\"article:modified_time\" content=\"2020-12-16T16:47:16+00:00\" \/>\n<meta property=\"og:image\" content=\"https:\/\/www.ignaciosanchezmejias.es\/wp-content\/uploads\/2009\/02\/Pepe-Luis-Manon.jpg\" \/>\n\t<meta property=\"og:image:width\" content=\"340\" \/>\n\t<meta property=\"og:image:height\" content=\"223\" \/>\n\t<meta property=\"og:image:type\" content=\"image\/jpeg\" \/>\n<meta name=\"author\" content=\"isanchezmejias\" \/>\n<meta name=\"twitter:card\" content=\"summary_large_image\" \/>\n<meta name=\"twitter:label1\" content=\"Escrito por\" \/>\n\t<meta name=\"twitter:data1\" content=\"isanchezmejias\" \/>\n\t<meta name=\"twitter:label2\" content=\"Tiempo de lectura\" \/>\n\t<meta name=\"twitter:data2\" content=\"2 minutos\" \/>\n<script type=\"application\/ld+json\" class=\"yoast-schema-graph\">{\"@context\":\"https:\\\/\\\/schema.org\",\"@graph\":[{\"@type\":\"Article\",\"@id\":\"https:\\\/\\\/www.ignaciosanchezmejias.es\\\/index.php\\\/2009\\\/02\\\/10\\\/pepe-luis-vazquez-silva-2\\\/#article\",\"isPartOf\":{\"@id\":\"https:\\\/\\\/www.ignaciosanchezmejias.es\\\/index.php\\\/2009\\\/02\\\/10\\\/pepe-luis-vazquez-silva-2\\\/\"},\"author\":{\"name\":\"isanchezmejias\",\"@id\":\"https:\\\/\\\/www.ignaciosanchezmejias.es\\\/#\\\/schema\\\/person\\\/494d20bda3404108c02016d5e608fc65\"},\"headline\":\"Pepe Lu\u00eds V\u00e1zquez Silva\",\"datePublished\":\"2009-02-10T22:54:24+00:00\",\"dateModified\":\"2020-12-16T16:47:16+00:00\",\"mainEntityOfPage\":{\"@id\":\"https:\\\/\\\/www.ignaciosanchezmejias.es\\\/index.php\\\/2009\\\/02\\\/10\\\/pepe-luis-vazquez-silva-2\\\/\"},\"wordCount\":392,\"commentCount\":17,\"publisher\":{\"@id\":\"https:\\\/\\\/www.ignaciosanchezmejias.es\\\/#\\\/schema\\\/person\\\/494d20bda3404108c02016d5e608fc65\"},\"image\":{\"@id\":\"https:\\\/\\\/www.ignaciosanchezmejias.es\\\/index.php\\\/2009\\\/02\\\/10\\\/pepe-luis-vazquez-silva-2\\\/#primaryimage\"},\"thumbnailUrl\":\"https:\\\/\\\/www.ignaciosanchezmejias.es\\\/wp-content\\\/uploads\\\/2009\\\/02\\\/Pepe-Luis-Manon.jpg\",\"keywords\":[\"Morante de la Puebla\",\"Pepe Lu\u00eds V\u00e1zquez\"],\"articleSection\":[\"General\"],\"inLanguage\":\"es\",\"potentialAction\":[{\"@type\":\"CommentAction\",\"name\":\"Comment\",\"target\":[\"https:\\\/\\\/www.ignaciosanchezmejias.es\\\/index.php\\\/2009\\\/02\\\/10\\\/pepe-luis-vazquez-silva-2\\\/#respond\"]}]},{\"@type\":\"WebPage\",\"@id\":\"https:\\\/\\\/www.ignaciosanchezmejias.es\\\/index.php\\\/2009\\\/02\\\/10\\\/pepe-luis-vazquez-silva-2\\\/\",\"url\":\"https:\\\/\\\/www.ignaciosanchezmejias.es\\\/index.php\\\/2009\\\/02\\\/10\\\/pepe-luis-vazquez-silva-2\\\/\",\"name\":\"Pepe Lu\u00eds V\u00e1zquez Silva - Sitio web de Ignacio S\u00e1nchez-Mej\u00edas Herrero\",\"isPartOf\":{\"@id\":\"https:\\\/\\\/www.ignaciosanchezmejias.es\\\/#website\"},\"primaryImageOfPage\":{\"@id\":\"https:\\\/\\\/www.ignaciosanchezmejias.es\\\/index.php\\\/2009\\\/02\\\/10\\\/pepe-luis-vazquez-silva-2\\\/#primaryimage\"},\"image\":{\"@id\":\"https:\\\/\\\/www.ignaciosanchezmejias.es\\\/index.php\\\/2009\\\/02\\\/10\\\/pepe-luis-vazquez-silva-2\\\/#primaryimage\"},\"thumbnailUrl\":\"https:\\\/\\\/www.ignaciosanchezmejias.es\\\/wp-content\\\/uploads\\\/2009\\\/02\\\/Pepe-Luis-Manon.jpg\",\"datePublished\":\"2009-02-10T22:54:24+00:00\",\"dateModified\":\"2020-12-16T16:47:16+00:00\",\"breadcrumb\":{\"@id\":\"https:\\\/\\\/www.ignaciosanchezmejias.es\\\/index.php\\\/2009\\\/02\\\/10\\\/pepe-luis-vazquez-silva-2\\\/#breadcrumb\"},\"inLanguage\":\"es\",\"potentialAction\":[{\"@type\":\"ReadAction\",\"target\":[\"https:\\\/\\\/www.ignaciosanchezmejias.es\\\/index.php\\\/2009\\\/02\\\/10\\\/pepe-luis-vazquez-silva-2\\\/\"]}]},{\"@type\":\"ImageObject\",\"inLanguage\":\"es\",\"@id\":\"https:\\\/\\\/www.ignaciosanchezmejias.es\\\/index.php\\\/2009\\\/02\\\/10\\\/pepe-luis-vazquez-silva-2\\\/#primaryimage\",\"url\":\"https:\\\/\\\/www.ignaciosanchezmejias.es\\\/wp-content\\\/uploads\\\/2009\\\/02\\\/Pepe-Luis-Manon.jpg\",\"contentUrl\":\"https:\\\/\\\/www.ignaciosanchezmejias.es\\\/wp-content\\\/uploads\\\/2009\\\/02\\\/Pepe-Luis-Manon.jpg\",\"width\":340,\"height\":223,\"caption\":\"Pepe Lu\u00eds V\u00e1zquez (Blog de fotos de Manon)\"},{\"@type\":\"BreadcrumbList\",\"@id\":\"https:\\\/\\\/www.ignaciosanchezmejias.es\\\/index.php\\\/2009\\\/02\\\/10\\\/pepe-luis-vazquez-silva-2\\\/#breadcrumb\",\"itemListElement\":[{\"@type\":\"ListItem\",\"position\":1,\"name\":\"Portada\",\"item\":\"https:\\\/\\\/www.ignaciosanchezmejias.es\\\/\"},{\"@type\":\"ListItem\",\"position\":2,\"name\":\"Pepe Lu\u00eds V\u00e1zquez Silva\"}]},{\"@type\":\"WebSite\",\"@id\":\"https:\\\/\\\/www.ignaciosanchezmejias.es\\\/#website\",\"url\":\"https:\\\/\\\/www.ignaciosanchezmejias.es\\\/\",\"name\":\"Blog de Ignacio S\u00e1nchez-Mej\u00edas\",\"description\":\"Sitio personal ISM\",\"publisher\":{\"@id\":\"https:\\\/\\\/www.ignaciosanchezmejias.es\\\/#\\\/schema\\\/person\\\/494d20bda3404108c02016d5e608fc65\"},\"potentialAction\":[{\"@type\":\"SearchAction\",\"target\":{\"@type\":\"EntryPoint\",\"urlTemplate\":\"https:\\\/\\\/www.ignaciosanchezmejias.es\\\/?s={search_term_string}\"},\"query-input\":{\"@type\":\"PropertyValueSpecification\",\"valueRequired\":true,\"valueName\":\"search_term_string\"}}],\"inLanguage\":\"es\"},{\"@type\":[\"Person\",\"Organization\"],\"@id\":\"https:\\\/\\\/www.ignaciosanchezmejias.es\\\/#\\\/schema\\\/person\\\/494d20bda3404108c02016d5e608fc65\",\"name\":\"isanchezmejias\",\"image\":{\"@type\":\"ImageObject\",\"inLanguage\":\"es\",\"@id\":\"https:\\\/\\\/www.ignaciosanchezmejias.es\\\/wp-content\\\/uploads\\\/2020\\\/06\\\/cropped-Yo-antes.jpg\",\"url\":\"https:\\\/\\\/www.ignaciosanchezmejias.es\\\/wp-content\\\/uploads\\\/2020\\\/06\\\/cropped-Yo-antes.jpg\",\"contentUrl\":\"https:\\\/\\\/www.ignaciosanchezmejias.es\\\/wp-content\\\/uploads\\\/2020\\\/06\\\/cropped-Yo-antes.jpg\",\"width\":681,\"height\":482,\"caption\":\"isanchezmejias\"},\"logo\":{\"@id\":\"https:\\\/\\\/www.ignaciosanchezmejias.es\\\/wp-content\\\/uploads\\\/2020\\\/06\\\/cropped-Yo-antes.jpg\"},\"sameAs\":[\"https:\\\/\\\/www.ignaciosanchezmejias.es\"],\"url\":\"https:\\\/\\\/www.ignaciosanchezmejias.es\\\/index.php\\\/author\\\/isanchezmejias\\\/\"}]}<\/script>\n<!-- \/ Yoast SEO plugin. -->","yoast_head_json":{"title":"Pepe Lu\u00eds V\u00e1zquez Silva - Sitio web de Ignacio S\u00e1nchez-Mej\u00edas Herrero","robots":{"index":"index","follow":"follow","max-snippet":"max-snippet:-1","max-image-preview":"max-image-preview:large","max-video-preview":"max-video-preview:-1"},"canonical":"https:\/\/www.ignaciosanchezmejias.es\/index.php\/2009\/02\/10\/pepe-luis-vazquez-silva-2\/","og_locale":"es_ES","og_type":"article","og_title":"Pepe Lu\u00eds V\u00e1zquez Silva - Sitio web de Ignacio S\u00e1nchez-Mej\u00edas Herrero","og_description":"Me han pedido que hablara de Pepee Lu\u00eds V\u00e1zquez, a ra\u00edz de su anunciado mano a mano con Morante en Antequera el d\u00eda de Andaluc\u00eda. He leido algunas rese\u00f1as de la presentaci\u00f3n de la corrida y me enterado (ver notas en ABC y en\u00a0sevillataurina.com) que Pepe Lu\u00eds tiene nuevo apoderado y quiere hacer una temporada [&hellip;]","og_url":"https:\/\/www.ignaciosanchezmejias.es\/index.php\/2009\/02\/10\/pepe-luis-vazquez-silva-2\/","og_site_name":"Sitio web de Ignacio S\u00e1nchez-Mej\u00edas Herrero","article_published_time":"2009-02-10T22:54:24+00:00","article_modified_time":"2020-12-16T16:47:16+00:00","og_image":[{"width":340,"height":223,"url":"https:\/\/www.ignaciosanchezmejias.es\/wp-content\/uploads\/2009\/02\/Pepe-Luis-Manon.jpg","type":"image\/jpeg"}],"author":"isanchezmejias","twitter_card":"summary_large_image","twitter_misc":{"Escrito por":"isanchezmejias","Tiempo de lectura":"2 minutos"},"schema":{"@context":"https:\/\/schema.org","@graph":[{"@type":"Article","@id":"https:\/\/www.ignaciosanchezmejias.es\/index.php\/2009\/02\/10\/pepe-luis-vazquez-silva-2\/#article","isPartOf":{"@id":"https:\/\/www.ignaciosanchezmejias.es\/index.php\/2009\/02\/10\/pepe-luis-vazquez-silva-2\/"},"author":{"name":"isanchezmejias","@id":"https:\/\/www.ignaciosanchezmejias.es\/#\/schema\/person\/494d20bda3404108c02016d5e608fc65"},"headline":"Pepe Lu\u00eds V\u00e1zquez Silva","datePublished":"2009-02-10T22:54:24+00:00","dateModified":"2020-12-16T16:47:16+00:00","mainEntityOfPage":{"@id":"https:\/\/www.ignaciosanchezmejias.es\/index.php\/2009\/02\/10\/pepe-luis-vazquez-silva-2\/"},"wordCount":392,"commentCount":17,"publisher":{"@id":"https:\/\/www.ignaciosanchezmejias.es\/#\/schema\/person\/494d20bda3404108c02016d5e608fc65"},"image":{"@id":"https:\/\/www.ignaciosanchezmejias.es\/index.php\/2009\/02\/10\/pepe-luis-vazquez-silva-2\/#primaryimage"},"thumbnailUrl":"https:\/\/www.ignaciosanchezmejias.es\/wp-content\/uploads\/2009\/02\/Pepe-Luis-Manon.jpg","keywords":["Morante de la Puebla","Pepe Lu\u00eds V\u00e1zquez"],"articleSection":["General"],"inLanguage":"es","potentialAction":[{"@type":"CommentAction","name":"Comment","target":["https:\/\/www.ignaciosanchezmejias.es\/index.php\/2009\/02\/10\/pepe-luis-vazquez-silva-2\/#respond"]}]},{"@type":"WebPage","@id":"https:\/\/www.ignaciosanchezmejias.es\/index.php\/2009\/02\/10\/pepe-luis-vazquez-silva-2\/","url":"https:\/\/www.ignaciosanchezmejias.es\/index.php\/2009\/02\/10\/pepe-luis-vazquez-silva-2\/","name":"Pepe Lu\u00eds V\u00e1zquez Silva - Sitio web de Ignacio S\u00e1nchez-Mej\u00edas Herrero","isPartOf":{"@id":"https:\/\/www.ignaciosanchezmejias.es\/#website"},"primaryImageOfPage":{"@id":"https:\/\/www.ignaciosanchezmejias.es\/index.php\/2009\/02\/10\/pepe-luis-vazquez-silva-2\/#primaryimage"},"image":{"@id":"https:\/\/www.ignaciosanchezmejias.es\/index.php\/2009\/02\/10\/pepe-luis-vazquez-silva-2\/#primaryimage"},"thumbnailUrl":"https:\/\/www.ignaciosanchezmejias.es\/wp-content\/uploads\/2009\/02\/Pepe-Luis-Manon.jpg","datePublished":"2009-02-10T22:54:24+00:00","dateModified":"2020-12-16T16:47:16+00:00","breadcrumb":{"@id":"https:\/\/www.ignaciosanchezmejias.es\/index.php\/2009\/02\/10\/pepe-luis-vazquez-silva-2\/#breadcrumb"},"inLanguage":"es","potentialAction":[{"@type":"ReadAction","target":["https:\/\/www.ignaciosanchezmejias.es\/index.php\/2009\/02\/10\/pepe-luis-vazquez-silva-2\/"]}]},{"@type":"ImageObject","inLanguage":"es","@id":"https:\/\/www.ignaciosanchezmejias.es\/index.php\/2009\/02\/10\/pepe-luis-vazquez-silva-2\/#primaryimage","url":"https:\/\/www.ignaciosanchezmejias.es\/wp-content\/uploads\/2009\/02\/Pepe-Luis-Manon.jpg","contentUrl":"https:\/\/www.ignaciosanchezmejias.es\/wp-content\/uploads\/2009\/02\/Pepe-Luis-Manon.jpg","width":340,"height":223,"caption":"Pepe Lu\u00eds V\u00e1zquez (Blog de fotos de Manon)"},{"@type":"BreadcrumbList","@id":"https:\/\/www.ignaciosanchezmejias.es\/index.php\/2009\/02\/10\/pepe-luis-vazquez-silva-2\/#breadcrumb","itemListElement":[{"@type":"ListItem","position":1,"name":"Portada","item":"https:\/\/www.ignaciosanchezmejias.es\/"},{"@type":"ListItem","position":2,"name":"Pepe Lu\u00eds V\u00e1zquez Silva"}]},{"@type":"WebSite","@id":"https:\/\/www.ignaciosanchezmejias.es\/#website","url":"https:\/\/www.ignaciosanchezmejias.es\/","name":"Blog de Ignacio S\u00e1nchez-Mej\u00edas","description":"Sitio personal ISM","publisher":{"@id":"https:\/\/www.ignaciosanchezmejias.es\/#\/schema\/person\/494d20bda3404108c02016d5e608fc65"},"potentialAction":[{"@type":"SearchAction","target":{"@type":"EntryPoint","urlTemplate":"https:\/\/www.ignaciosanchezmejias.es\/?s={search_term_string}"},"query-input":{"@type":"PropertyValueSpecification","valueRequired":true,"valueName":"search_term_string"}}],"inLanguage":"es"},{"@type":["Person","Organization"],"@id":"https:\/\/www.ignaciosanchezmejias.es\/#\/schema\/person\/494d20bda3404108c02016d5e608fc65","name":"isanchezmejias","image":{"@type":"ImageObject","inLanguage":"es","@id":"https:\/\/www.ignaciosanchezmejias.es\/wp-content\/uploads\/2020\/06\/cropped-Yo-antes.jpg","url":"https:\/\/www.ignaciosanchezmejias.es\/wp-content\/uploads\/2020\/06\/cropped-Yo-antes.jpg","contentUrl":"https:\/\/www.ignaciosanchezmejias.es\/wp-content\/uploads\/2020\/06\/cropped-Yo-antes.jpg","width":681,"height":482,"caption":"isanchezmejias"},"logo":{"@id":"https:\/\/www.ignaciosanchezmejias.es\/wp-content\/uploads\/2020\/06\/cropped-Yo-antes.jpg"},"sameAs":["https:\/\/www.ignaciosanchezmejias.es"],"url":"https:\/\/www.ignaciosanchezmejias.es\/index.php\/author\/isanchezmejias\/"}]}},"_links":{"self":[{"href":"https:\/\/www.ignaciosanchezmejias.es\/index.php\/wp-json\/wp\/v2\/posts\/4217","targetHints":{"allow":["GET"]}}],"collection":[{"href":"https:\/\/www.ignaciosanchezmejias.es\/index.php\/wp-json\/wp\/v2\/posts"}],"about":[{"href":"https:\/\/www.ignaciosanchezmejias.es\/index.php\/wp-json\/wp\/v2\/types\/post"}],"author":[{"embeddable":true,"href":"https:\/\/www.ignaciosanchezmejias.es\/index.php\/wp-json\/wp\/v2\/users\/1"}],"replies":[{"embeddable":true,"href":"https:\/\/www.ignaciosanchezmejias.es\/index.php\/wp-json\/wp\/v2\/comments?post=4217"}],"version-history":[{"count":2,"href":"https:\/\/www.ignaciosanchezmejias.es\/index.php\/wp-json\/wp\/v2\/posts\/4217\/revisions"}],"predecessor-version":[{"id":4400,"href":"https:\/\/www.ignaciosanchezmejias.es\/index.php\/wp-json\/wp\/v2\/posts\/4217\/revisions\/4400"}],"wp:featuredmedia":[{"embeddable":true,"href":"https:\/\/www.ignaciosanchezmejias.es\/index.php\/wp-json\/wp\/v2\/media\/321"}],"wp:attachment":[{"href":"https:\/\/www.ignaciosanchezmejias.es\/index.php\/wp-json\/wp\/v2\/media?parent=4217"}],"wp:term":[{"taxonomy":"category","embeddable":true,"href":"https:\/\/www.ignaciosanchezmejias.es\/index.php\/wp-json\/wp\/v2\/categories?post=4217"},{"taxonomy":"post_tag","embeddable":true,"href":"https:\/\/www.ignaciosanchezmejias.es\/index.php\/wp-json\/wp\/v2\/tags?post=4217"}],"curies":[{"name":"wp","href":"https:\/\/api.w.org\/{rel}","templated":true}]}}