{"id":4201,"date":"2008-12-05T18:02:00","date_gmt":"2008-12-05T17:02:00","guid":{"rendered":"http:\/\/blogs.sevilla.abc.es\/desdeeltendido2\/?p=206"},"modified":"2021-03-17T17:38:08","modified_gmt":"2021-03-17T17:38:08","slug":"la-incomodidad-de-las-plazas-de-toros-2","status":"publish","type":"post","link":"https:\/\/www.ignaciosanchezmejias.es\/index.php\/2008\/12\/05\/la-incomodidad-de-las-plazas-de-toros-2\/","title":{"rendered":"La incomodidad de las plazas de toros"},"content":{"rendered":"\n<p>La mayor\u00eda de las plazas de toros son realmente incomodas. La Maestranza no se queda atr\u00e1s. Cuando el abono avanza, los comentarios de los vecinos de localidad versan, recurrentemente, sobre los dolores de espalda despu\u00e9s de muchas tardes de sufrimiento. El de atr\u00e1s te mete las rodillas en los blandos y t\u00fa haces lo mismo con el de delante en un af\u00e1n infructuosos de huir del de atr\u00e1s. Muchas de las bajas del abono en tardes sin expectaci\u00f3n son para descansar \u00ablos ri\u00f1ones\u00bb y algunos abonados se han dado de baja definitiva por no soportar el suplicio diario que supone mantener dos horas y media cada d\u00eda la espalda recta. <\/p>\n\n\n\n<p>Muchas veces me he preguntado si es posible hallar una soluci\u00f3n a esto. Otros espect\u00e1culos han procurado cuidar al espectador: hay cines m\u00e1s c\u00f3modos que el sal\u00f3n de mi casa. Incluso los responsables de los estadios de f\u00fatbol han hecho un esfuerzo de modernizaci\u00f3n con sillones, aunque sean de pl\u00e1stico, calefacci\u00f3n, etc. Pero la mayor\u00eda de las plazas de toros no. Se podr\u00eda hacer un escalaf\u00f3n de incomodidad, en el top la de Jerez.<\/p>\n\n\n\n<div class=\"wp-block-image\"><figure class=\"aligncenter size-large\"><img loading=\"lazy\" decoding=\"async\" width=\"240\" height=\"180\" src=\"https:\/\/www.ignaciosanchezmejias.es\/wp-content\/uploads\/2020\/12\/tendido-2.jpg\" alt=\"\" class=\"wp-image-818\"\/><\/figure><\/div>\n\n\n\n<p>Hace unas fechas, escuchando a mi profesor Pedro Romero de Sol\u00eds en una conferencia, intu\u00ed una pista de por d\u00f3nde podr\u00edan venir las razones de esto. Dijo que el dise\u00f1o original de la Maestranza era para 15.000 personas, en una Sevilla que entonces contaba con 75.000 vecinos. Y vino a concluir que si se restaban los curas, los pobres, los ni\u00f1os, los enfermos, y las mujeres (solo las cigarreras iban a los toros), resultaba que se hab\u00eda proyectado la plaza para que fueran a ella la totalidad de los habitantes de la cuidad. En aquellos tiempos nadie pensaba en la comodidad del pueblo, que no se consideraba en t\u00e9rminos de espectador.<\/p>\n\n\n\n<p>Puede ser que la comodidad est\u00e9 re\u00f1ida con la est\u00e9tica, pero seguro que las necesidades de aforo pesan m\u00e1s. A mayor comodidad, menos espacio, menos personas y, o menos recaudaci\u00f3n, o m\u00e1s caros aun los precios. No s\u00e9, no s\u00e9, quiz\u00e1s lo mejor es que nos quedemos como estamos y que se fastidien los ri\u00f1ones. Otro d\u00eda hablaremos de los precios.<\/p>\n\n\n\n<p class=\"MsoNormal has-normal-font-size\"><\/p>\n","protected":false},"excerpt":{"rendered":"<p>La mayor\u00eda de las plazas de toros son realmente incomodas. La Maestranza no se queda atr\u00e1s. Cuando el abono avanza, los comentarios de los vecinos de localidad versan, recurrentemente, sobre los dolores de espalda despu\u00e9s de muchas tardes de sufrimiento. El de atr\u00e1s te mete las rodillas en los blandos y t\u00fa haces lo mismo [&hellip;]<\/p>\n","protected":false},"author":1,"featured_media":817,"comment_status":"open","ping_status":"open","sticky":false,"template":"","format":"standard","meta":{"footnotes":""},"categories":[5],"tags":[529],"class_list":["post-4201","post","type-post","status-publish","format-standard","has-post-thumbnail","hentry","category-general","tag-plazas-de-toros"],"yoast_head":"<!-- This site is optimized with the Yoast SEO plugin v27.5 - https:\/\/yoast.com\/product\/yoast-seo-wordpress\/ -->\n<title>La incomodidad de las plazas de toros - Sitio web de Ignacio S\u00e1nchez-Mej\u00edas Herrero<\/title>\n<meta name=\"robots\" content=\"index, follow, max-snippet:-1, max-image-preview:large, max-video-preview:-1\" \/>\n<link rel=\"canonical\" href=\"https:\/\/www.ignaciosanchezmejias.es\/index.php\/2008\/12\/05\/la-incomodidad-de-las-plazas-de-toros-2\/\" \/>\n<meta property=\"og:locale\" content=\"es_ES\" \/>\n<meta property=\"og:type\" content=\"article\" \/>\n<meta property=\"og:title\" content=\"La incomodidad de las plazas de toros - Sitio web de Ignacio S\u00e1nchez-Mej\u00edas Herrero\" \/>\n<meta property=\"og:description\" content=\"La mayor\u00eda de las plazas de toros son realmente incomodas. La Maestranza no se queda atr\u00e1s. Cuando el abono avanza, los comentarios de los vecinos de localidad versan, recurrentemente, sobre los dolores de espalda despu\u00e9s de muchas tardes de sufrimiento. El de atr\u00e1s te mete las rodillas en los blandos y t\u00fa haces lo mismo [&hellip;]\" \/>\n<meta property=\"og:url\" content=\"https:\/\/www.ignaciosanchezmejias.es\/index.php\/2008\/12\/05\/la-incomodidad-de-las-plazas-de-toros-2\/\" \/>\n<meta property=\"og:site_name\" content=\"Sitio web de Ignacio S\u00e1nchez-Mej\u00edas Herrero\" \/>\n<meta property=\"article:published_time\" content=\"2008-12-05T17:02:00+00:00\" \/>\n<meta property=\"article:modified_time\" content=\"2021-03-17T17:38:08+00:00\" \/>\n<meta property=\"og:image\" content=\"https:\/\/www.ignaciosanchezmejias.es\/wp-content\/uploads\/2008\/12\/monumental-sevilla1.jpg\" \/>\n\t<meta property=\"og:image:width\" content=\"600\" \/>\n\t<meta property=\"og:image:height\" content=\"383\" \/>\n\t<meta property=\"og:image:type\" content=\"image\/jpeg\" \/>\n<meta name=\"author\" content=\"isanchezmejias\" \/>\n<meta name=\"twitter:card\" content=\"summary_large_image\" \/>\n<meta name=\"twitter:label1\" content=\"Escrito por\" \/>\n\t<meta name=\"twitter:data1\" content=\"isanchezmejias\" \/>\n\t<meta name=\"twitter:label2\" content=\"Tiempo de lectura\" \/>\n\t<meta name=\"twitter:data2\" content=\"2 minutos\" \/>\n<script type=\"application\/ld+json\" class=\"yoast-schema-graph\">{\"@context\":\"https:\\\/\\\/schema.org\",\"@graph\":[{\"@type\":\"Article\",\"@id\":\"https:\\\/\\\/www.ignaciosanchezmejias.es\\\/index.php\\\/2008\\\/12\\\/05\\\/la-incomodidad-de-las-plazas-de-toros-2\\\/#article\",\"isPartOf\":{\"@id\":\"https:\\\/\\\/www.ignaciosanchezmejias.es\\\/index.php\\\/2008\\\/12\\\/05\\\/la-incomodidad-de-las-plazas-de-toros-2\\\/\"},\"author\":{\"name\":\"isanchezmejias\",\"@id\":\"https:\\\/\\\/www.ignaciosanchezmejias.es\\\/#\\\/schema\\\/person\\\/494d20bda3404108c02016d5e608fc65\"},\"headline\":\"La incomodidad de las plazas de toros\",\"datePublished\":\"2008-12-05T17:02:00+00:00\",\"dateModified\":\"2021-03-17T17:38:08+00:00\",\"mainEntityOfPage\":{\"@id\":\"https:\\\/\\\/www.ignaciosanchezmejias.es\\\/index.php\\\/2008\\\/12\\\/05\\\/la-incomodidad-de-las-plazas-de-toros-2\\\/\"},\"wordCount\":397,\"commentCount\":3,\"publisher\":{\"@id\":\"https:\\\/\\\/www.ignaciosanchezmejias.es\\\/#\\\/schema\\\/person\\\/494d20bda3404108c02016d5e608fc65\"},\"image\":{\"@id\":\"https:\\\/\\\/www.ignaciosanchezmejias.es\\\/index.php\\\/2008\\\/12\\\/05\\\/la-incomodidad-de-las-plazas-de-toros-2\\\/#primaryimage\"},\"thumbnailUrl\":\"https:\\\/\\\/www.ignaciosanchezmejias.es\\\/wp-content\\\/uploads\\\/2008\\\/12\\\/monumental-sevilla1.jpg\",\"keywords\":[\"Plazas de toros\"],\"articleSection\":[\"General\"],\"inLanguage\":\"es\",\"potentialAction\":[{\"@type\":\"CommentAction\",\"name\":\"Comment\",\"target\":[\"https:\\\/\\\/www.ignaciosanchezmejias.es\\\/index.php\\\/2008\\\/12\\\/05\\\/la-incomodidad-de-las-plazas-de-toros-2\\\/#respond\"]}]},{\"@type\":\"WebPage\",\"@id\":\"https:\\\/\\\/www.ignaciosanchezmejias.es\\\/index.php\\\/2008\\\/12\\\/05\\\/la-incomodidad-de-las-plazas-de-toros-2\\\/\",\"url\":\"https:\\\/\\\/www.ignaciosanchezmejias.es\\\/index.php\\\/2008\\\/12\\\/05\\\/la-incomodidad-de-las-plazas-de-toros-2\\\/\",\"name\":\"La incomodidad de las plazas de toros - Sitio web de Ignacio S\u00e1nchez-Mej\u00edas Herrero\",\"isPartOf\":{\"@id\":\"https:\\\/\\\/www.ignaciosanchezmejias.es\\\/#website\"},\"primaryImageOfPage\":{\"@id\":\"https:\\\/\\\/www.ignaciosanchezmejias.es\\\/index.php\\\/2008\\\/12\\\/05\\\/la-incomodidad-de-las-plazas-de-toros-2\\\/#primaryimage\"},\"image\":{\"@id\":\"https:\\\/\\\/www.ignaciosanchezmejias.es\\\/index.php\\\/2008\\\/12\\\/05\\\/la-incomodidad-de-las-plazas-de-toros-2\\\/#primaryimage\"},\"thumbnailUrl\":\"https:\\\/\\\/www.ignaciosanchezmejias.es\\\/wp-content\\\/uploads\\\/2008\\\/12\\\/monumental-sevilla1.jpg\",\"datePublished\":\"2008-12-05T17:02:00+00:00\",\"dateModified\":\"2021-03-17T17:38:08+00:00\",\"breadcrumb\":{\"@id\":\"https:\\\/\\\/www.ignaciosanchezmejias.es\\\/index.php\\\/2008\\\/12\\\/05\\\/la-incomodidad-de-las-plazas-de-toros-2\\\/#breadcrumb\"},\"inLanguage\":\"es\",\"potentialAction\":[{\"@type\":\"ReadAction\",\"target\":[\"https:\\\/\\\/www.ignaciosanchezmejias.es\\\/index.php\\\/2008\\\/12\\\/05\\\/la-incomodidad-de-las-plazas-de-toros-2\\\/\"]}]},{\"@type\":\"ImageObject\",\"inLanguage\":\"es\",\"@id\":\"https:\\\/\\\/www.ignaciosanchezmejias.es\\\/index.php\\\/2008\\\/12\\\/05\\\/la-incomodidad-de-las-plazas-de-toros-2\\\/#primaryimage\",\"url\":\"https:\\\/\\\/www.ignaciosanchezmejias.es\\\/wp-content\\\/uploads\\\/2008\\\/12\\\/monumental-sevilla1.jpg\",\"contentUrl\":\"https:\\\/\\\/www.ignaciosanchezmejias.es\\\/wp-content\\\/uploads\\\/2008\\\/12\\\/monumental-sevilla1.jpg\",\"width\":600,\"height\":383},{\"@type\":\"BreadcrumbList\",\"@id\":\"https:\\\/\\\/www.ignaciosanchezmejias.es\\\/index.php\\\/2008\\\/12\\\/05\\\/la-incomodidad-de-las-plazas-de-toros-2\\\/#breadcrumb\",\"itemListElement\":[{\"@type\":\"ListItem\",\"position\":1,\"name\":\"Portada\",\"item\":\"https:\\\/\\\/www.ignaciosanchezmejias.es\\\/\"},{\"@type\":\"ListItem\",\"position\":2,\"name\":\"La incomodidad de las plazas de toros\"}]},{\"@type\":\"WebSite\",\"@id\":\"https:\\\/\\\/www.ignaciosanchezmejias.es\\\/#website\",\"url\":\"https:\\\/\\\/www.ignaciosanchezmejias.es\\\/\",\"name\":\"Blog de Ignacio S\u00e1nchez-Mej\u00edas\",\"description\":\"Sitio personal ISM\",\"publisher\":{\"@id\":\"https:\\\/\\\/www.ignaciosanchezmejias.es\\\/#\\\/schema\\\/person\\\/494d20bda3404108c02016d5e608fc65\"},\"potentialAction\":[{\"@type\":\"SearchAction\",\"target\":{\"@type\":\"EntryPoint\",\"urlTemplate\":\"https:\\\/\\\/www.ignaciosanchezmejias.es\\\/?s={search_term_string}\"},\"query-input\":{\"@type\":\"PropertyValueSpecification\",\"valueRequired\":true,\"valueName\":\"search_term_string\"}}],\"inLanguage\":\"es\"},{\"@type\":[\"Person\",\"Organization\"],\"@id\":\"https:\\\/\\\/www.ignaciosanchezmejias.es\\\/#\\\/schema\\\/person\\\/494d20bda3404108c02016d5e608fc65\",\"name\":\"isanchezmejias\",\"image\":{\"@type\":\"ImageObject\",\"inLanguage\":\"es\",\"@id\":\"https:\\\/\\\/www.ignaciosanchezmejias.es\\\/wp-content\\\/uploads\\\/2020\\\/06\\\/cropped-Yo-antes.jpg\",\"url\":\"https:\\\/\\\/www.ignaciosanchezmejias.es\\\/wp-content\\\/uploads\\\/2020\\\/06\\\/cropped-Yo-antes.jpg\",\"contentUrl\":\"https:\\\/\\\/www.ignaciosanchezmejias.es\\\/wp-content\\\/uploads\\\/2020\\\/06\\\/cropped-Yo-antes.jpg\",\"width\":681,\"height\":482,\"caption\":\"isanchezmejias\"},\"logo\":{\"@id\":\"https:\\\/\\\/www.ignaciosanchezmejias.es\\\/wp-content\\\/uploads\\\/2020\\\/06\\\/cropped-Yo-antes.jpg\"},\"sameAs\":[\"https:\\\/\\\/www.ignaciosanchezmejias.es\"],\"url\":\"https:\\\/\\\/www.ignaciosanchezmejias.es\\\/index.php\\\/author\\\/isanchezmejias\\\/\"}]}<\/script>\n<!-- \/ Yoast SEO plugin. -->","yoast_head_json":{"title":"La incomodidad de las plazas de toros - Sitio web de Ignacio S\u00e1nchez-Mej\u00edas Herrero","robots":{"index":"index","follow":"follow","max-snippet":"max-snippet:-1","max-image-preview":"max-image-preview:large","max-video-preview":"max-video-preview:-1"},"canonical":"https:\/\/www.ignaciosanchezmejias.es\/index.php\/2008\/12\/05\/la-incomodidad-de-las-plazas-de-toros-2\/","og_locale":"es_ES","og_type":"article","og_title":"La incomodidad de las plazas de toros - Sitio web de Ignacio S\u00e1nchez-Mej\u00edas Herrero","og_description":"La mayor\u00eda de las plazas de toros son realmente incomodas. La Maestranza no se queda atr\u00e1s. Cuando el abono avanza, los comentarios de los vecinos de localidad versan, recurrentemente, sobre los dolores de espalda despu\u00e9s de muchas tardes de sufrimiento. El de atr\u00e1s te mete las rodillas en los blandos y t\u00fa haces lo mismo [&hellip;]","og_url":"https:\/\/www.ignaciosanchezmejias.es\/index.php\/2008\/12\/05\/la-incomodidad-de-las-plazas-de-toros-2\/","og_site_name":"Sitio web de Ignacio S\u00e1nchez-Mej\u00edas Herrero","article_published_time":"2008-12-05T17:02:00+00:00","article_modified_time":"2021-03-17T17:38:08+00:00","og_image":[{"width":600,"height":383,"url":"https:\/\/www.ignaciosanchezmejias.es\/wp-content\/uploads\/2008\/12\/monumental-sevilla1.jpg","type":"image\/jpeg"}],"author":"isanchezmejias","twitter_card":"summary_large_image","twitter_misc":{"Escrito por":"isanchezmejias","Tiempo de lectura":"2 minutos"},"schema":{"@context":"https:\/\/schema.org","@graph":[{"@type":"Article","@id":"https:\/\/www.ignaciosanchezmejias.es\/index.php\/2008\/12\/05\/la-incomodidad-de-las-plazas-de-toros-2\/#article","isPartOf":{"@id":"https:\/\/www.ignaciosanchezmejias.es\/index.php\/2008\/12\/05\/la-incomodidad-de-las-plazas-de-toros-2\/"},"author":{"name":"isanchezmejias","@id":"https:\/\/www.ignaciosanchezmejias.es\/#\/schema\/person\/494d20bda3404108c02016d5e608fc65"},"headline":"La incomodidad de las plazas de toros","datePublished":"2008-12-05T17:02:00+00:00","dateModified":"2021-03-17T17:38:08+00:00","mainEntityOfPage":{"@id":"https:\/\/www.ignaciosanchezmejias.es\/index.php\/2008\/12\/05\/la-incomodidad-de-las-plazas-de-toros-2\/"},"wordCount":397,"commentCount":3,"publisher":{"@id":"https:\/\/www.ignaciosanchezmejias.es\/#\/schema\/person\/494d20bda3404108c02016d5e608fc65"},"image":{"@id":"https:\/\/www.ignaciosanchezmejias.es\/index.php\/2008\/12\/05\/la-incomodidad-de-las-plazas-de-toros-2\/#primaryimage"},"thumbnailUrl":"https:\/\/www.ignaciosanchezmejias.es\/wp-content\/uploads\/2008\/12\/monumental-sevilla1.jpg","keywords":["Plazas de toros"],"articleSection":["General"],"inLanguage":"es","potentialAction":[{"@type":"CommentAction","name":"Comment","target":["https:\/\/www.ignaciosanchezmejias.es\/index.php\/2008\/12\/05\/la-incomodidad-de-las-plazas-de-toros-2\/#respond"]}]},{"@type":"WebPage","@id":"https:\/\/www.ignaciosanchezmejias.es\/index.php\/2008\/12\/05\/la-incomodidad-de-las-plazas-de-toros-2\/","url":"https:\/\/www.ignaciosanchezmejias.es\/index.php\/2008\/12\/05\/la-incomodidad-de-las-plazas-de-toros-2\/","name":"La incomodidad de las plazas de toros - Sitio web de Ignacio S\u00e1nchez-Mej\u00edas Herrero","isPartOf":{"@id":"https:\/\/www.ignaciosanchezmejias.es\/#website"},"primaryImageOfPage":{"@id":"https:\/\/www.ignaciosanchezmejias.es\/index.php\/2008\/12\/05\/la-incomodidad-de-las-plazas-de-toros-2\/#primaryimage"},"image":{"@id":"https:\/\/www.ignaciosanchezmejias.es\/index.php\/2008\/12\/05\/la-incomodidad-de-las-plazas-de-toros-2\/#primaryimage"},"thumbnailUrl":"https:\/\/www.ignaciosanchezmejias.es\/wp-content\/uploads\/2008\/12\/monumental-sevilla1.jpg","datePublished":"2008-12-05T17:02:00+00:00","dateModified":"2021-03-17T17:38:08+00:00","breadcrumb":{"@id":"https:\/\/www.ignaciosanchezmejias.es\/index.php\/2008\/12\/05\/la-incomodidad-de-las-plazas-de-toros-2\/#breadcrumb"},"inLanguage":"es","potentialAction":[{"@type":"ReadAction","target":["https:\/\/www.ignaciosanchezmejias.es\/index.php\/2008\/12\/05\/la-incomodidad-de-las-plazas-de-toros-2\/"]}]},{"@type":"ImageObject","inLanguage":"es","@id":"https:\/\/www.ignaciosanchezmejias.es\/index.php\/2008\/12\/05\/la-incomodidad-de-las-plazas-de-toros-2\/#primaryimage","url":"https:\/\/www.ignaciosanchezmejias.es\/wp-content\/uploads\/2008\/12\/monumental-sevilla1.jpg","contentUrl":"https:\/\/www.ignaciosanchezmejias.es\/wp-content\/uploads\/2008\/12\/monumental-sevilla1.jpg","width":600,"height":383},{"@type":"BreadcrumbList","@id":"https:\/\/www.ignaciosanchezmejias.es\/index.php\/2008\/12\/05\/la-incomodidad-de-las-plazas-de-toros-2\/#breadcrumb","itemListElement":[{"@type":"ListItem","position":1,"name":"Portada","item":"https:\/\/www.ignaciosanchezmejias.es\/"},{"@type":"ListItem","position":2,"name":"La incomodidad de las plazas de toros"}]},{"@type":"WebSite","@id":"https:\/\/www.ignaciosanchezmejias.es\/#website","url":"https:\/\/www.ignaciosanchezmejias.es\/","name":"Blog de Ignacio S\u00e1nchez-Mej\u00edas","description":"Sitio personal ISM","publisher":{"@id":"https:\/\/www.ignaciosanchezmejias.es\/#\/schema\/person\/494d20bda3404108c02016d5e608fc65"},"potentialAction":[{"@type":"SearchAction","target":{"@type":"EntryPoint","urlTemplate":"https:\/\/www.ignaciosanchezmejias.es\/?s={search_term_string}"},"query-input":{"@type":"PropertyValueSpecification","valueRequired":true,"valueName":"search_term_string"}}],"inLanguage":"es"},{"@type":["Person","Organization"],"@id":"https:\/\/www.ignaciosanchezmejias.es\/#\/schema\/person\/494d20bda3404108c02016d5e608fc65","name":"isanchezmejias","image":{"@type":"ImageObject","inLanguage":"es","@id":"https:\/\/www.ignaciosanchezmejias.es\/wp-content\/uploads\/2020\/06\/cropped-Yo-antes.jpg","url":"https:\/\/www.ignaciosanchezmejias.es\/wp-content\/uploads\/2020\/06\/cropped-Yo-antes.jpg","contentUrl":"https:\/\/www.ignaciosanchezmejias.es\/wp-content\/uploads\/2020\/06\/cropped-Yo-antes.jpg","width":681,"height":482,"caption":"isanchezmejias"},"logo":{"@id":"https:\/\/www.ignaciosanchezmejias.es\/wp-content\/uploads\/2020\/06\/cropped-Yo-antes.jpg"},"sameAs":["https:\/\/www.ignaciosanchezmejias.es"],"url":"https:\/\/www.ignaciosanchezmejias.es\/index.php\/author\/isanchezmejias\/"}]}},"_links":{"self":[{"href":"https:\/\/www.ignaciosanchezmejias.es\/index.php\/wp-json\/wp\/v2\/posts\/4201","targetHints":{"allow":["GET"]}}],"collection":[{"href":"https:\/\/www.ignaciosanchezmejias.es\/index.php\/wp-json\/wp\/v2\/posts"}],"about":[{"href":"https:\/\/www.ignaciosanchezmejias.es\/index.php\/wp-json\/wp\/v2\/types\/post"}],"author":[{"embeddable":true,"href":"https:\/\/www.ignaciosanchezmejias.es\/index.php\/wp-json\/wp\/v2\/users\/1"}],"replies":[{"embeddable":true,"href":"https:\/\/www.ignaciosanchezmejias.es\/index.php\/wp-json\/wp\/v2\/comments?post=4201"}],"version-history":[{"count":6,"href":"https:\/\/www.ignaciosanchezmejias.es\/index.php\/wp-json\/wp\/v2\/posts\/4201\/revisions"}],"predecessor-version":[{"id":6154,"href":"https:\/\/www.ignaciosanchezmejias.es\/index.php\/wp-json\/wp\/v2\/posts\/4201\/revisions\/6154"}],"wp:featuredmedia":[{"embeddable":true,"href":"https:\/\/www.ignaciosanchezmejias.es\/index.php\/wp-json\/wp\/v2\/media\/817"}],"wp:attachment":[{"href":"https:\/\/www.ignaciosanchezmejias.es\/index.php\/wp-json\/wp\/v2\/media?parent=4201"}],"wp:term":[{"taxonomy":"category","embeddable":true,"href":"https:\/\/www.ignaciosanchezmejias.es\/index.php\/wp-json\/wp\/v2\/categories?post=4201"},{"taxonomy":"post_tag","embeddable":true,"href":"https:\/\/www.ignaciosanchezmejias.es\/index.php\/wp-json\/wp\/v2\/tags?post=4201"}],"curies":[{"name":"wp","href":"https:\/\/api.w.org\/{rel}","templated":true}]}}