{"id":4200,"date":"2016-11-13T21:58:23","date_gmt":"2016-11-13T21:58:23","guid":{"rendered":"http:\/\/blogs.sevilla.abc.es\/desdeeltendido2\/?p=4200"},"modified":"2021-03-17T10:46:29","modified_gmt":"2021-03-17T10:46:29","slug":"ruta-por-cordoba-homenaje-manolete","status":"publish","type":"post","link":"https:\/\/www.ignaciosanchezmejias.es\/index.php\/2016\/11\/13\/ruta-por-cordoba-homenaje-manolete\/","title":{"rendered":"Ruta por C\u00f3rdoba homenaje a Manolete"},"content":{"rendered":"\n<p class=\"has-text-align-right\"><\/p>\n\n\n\n<p>El s\u00e1bado 12 de noviembre, acompa\u00f1ados de un magn\u00edfico tiempo y de un buen pu\u00f1ado de aficionados venidos de muchos lugares de Espa\u00f1a, realizamos un recorrido por la C\u00f3rdoba taurina en homenaje a Manolete. El acto fue promovido, como otros de parecida naturaleza, por el aficionado Jose Morente, coordinador del blog \u201c<a rel=\"noopener\" href=\"http:\/\/larazonincorporea.blogspot.com.es\/\" target=\"_blank\">La Raz\u00f3n Incorp\u00f3rea<\/a>\u201d. La tarde anterior, en la sede de la Tertulia Taurina \u201cEl Castore\u00f1o\u201d, en el Real C\u00edrculo de la Amistad de C\u00f3rdoba, tuvo lugar una conferencia, en la que Jose, bajo el t\u00edtulo \u201cDe Guerrita a Manolete\u201d, ofreci\u00f3 un amplio material filmogr\u00e1fico que hizo las delicias de los muchos aficionados all\u00ed congregados.<\/p>\n\n\n\n<div class=\"wp-block-image\"><figure class=\"aligncenter size-large\"><img loading=\"lazy\" decoding=\"async\" width=\"960\" height=\"720\" src=\"https:\/\/www.ignaciosanchezmejias.es\/wp-content\/uploads\/2021\/03\/2016-Manolete-2.jpg\" alt=\"\" class=\"wp-image-6120\" srcset=\"https:\/\/www.ignaciosanchezmejias.es\/wp-content\/uploads\/2021\/03\/2016-Manolete-2.jpg 960w, https:\/\/www.ignaciosanchezmejias.es\/wp-content\/uploads\/2021\/03\/2016-Manolete-2-300x225.jpg 300w, https:\/\/www.ignaciosanchezmejias.es\/wp-content\/uploads\/2021\/03\/2016-Manolete-2-768x576.jpg 768w\" sizes=\"auto, (max-width: 960px) 100vw, 960px\" \/><\/figure><\/div>\n\n\n\n<p>Para la ruta del s\u00e1bado contamos con la inestimable colaboraci\u00f3n de Antonio Luis Aguilera, que nos fue desgranando cada uno de los lugares que fuimos visitando con la erudici\u00f3n de los que saben y el orgullo de conocer el valor de lo que se tiene entre manos. Tambi\u00e9n nos acompa\u00f1aron Rafael S\u00e1nchez Gonz\u00e1lez y otros aficionados cordobeses que colaboraron en las explicaciones.<\/p>\n\n\n\n<div class=\"wp-block-image\"><figure class=\"aligncenter size-large\"><img loading=\"lazy\" decoding=\"async\" width=\"960\" height=\"934\" src=\"https:\/\/www.ignaciosanchezmejias.es\/wp-content\/uploads\/2021\/03\/2016-Manolete-5.jpg\" alt=\"\" class=\"wp-image-6121\" srcset=\"https:\/\/www.ignaciosanchezmejias.es\/wp-content\/uploads\/2021\/03\/2016-Manolete-5.jpg 960w, https:\/\/www.ignaciosanchezmejias.es\/wp-content\/uploads\/2021\/03\/2016-Manolete-5-300x292.jpg 300w, https:\/\/www.ignaciosanchezmejias.es\/wp-content\/uploads\/2021\/03\/2016-Manolete-5-768x747.jpg 768w\" sizes=\"auto, (max-width: 960px) 100vw, 960px\" \/><\/figure><\/div>\n\n\n\n<p>La ma\u00f1ana empez\u00f3 en el Campo de la Merced, aut\u00e9ntico coraz\u00f3n de la C\u00f3rdoba taurina por la existencia del matadero extramuros, del que ya solo queda la Torre de la Malmuerta y poco m\u00e1s para recordarlo. Nos dirigimos despu\u00e9s a San Cayetano, a la sede de la Hermandad de Jes\u00fas Ca\u00eddo, de la que el torero fue Hermano Mayor, y que guarda una preciosa t\u00fanica regalo suyo y un vestido de torear del maestro.<\/p>\n\n\n\n<div class=\"wp-block-image\"><figure class=\"aligncenter size-large\"><img loading=\"lazy\" decoding=\"async\" width=\"720\" height=\"960\" src=\"https:\/\/www.ignaciosanchezmejias.es\/wp-content\/uploads\/2021\/03\/2016-Manolete-6.jpg\" alt=\"\" class=\"wp-image-6122\" srcset=\"https:\/\/www.ignaciosanchezmejias.es\/wp-content\/uploads\/2021\/03\/2016-Manolete-6.jpg 720w, https:\/\/www.ignaciosanchezmejias.es\/wp-content\/uploads\/2021\/03\/2016-Manolete-6-225x300.jpg 225w\" sizes=\"auto, (max-width: 720px) 100vw, 720px\" \/><\/figure><\/div>\n\n\n\n<p>Fuimos despu\u00e9s a la Plaza de la Lagunilla, lugar donde vivi\u00f3 de ni\u00f1o Manolete, aunque no se conserva la casa, y que tiene un busto del maestro que cuidan los vecinos.<\/p>\n\n\n\n<div class=\"wp-block-image\"><figure class=\"aligncenter size-large\"><img loading=\"lazy\" decoding=\"async\" width=\"720\" height=\"960\" src=\"https:\/\/www.ignaciosanchezmejias.es\/wp-content\/uploads\/2021\/03\/2016-Manolete-7.jpg\" alt=\"\" class=\"wp-image-6123\" srcset=\"https:\/\/www.ignaciosanchezmejias.es\/wp-content\/uploads\/2021\/03\/2016-Manolete-7.jpg 720w, https:\/\/www.ignaciosanchezmejias.es\/wp-content\/uploads\/2021\/03\/2016-Manolete-7-225x300.jpg 225w\" sizes=\"auto, (max-width: 720px) 100vw, 720px\" \/><\/figure><\/div>\n\n\n\n<p><span style=\"text-align: justify; line-height: 1.5em;\">En el barrio de Santa Marina nos atendieron los responsables de la Hermandad del Resucitado, que guarda el traje de luces que visti\u00f3 Manolete en Santander, anterior a su corrida en Linares, con el \u00faltimo que abandon\u00f3 una plaza de toros por su pie. Parada obligada en la taberna La Sacrist\u00eda, frente a la casa hermandad.<\/span><\/p>\n\n\n\n<div class=\"wp-block-image\"><figure class=\"aligncenter size-large\"><img loading=\"lazy\" decoding=\"async\" width=\"960\" height=\"720\" src=\"https:\/\/www.ignaciosanchezmejias.es\/wp-content\/uploads\/2021\/03\/2016-Manolete-8.jpg\" alt=\"\" class=\"wp-image-6124\" srcset=\"https:\/\/www.ignaciosanchezmejias.es\/wp-content\/uploads\/2021\/03\/2016-Manolete-8.jpg 960w, https:\/\/www.ignaciosanchezmejias.es\/wp-content\/uploads\/2021\/03\/2016-Manolete-8-300x225.jpg 300w, https:\/\/www.ignaciosanchezmejias.es\/wp-content\/uploads\/2021\/03\/2016-Manolete-8-768x576.jpg 768w\" sizes=\"auto, (max-width: 960px) 100vw, 960px\" \/><\/figure><\/div>\n\n\n\n<p>En la plaza del Conde de Priego se erige un grupo escult\u00f3rico (de dudoso gusto hemos de decir) en homenaje al torero. Para sufragarlo que celebr\u00f3 en 1951 una corrida con 11 toros en la antigua plaza de los Tejares.<\/p>\n\n\n\n<div class=\"wp-block-image\"><figure class=\"aligncenter size-large\"><img loading=\"lazy\" decoding=\"async\" width=\"960\" height=\"720\" src=\"https:\/\/www.ignaciosanchezmejias.es\/wp-content\/uploads\/2021\/03\/2016-Manolete-9.jpg\" alt=\"\" class=\"wp-image-6125\" srcset=\"https:\/\/www.ignaciosanchezmejias.es\/wp-content\/uploads\/2021\/03\/2016-Manolete-9.jpg 960w, https:\/\/www.ignaciosanchezmejias.es\/wp-content\/uploads\/2021\/03\/2016-Manolete-9-300x225.jpg 300w, https:\/\/www.ignaciosanchezmejias.es\/wp-content\/uploads\/2021\/03\/2016-Manolete-9-768x576.jpg 768w\" sizes=\"auto, (max-width: 960px) 100vw, 960px\" \/><\/figure><\/div>\n\n\n\n<p>El colegio de los Salesianos, del que fue alumno Manolete, expone,&nbsp;junto con los enseres de la Hermandad del Prendimiento, un traje de Manolete y una carta de su madre, respondiendo a la solicitud de donaci\u00f3n. En principio se interesaba el regalo para traspasar los bordados al manto de la Virgen de la hermandad, pero, con buen criterio, se mantuvo como tal, y ahora se venera como otro tesoro m\u00e1s.<\/p>\n\n\n\n<div class=\"wp-block-image\"><figure class=\"aligncenter size-large\"><img loading=\"lazy\" decoding=\"async\" width=\"720\" height=\"960\" src=\"https:\/\/www.ignaciosanchezmejias.es\/wp-content\/uploads\/2021\/03\/2016-Manolete-10.jpg\" alt=\"\" class=\"wp-image-6126\" srcset=\"https:\/\/www.ignaciosanchezmejias.es\/wp-content\/uploads\/2021\/03\/2016-Manolete-10.jpg 720w, https:\/\/www.ignaciosanchezmejias.es\/wp-content\/uploads\/2021\/03\/2016-Manolete-10-225x300.jpg 225w\" sizes=\"auto, (max-width: 720px) 100vw, 720px\" \/><\/figure><\/div>\n\n\n\n<p>En la taberna Rinc\u00f3n de las Beatillas del barrio de San Agust\u00edn, tiene su sede la Pe\u00f1a Taurina Manolete, que tambi\u00e9n tuvimos ocasi\u00f3n de visitar, al igual que el azulejo de la fachada del Convento de San Jacinto, donde el matador gustaba de rezar a la Virgen de los Dolores de la que era muy devoto, al igual que del Cristo de los Faroles, que tambi\u00e9n visitamos en la Plaza de Capuchinos.<\/p>\n\n\n\n<div class=\"wp-block-image\"><figure class=\"aligncenter size-large\"><img loading=\"lazy\" decoding=\"async\" width=\"960\" height=\"720\" src=\"https:\/\/www.ignaciosanchezmejias.es\/wp-content\/uploads\/2021\/03\/2016-Manolete-11.jpg\" alt=\"\" class=\"wp-image-6127\" srcset=\"https:\/\/www.ignaciosanchezmejias.es\/wp-content\/uploads\/2021\/03\/2016-Manolete-11.jpg 960w, https:\/\/www.ignaciosanchezmejias.es\/wp-content\/uploads\/2021\/03\/2016-Manolete-11-300x225.jpg 300w, https:\/\/www.ignaciosanchezmejias.es\/wp-content\/uploads\/2021\/03\/2016-Manolete-11-768x576.jpg 768w\" sizes=\"auto, (max-width: 960px) 100vw, 960px\" \/><\/figure><\/div>\n\n\n\n<p>Tambi\u00e9n pasamos por la Calle Torres Cabrera, lugar donde naci\u00f3 el torero. La casa ya no existe, aunque han mantenido la placa conmemorativa original. Los vecinos han tenido el buen gusto de decorar la \u201ccasapuerta\u201d con un mural de matador. Tambi\u00e9n visitamos la Iglesia de San Miguel, donde fue bautizado y pasamos por el lugar donde estuvo ubicado el coso de Los Tejares.<\/p>\n\n\n\n<div class=\"wp-block-image\"><figure class=\"aligncenter size-large\"><img loading=\"lazy\" decoding=\"async\" width=\"960\" height=\"960\" src=\"https:\/\/www.ignaciosanchezmejias.es\/wp-content\/uploads\/2021\/03\/2016-Manolete-13.jpg\" alt=\"\" class=\"wp-image-6128\" srcset=\"https:\/\/www.ignaciosanchezmejias.es\/wp-content\/uploads\/2021\/03\/2016-Manolete-13.jpg 960w, https:\/\/www.ignaciosanchezmejias.es\/wp-content\/uploads\/2021\/03\/2016-Manolete-13-300x300.jpg 300w, https:\/\/www.ignaciosanchezmejias.es\/wp-content\/uploads\/2021\/03\/2016-Manolete-13-150x150.jpg 150w, https:\/\/www.ignaciosanchezmejias.es\/wp-content\/uploads\/2021\/03\/2016-Manolete-13-768x768.jpg 768w\" sizes=\"auto, (max-width: 960px) 100vw, 960px\" \/><\/figure><\/div>\n\n\n\n<p>Para finalizar el recorrido visitamos el Cementerio de la Salud (apropiado nombre para un cementerio) donde est\u00e1 el pante\u00f3n de Manolete, que tampoco se ha librado de alg\u00fan acto vand\u00e1lico. All\u00ed se rez\u00f3 y se cantaron antiguas canciones del Colegio de los Salesianos en honor al torero.<\/p>\n\n\n\n<div class=\"wp-block-image\"><figure class=\"aligncenter size-large\"><img loading=\"lazy\" decoding=\"async\" width=\"960\" height=\"960\" src=\"https:\/\/www.ignaciosanchezmejias.es\/wp-content\/uploads\/2021\/03\/2016-Manolete-14.jpg\" alt=\"\" class=\"wp-image-6129\" srcset=\"https:\/\/www.ignaciosanchezmejias.es\/wp-content\/uploads\/2021\/03\/2016-Manolete-14.jpg 960w, https:\/\/www.ignaciosanchezmejias.es\/wp-content\/uploads\/2021\/03\/2016-Manolete-14-300x300.jpg 300w, https:\/\/www.ignaciosanchezmejias.es\/wp-content\/uploads\/2021\/03\/2016-Manolete-14-150x150.jpg 150w, https:\/\/www.ignaciosanchezmejias.es\/wp-content\/uploads\/2021\/03\/2016-Manolete-14-768x768.jpg 768w\" sizes=\"auto, (max-width: 960px) 100vw, 960px\" \/><\/figure><\/div>\n\n\n\n<figure class=\"wp-block-image size-large\"><img loading=\"lazy\" decoding=\"async\" width=\"960\" height=\"960\" src=\"https:\/\/www.ignaciosanchezmejias.es\/wp-content\/uploads\/2021\/03\/2016-Manolete-15.jpg\" alt=\"\" class=\"wp-image-6130\" srcset=\"https:\/\/www.ignaciosanchezmejias.es\/wp-content\/uploads\/2021\/03\/2016-Manolete-15.jpg 960w, https:\/\/www.ignaciosanchezmejias.es\/wp-content\/uploads\/2021\/03\/2016-Manolete-15-300x300.jpg 300w, https:\/\/www.ignaciosanchezmejias.es\/wp-content\/uploads\/2021\/03\/2016-Manolete-15-150x150.jpg 150w, https:\/\/www.ignaciosanchezmejias.es\/wp-content\/uploads\/2021\/03\/2016-Manolete-15-768x768.jpg 768w\" sizes=\"auto, (max-width: 960px) 100vw, 960px\" \/><\/figure>\n\n\n\n<p>En la cosa de reponer fuerzas, y para agradecer la magn\u00edfica organizaci\u00f3n, desarrollo y explicaciones, nos fuimos a almorzar todos en la Taberna San Crist\u00f3bal, donde el salmorejo, el flamenqu\u00edn y el rabo de toro pusieron colof\u00f3n a la jornada.<\/p>\n\n\n\n<figure class=\"wp-block-image size-large\"><img loading=\"lazy\" decoding=\"async\" width=\"960\" height=\"960\" src=\"https:\/\/www.ignaciosanchezmejias.es\/wp-content\/uploads\/2021\/03\/2016-Manolete-16.jpg\" alt=\"\" class=\"wp-image-6131\" srcset=\"https:\/\/www.ignaciosanchezmejias.es\/wp-content\/uploads\/2021\/03\/2016-Manolete-16.jpg 960w, https:\/\/www.ignaciosanchezmejias.es\/wp-content\/uploads\/2021\/03\/2016-Manolete-16-300x300.jpg 300w, https:\/\/www.ignaciosanchezmejias.es\/wp-content\/uploads\/2021\/03\/2016-Manolete-16-150x150.jpg 150w, https:\/\/www.ignaciosanchezmejias.es\/wp-content\/uploads\/2021\/03\/2016-Manolete-16-768x768.jpg 768w\" sizes=\"auto, (max-width: 960px) 100vw, 960px\" \/><\/figure>\n\n\n\n<p><a href=\"https:\/\/twitter.com\/isanchezmejias\" target=\"_blank\" rel=\"noopener\">@isanchezmejias<\/a><\/p>\n","protected":false},"excerpt":{"rendered":"<p>El s\u00e1bado 12 de noviembre, acompa\u00f1ados de un magn\u00edfico tiempo y de un buen pu\u00f1ado de aficionados venidos de muchos lugares de Espa\u00f1a, realizamos un recorrido por la C\u00f3rdoba taurina en homenaje a Manolete. El acto fue promovido, como otros de parecida naturaleza, por el aficionado Jose Morente, coordinador del blog \u201cLa Raz\u00f3n Incorp\u00f3rea\u201d. La [&hellip;]<\/p>\n","protected":false},"author":1,"featured_media":6119,"comment_status":"open","ping_status":"closed","sticky":false,"template":"","format":"standard","meta":{"footnotes":""},"categories":[5],"tags":[255],"class_list":["post-4200","post","type-post","status-publish","format-standard","has-post-thumbnail","hentry","category-general","tag-manolete"],"yoast_head":"<!-- This site is optimized with the Yoast SEO plugin v27.5 - https:\/\/yoast.com\/product\/yoast-seo-wordpress\/ -->\n<title>Ruta por C\u00f3rdoba homenaje a Manolete - Sitio web de Ignacio S\u00e1nchez-Mej\u00edas Herrero<\/title>\n<meta name=\"robots\" content=\"index, follow, max-snippet:-1, max-image-preview:large, max-video-preview:-1\" \/>\n<link rel=\"canonical\" href=\"https:\/\/www.ignaciosanchezmejias.es\/index.php\/2016\/11\/13\/ruta-por-cordoba-homenaje-manolete\/\" \/>\n<meta property=\"og:locale\" content=\"es_ES\" \/>\n<meta property=\"og:type\" content=\"article\" \/>\n<meta property=\"og:title\" content=\"Ruta por C\u00f3rdoba homenaje a Manolete - Sitio web de Ignacio S\u00e1nchez-Mej\u00edas Herrero\" \/>\n<meta property=\"og:description\" content=\"El s\u00e1bado 12 de noviembre, acompa\u00f1ados de un magn\u00edfico tiempo y de un buen pu\u00f1ado de aficionados venidos de muchos lugares de Espa\u00f1a, realizamos un recorrido por la C\u00f3rdoba taurina en homenaje a Manolete. El acto fue promovido, como otros de parecida naturaleza, por el aficionado Jose Morente, coordinador del blog \u201cLa Raz\u00f3n Incorp\u00f3rea\u201d. La [&hellip;]\" \/>\n<meta property=\"og:url\" content=\"https:\/\/www.ignaciosanchezmejias.es\/index.php\/2016\/11\/13\/ruta-por-cordoba-homenaje-manolete\/\" \/>\n<meta property=\"og:site_name\" content=\"Sitio web de Ignacio S\u00e1nchez-Mej\u00edas Herrero\" \/>\n<meta property=\"article:published_time\" content=\"2016-11-13T21:58:23+00:00\" \/>\n<meta property=\"article:modified_time\" content=\"2021-03-17T10:46:29+00:00\" \/>\n<meta property=\"og:image\" content=\"https:\/\/www.ignaciosanchezmejias.es\/wp-content\/uploads\/2016\/11\/2016-Manolete-1.jpg\" \/>\n\t<meta property=\"og:image:width\" content=\"960\" \/>\n\t<meta property=\"og:image:height\" content=\"720\" \/>\n\t<meta property=\"og:image:type\" content=\"image\/jpeg\" \/>\n<meta name=\"author\" content=\"isanchezmejias\" \/>\n<meta name=\"twitter:card\" content=\"summary_large_image\" \/>\n<meta name=\"twitter:label1\" content=\"Escrito por\" \/>\n\t<meta name=\"twitter:data1\" content=\"isanchezmejias\" \/>\n\t<meta name=\"twitter:label2\" content=\"Tiempo de lectura\" \/>\n\t<meta name=\"twitter:data2\" content=\"4 minutos\" \/>\n<script type=\"application\/ld+json\" class=\"yoast-schema-graph\">{\"@context\":\"https:\\\/\\\/schema.org\",\"@graph\":[{\"@type\":\"Article\",\"@id\":\"https:\\\/\\\/www.ignaciosanchezmejias.es\\\/index.php\\\/2016\\\/11\\\/13\\\/ruta-por-cordoba-homenaje-manolete\\\/#article\",\"isPartOf\":{\"@id\":\"https:\\\/\\\/www.ignaciosanchezmejias.es\\\/index.php\\\/2016\\\/11\\\/13\\\/ruta-por-cordoba-homenaje-manolete\\\/\"},\"author\":{\"name\":\"isanchezmejias\",\"@id\":\"https:\\\/\\\/www.ignaciosanchezmejias.es\\\/#\\\/schema\\\/person\\\/494d20bda3404108c02016d5e608fc65\"},\"headline\":\"Ruta por C\u00f3rdoba homenaje a Manolete\",\"datePublished\":\"2016-11-13T21:58:23+00:00\",\"dateModified\":\"2021-03-17T10:46:29+00:00\",\"mainEntityOfPage\":{\"@id\":\"https:\\\/\\\/www.ignaciosanchezmejias.es\\\/index.php\\\/2016\\\/11\\\/13\\\/ruta-por-cordoba-homenaje-manolete\\\/\"},\"wordCount\":717,\"commentCount\":1,\"publisher\":{\"@id\":\"https:\\\/\\\/www.ignaciosanchezmejias.es\\\/#\\\/schema\\\/person\\\/494d20bda3404108c02016d5e608fc65\"},\"image\":{\"@id\":\"https:\\\/\\\/www.ignaciosanchezmejias.es\\\/index.php\\\/2016\\\/11\\\/13\\\/ruta-por-cordoba-homenaje-manolete\\\/#primaryimage\"},\"thumbnailUrl\":\"https:\\\/\\\/www.ignaciosanchezmejias.es\\\/wp-content\\\/uploads\\\/2016\\\/11\\\/2016-Manolete-1.jpg\",\"keywords\":[\"Manolete\"],\"articleSection\":[\"General\"],\"inLanguage\":\"es\",\"potentialAction\":[{\"@type\":\"CommentAction\",\"name\":\"Comment\",\"target\":[\"https:\\\/\\\/www.ignaciosanchezmejias.es\\\/index.php\\\/2016\\\/11\\\/13\\\/ruta-por-cordoba-homenaje-manolete\\\/#respond\"]}]},{\"@type\":\"WebPage\",\"@id\":\"https:\\\/\\\/www.ignaciosanchezmejias.es\\\/index.php\\\/2016\\\/11\\\/13\\\/ruta-por-cordoba-homenaje-manolete\\\/\",\"url\":\"https:\\\/\\\/www.ignaciosanchezmejias.es\\\/index.php\\\/2016\\\/11\\\/13\\\/ruta-por-cordoba-homenaje-manolete\\\/\",\"name\":\"Ruta por C\u00f3rdoba homenaje a Manolete - Sitio web de Ignacio S\u00e1nchez-Mej\u00edas Herrero\",\"isPartOf\":{\"@id\":\"https:\\\/\\\/www.ignaciosanchezmejias.es\\\/#website\"},\"primaryImageOfPage\":{\"@id\":\"https:\\\/\\\/www.ignaciosanchezmejias.es\\\/index.php\\\/2016\\\/11\\\/13\\\/ruta-por-cordoba-homenaje-manolete\\\/#primaryimage\"},\"image\":{\"@id\":\"https:\\\/\\\/www.ignaciosanchezmejias.es\\\/index.php\\\/2016\\\/11\\\/13\\\/ruta-por-cordoba-homenaje-manolete\\\/#primaryimage\"},\"thumbnailUrl\":\"https:\\\/\\\/www.ignaciosanchezmejias.es\\\/wp-content\\\/uploads\\\/2016\\\/11\\\/2016-Manolete-1.jpg\",\"datePublished\":\"2016-11-13T21:58:23+00:00\",\"dateModified\":\"2021-03-17T10:46:29+00:00\",\"breadcrumb\":{\"@id\":\"https:\\\/\\\/www.ignaciosanchezmejias.es\\\/index.php\\\/2016\\\/11\\\/13\\\/ruta-por-cordoba-homenaje-manolete\\\/#breadcrumb\"},\"inLanguage\":\"es\",\"potentialAction\":[{\"@type\":\"ReadAction\",\"target\":[\"https:\\\/\\\/www.ignaciosanchezmejias.es\\\/index.php\\\/2016\\\/11\\\/13\\\/ruta-por-cordoba-homenaje-manolete\\\/\"]}]},{\"@type\":\"ImageObject\",\"inLanguage\":\"es\",\"@id\":\"https:\\\/\\\/www.ignaciosanchezmejias.es\\\/index.php\\\/2016\\\/11\\\/13\\\/ruta-por-cordoba-homenaje-manolete\\\/#primaryimage\",\"url\":\"https:\\\/\\\/www.ignaciosanchezmejias.es\\\/wp-content\\\/uploads\\\/2016\\\/11\\\/2016-Manolete-1.jpg\",\"contentUrl\":\"https:\\\/\\\/www.ignaciosanchezmejias.es\\\/wp-content\\\/uploads\\\/2016\\\/11\\\/2016-Manolete-1.jpg\",\"width\":960,\"height\":720},{\"@type\":\"BreadcrumbList\",\"@id\":\"https:\\\/\\\/www.ignaciosanchezmejias.es\\\/index.php\\\/2016\\\/11\\\/13\\\/ruta-por-cordoba-homenaje-manolete\\\/#breadcrumb\",\"itemListElement\":[{\"@type\":\"ListItem\",\"position\":1,\"name\":\"Portada\",\"item\":\"https:\\\/\\\/www.ignaciosanchezmejias.es\\\/\"},{\"@type\":\"ListItem\",\"position\":2,\"name\":\"Ruta por C\u00f3rdoba homenaje a Manolete\"}]},{\"@type\":\"WebSite\",\"@id\":\"https:\\\/\\\/www.ignaciosanchezmejias.es\\\/#website\",\"url\":\"https:\\\/\\\/www.ignaciosanchezmejias.es\\\/\",\"name\":\"Blog de Ignacio S\u00e1nchez-Mej\u00edas\",\"description\":\"Sitio personal ISM\",\"publisher\":{\"@id\":\"https:\\\/\\\/www.ignaciosanchezmejias.es\\\/#\\\/schema\\\/person\\\/494d20bda3404108c02016d5e608fc65\"},\"potentialAction\":[{\"@type\":\"SearchAction\",\"target\":{\"@type\":\"EntryPoint\",\"urlTemplate\":\"https:\\\/\\\/www.ignaciosanchezmejias.es\\\/?s={search_term_string}\"},\"query-input\":{\"@type\":\"PropertyValueSpecification\",\"valueRequired\":true,\"valueName\":\"search_term_string\"}}],\"inLanguage\":\"es\"},{\"@type\":[\"Person\",\"Organization\"],\"@id\":\"https:\\\/\\\/www.ignaciosanchezmejias.es\\\/#\\\/schema\\\/person\\\/494d20bda3404108c02016d5e608fc65\",\"name\":\"isanchezmejias\",\"image\":{\"@type\":\"ImageObject\",\"inLanguage\":\"es\",\"@id\":\"https:\\\/\\\/www.ignaciosanchezmejias.es\\\/wp-content\\\/uploads\\\/2020\\\/06\\\/cropped-Yo-antes.jpg\",\"url\":\"https:\\\/\\\/www.ignaciosanchezmejias.es\\\/wp-content\\\/uploads\\\/2020\\\/06\\\/cropped-Yo-antes.jpg\",\"contentUrl\":\"https:\\\/\\\/www.ignaciosanchezmejias.es\\\/wp-content\\\/uploads\\\/2020\\\/06\\\/cropped-Yo-antes.jpg\",\"width\":681,\"height\":482,\"caption\":\"isanchezmejias\"},\"logo\":{\"@id\":\"https:\\\/\\\/www.ignaciosanchezmejias.es\\\/wp-content\\\/uploads\\\/2020\\\/06\\\/cropped-Yo-antes.jpg\"},\"sameAs\":[\"https:\\\/\\\/www.ignaciosanchezmejias.es\"],\"url\":\"https:\\\/\\\/www.ignaciosanchezmejias.es\\\/index.php\\\/author\\\/isanchezmejias\\\/\"}]}<\/script>\n<!-- \/ Yoast SEO plugin. -->","yoast_head_json":{"title":"Ruta por C\u00f3rdoba homenaje a Manolete - Sitio web de Ignacio S\u00e1nchez-Mej\u00edas Herrero","robots":{"index":"index","follow":"follow","max-snippet":"max-snippet:-1","max-image-preview":"max-image-preview:large","max-video-preview":"max-video-preview:-1"},"canonical":"https:\/\/www.ignaciosanchezmejias.es\/index.php\/2016\/11\/13\/ruta-por-cordoba-homenaje-manolete\/","og_locale":"es_ES","og_type":"article","og_title":"Ruta por C\u00f3rdoba homenaje a Manolete - Sitio web de Ignacio S\u00e1nchez-Mej\u00edas Herrero","og_description":"El s\u00e1bado 12 de noviembre, acompa\u00f1ados de un magn\u00edfico tiempo y de un buen pu\u00f1ado de aficionados venidos de muchos lugares de Espa\u00f1a, realizamos un recorrido por la C\u00f3rdoba taurina en homenaje a Manolete. El acto fue promovido, como otros de parecida naturaleza, por el aficionado Jose Morente, coordinador del blog \u201cLa Raz\u00f3n Incorp\u00f3rea\u201d. La [&hellip;]","og_url":"https:\/\/www.ignaciosanchezmejias.es\/index.php\/2016\/11\/13\/ruta-por-cordoba-homenaje-manolete\/","og_site_name":"Sitio web de Ignacio S\u00e1nchez-Mej\u00edas Herrero","article_published_time":"2016-11-13T21:58:23+00:00","article_modified_time":"2021-03-17T10:46:29+00:00","og_image":[{"width":960,"height":720,"url":"https:\/\/www.ignaciosanchezmejias.es\/wp-content\/uploads\/2016\/11\/2016-Manolete-1.jpg","type":"image\/jpeg"}],"author":"isanchezmejias","twitter_card":"summary_large_image","twitter_misc":{"Escrito por":"isanchezmejias","Tiempo de lectura":"4 minutos"},"schema":{"@context":"https:\/\/schema.org","@graph":[{"@type":"Article","@id":"https:\/\/www.ignaciosanchezmejias.es\/index.php\/2016\/11\/13\/ruta-por-cordoba-homenaje-manolete\/#article","isPartOf":{"@id":"https:\/\/www.ignaciosanchezmejias.es\/index.php\/2016\/11\/13\/ruta-por-cordoba-homenaje-manolete\/"},"author":{"name":"isanchezmejias","@id":"https:\/\/www.ignaciosanchezmejias.es\/#\/schema\/person\/494d20bda3404108c02016d5e608fc65"},"headline":"Ruta por C\u00f3rdoba homenaje a Manolete","datePublished":"2016-11-13T21:58:23+00:00","dateModified":"2021-03-17T10:46:29+00:00","mainEntityOfPage":{"@id":"https:\/\/www.ignaciosanchezmejias.es\/index.php\/2016\/11\/13\/ruta-por-cordoba-homenaje-manolete\/"},"wordCount":717,"commentCount":1,"publisher":{"@id":"https:\/\/www.ignaciosanchezmejias.es\/#\/schema\/person\/494d20bda3404108c02016d5e608fc65"},"image":{"@id":"https:\/\/www.ignaciosanchezmejias.es\/index.php\/2016\/11\/13\/ruta-por-cordoba-homenaje-manolete\/#primaryimage"},"thumbnailUrl":"https:\/\/www.ignaciosanchezmejias.es\/wp-content\/uploads\/2016\/11\/2016-Manolete-1.jpg","keywords":["Manolete"],"articleSection":["General"],"inLanguage":"es","potentialAction":[{"@type":"CommentAction","name":"Comment","target":["https:\/\/www.ignaciosanchezmejias.es\/index.php\/2016\/11\/13\/ruta-por-cordoba-homenaje-manolete\/#respond"]}]},{"@type":"WebPage","@id":"https:\/\/www.ignaciosanchezmejias.es\/index.php\/2016\/11\/13\/ruta-por-cordoba-homenaje-manolete\/","url":"https:\/\/www.ignaciosanchezmejias.es\/index.php\/2016\/11\/13\/ruta-por-cordoba-homenaje-manolete\/","name":"Ruta por C\u00f3rdoba homenaje a Manolete - Sitio web de Ignacio S\u00e1nchez-Mej\u00edas Herrero","isPartOf":{"@id":"https:\/\/www.ignaciosanchezmejias.es\/#website"},"primaryImageOfPage":{"@id":"https:\/\/www.ignaciosanchezmejias.es\/index.php\/2016\/11\/13\/ruta-por-cordoba-homenaje-manolete\/#primaryimage"},"image":{"@id":"https:\/\/www.ignaciosanchezmejias.es\/index.php\/2016\/11\/13\/ruta-por-cordoba-homenaje-manolete\/#primaryimage"},"thumbnailUrl":"https:\/\/www.ignaciosanchezmejias.es\/wp-content\/uploads\/2016\/11\/2016-Manolete-1.jpg","datePublished":"2016-11-13T21:58:23+00:00","dateModified":"2021-03-17T10:46:29+00:00","breadcrumb":{"@id":"https:\/\/www.ignaciosanchezmejias.es\/index.php\/2016\/11\/13\/ruta-por-cordoba-homenaje-manolete\/#breadcrumb"},"inLanguage":"es","potentialAction":[{"@type":"ReadAction","target":["https:\/\/www.ignaciosanchezmejias.es\/index.php\/2016\/11\/13\/ruta-por-cordoba-homenaje-manolete\/"]}]},{"@type":"ImageObject","inLanguage":"es","@id":"https:\/\/www.ignaciosanchezmejias.es\/index.php\/2016\/11\/13\/ruta-por-cordoba-homenaje-manolete\/#primaryimage","url":"https:\/\/www.ignaciosanchezmejias.es\/wp-content\/uploads\/2016\/11\/2016-Manolete-1.jpg","contentUrl":"https:\/\/www.ignaciosanchezmejias.es\/wp-content\/uploads\/2016\/11\/2016-Manolete-1.jpg","width":960,"height":720},{"@type":"BreadcrumbList","@id":"https:\/\/www.ignaciosanchezmejias.es\/index.php\/2016\/11\/13\/ruta-por-cordoba-homenaje-manolete\/#breadcrumb","itemListElement":[{"@type":"ListItem","position":1,"name":"Portada","item":"https:\/\/www.ignaciosanchezmejias.es\/"},{"@type":"ListItem","position":2,"name":"Ruta por C\u00f3rdoba homenaje a Manolete"}]},{"@type":"WebSite","@id":"https:\/\/www.ignaciosanchezmejias.es\/#website","url":"https:\/\/www.ignaciosanchezmejias.es\/","name":"Blog de Ignacio S\u00e1nchez-Mej\u00edas","description":"Sitio personal ISM","publisher":{"@id":"https:\/\/www.ignaciosanchezmejias.es\/#\/schema\/person\/494d20bda3404108c02016d5e608fc65"},"potentialAction":[{"@type":"SearchAction","target":{"@type":"EntryPoint","urlTemplate":"https:\/\/www.ignaciosanchezmejias.es\/?s={search_term_string}"},"query-input":{"@type":"PropertyValueSpecification","valueRequired":true,"valueName":"search_term_string"}}],"inLanguage":"es"},{"@type":["Person","Organization"],"@id":"https:\/\/www.ignaciosanchezmejias.es\/#\/schema\/person\/494d20bda3404108c02016d5e608fc65","name":"isanchezmejias","image":{"@type":"ImageObject","inLanguage":"es","@id":"https:\/\/www.ignaciosanchezmejias.es\/wp-content\/uploads\/2020\/06\/cropped-Yo-antes.jpg","url":"https:\/\/www.ignaciosanchezmejias.es\/wp-content\/uploads\/2020\/06\/cropped-Yo-antes.jpg","contentUrl":"https:\/\/www.ignaciosanchezmejias.es\/wp-content\/uploads\/2020\/06\/cropped-Yo-antes.jpg","width":681,"height":482,"caption":"isanchezmejias"},"logo":{"@id":"https:\/\/www.ignaciosanchezmejias.es\/wp-content\/uploads\/2020\/06\/cropped-Yo-antes.jpg"},"sameAs":["https:\/\/www.ignaciosanchezmejias.es"],"url":"https:\/\/www.ignaciosanchezmejias.es\/index.php\/author\/isanchezmejias\/"}]}},"_links":{"self":[{"href":"https:\/\/www.ignaciosanchezmejias.es\/index.php\/wp-json\/wp\/v2\/posts\/4200","targetHints":{"allow":["GET"]}}],"collection":[{"href":"https:\/\/www.ignaciosanchezmejias.es\/index.php\/wp-json\/wp\/v2\/posts"}],"about":[{"href":"https:\/\/www.ignaciosanchezmejias.es\/index.php\/wp-json\/wp\/v2\/types\/post"}],"author":[{"embeddable":true,"href":"https:\/\/www.ignaciosanchezmejias.es\/index.php\/wp-json\/wp\/v2\/users\/1"}],"replies":[{"embeddable":true,"href":"https:\/\/www.ignaciosanchezmejias.es\/index.php\/wp-json\/wp\/v2\/comments?post=4200"}],"version-history":[{"count":3,"href":"https:\/\/www.ignaciosanchezmejias.es\/index.php\/wp-json\/wp\/v2\/posts\/4200\/revisions"}],"predecessor-version":[{"id":6134,"href":"https:\/\/www.ignaciosanchezmejias.es\/index.php\/wp-json\/wp\/v2\/posts\/4200\/revisions\/6134"}],"wp:featuredmedia":[{"embeddable":true,"href":"https:\/\/www.ignaciosanchezmejias.es\/index.php\/wp-json\/wp\/v2\/media\/6119"}],"wp:attachment":[{"href":"https:\/\/www.ignaciosanchezmejias.es\/index.php\/wp-json\/wp\/v2\/media?parent=4200"}],"wp:term":[{"taxonomy":"category","embeddable":true,"href":"https:\/\/www.ignaciosanchezmejias.es\/index.php\/wp-json\/wp\/v2\/categories?post=4200"},{"taxonomy":"post_tag","embeddable":true,"href":"https:\/\/www.ignaciosanchezmejias.es\/index.php\/wp-json\/wp\/v2\/tags?post=4200"}],"curies":[{"name":"wp","href":"https:\/\/api.w.org\/{rel}","templated":true}]}}