{"id":4186,"date":"2016-09-25T21:09:47","date_gmt":"2016-09-25T20:09:47","guid":{"rendered":"http:\/\/blogs.sevilla.abc.es\/desdeeltendido2\/?p=4186"},"modified":"2021-03-17T10:16:13","modified_gmt":"2021-03-17T10:16:13","slug":"castella-remata","status":"publish","type":"post","link":"https:\/\/www.ignaciosanchezmejias.es\/index.php\/2016\/09\/25\/castella-remata\/","title":{"rendered":"Castella no remata"},"content":{"rendered":"\n<p class=\"has-text-align-right\"><\/p>\n\n\n\n<p>Para cerrar la temporada de 2016 nos hemos despachado con una muy entretenida y variada corrida. Y eso que al llegar nos enteramos que hab\u00edan echado para atr\u00e1s unos cuantos toros de las ganader\u00edas titulares del Sr. Matilla, y hab\u00eda dos toros de Hnos. Sampedro para completar, mal presagio. Una gran entrada sin llegar al lleno, pero mucha expectaci\u00f3n.<\/p>\n\n\n\n<p>Castella ha podido entrar en Sevilla por su puerta grande, o mejor dicho, &nbsp;ha podido salir por la Puerta del Pr\u00edncipe a poco que se hubiera esforzado. Sorte\u00f3 un primero de Olga Jim\u00e9nez que fue el paradigma del toro moderno que buscan los ganaderos y las figuras. Un toro obediente, siempre al primer toque, sin mirar ni molestar el torero, sin peligro y embistiendo a son. Buena faena de muleta, estocada y dos orejas. Mejor comienzo imposible. Su segundo de Hermanos Sampedro, magn\u00edficamente presentado, fue bravo con motor y picante. La gente empujaba a Castella a por la Puerta del Pr\u00edncipe, pero no se dej\u00f3 dar coba. El toro ten\u00eda que torear, pero su matador no pudo con \u00e9l. Los dos pinchazos desinflaron su tarde. Oportunidades como esta se presentan pocas veces.<\/p>\n\n\n\n<p>El primero de Manzanares fue un toro enrazado y algo exigente al que el torero no quiso ni ver. Despu\u00e9s de salir los dos de Hermanos Sampedro, el quito de Olga Jim\u00e9nez parec\u00eda un novillo. De hecho creo haber visto este a\u00f1o en Sevilla novillos con m\u00e1s trap\u00edo. Pero result\u00f3 ser un bomb\u00f3n de nobleza, casi m\u00e1s que el de Castella, porque iba m\u00e1s largo si cabe. Manzanares le compuso una faena donde altern\u00f3 momentos de sublime belleza est\u00e9tica, como cambios de mano y pases de pecho colosales, con otros de toreo perfilado y usando el pico de la muleta hasta en la \u00faltima tanda. Intent\u00f3 matar recibiendo, pero pinch\u00f3 a la primera y a la segunda la estocada cay\u00f3 baja. El p\u00fablico pidi\u00f3 las orejas desmesuradamente, pero el presidente, D. Jos\u00e9 Luque, con buen criterio lo dej\u00f3 en una.<\/p>\n\n\n\n<p>El primer Sampedro de L\u00f3pez Sim\u00f3n fue aplaudido cuando asom\u00f3 por toriles. Aqu\u00ed tambi\u00e9n gustan los toros serios. Este torero est\u00e1 haciendo un final de temporada algo irregular. Desde Bilbao no parece el mismo. Aunque su primero no acab\u00f3 de romper, la faena fue insulsa y con su segundo, rajado y \u00e1spero, tampoco dijo gran cosa.<\/p>\n\n\n\n<p><a href=\"https:\/\/twitter.com\/isanchezmejias\" target=\"_blank\" rel=\"noopener\">@isanchezmejias<\/a><\/p>\n","protected":false},"excerpt":{"rendered":"<p>Para cerrar la temporada de 2016 nos hemos despachado con una muy entretenida y variada corrida. Y eso que al llegar nos enteramos que hab\u00edan echado para atr\u00e1s unos cuantos toros de las ganader\u00edas titulares del Sr. Matilla, y hab\u00eda dos toros de Hnos. Sampedro para completar, mal presagio. Una gran entrada sin llegar al [&hellip;]<\/p>\n","protected":false},"author":1,"featured_media":760,"comment_status":"open","ping_status":"closed","sticky":false,"template":"","format":"standard","meta":{"footnotes":""},"categories":[200],"tags":[161,202,329,181,22],"class_list":["post-4186","post","type-post","status-publish","format-standard","has-post-thumbnail","hentry","category-abono-sevilla-2016","tag-hnos-garcia-jimenez","tag-hnos-sampedro","tag-jose-m-manzanares","tag-lopez-simon","tag-sebastian-castella"],"yoast_head":"<!-- This site is optimized with the Yoast SEO plugin v27.4 - https:\/\/yoast.com\/product\/yoast-seo-wordpress\/ -->\n<title>Castella no remata - Sitio web de Ignacio S\u00e1nchez-Mej\u00edas Herrero<\/title>\n<meta name=\"robots\" content=\"index, follow, max-snippet:-1, max-image-preview:large, max-video-preview:-1\" \/>\n<link rel=\"canonical\" href=\"https:\/\/www.ignaciosanchezmejias.es\/index.php\/2016\/09\/25\/castella-remata\/\" \/>\n<meta property=\"og:locale\" content=\"es_ES\" \/>\n<meta property=\"og:type\" content=\"article\" \/>\n<meta property=\"og:title\" content=\"Castella no remata - Sitio web de Ignacio S\u00e1nchez-Mej\u00edas Herrero\" \/>\n<meta property=\"og:description\" content=\"Para cerrar la temporada de 2016 nos hemos despachado con una muy entretenida y variada corrida. Y eso que al llegar nos enteramos que hab\u00edan echado para atr\u00e1s unos cuantos toros de las ganader\u00edas titulares del Sr. Matilla, y hab\u00eda dos toros de Hnos. Sampedro para completar, mal presagio. Una gran entrada sin llegar al [&hellip;]\" \/>\n<meta property=\"og:url\" content=\"https:\/\/www.ignaciosanchezmejias.es\/index.php\/2016\/09\/25\/castella-remata\/\" \/>\n<meta property=\"og:site_name\" content=\"Sitio web de Ignacio S\u00e1nchez-Mej\u00edas Herrero\" \/>\n<meta property=\"article:published_time\" content=\"2016-09-25T20:09:47+00:00\" \/>\n<meta property=\"article:modified_time\" content=\"2021-03-17T10:16:13+00:00\" \/>\n<meta property=\"og:image\" content=\"https:\/\/www.ignaciosanchezmejias.es\/wp-content\/uploads\/2020\/12\/2016-Castella-2-orejas-J-Flores.jpg\" \/>\n\t<meta property=\"og:image:width\" content=\"450\" \/>\n\t<meta property=\"og:image:height\" content=\"253\" \/>\n\t<meta property=\"og:image:type\" content=\"image\/jpeg\" \/>\n<meta name=\"author\" content=\"isanchezmejias\" \/>\n<meta name=\"twitter:card\" content=\"summary_large_image\" \/>\n<meta name=\"twitter:label1\" content=\"Escrito por\" \/>\n\t<meta name=\"twitter:data1\" content=\"isanchezmejias\" \/>\n\t<meta name=\"twitter:label2\" content=\"Tiempo de lectura\" \/>\n\t<meta name=\"twitter:data2\" content=\"2 minutos\" \/>\n<script type=\"application\/ld+json\" class=\"yoast-schema-graph\">{\"@context\":\"https:\\\/\\\/schema.org\",\"@graph\":[{\"@type\":\"Article\",\"@id\":\"https:\\\/\\\/www.ignaciosanchezmejias.es\\\/index.php\\\/2016\\\/09\\\/25\\\/castella-remata\\\/#article\",\"isPartOf\":{\"@id\":\"https:\\\/\\\/www.ignaciosanchezmejias.es\\\/index.php\\\/2016\\\/09\\\/25\\\/castella-remata\\\/\"},\"author\":{\"name\":\"isanchezmejias\",\"@id\":\"https:\\\/\\\/www.ignaciosanchezmejias.es\\\/#\\\/schema\\\/person\\\/494d20bda3404108c02016d5e608fc65\"},\"headline\":\"Castella no remata\",\"datePublished\":\"2016-09-25T20:09:47+00:00\",\"dateModified\":\"2021-03-17T10:16:13+00:00\",\"mainEntityOfPage\":{\"@id\":\"https:\\\/\\\/www.ignaciosanchezmejias.es\\\/index.php\\\/2016\\\/09\\\/25\\\/castella-remata\\\/\"},\"wordCount\":415,\"commentCount\":0,\"publisher\":{\"@id\":\"https:\\\/\\\/www.ignaciosanchezmejias.es\\\/#\\\/schema\\\/person\\\/494d20bda3404108c02016d5e608fc65\"},\"image\":{\"@id\":\"https:\\\/\\\/www.ignaciosanchezmejias.es\\\/index.php\\\/2016\\\/09\\\/25\\\/castella-remata\\\/#primaryimage\"},\"thumbnailUrl\":\"https:\\\/\\\/www.ignaciosanchezmejias.es\\\/wp-content\\\/uploads\\\/2020\\\/12\\\/2016-Castella-2-orejas-J-Flores.jpg\",\"keywords\":[\"Hnos. Garc\u00eda Jim\u00e9nez\",\"Hnos. Sampedro\",\"Jos\u00e9 M\u00aa Manzanares\",\"L\u00f3pez Sim\u00f3n\",\"Sebastian Castella\"],\"articleSection\":[\"Abono Sevilla 2016\"],\"inLanguage\":\"es\",\"potentialAction\":[{\"@type\":\"CommentAction\",\"name\":\"Comment\",\"target\":[\"https:\\\/\\\/www.ignaciosanchezmejias.es\\\/index.php\\\/2016\\\/09\\\/25\\\/castella-remata\\\/#respond\"]}]},{\"@type\":\"WebPage\",\"@id\":\"https:\\\/\\\/www.ignaciosanchezmejias.es\\\/index.php\\\/2016\\\/09\\\/25\\\/castella-remata\\\/\",\"url\":\"https:\\\/\\\/www.ignaciosanchezmejias.es\\\/index.php\\\/2016\\\/09\\\/25\\\/castella-remata\\\/\",\"name\":\"Castella no remata - Sitio web de Ignacio S\u00e1nchez-Mej\u00edas Herrero\",\"isPartOf\":{\"@id\":\"https:\\\/\\\/www.ignaciosanchezmejias.es\\\/#website\"},\"primaryImageOfPage\":{\"@id\":\"https:\\\/\\\/www.ignaciosanchezmejias.es\\\/index.php\\\/2016\\\/09\\\/25\\\/castella-remata\\\/#primaryimage\"},\"image\":{\"@id\":\"https:\\\/\\\/www.ignaciosanchezmejias.es\\\/index.php\\\/2016\\\/09\\\/25\\\/castella-remata\\\/#primaryimage\"},\"thumbnailUrl\":\"https:\\\/\\\/www.ignaciosanchezmejias.es\\\/wp-content\\\/uploads\\\/2020\\\/12\\\/2016-Castella-2-orejas-J-Flores.jpg\",\"datePublished\":\"2016-09-25T20:09:47+00:00\",\"dateModified\":\"2021-03-17T10:16:13+00:00\",\"breadcrumb\":{\"@id\":\"https:\\\/\\\/www.ignaciosanchezmejias.es\\\/index.php\\\/2016\\\/09\\\/25\\\/castella-remata\\\/#breadcrumb\"},\"inLanguage\":\"es\",\"potentialAction\":[{\"@type\":\"ReadAction\",\"target\":[\"https:\\\/\\\/www.ignaciosanchezmejias.es\\\/index.php\\\/2016\\\/09\\\/25\\\/castella-remata\\\/\"]}]},{\"@type\":\"ImageObject\",\"inLanguage\":\"es\",\"@id\":\"https:\\\/\\\/www.ignaciosanchezmejias.es\\\/index.php\\\/2016\\\/09\\\/25\\\/castella-remata\\\/#primaryimage\",\"url\":\"https:\\\/\\\/www.ignaciosanchezmejias.es\\\/wp-content\\\/uploads\\\/2020\\\/12\\\/2016-Castella-2-orejas-J-Flores.jpg\",\"contentUrl\":\"https:\\\/\\\/www.ignaciosanchezmejias.es\\\/wp-content\\\/uploads\\\/2020\\\/12\\\/2016-Castella-2-orejas-J-Flores.jpg\",\"width\":450,\"height\":253,\"caption\":\"Foto. J. Flores para ABC\"},{\"@type\":\"BreadcrumbList\",\"@id\":\"https:\\\/\\\/www.ignaciosanchezmejias.es\\\/index.php\\\/2016\\\/09\\\/25\\\/castella-remata\\\/#breadcrumb\",\"itemListElement\":[{\"@type\":\"ListItem\",\"position\":1,\"name\":\"Portada\",\"item\":\"https:\\\/\\\/www.ignaciosanchezmejias.es\\\/\"},{\"@type\":\"ListItem\",\"position\":2,\"name\":\"Castella no remata\"}]},{\"@type\":\"WebSite\",\"@id\":\"https:\\\/\\\/www.ignaciosanchezmejias.es\\\/#website\",\"url\":\"https:\\\/\\\/www.ignaciosanchezmejias.es\\\/\",\"name\":\"Blog de Ignacio S\u00e1nchez-Mej\u00edas\",\"description\":\"Sitio personal ISM\",\"publisher\":{\"@id\":\"https:\\\/\\\/www.ignaciosanchezmejias.es\\\/#\\\/schema\\\/person\\\/494d20bda3404108c02016d5e608fc65\"},\"potentialAction\":[{\"@type\":\"SearchAction\",\"target\":{\"@type\":\"EntryPoint\",\"urlTemplate\":\"https:\\\/\\\/www.ignaciosanchezmejias.es\\\/?s={search_term_string}\"},\"query-input\":{\"@type\":\"PropertyValueSpecification\",\"valueRequired\":true,\"valueName\":\"search_term_string\"}}],\"inLanguage\":\"es\"},{\"@type\":[\"Person\",\"Organization\"],\"@id\":\"https:\\\/\\\/www.ignaciosanchezmejias.es\\\/#\\\/schema\\\/person\\\/494d20bda3404108c02016d5e608fc65\",\"name\":\"isanchezmejias\",\"image\":{\"@type\":\"ImageObject\",\"inLanguage\":\"es\",\"@id\":\"https:\\\/\\\/www.ignaciosanchezmejias.es\\\/wp-content\\\/uploads\\\/2020\\\/06\\\/cropped-Yo-antes.jpg\",\"url\":\"https:\\\/\\\/www.ignaciosanchezmejias.es\\\/wp-content\\\/uploads\\\/2020\\\/06\\\/cropped-Yo-antes.jpg\",\"contentUrl\":\"https:\\\/\\\/www.ignaciosanchezmejias.es\\\/wp-content\\\/uploads\\\/2020\\\/06\\\/cropped-Yo-antes.jpg\",\"width\":681,\"height\":482,\"caption\":\"isanchezmejias\"},\"logo\":{\"@id\":\"https:\\\/\\\/www.ignaciosanchezmejias.es\\\/wp-content\\\/uploads\\\/2020\\\/06\\\/cropped-Yo-antes.jpg\"},\"sameAs\":[\"https:\\\/\\\/www.ignaciosanchezmejias.es\"],\"url\":\"https:\\\/\\\/www.ignaciosanchezmejias.es\\\/index.php\\\/author\\\/isanchezmejias\\\/\"}]}<\/script>\n<!-- \/ Yoast SEO plugin. -->","yoast_head_json":{"title":"Castella no remata - Sitio web de Ignacio S\u00e1nchez-Mej\u00edas Herrero","robots":{"index":"index","follow":"follow","max-snippet":"max-snippet:-1","max-image-preview":"max-image-preview:large","max-video-preview":"max-video-preview:-1"},"canonical":"https:\/\/www.ignaciosanchezmejias.es\/index.php\/2016\/09\/25\/castella-remata\/","og_locale":"es_ES","og_type":"article","og_title":"Castella no remata - Sitio web de Ignacio S\u00e1nchez-Mej\u00edas Herrero","og_description":"Para cerrar la temporada de 2016 nos hemos despachado con una muy entretenida y variada corrida. Y eso que al llegar nos enteramos que hab\u00edan echado para atr\u00e1s unos cuantos toros de las ganader\u00edas titulares del Sr. Matilla, y hab\u00eda dos toros de Hnos. Sampedro para completar, mal presagio. Una gran entrada sin llegar al [&hellip;]","og_url":"https:\/\/www.ignaciosanchezmejias.es\/index.php\/2016\/09\/25\/castella-remata\/","og_site_name":"Sitio web de Ignacio S\u00e1nchez-Mej\u00edas Herrero","article_published_time":"2016-09-25T20:09:47+00:00","article_modified_time":"2021-03-17T10:16:13+00:00","og_image":[{"width":450,"height":253,"url":"https:\/\/www.ignaciosanchezmejias.es\/wp-content\/uploads\/2020\/12\/2016-Castella-2-orejas-J-Flores.jpg","type":"image\/jpeg"}],"author":"isanchezmejias","twitter_card":"summary_large_image","twitter_misc":{"Escrito por":"isanchezmejias","Tiempo de lectura":"2 minutos"},"schema":{"@context":"https:\/\/schema.org","@graph":[{"@type":"Article","@id":"https:\/\/www.ignaciosanchezmejias.es\/index.php\/2016\/09\/25\/castella-remata\/#article","isPartOf":{"@id":"https:\/\/www.ignaciosanchezmejias.es\/index.php\/2016\/09\/25\/castella-remata\/"},"author":{"name":"isanchezmejias","@id":"https:\/\/www.ignaciosanchezmejias.es\/#\/schema\/person\/494d20bda3404108c02016d5e608fc65"},"headline":"Castella no remata","datePublished":"2016-09-25T20:09:47+00:00","dateModified":"2021-03-17T10:16:13+00:00","mainEntityOfPage":{"@id":"https:\/\/www.ignaciosanchezmejias.es\/index.php\/2016\/09\/25\/castella-remata\/"},"wordCount":415,"commentCount":0,"publisher":{"@id":"https:\/\/www.ignaciosanchezmejias.es\/#\/schema\/person\/494d20bda3404108c02016d5e608fc65"},"image":{"@id":"https:\/\/www.ignaciosanchezmejias.es\/index.php\/2016\/09\/25\/castella-remata\/#primaryimage"},"thumbnailUrl":"https:\/\/www.ignaciosanchezmejias.es\/wp-content\/uploads\/2020\/12\/2016-Castella-2-orejas-J-Flores.jpg","keywords":["Hnos. Garc\u00eda Jim\u00e9nez","Hnos. Sampedro","Jos\u00e9 M\u00aa Manzanares","L\u00f3pez Sim\u00f3n","Sebastian Castella"],"articleSection":["Abono Sevilla 2016"],"inLanguage":"es","potentialAction":[{"@type":"CommentAction","name":"Comment","target":["https:\/\/www.ignaciosanchezmejias.es\/index.php\/2016\/09\/25\/castella-remata\/#respond"]}]},{"@type":"WebPage","@id":"https:\/\/www.ignaciosanchezmejias.es\/index.php\/2016\/09\/25\/castella-remata\/","url":"https:\/\/www.ignaciosanchezmejias.es\/index.php\/2016\/09\/25\/castella-remata\/","name":"Castella no remata - Sitio web de Ignacio S\u00e1nchez-Mej\u00edas Herrero","isPartOf":{"@id":"https:\/\/www.ignaciosanchezmejias.es\/#website"},"primaryImageOfPage":{"@id":"https:\/\/www.ignaciosanchezmejias.es\/index.php\/2016\/09\/25\/castella-remata\/#primaryimage"},"image":{"@id":"https:\/\/www.ignaciosanchezmejias.es\/index.php\/2016\/09\/25\/castella-remata\/#primaryimage"},"thumbnailUrl":"https:\/\/www.ignaciosanchezmejias.es\/wp-content\/uploads\/2020\/12\/2016-Castella-2-orejas-J-Flores.jpg","datePublished":"2016-09-25T20:09:47+00:00","dateModified":"2021-03-17T10:16:13+00:00","breadcrumb":{"@id":"https:\/\/www.ignaciosanchezmejias.es\/index.php\/2016\/09\/25\/castella-remata\/#breadcrumb"},"inLanguage":"es","potentialAction":[{"@type":"ReadAction","target":["https:\/\/www.ignaciosanchezmejias.es\/index.php\/2016\/09\/25\/castella-remata\/"]}]},{"@type":"ImageObject","inLanguage":"es","@id":"https:\/\/www.ignaciosanchezmejias.es\/index.php\/2016\/09\/25\/castella-remata\/#primaryimage","url":"https:\/\/www.ignaciosanchezmejias.es\/wp-content\/uploads\/2020\/12\/2016-Castella-2-orejas-J-Flores.jpg","contentUrl":"https:\/\/www.ignaciosanchezmejias.es\/wp-content\/uploads\/2020\/12\/2016-Castella-2-orejas-J-Flores.jpg","width":450,"height":253,"caption":"Foto. J. Flores para ABC"},{"@type":"BreadcrumbList","@id":"https:\/\/www.ignaciosanchezmejias.es\/index.php\/2016\/09\/25\/castella-remata\/#breadcrumb","itemListElement":[{"@type":"ListItem","position":1,"name":"Portada","item":"https:\/\/www.ignaciosanchezmejias.es\/"},{"@type":"ListItem","position":2,"name":"Castella no remata"}]},{"@type":"WebSite","@id":"https:\/\/www.ignaciosanchezmejias.es\/#website","url":"https:\/\/www.ignaciosanchezmejias.es\/","name":"Blog de Ignacio S\u00e1nchez-Mej\u00edas","description":"Sitio personal ISM","publisher":{"@id":"https:\/\/www.ignaciosanchezmejias.es\/#\/schema\/person\/494d20bda3404108c02016d5e608fc65"},"potentialAction":[{"@type":"SearchAction","target":{"@type":"EntryPoint","urlTemplate":"https:\/\/www.ignaciosanchezmejias.es\/?s={search_term_string}"},"query-input":{"@type":"PropertyValueSpecification","valueRequired":true,"valueName":"search_term_string"}}],"inLanguage":"es"},{"@type":["Person","Organization"],"@id":"https:\/\/www.ignaciosanchezmejias.es\/#\/schema\/person\/494d20bda3404108c02016d5e608fc65","name":"isanchezmejias","image":{"@type":"ImageObject","inLanguage":"es","@id":"https:\/\/www.ignaciosanchezmejias.es\/wp-content\/uploads\/2020\/06\/cropped-Yo-antes.jpg","url":"https:\/\/www.ignaciosanchezmejias.es\/wp-content\/uploads\/2020\/06\/cropped-Yo-antes.jpg","contentUrl":"https:\/\/www.ignaciosanchezmejias.es\/wp-content\/uploads\/2020\/06\/cropped-Yo-antes.jpg","width":681,"height":482,"caption":"isanchezmejias"},"logo":{"@id":"https:\/\/www.ignaciosanchezmejias.es\/wp-content\/uploads\/2020\/06\/cropped-Yo-antes.jpg"},"sameAs":["https:\/\/www.ignaciosanchezmejias.es"],"url":"https:\/\/www.ignaciosanchezmejias.es\/index.php\/author\/isanchezmejias\/"}]}},"_links":{"self":[{"href":"https:\/\/www.ignaciosanchezmejias.es\/index.php\/wp-json\/wp\/v2\/posts\/4186","targetHints":{"allow":["GET"]}}],"collection":[{"href":"https:\/\/www.ignaciosanchezmejias.es\/index.php\/wp-json\/wp\/v2\/posts"}],"about":[{"href":"https:\/\/www.ignaciosanchezmejias.es\/index.php\/wp-json\/wp\/v2\/types\/post"}],"author":[{"embeddable":true,"href":"https:\/\/www.ignaciosanchezmejias.es\/index.php\/wp-json\/wp\/v2\/users\/1"}],"replies":[{"embeddable":true,"href":"https:\/\/www.ignaciosanchezmejias.es\/index.php\/wp-json\/wp\/v2\/comments?post=4186"}],"version-history":[{"count":2,"href":"https:\/\/www.ignaciosanchezmejias.es\/index.php\/wp-json\/wp\/v2\/posts\/4186\/revisions"}],"predecessor-version":[{"id":6112,"href":"https:\/\/www.ignaciosanchezmejias.es\/index.php\/wp-json\/wp\/v2\/posts\/4186\/revisions\/6112"}],"wp:featuredmedia":[{"embeddable":true,"href":"https:\/\/www.ignaciosanchezmejias.es\/index.php\/wp-json\/wp\/v2\/media\/760"}],"wp:attachment":[{"href":"https:\/\/www.ignaciosanchezmejias.es\/index.php\/wp-json\/wp\/v2\/media?parent=4186"}],"wp:term":[{"taxonomy":"category","embeddable":true,"href":"https:\/\/www.ignaciosanchezmejias.es\/index.php\/wp-json\/wp\/v2\/categories?post=4186"},{"taxonomy":"post_tag","embeddable":true,"href":"https:\/\/www.ignaciosanchezmejias.es\/index.php\/wp-json\/wp\/v2\/tags?post=4186"}],"curies":[{"name":"wp","href":"https:\/\/api.w.org\/{rel}","templated":true}]}}