{"id":4174,"date":"2016-06-13T09:53:36","date_gmt":"2016-06-13T08:53:36","guid":{"rendered":"http:\/\/blogs.sevilla.abc.es\/desdeeltendido2\/?p=4174"},"modified":"2021-03-17T10:04:36","modified_gmt":"2021-03-17T10:04:36","slug":"los-del-conde-de-la-maza-cierran-el-ciclo-2","status":"publish","type":"post","link":"https:\/\/www.ignaciosanchezmejias.es\/index.php\/2016\/06\/13\/los-del-conde-de-la-maza-cierran-el-ciclo-2\/","title":{"rendered":"Los del Conde de la Maza cierran el ciclo"},"content":{"rendered":"\n<p class=\"has-text-align-right\"><\/p>\n\n\n\n<p>El domingo 12 de junio se cerr\u00f3 el ciclo de las novilladas picadas incluidas en el abono. La Empresa dice claramente que tenemos que ser los abonados los que soportemos los costes de estos festejos, cosa discutible, pero de ser as\u00ed deber\u00eda de contarse con nuestra opini\u00f3n. Siendo la primera cuesti\u00f3n a discutir si los domingos de junio es una buena fecha para los mismos.<\/p>\n\n\n\n<p>El ganado del Conde de la Maza suscita el inter\u00e9s de los aficionados por su comportamiento exigente, y ayer no defraudaron estas expectativas. La novillada estaba impecablemente presentada, con cinco ejemplares que bien pasar\u00edan por toros en otras plazas. Tres de ellos ten\u00edan posibilidades de faena de triunfo, otros dos con muchas dificultades para novilleros y otro m\u00e1s parado. En general, pelearon bien en varas, aunque alguno manse\u00f3.<\/p>\n\n\n\n<p>David de Miranda est\u00e1 pr\u00f3ximo a tomar la alternativa. Con el primero estuvo muy dispuesto, recibiendo una fea voltereta como para retirar a m\u00e1s de uno. Volvi\u00f3 a la cara y remat\u00f3 dignamente su actuaci\u00f3n. Su segundo ten\u00eda menos posibilidades. El colombiano Juan de Castilla, tambi\u00e9n estuvo decidido en los suyos, con m\u00e1s inter\u00e9s en su primero, pero manej\u00f3 mal los aceros. El portugu\u00e9s Juanito, tuvo en fortuna un ensabanado sexto que a la postre fue el de m\u00e1s posibilidades del festejo. Pero se perdi\u00f3 en un trasteo sin apreturas y con &nbsp;m\u00e1s de florituras mirando al tendido que toreo.<\/p>\n\n\n\n<p>En resumen largo festejo, con un animal devuelto, interesante comportamiento de los novillos, disposici\u00f3n de los novillero y mal manejo de los aceros, incluidos los puntilleros. Como an\u00e9cdota indicar que el color del vestido de uno de los subalternos que anunciaba el programa oficial era \u201cmedianoche\u201d. Ustedes imaginen.<\/p>\n\n\n\n<p>No queremos terminar estas l\u00edneas sin desear una pronta y completa recuperaci\u00f3n, tanto f\u00edsica como an\u00edmicamente al novillero Rafa Serna, herido de gravedad en Madrid, al entrar a matar, con rotura de las venas femoral y safena e intervenido nuevamente de madrugada para restablecer el riego sangu\u00edneo del pie obstruido por un trombo.<\/p>\n\n\n\n<p><a href=\"https:\/\/twitter.com\/isanchezmejias\" target=\"_blank\" rel=\"noopener\">@isanchezmejias<\/a><\/p>\n","protected":false},"excerpt":{"rendered":"<p>El domingo 12 de junio se cerr\u00f3 el ciclo de las novilladas picadas incluidas en el abono. La Empresa dice claramente que tenemos que ser los abonados los que soportemos los costes de estos festejos, cosa discutible, pero de ser as\u00ed deber\u00eda de contarse con nuestra opini\u00f3n. Siendo la primera cuesti\u00f3n a discutir si los [&hellip;]<\/p>\n","protected":false},"author":1,"featured_media":772,"comment_status":"open","ping_status":"closed","sticky":false,"template":"","format":"standard","meta":{"footnotes":""},"categories":[200],"tags":[84,206,207,208],"class_list":["post-4174","post","type-post","status-publish","format-standard","has-post-thumbnail","hentry","category-abono-sevilla-2016","tag-conde-de-la-maza","tag-david-de-miranda","tag-juan-de-castilla","tag-juanito"],"yoast_head":"<!-- This site is optimized with the Yoast SEO plugin v27.5 - https:\/\/yoast.com\/product\/yoast-seo-wordpress\/ -->\n<title>Los del Conde de la Maza cierran el ciclo - Sitio web de Ignacio S\u00e1nchez-Mej\u00edas Herrero<\/title>\n<meta name=\"robots\" content=\"index, follow, max-snippet:-1, max-image-preview:large, max-video-preview:-1\" \/>\n<link rel=\"canonical\" href=\"https:\/\/www.ignaciosanchezmejias.es\/index.php\/2016\/06\/13\/los-del-conde-de-la-maza-cierran-el-ciclo-2\/\" \/>\n<meta property=\"og:locale\" content=\"es_ES\" \/>\n<meta property=\"og:type\" content=\"article\" \/>\n<meta property=\"og:title\" content=\"Los del Conde de la Maza cierran el ciclo - Sitio web de Ignacio S\u00e1nchez-Mej\u00edas Herrero\" \/>\n<meta property=\"og:description\" content=\"El domingo 12 de junio se cerr\u00f3 el ciclo de las novilladas picadas incluidas en el abono. La Empresa dice claramente que tenemos que ser los abonados los que soportemos los costes de estos festejos, cosa discutible, pero de ser as\u00ed deber\u00eda de contarse con nuestra opini\u00f3n. Siendo la primera cuesti\u00f3n a discutir si los [&hellip;]\" \/>\n<meta property=\"og:url\" content=\"https:\/\/www.ignaciosanchezmejias.es\/index.php\/2016\/06\/13\/los-del-conde-de-la-maza-cierran-el-ciclo-2\/\" \/>\n<meta property=\"og:site_name\" content=\"Sitio web de Ignacio S\u00e1nchez-Mej\u00edas Herrero\" \/>\n<meta property=\"article:published_time\" content=\"2016-06-13T08:53:36+00:00\" \/>\n<meta property=\"article:modified_time\" content=\"2021-03-17T10:04:36+00:00\" \/>\n<meta property=\"og:image\" content=\"https:\/\/www.ignaciosanchezmejias.es\/wp-content\/uploads\/2020\/12\/2016-CdlMaza-Aplausos.jpg\" \/>\n\t<meta property=\"og:image:width\" content=\"800\" \/>\n\t<meta property=\"og:image:height\" content=\"380\" \/>\n\t<meta property=\"og:image:type\" content=\"image\/jpeg\" \/>\n<meta name=\"author\" content=\"isanchezmejias\" \/>\n<meta name=\"twitter:card\" content=\"summary_large_image\" \/>\n<meta name=\"twitter:label1\" content=\"Escrito por\" \/>\n\t<meta name=\"twitter:data1\" content=\"isanchezmejias\" \/>\n\t<meta name=\"twitter:label2\" content=\"Tiempo de lectura\" \/>\n\t<meta name=\"twitter:data2\" content=\"2 minutos\" \/>\n<script type=\"application\/ld+json\" class=\"yoast-schema-graph\">{\"@context\":\"https:\\\/\\\/schema.org\",\"@graph\":[{\"@type\":\"Article\",\"@id\":\"https:\\\/\\\/www.ignaciosanchezmejias.es\\\/index.php\\\/2016\\\/06\\\/13\\\/los-del-conde-de-la-maza-cierran-el-ciclo-2\\\/#article\",\"isPartOf\":{\"@id\":\"https:\\\/\\\/www.ignaciosanchezmejias.es\\\/index.php\\\/2016\\\/06\\\/13\\\/los-del-conde-de-la-maza-cierran-el-ciclo-2\\\/\"},\"author\":{\"name\":\"isanchezmejias\",\"@id\":\"https:\\\/\\\/www.ignaciosanchezmejias.es\\\/#\\\/schema\\\/person\\\/494d20bda3404108c02016d5e608fc65\"},\"headline\":\"Los del Conde de la Maza cierran el ciclo\",\"datePublished\":\"2016-06-13T08:53:36+00:00\",\"dateModified\":\"2021-03-17T10:04:36+00:00\",\"mainEntityOfPage\":{\"@id\":\"https:\\\/\\\/www.ignaciosanchezmejias.es\\\/index.php\\\/2016\\\/06\\\/13\\\/los-del-conde-de-la-maza-cierran-el-ciclo-2\\\/\"},\"wordCount\":368,\"commentCount\":0,\"publisher\":{\"@id\":\"https:\\\/\\\/www.ignaciosanchezmejias.es\\\/#\\\/schema\\\/person\\\/494d20bda3404108c02016d5e608fc65\"},\"image\":{\"@id\":\"https:\\\/\\\/www.ignaciosanchezmejias.es\\\/index.php\\\/2016\\\/06\\\/13\\\/los-del-conde-de-la-maza-cierran-el-ciclo-2\\\/#primaryimage\"},\"thumbnailUrl\":\"https:\\\/\\\/www.ignaciosanchezmejias.es\\\/wp-content\\\/uploads\\\/2020\\\/12\\\/2016-CdlMaza-Aplausos.jpg\",\"keywords\":[\"Conde de la Maza\",\"David de Miranda\",\"Juan de Castilla\",\"Juanito\"],\"articleSection\":[\"Abono Sevilla 2016\"],\"inLanguage\":\"es\",\"potentialAction\":[{\"@type\":\"CommentAction\",\"name\":\"Comment\",\"target\":[\"https:\\\/\\\/www.ignaciosanchezmejias.es\\\/index.php\\\/2016\\\/06\\\/13\\\/los-del-conde-de-la-maza-cierran-el-ciclo-2\\\/#respond\"]}]},{\"@type\":\"WebPage\",\"@id\":\"https:\\\/\\\/www.ignaciosanchezmejias.es\\\/index.php\\\/2016\\\/06\\\/13\\\/los-del-conde-de-la-maza-cierran-el-ciclo-2\\\/\",\"url\":\"https:\\\/\\\/www.ignaciosanchezmejias.es\\\/index.php\\\/2016\\\/06\\\/13\\\/los-del-conde-de-la-maza-cierran-el-ciclo-2\\\/\",\"name\":\"Los del Conde de la Maza cierran el ciclo - Sitio web de Ignacio S\u00e1nchez-Mej\u00edas Herrero\",\"isPartOf\":{\"@id\":\"https:\\\/\\\/www.ignaciosanchezmejias.es\\\/#website\"},\"primaryImageOfPage\":{\"@id\":\"https:\\\/\\\/www.ignaciosanchezmejias.es\\\/index.php\\\/2016\\\/06\\\/13\\\/los-del-conde-de-la-maza-cierran-el-ciclo-2\\\/#primaryimage\"},\"image\":{\"@id\":\"https:\\\/\\\/www.ignaciosanchezmejias.es\\\/index.php\\\/2016\\\/06\\\/13\\\/los-del-conde-de-la-maza-cierran-el-ciclo-2\\\/#primaryimage\"},\"thumbnailUrl\":\"https:\\\/\\\/www.ignaciosanchezmejias.es\\\/wp-content\\\/uploads\\\/2020\\\/12\\\/2016-CdlMaza-Aplausos.jpg\",\"datePublished\":\"2016-06-13T08:53:36+00:00\",\"dateModified\":\"2021-03-17T10:04:36+00:00\",\"breadcrumb\":{\"@id\":\"https:\\\/\\\/www.ignaciosanchezmejias.es\\\/index.php\\\/2016\\\/06\\\/13\\\/los-del-conde-de-la-maza-cierran-el-ciclo-2\\\/#breadcrumb\"},\"inLanguage\":\"es\",\"potentialAction\":[{\"@type\":\"ReadAction\",\"target\":[\"https:\\\/\\\/www.ignaciosanchezmejias.es\\\/index.php\\\/2016\\\/06\\\/13\\\/los-del-conde-de-la-maza-cierran-el-ciclo-2\\\/\"]}]},{\"@type\":\"ImageObject\",\"inLanguage\":\"es\",\"@id\":\"https:\\\/\\\/www.ignaciosanchezmejias.es\\\/index.php\\\/2016\\\/06\\\/13\\\/los-del-conde-de-la-maza-cierran-el-ciclo-2\\\/#primaryimage\",\"url\":\"https:\\\/\\\/www.ignaciosanchezmejias.es\\\/wp-content\\\/uploads\\\/2020\\\/12\\\/2016-CdlMaza-Aplausos.jpg\",\"contentUrl\":\"https:\\\/\\\/www.ignaciosanchezmejias.es\\\/wp-content\\\/uploads\\\/2020\\\/12\\\/2016-CdlMaza-Aplausos.jpg\",\"width\":800,\"height\":380,\"caption\":\"Foto. Arjona para aplausos.es\"},{\"@type\":\"BreadcrumbList\",\"@id\":\"https:\\\/\\\/www.ignaciosanchezmejias.es\\\/index.php\\\/2016\\\/06\\\/13\\\/los-del-conde-de-la-maza-cierran-el-ciclo-2\\\/#breadcrumb\",\"itemListElement\":[{\"@type\":\"ListItem\",\"position\":1,\"name\":\"Portada\",\"item\":\"https:\\\/\\\/www.ignaciosanchezmejias.es\\\/\"},{\"@type\":\"ListItem\",\"position\":2,\"name\":\"Los del Conde de la Maza cierran el ciclo\"}]},{\"@type\":\"WebSite\",\"@id\":\"https:\\\/\\\/www.ignaciosanchezmejias.es\\\/#website\",\"url\":\"https:\\\/\\\/www.ignaciosanchezmejias.es\\\/\",\"name\":\"Blog de Ignacio S\u00e1nchez-Mej\u00edas\",\"description\":\"Sitio personal ISM\",\"publisher\":{\"@id\":\"https:\\\/\\\/www.ignaciosanchezmejias.es\\\/#\\\/schema\\\/person\\\/494d20bda3404108c02016d5e608fc65\"},\"potentialAction\":[{\"@type\":\"SearchAction\",\"target\":{\"@type\":\"EntryPoint\",\"urlTemplate\":\"https:\\\/\\\/www.ignaciosanchezmejias.es\\\/?s={search_term_string}\"},\"query-input\":{\"@type\":\"PropertyValueSpecification\",\"valueRequired\":true,\"valueName\":\"search_term_string\"}}],\"inLanguage\":\"es\"},{\"@type\":[\"Person\",\"Organization\"],\"@id\":\"https:\\\/\\\/www.ignaciosanchezmejias.es\\\/#\\\/schema\\\/person\\\/494d20bda3404108c02016d5e608fc65\",\"name\":\"isanchezmejias\",\"image\":{\"@type\":\"ImageObject\",\"inLanguage\":\"es\",\"@id\":\"https:\\\/\\\/www.ignaciosanchezmejias.es\\\/wp-content\\\/uploads\\\/2020\\\/06\\\/cropped-Yo-antes.jpg\",\"url\":\"https:\\\/\\\/www.ignaciosanchezmejias.es\\\/wp-content\\\/uploads\\\/2020\\\/06\\\/cropped-Yo-antes.jpg\",\"contentUrl\":\"https:\\\/\\\/www.ignaciosanchezmejias.es\\\/wp-content\\\/uploads\\\/2020\\\/06\\\/cropped-Yo-antes.jpg\",\"width\":681,\"height\":482,\"caption\":\"isanchezmejias\"},\"logo\":{\"@id\":\"https:\\\/\\\/www.ignaciosanchezmejias.es\\\/wp-content\\\/uploads\\\/2020\\\/06\\\/cropped-Yo-antes.jpg\"},\"sameAs\":[\"https:\\\/\\\/www.ignaciosanchezmejias.es\"],\"url\":\"https:\\\/\\\/www.ignaciosanchezmejias.es\\\/index.php\\\/author\\\/isanchezmejias\\\/\"}]}<\/script>\n<!-- \/ Yoast SEO plugin. -->","yoast_head_json":{"title":"Los del Conde de la Maza cierran el ciclo - Sitio web de Ignacio S\u00e1nchez-Mej\u00edas Herrero","robots":{"index":"index","follow":"follow","max-snippet":"max-snippet:-1","max-image-preview":"max-image-preview:large","max-video-preview":"max-video-preview:-1"},"canonical":"https:\/\/www.ignaciosanchezmejias.es\/index.php\/2016\/06\/13\/los-del-conde-de-la-maza-cierran-el-ciclo-2\/","og_locale":"es_ES","og_type":"article","og_title":"Los del Conde de la Maza cierran el ciclo - Sitio web de Ignacio S\u00e1nchez-Mej\u00edas Herrero","og_description":"El domingo 12 de junio se cerr\u00f3 el ciclo de las novilladas picadas incluidas en el abono. La Empresa dice claramente que tenemos que ser los abonados los que soportemos los costes de estos festejos, cosa discutible, pero de ser as\u00ed deber\u00eda de contarse con nuestra opini\u00f3n. Siendo la primera cuesti\u00f3n a discutir si los [&hellip;]","og_url":"https:\/\/www.ignaciosanchezmejias.es\/index.php\/2016\/06\/13\/los-del-conde-de-la-maza-cierran-el-ciclo-2\/","og_site_name":"Sitio web de Ignacio S\u00e1nchez-Mej\u00edas Herrero","article_published_time":"2016-06-13T08:53:36+00:00","article_modified_time":"2021-03-17T10:04:36+00:00","og_image":[{"width":800,"height":380,"url":"https:\/\/www.ignaciosanchezmejias.es\/wp-content\/uploads\/2020\/12\/2016-CdlMaza-Aplausos.jpg","type":"image\/jpeg"}],"author":"isanchezmejias","twitter_card":"summary_large_image","twitter_misc":{"Escrito por":"isanchezmejias","Tiempo de lectura":"2 minutos"},"schema":{"@context":"https:\/\/schema.org","@graph":[{"@type":"Article","@id":"https:\/\/www.ignaciosanchezmejias.es\/index.php\/2016\/06\/13\/los-del-conde-de-la-maza-cierran-el-ciclo-2\/#article","isPartOf":{"@id":"https:\/\/www.ignaciosanchezmejias.es\/index.php\/2016\/06\/13\/los-del-conde-de-la-maza-cierran-el-ciclo-2\/"},"author":{"name":"isanchezmejias","@id":"https:\/\/www.ignaciosanchezmejias.es\/#\/schema\/person\/494d20bda3404108c02016d5e608fc65"},"headline":"Los del Conde de la Maza cierran el ciclo","datePublished":"2016-06-13T08:53:36+00:00","dateModified":"2021-03-17T10:04:36+00:00","mainEntityOfPage":{"@id":"https:\/\/www.ignaciosanchezmejias.es\/index.php\/2016\/06\/13\/los-del-conde-de-la-maza-cierran-el-ciclo-2\/"},"wordCount":368,"commentCount":0,"publisher":{"@id":"https:\/\/www.ignaciosanchezmejias.es\/#\/schema\/person\/494d20bda3404108c02016d5e608fc65"},"image":{"@id":"https:\/\/www.ignaciosanchezmejias.es\/index.php\/2016\/06\/13\/los-del-conde-de-la-maza-cierran-el-ciclo-2\/#primaryimage"},"thumbnailUrl":"https:\/\/www.ignaciosanchezmejias.es\/wp-content\/uploads\/2020\/12\/2016-CdlMaza-Aplausos.jpg","keywords":["Conde de la Maza","David de Miranda","Juan de Castilla","Juanito"],"articleSection":["Abono Sevilla 2016"],"inLanguage":"es","potentialAction":[{"@type":"CommentAction","name":"Comment","target":["https:\/\/www.ignaciosanchezmejias.es\/index.php\/2016\/06\/13\/los-del-conde-de-la-maza-cierran-el-ciclo-2\/#respond"]}]},{"@type":"WebPage","@id":"https:\/\/www.ignaciosanchezmejias.es\/index.php\/2016\/06\/13\/los-del-conde-de-la-maza-cierran-el-ciclo-2\/","url":"https:\/\/www.ignaciosanchezmejias.es\/index.php\/2016\/06\/13\/los-del-conde-de-la-maza-cierran-el-ciclo-2\/","name":"Los del Conde de la Maza cierran el ciclo - Sitio web de Ignacio S\u00e1nchez-Mej\u00edas Herrero","isPartOf":{"@id":"https:\/\/www.ignaciosanchezmejias.es\/#website"},"primaryImageOfPage":{"@id":"https:\/\/www.ignaciosanchezmejias.es\/index.php\/2016\/06\/13\/los-del-conde-de-la-maza-cierran-el-ciclo-2\/#primaryimage"},"image":{"@id":"https:\/\/www.ignaciosanchezmejias.es\/index.php\/2016\/06\/13\/los-del-conde-de-la-maza-cierran-el-ciclo-2\/#primaryimage"},"thumbnailUrl":"https:\/\/www.ignaciosanchezmejias.es\/wp-content\/uploads\/2020\/12\/2016-CdlMaza-Aplausos.jpg","datePublished":"2016-06-13T08:53:36+00:00","dateModified":"2021-03-17T10:04:36+00:00","breadcrumb":{"@id":"https:\/\/www.ignaciosanchezmejias.es\/index.php\/2016\/06\/13\/los-del-conde-de-la-maza-cierran-el-ciclo-2\/#breadcrumb"},"inLanguage":"es","potentialAction":[{"@type":"ReadAction","target":["https:\/\/www.ignaciosanchezmejias.es\/index.php\/2016\/06\/13\/los-del-conde-de-la-maza-cierran-el-ciclo-2\/"]}]},{"@type":"ImageObject","inLanguage":"es","@id":"https:\/\/www.ignaciosanchezmejias.es\/index.php\/2016\/06\/13\/los-del-conde-de-la-maza-cierran-el-ciclo-2\/#primaryimage","url":"https:\/\/www.ignaciosanchezmejias.es\/wp-content\/uploads\/2020\/12\/2016-CdlMaza-Aplausos.jpg","contentUrl":"https:\/\/www.ignaciosanchezmejias.es\/wp-content\/uploads\/2020\/12\/2016-CdlMaza-Aplausos.jpg","width":800,"height":380,"caption":"Foto. Arjona para aplausos.es"},{"@type":"BreadcrumbList","@id":"https:\/\/www.ignaciosanchezmejias.es\/index.php\/2016\/06\/13\/los-del-conde-de-la-maza-cierran-el-ciclo-2\/#breadcrumb","itemListElement":[{"@type":"ListItem","position":1,"name":"Portada","item":"https:\/\/www.ignaciosanchezmejias.es\/"},{"@type":"ListItem","position":2,"name":"Los del Conde de la Maza cierran el ciclo"}]},{"@type":"WebSite","@id":"https:\/\/www.ignaciosanchezmejias.es\/#website","url":"https:\/\/www.ignaciosanchezmejias.es\/","name":"Blog de Ignacio S\u00e1nchez-Mej\u00edas","description":"Sitio personal ISM","publisher":{"@id":"https:\/\/www.ignaciosanchezmejias.es\/#\/schema\/person\/494d20bda3404108c02016d5e608fc65"},"potentialAction":[{"@type":"SearchAction","target":{"@type":"EntryPoint","urlTemplate":"https:\/\/www.ignaciosanchezmejias.es\/?s={search_term_string}"},"query-input":{"@type":"PropertyValueSpecification","valueRequired":true,"valueName":"search_term_string"}}],"inLanguage":"es"},{"@type":["Person","Organization"],"@id":"https:\/\/www.ignaciosanchezmejias.es\/#\/schema\/person\/494d20bda3404108c02016d5e608fc65","name":"isanchezmejias","image":{"@type":"ImageObject","inLanguage":"es","@id":"https:\/\/www.ignaciosanchezmejias.es\/wp-content\/uploads\/2020\/06\/cropped-Yo-antes.jpg","url":"https:\/\/www.ignaciosanchezmejias.es\/wp-content\/uploads\/2020\/06\/cropped-Yo-antes.jpg","contentUrl":"https:\/\/www.ignaciosanchezmejias.es\/wp-content\/uploads\/2020\/06\/cropped-Yo-antes.jpg","width":681,"height":482,"caption":"isanchezmejias"},"logo":{"@id":"https:\/\/www.ignaciosanchezmejias.es\/wp-content\/uploads\/2020\/06\/cropped-Yo-antes.jpg"},"sameAs":["https:\/\/www.ignaciosanchezmejias.es"],"url":"https:\/\/www.ignaciosanchezmejias.es\/index.php\/author\/isanchezmejias\/"}]}},"_links":{"self":[{"href":"https:\/\/www.ignaciosanchezmejias.es\/index.php\/wp-json\/wp\/v2\/posts\/4174","targetHints":{"allow":["GET"]}}],"collection":[{"href":"https:\/\/www.ignaciosanchezmejias.es\/index.php\/wp-json\/wp\/v2\/posts"}],"about":[{"href":"https:\/\/www.ignaciosanchezmejias.es\/index.php\/wp-json\/wp\/v2\/types\/post"}],"author":[{"embeddable":true,"href":"https:\/\/www.ignaciosanchezmejias.es\/index.php\/wp-json\/wp\/v2\/users\/1"}],"replies":[{"embeddable":true,"href":"https:\/\/www.ignaciosanchezmejias.es\/index.php\/wp-json\/wp\/v2\/comments?post=4174"}],"version-history":[{"count":2,"href":"https:\/\/www.ignaciosanchezmejias.es\/index.php\/wp-json\/wp\/v2\/posts\/4174\/revisions"}],"predecessor-version":[{"id":6102,"href":"https:\/\/www.ignaciosanchezmejias.es\/index.php\/wp-json\/wp\/v2\/posts\/4174\/revisions\/6102"}],"wp:featuredmedia":[{"embeddable":true,"href":"https:\/\/www.ignaciosanchezmejias.es\/index.php\/wp-json\/wp\/v2\/media\/772"}],"wp:attachment":[{"href":"https:\/\/www.ignaciosanchezmejias.es\/index.php\/wp-json\/wp\/v2\/media?parent=4174"}],"wp:term":[{"taxonomy":"category","embeddable":true,"href":"https:\/\/www.ignaciosanchezmejias.es\/index.php\/wp-json\/wp\/v2\/categories?post=4174"},{"taxonomy":"post_tag","embeddable":true,"href":"https:\/\/www.ignaciosanchezmejias.es\/index.php\/wp-json\/wp\/v2\/tags?post=4174"}],"curies":[{"name":"wp","href":"https:\/\/api.w.org\/{rel}","templated":true}]}}