{"id":3924,"date":"2015-05-31T10:04:47","date_gmt":"2015-05-31T09:04:47","guid":{"rendered":"http:\/\/blogs.sevilla.abc.es\/desdeeltendido2\/?p=3924"},"modified":"2021-03-10T17:16:46","modified_gmt":"2021-03-10T17:16:46","slug":"toros-en-cordoba-2","status":"publish","type":"post","link":"https:\/\/www.ignaciosanchezmejias.es\/index.php\/2015\/05\/31\/toros-en-cordoba-2\/","title":{"rendered":"Toros en C\u00f3rdoba"},"content":{"rendered":"\n<p class=\"has-text-align-right\">.<\/p>\n\n\n\n<p>Despu\u00e9s de una temporada sin asistir a festejos donde actuaran miembros des extinto G5 fuera de Sevilla, aprovechamos la doble comparecencia de Morante en C\u00f3rdoba, para quitarnos el mono de figura del toreo. Y ciertamente mereci\u00f3 la pena. Dos carteles atractivos y rematados que aportaron sus cosas buenas y malas, pero siempre atractivas.<\/p>\n\n\n\n<p>Empecemos por las malas. La peor la escasa asistencia de p\u00fablico. Media entrada raspando el viernes y algo m\u00e1s de media el s\u00e1bado. Si estas pretendidas figuras son las que exigen el oro y el moro por anunciarse y despu\u00e9s no son capaces de meter ni a 10.000 personas en la plaza, esto no tiene raz\u00f3n de ser. Es evidente que esto no funciona porque &nbsp;algo se est\u00e1 haciendo mal y que urge recomponerlo, si no es demasiado tarde.<\/p>\n\n\n\n<p>Negativo tambi\u00e9n el comportamiento de Morante y sus representantes en la ma\u00f1ana del s\u00e1bado a cuenta del ganado. La corrida de N\u00fa\u00f1ez del Cuvillo tuvo problemas para pasar el reconocimiento y hubo de traer m\u00e1s toros. Para abreviar, hab\u00eda ocho toros aprobados, con dos raspando y otros dos un poquito, solo un poquito que yo los vi, por encima del resto. Morante (o sus representantes) se empe\u00f1\u00f3 en que estos dos se quedaran de sobreros y entraran los dos ben\u00e9volamente aprobados, mientras el presidente manten\u00eda lo contrario. Hasta dos veces y de malos modos Morante (y sus representantes) se ausentaron con la amenaza de no torear y suspender la corrida. Al final el presidente transigi\u00f3 y Morante (o sus representantes) se salieron con la suya.<\/p>\n\n\n\n<p>La corrida del viernes fue aburrida. El primer toro de Juan Pedro Domecq era noble y dulce hasta decir basta. Lo m\u00e1s parecido a embestir como un carret\u00f3n que he visto en los \u00faltimos tiempos. Pues ni por esas Francisco Rivera fue capaz de dar un solo pase de categor\u00eda, perdido en un trasteo tan vulgar como anodino. El resto de la corrida se fue entre la poca fuerza y la menos casta del ganado, el tercero se le ech\u00f3 un rato a Manzanares despu\u00e9s de la segunda tanda, y el viento que molest\u00f3 mucho a los toreros. Morante qued\u00f3 casi in\u00e9dito, salvo unas ver\u00f3nicas a su segundo, a la espera del d\u00eda siguiente.<\/p>\n\n\n\n<p>La corrida del s\u00e1bado, afortunadamente fue otra cosa. Los toros de N\u00fa\u00f1ez del Cuvillo, m\u00e1s encastados y algunos magn\u00edficos para la muleta. Talavante, que est\u00e1 inspirado, y Morante, que est\u00e1 esforzado, cortaron una oreja y su primer y segundo toro, respectivamente.<\/p>\n\n\n\n<p>Pero la pol\u00e9mica vino en el cuarto. Toro que cumpli\u00f3 sin m\u00e1s en varas y que fue una m\u00e1quina de embestir en la muleta, y de menos a m\u00e1s, como suele suceder en los toros bravos de esta ganader\u00eda, acab\u00f3 embistiendo de ensue\u00f1o. Finito, que empez\u00f3 con alguna duda, logr\u00f3 torearlo al natural, el pit\u00f3n del toro, como hac\u00eda a\u00f1os que no lo ve\u00edamos. Faena larga, maciza, sin duda de los m\u00e1ximos trofeos. Pero el mal moderno de la indultitis acudi\u00f3 a la mente del torero como el m\u00e1ximo premio a su labor, y empez\u00f3 a echar al p\u00fablico encima del presidente. A cada indicaci\u00f3n del presidente de que entrara a matar, respond\u00eda Finito con una nueva tanda y aspavientos de que no lo mataba. Y a cada gesto y a cada tanda, la bronca arreciaba pidiendo el indulto, aunque tambi\u00e9n un buen n\u00famero de aficionados aplaud\u00edan al presidente. Entre bronca y bronca, ya con el toro queri\u00e9ndose ir a tablas aburrido de tanto embestir, el presidente mantuvo firmemente su criterio y fueron cayendo los tres avisos. Y para acabar el esperpento Finito, ahora s\u00ed, entra a matar mientras los alguacilillos le hac\u00edan ostensibles indicaciones desde la barrera de que estaba a deshora. El esc\u00e1ndalo estaba servido.<\/p>\n\n\n\n<p>Lo que era una faena de m\u00e1ximos trofeos y vuelta al ruedo al toro se qued\u00f3 en gran bronca (y muchos aplausos) al presidente, ning\u00fan trofeo para el matador y ning\u00fan premio para el toro. En mi opini\u00f3n, Finito se equivoc\u00f3, y gravemente. Estrope\u00f3 una faena de rabo por un absurdo pulso con el presidente. Si a la segunda indicaci\u00f3n de \u00e9ste de que lo matara, le da una estocada, estamos hablando de dos orejas y rabo y vuelta al toro con la repercusi\u00f3n que eso hubiera tenido. Y ahora lo que estamos es divididos entre los partidarios de la indultitis como m\u00e1ximo premio a una labor y los que pensamos que eso es una cuesti\u00f3n reservada exclusivamente para los toros excepcionales, dos o tres por temporada, y no 40 como tenemos actualmente.<\/p>\n\n\n\n<p>Dicho esto, tambi\u00e9n hay que decir que la pol\u00e9mica aliment\u00f3 siempre la Fiesta, y que estaremos hablando de Finito, el toro y el presidente por alg\u00fan tiempo, lo cual tambi\u00e9n es bueno.<\/p>\n\n\n\n<p><a href=\"https:\/\/twitter.com\/isanchezmejias\" target=\"_blank\" rel=\"noopener\">@isanchezmejias<\/a><\/p>\n","protected":false},"excerpt":{"rendered":"<p>. Despu\u00e9s de una temporada sin asistir a festejos donde actuaran miembros des extinto G5 fuera de Sevilla, aprovechamos la doble comparecencia de Morante en C\u00f3rdoba, para quitarnos el mono de figura del toreo. Y ciertamente mereci\u00f3 la pena. Dos carteles atractivos y rematados que aportaron sus cosas buenas y malas, pero siempre atractivas. Empecemos [&hellip;]<\/p>\n","protected":false},"author":1,"featured_media":5941,"comment_status":"open","ping_status":"closed","sticky":false,"template":"","format":"standard","meta":{"footnotes":""},"categories":[5],"tags":[23,28,141,329,35,29,45],"class_list":["post-3924","post","type-post","status-publish","format-standard","has-post-thumbnail","hentry","category-general","tag-alejandro-talavante","tag-finito-de-cordoba","tag-francisco-rivera","tag-jose-m-manzanares","tag-juan-pedro-domecq","tag-morante-de-la-puebla","tag-nunez-del-cuvillo"],"yoast_head":"<!-- This site is optimized with the Yoast SEO plugin v27.5 - https:\/\/yoast.com\/product\/yoast-seo-wordpress\/ -->\n<title>Toros en C\u00f3rdoba - Sitio web de Ignacio S\u00e1nchez-Mej\u00edas Herrero<\/title>\n<meta name=\"robots\" content=\"index, follow, max-snippet:-1, max-image-preview:large, max-video-preview:-1\" \/>\n<link rel=\"canonical\" href=\"https:\/\/www.ignaciosanchezmejias.es\/index.php\/2015\/05\/31\/toros-en-cordoba-2\/\" \/>\n<meta property=\"og:locale\" content=\"es_ES\" \/>\n<meta property=\"og:type\" content=\"article\" \/>\n<meta property=\"og:title\" content=\"Toros en C\u00f3rdoba - Sitio web de Ignacio S\u00e1nchez-Mej\u00edas Herrero\" \/>\n<meta property=\"og:description\" content=\". Despu\u00e9s de una temporada sin asistir a festejos donde actuaran miembros des extinto G5 fuera de Sevilla, aprovechamos la doble comparecencia de Morante en C\u00f3rdoba, para quitarnos el mono de figura del toreo. Y ciertamente mereci\u00f3 la pena. Dos carteles atractivos y rematados que aportaron sus cosas buenas y malas, pero siempre atractivas. Empecemos [&hellip;]\" \/>\n<meta property=\"og:url\" content=\"https:\/\/www.ignaciosanchezmejias.es\/index.php\/2015\/05\/31\/toros-en-cordoba-2\/\" \/>\n<meta property=\"og:site_name\" content=\"Sitio web de Ignacio S\u00e1nchez-Mej\u00edas Herrero\" \/>\n<meta property=\"article:published_time\" content=\"2015-05-31T09:04:47+00:00\" \/>\n<meta property=\"article:modified_time\" content=\"2021-03-10T17:16:46+00:00\" \/>\n<meta property=\"og:image\" content=\"https:\/\/www.ignaciosanchezmejias.es\/wp-content\/uploads\/2015\/05\/2015-Finito-Aplausos.jpg\" \/>\n\t<meta property=\"og:image:width\" content=\"800\" \/>\n\t<meta property=\"og:image:height\" content=\"380\" \/>\n\t<meta property=\"og:image:type\" content=\"image\/jpeg\" \/>\n<meta name=\"author\" content=\"isanchezmejias\" \/>\n<meta name=\"twitter:card\" content=\"summary_large_image\" \/>\n<meta name=\"twitter:label1\" content=\"Escrito por\" \/>\n\t<meta name=\"twitter:data1\" content=\"isanchezmejias\" \/>\n\t<meta name=\"twitter:label2\" content=\"Tiempo de lectura\" \/>\n\t<meta name=\"twitter:data2\" content=\"4 minutos\" \/>\n<script type=\"application\/ld+json\" class=\"yoast-schema-graph\">{\"@context\":\"https:\\\/\\\/schema.org\",\"@graph\":[{\"@type\":\"Article\",\"@id\":\"https:\\\/\\\/www.ignaciosanchezmejias.es\\\/index.php\\\/2015\\\/05\\\/31\\\/toros-en-cordoba-2\\\/#article\",\"isPartOf\":{\"@id\":\"https:\\\/\\\/www.ignaciosanchezmejias.es\\\/index.php\\\/2015\\\/05\\\/31\\\/toros-en-cordoba-2\\\/\"},\"author\":{\"name\":\"isanchezmejias\",\"@id\":\"https:\\\/\\\/www.ignaciosanchezmejias.es\\\/#\\\/schema\\\/person\\\/494d20bda3404108c02016d5e608fc65\"},\"headline\":\"Toros en C\u00f3rdoba\",\"datePublished\":\"2015-05-31T09:04:47+00:00\",\"dateModified\":\"2021-03-10T17:16:46+00:00\",\"mainEntityOfPage\":{\"@id\":\"https:\\\/\\\/www.ignaciosanchezmejias.es\\\/index.php\\\/2015\\\/05\\\/31\\\/toros-en-cordoba-2\\\/\"},\"wordCount\":847,\"commentCount\":8,\"publisher\":{\"@id\":\"https:\\\/\\\/www.ignaciosanchezmejias.es\\\/#\\\/schema\\\/person\\\/494d20bda3404108c02016d5e608fc65\"},\"image\":{\"@id\":\"https:\\\/\\\/www.ignaciosanchezmejias.es\\\/index.php\\\/2015\\\/05\\\/31\\\/toros-en-cordoba-2\\\/#primaryimage\"},\"thumbnailUrl\":\"https:\\\/\\\/www.ignaciosanchezmejias.es\\\/wp-content\\\/uploads\\\/2015\\\/05\\\/2015-Finito-Aplausos.jpg\",\"keywords\":[\"Alejandro Talavante\",\"Finito de C\u00f3rdoba\",\"Francisco Rivera\",\"Jos\u00e9 M\u00aa Manzanares\",\"Juan Pedro Domecq\",\"Morante de la Puebla\",\"Nu\u00f1ez del Cuvillo\"],\"articleSection\":[\"General\"],\"inLanguage\":\"es\",\"potentialAction\":[{\"@type\":\"CommentAction\",\"name\":\"Comment\",\"target\":[\"https:\\\/\\\/www.ignaciosanchezmejias.es\\\/index.php\\\/2015\\\/05\\\/31\\\/toros-en-cordoba-2\\\/#respond\"]}]},{\"@type\":\"WebPage\",\"@id\":\"https:\\\/\\\/www.ignaciosanchezmejias.es\\\/index.php\\\/2015\\\/05\\\/31\\\/toros-en-cordoba-2\\\/\",\"url\":\"https:\\\/\\\/www.ignaciosanchezmejias.es\\\/index.php\\\/2015\\\/05\\\/31\\\/toros-en-cordoba-2\\\/\",\"name\":\"Toros en C\u00f3rdoba - Sitio web de Ignacio S\u00e1nchez-Mej\u00edas Herrero\",\"isPartOf\":{\"@id\":\"https:\\\/\\\/www.ignaciosanchezmejias.es\\\/#website\"},\"primaryImageOfPage\":{\"@id\":\"https:\\\/\\\/www.ignaciosanchezmejias.es\\\/index.php\\\/2015\\\/05\\\/31\\\/toros-en-cordoba-2\\\/#primaryimage\"},\"image\":{\"@id\":\"https:\\\/\\\/www.ignaciosanchezmejias.es\\\/index.php\\\/2015\\\/05\\\/31\\\/toros-en-cordoba-2\\\/#primaryimage\"},\"thumbnailUrl\":\"https:\\\/\\\/www.ignaciosanchezmejias.es\\\/wp-content\\\/uploads\\\/2015\\\/05\\\/2015-Finito-Aplausos.jpg\",\"datePublished\":\"2015-05-31T09:04:47+00:00\",\"dateModified\":\"2021-03-10T17:16:46+00:00\",\"breadcrumb\":{\"@id\":\"https:\\\/\\\/www.ignaciosanchezmejias.es\\\/index.php\\\/2015\\\/05\\\/31\\\/toros-en-cordoba-2\\\/#breadcrumb\"},\"inLanguage\":\"es\",\"potentialAction\":[{\"@type\":\"ReadAction\",\"target\":[\"https:\\\/\\\/www.ignaciosanchezmejias.es\\\/index.php\\\/2015\\\/05\\\/31\\\/toros-en-cordoba-2\\\/\"]}]},{\"@type\":\"ImageObject\",\"inLanguage\":\"es\",\"@id\":\"https:\\\/\\\/www.ignaciosanchezmejias.es\\\/index.php\\\/2015\\\/05\\\/31\\\/toros-en-cordoba-2\\\/#primaryimage\",\"url\":\"https:\\\/\\\/www.ignaciosanchezmejias.es\\\/wp-content\\\/uploads\\\/2015\\\/05\\\/2015-Finito-Aplausos.jpg\",\"contentUrl\":\"https:\\\/\\\/www.ignaciosanchezmejias.es\\\/wp-content\\\/uploads\\\/2015\\\/05\\\/2015-Finito-Aplausos.jpg\",\"width\":800,\"height\":380,\"caption\":\"Foto. Arjona para aplausos.es\"},{\"@type\":\"BreadcrumbList\",\"@id\":\"https:\\\/\\\/www.ignaciosanchezmejias.es\\\/index.php\\\/2015\\\/05\\\/31\\\/toros-en-cordoba-2\\\/#breadcrumb\",\"itemListElement\":[{\"@type\":\"ListItem\",\"position\":1,\"name\":\"Portada\",\"item\":\"https:\\\/\\\/www.ignaciosanchezmejias.es\\\/\"},{\"@type\":\"ListItem\",\"position\":2,\"name\":\"Toros en C\u00f3rdoba\"}]},{\"@type\":\"WebSite\",\"@id\":\"https:\\\/\\\/www.ignaciosanchezmejias.es\\\/#website\",\"url\":\"https:\\\/\\\/www.ignaciosanchezmejias.es\\\/\",\"name\":\"Blog de Ignacio S\u00e1nchez-Mej\u00edas\",\"description\":\"Sitio personal ISM\",\"publisher\":{\"@id\":\"https:\\\/\\\/www.ignaciosanchezmejias.es\\\/#\\\/schema\\\/person\\\/494d20bda3404108c02016d5e608fc65\"},\"potentialAction\":[{\"@type\":\"SearchAction\",\"target\":{\"@type\":\"EntryPoint\",\"urlTemplate\":\"https:\\\/\\\/www.ignaciosanchezmejias.es\\\/?s={search_term_string}\"},\"query-input\":{\"@type\":\"PropertyValueSpecification\",\"valueRequired\":true,\"valueName\":\"search_term_string\"}}],\"inLanguage\":\"es\"},{\"@type\":[\"Person\",\"Organization\"],\"@id\":\"https:\\\/\\\/www.ignaciosanchezmejias.es\\\/#\\\/schema\\\/person\\\/494d20bda3404108c02016d5e608fc65\",\"name\":\"isanchezmejias\",\"image\":{\"@type\":\"ImageObject\",\"inLanguage\":\"es\",\"@id\":\"https:\\\/\\\/www.ignaciosanchezmejias.es\\\/wp-content\\\/uploads\\\/2020\\\/06\\\/cropped-Yo-antes.jpg\",\"url\":\"https:\\\/\\\/www.ignaciosanchezmejias.es\\\/wp-content\\\/uploads\\\/2020\\\/06\\\/cropped-Yo-antes.jpg\",\"contentUrl\":\"https:\\\/\\\/www.ignaciosanchezmejias.es\\\/wp-content\\\/uploads\\\/2020\\\/06\\\/cropped-Yo-antes.jpg\",\"width\":681,\"height\":482,\"caption\":\"isanchezmejias\"},\"logo\":{\"@id\":\"https:\\\/\\\/www.ignaciosanchezmejias.es\\\/wp-content\\\/uploads\\\/2020\\\/06\\\/cropped-Yo-antes.jpg\"},\"sameAs\":[\"https:\\\/\\\/www.ignaciosanchezmejias.es\"],\"url\":\"https:\\\/\\\/www.ignaciosanchezmejias.es\\\/index.php\\\/author\\\/isanchezmejias\\\/\"}]}<\/script>\n<!-- \/ Yoast SEO plugin. -->","yoast_head_json":{"title":"Toros en C\u00f3rdoba - Sitio web de Ignacio S\u00e1nchez-Mej\u00edas Herrero","robots":{"index":"index","follow":"follow","max-snippet":"max-snippet:-1","max-image-preview":"max-image-preview:large","max-video-preview":"max-video-preview:-1"},"canonical":"https:\/\/www.ignaciosanchezmejias.es\/index.php\/2015\/05\/31\/toros-en-cordoba-2\/","og_locale":"es_ES","og_type":"article","og_title":"Toros en C\u00f3rdoba - Sitio web de Ignacio S\u00e1nchez-Mej\u00edas Herrero","og_description":". Despu\u00e9s de una temporada sin asistir a festejos donde actuaran miembros des extinto G5 fuera de Sevilla, aprovechamos la doble comparecencia de Morante en C\u00f3rdoba, para quitarnos el mono de figura del toreo. Y ciertamente mereci\u00f3 la pena. Dos carteles atractivos y rematados que aportaron sus cosas buenas y malas, pero siempre atractivas. Empecemos [&hellip;]","og_url":"https:\/\/www.ignaciosanchezmejias.es\/index.php\/2015\/05\/31\/toros-en-cordoba-2\/","og_site_name":"Sitio web de Ignacio S\u00e1nchez-Mej\u00edas Herrero","article_published_time":"2015-05-31T09:04:47+00:00","article_modified_time":"2021-03-10T17:16:46+00:00","og_image":[{"width":800,"height":380,"url":"https:\/\/www.ignaciosanchezmejias.es\/wp-content\/uploads\/2015\/05\/2015-Finito-Aplausos.jpg","type":"image\/jpeg"}],"author":"isanchezmejias","twitter_card":"summary_large_image","twitter_misc":{"Escrito por":"isanchezmejias","Tiempo de lectura":"4 minutos"},"schema":{"@context":"https:\/\/schema.org","@graph":[{"@type":"Article","@id":"https:\/\/www.ignaciosanchezmejias.es\/index.php\/2015\/05\/31\/toros-en-cordoba-2\/#article","isPartOf":{"@id":"https:\/\/www.ignaciosanchezmejias.es\/index.php\/2015\/05\/31\/toros-en-cordoba-2\/"},"author":{"name":"isanchezmejias","@id":"https:\/\/www.ignaciosanchezmejias.es\/#\/schema\/person\/494d20bda3404108c02016d5e608fc65"},"headline":"Toros en C\u00f3rdoba","datePublished":"2015-05-31T09:04:47+00:00","dateModified":"2021-03-10T17:16:46+00:00","mainEntityOfPage":{"@id":"https:\/\/www.ignaciosanchezmejias.es\/index.php\/2015\/05\/31\/toros-en-cordoba-2\/"},"wordCount":847,"commentCount":8,"publisher":{"@id":"https:\/\/www.ignaciosanchezmejias.es\/#\/schema\/person\/494d20bda3404108c02016d5e608fc65"},"image":{"@id":"https:\/\/www.ignaciosanchezmejias.es\/index.php\/2015\/05\/31\/toros-en-cordoba-2\/#primaryimage"},"thumbnailUrl":"https:\/\/www.ignaciosanchezmejias.es\/wp-content\/uploads\/2015\/05\/2015-Finito-Aplausos.jpg","keywords":["Alejandro Talavante","Finito de C\u00f3rdoba","Francisco Rivera","Jos\u00e9 M\u00aa Manzanares","Juan Pedro Domecq","Morante de la Puebla","Nu\u00f1ez del Cuvillo"],"articleSection":["General"],"inLanguage":"es","potentialAction":[{"@type":"CommentAction","name":"Comment","target":["https:\/\/www.ignaciosanchezmejias.es\/index.php\/2015\/05\/31\/toros-en-cordoba-2\/#respond"]}]},{"@type":"WebPage","@id":"https:\/\/www.ignaciosanchezmejias.es\/index.php\/2015\/05\/31\/toros-en-cordoba-2\/","url":"https:\/\/www.ignaciosanchezmejias.es\/index.php\/2015\/05\/31\/toros-en-cordoba-2\/","name":"Toros en C\u00f3rdoba - Sitio web de Ignacio S\u00e1nchez-Mej\u00edas Herrero","isPartOf":{"@id":"https:\/\/www.ignaciosanchezmejias.es\/#website"},"primaryImageOfPage":{"@id":"https:\/\/www.ignaciosanchezmejias.es\/index.php\/2015\/05\/31\/toros-en-cordoba-2\/#primaryimage"},"image":{"@id":"https:\/\/www.ignaciosanchezmejias.es\/index.php\/2015\/05\/31\/toros-en-cordoba-2\/#primaryimage"},"thumbnailUrl":"https:\/\/www.ignaciosanchezmejias.es\/wp-content\/uploads\/2015\/05\/2015-Finito-Aplausos.jpg","datePublished":"2015-05-31T09:04:47+00:00","dateModified":"2021-03-10T17:16:46+00:00","breadcrumb":{"@id":"https:\/\/www.ignaciosanchezmejias.es\/index.php\/2015\/05\/31\/toros-en-cordoba-2\/#breadcrumb"},"inLanguage":"es","potentialAction":[{"@type":"ReadAction","target":["https:\/\/www.ignaciosanchezmejias.es\/index.php\/2015\/05\/31\/toros-en-cordoba-2\/"]}]},{"@type":"ImageObject","inLanguage":"es","@id":"https:\/\/www.ignaciosanchezmejias.es\/index.php\/2015\/05\/31\/toros-en-cordoba-2\/#primaryimage","url":"https:\/\/www.ignaciosanchezmejias.es\/wp-content\/uploads\/2015\/05\/2015-Finito-Aplausos.jpg","contentUrl":"https:\/\/www.ignaciosanchezmejias.es\/wp-content\/uploads\/2015\/05\/2015-Finito-Aplausos.jpg","width":800,"height":380,"caption":"Foto. Arjona para aplausos.es"},{"@type":"BreadcrumbList","@id":"https:\/\/www.ignaciosanchezmejias.es\/index.php\/2015\/05\/31\/toros-en-cordoba-2\/#breadcrumb","itemListElement":[{"@type":"ListItem","position":1,"name":"Portada","item":"https:\/\/www.ignaciosanchezmejias.es\/"},{"@type":"ListItem","position":2,"name":"Toros en C\u00f3rdoba"}]},{"@type":"WebSite","@id":"https:\/\/www.ignaciosanchezmejias.es\/#website","url":"https:\/\/www.ignaciosanchezmejias.es\/","name":"Blog de Ignacio S\u00e1nchez-Mej\u00edas","description":"Sitio personal ISM","publisher":{"@id":"https:\/\/www.ignaciosanchezmejias.es\/#\/schema\/person\/494d20bda3404108c02016d5e608fc65"},"potentialAction":[{"@type":"SearchAction","target":{"@type":"EntryPoint","urlTemplate":"https:\/\/www.ignaciosanchezmejias.es\/?s={search_term_string}"},"query-input":{"@type":"PropertyValueSpecification","valueRequired":true,"valueName":"search_term_string"}}],"inLanguage":"es"},{"@type":["Person","Organization"],"@id":"https:\/\/www.ignaciosanchezmejias.es\/#\/schema\/person\/494d20bda3404108c02016d5e608fc65","name":"isanchezmejias","image":{"@type":"ImageObject","inLanguage":"es","@id":"https:\/\/www.ignaciosanchezmejias.es\/wp-content\/uploads\/2020\/06\/cropped-Yo-antes.jpg","url":"https:\/\/www.ignaciosanchezmejias.es\/wp-content\/uploads\/2020\/06\/cropped-Yo-antes.jpg","contentUrl":"https:\/\/www.ignaciosanchezmejias.es\/wp-content\/uploads\/2020\/06\/cropped-Yo-antes.jpg","width":681,"height":482,"caption":"isanchezmejias"},"logo":{"@id":"https:\/\/www.ignaciosanchezmejias.es\/wp-content\/uploads\/2020\/06\/cropped-Yo-antes.jpg"},"sameAs":["https:\/\/www.ignaciosanchezmejias.es"],"url":"https:\/\/www.ignaciosanchezmejias.es\/index.php\/author\/isanchezmejias\/"}]}},"_links":{"self":[{"href":"https:\/\/www.ignaciosanchezmejias.es\/index.php\/wp-json\/wp\/v2\/posts\/3924","targetHints":{"allow":["GET"]}}],"collection":[{"href":"https:\/\/www.ignaciosanchezmejias.es\/index.php\/wp-json\/wp\/v2\/posts"}],"about":[{"href":"https:\/\/www.ignaciosanchezmejias.es\/index.php\/wp-json\/wp\/v2\/types\/post"}],"author":[{"embeddable":true,"href":"https:\/\/www.ignaciosanchezmejias.es\/index.php\/wp-json\/wp\/v2\/users\/1"}],"replies":[{"embeddable":true,"href":"https:\/\/www.ignaciosanchezmejias.es\/index.php\/wp-json\/wp\/v2\/comments?post=3924"}],"version-history":[{"count":2,"href":"https:\/\/www.ignaciosanchezmejias.es\/index.php\/wp-json\/wp\/v2\/posts\/3924\/revisions"}],"predecessor-version":[{"id":5942,"href":"https:\/\/www.ignaciosanchezmejias.es\/index.php\/wp-json\/wp\/v2\/posts\/3924\/revisions\/5942"}],"wp:featuredmedia":[{"embeddable":true,"href":"https:\/\/www.ignaciosanchezmejias.es\/index.php\/wp-json\/wp\/v2\/media\/5941"}],"wp:attachment":[{"href":"https:\/\/www.ignaciosanchezmejias.es\/index.php\/wp-json\/wp\/v2\/media?parent=3924"}],"wp:term":[{"taxonomy":"category","embeddable":true,"href":"https:\/\/www.ignaciosanchezmejias.es\/index.php\/wp-json\/wp\/v2\/categories?post=3924"},{"taxonomy":"post_tag","embeddable":true,"href":"https:\/\/www.ignaciosanchezmejias.es\/index.php\/wp-json\/wp\/v2\/tags?post=3924"}],"curies":[{"name":"wp","href":"https:\/\/api.w.org\/{rel}","templated":true}]}}