{"id":3914,"date":"2015-05-02T13:06:13","date_gmt":"2015-05-02T12:06:13","guid":{"rendered":"http:\/\/blogs.sevilla.abc.es\/desdeeltendido2\/?p=3914"},"modified":"2021-03-10T09:17:05","modified_gmt":"2021-03-10T09:17:05","slug":"cortegana-garrido-gana-y-por-orejada-5-0","status":"publish","type":"post","link":"https:\/\/www.ignaciosanchezmejias.es\/index.php\/2015\/05\/02\/cortegana-garrido-gana-y-por-orejada-5-0\/","title":{"rendered":"Cortegana. Garrido gana, y por orejada, 5 a 0"},"content":{"rendered":"\n<p class=\"has-text-align-right\">.<\/p>\n\n\n\n<p>El mano a mano, forzado o no, entre los reci\u00e9n alternativados, Borja Jim\u00e9nez y Jos\u00e9 Garrido en Cortegana, con toros de distintas ganader\u00edas, levant\u00f3 expectaci\u00f3n. Dec\u00edan que se hab\u00edan acreditado 33 periodistas, y la plaza presentaba una buena entrada, por encima de los tres cuartos. Presencia de ganaderos, como Miura y Murube en los tendidos, o Victorino y Gallardo en el callej\u00f3n. Toreros como Espartaco, D\u00e1vila Miura, Ferrera o Jos\u00e9 Luis Parada, nuestra presidenta se\u00f1ora Moreno, &nbsp;y mucha gente de Sevilla que nos hab\u00edamos desplazado para ver el acontecimiento, en un d\u00eda soleado y sin viento, ideal para ver toros.<\/p>\n\n\n\n<p>El duelo, si lo hubo, lo gan\u00f3 Garrido de calle. A Borja lo vimos muy por debajo de lo esperado, no sabemos si afectado por el volteret\u00f3n que le dio su primero de La Dehesilla, pero estuvo toda la tarde falto de todo, de sitio, de decisi\u00f3n y de acierto. A su primero, que se revolv\u00eda pronto, orden\u00f3 que lo mataran en los caballos. A un gran miura que se vino arriba en la muleta y no par\u00f3 de embestir, le dio los pases que no habr\u00eda so\u00f1ado darle cuando se anunci\u00f3 con \u00e9l, pero lo pinch\u00f3 reiteradamente. Gran ovaci\u00f3n al toro en el arrastre. En el de Murube tampoco le vimos nada especial.<\/p>\n\n\n\n<p>Garrido estuvo en torero toda la tarde, en la cara del toro y lejos de ella. Muy seguro y sin dudar ni un momento. Al de Pereda le cort\u00f3 dos orejas a base de poderle porque el toro ten\u00eda su picante, sobre todo por el lado derecho. A un gran Victorino en la muleta le cort\u00f3 otra oreja. A este toro le dieron una inmerecida vuelta al ruedo, porque se raj\u00f3 tres veces durante la faena, y suponemos que fue porque tard\u00f3 en morir cinco minutos despu\u00e9s de la estocada. Al \u00faltimo de Marca tambi\u00e9n le cont\u00f3 dos orejas despu\u00e9s de una media en su sitio. Garrido es de los pocos emergentes que se ve con formas de llegar arriba.<\/p>\n\n\n\n<p>En resumen una tarde muy entretenida en la que vimos tres toros, Pereda, Miura y Victorino, muy interesantes y con un Garrido que puede llegar lejos.<\/p>\n\n\n\n<p><a href=\"https:\/\/twitter.com\/isanchezmejias\" target=\"_blank\" rel=\"noopener\">@isanchezmejias<\/a><\/p>\n","protected":false},"excerpt":{"rendered":"<p>. El mano a mano, forzado o no, entre los reci\u00e9n alternativados, Borja Jim\u00e9nez y Jos\u00e9 Garrido en Cortegana, con toros de distintas ganader\u00edas, levant\u00f3 expectaci\u00f3n. Dec\u00edan que se hab\u00edan acreditado 33 periodistas, y la plaza presentaba una buena entrada, por encima de los tres cuartos. Presencia de ganaderos, como Miura y Murube en los [&hellip;]<\/p>\n","protected":false},"author":1,"featured_media":5932,"comment_status":"open","ping_status":"closed","sticky":false,"template":"","format":"standard","meta":{"footnotes":""},"categories":[5],"tags":[190,322,400,54,401,16],"class_list":["post-3914","post","type-post","status-publish","format-standard","has-post-thumbnail","hentry","category-general","tag-jose-garrido","tag-jose-luis-pereda-la-dehesilla","tag-marca","tag-miura","tag-murube","tag-victorino-martin"],"yoast_head":"<!-- This site is optimized with the Yoast SEO plugin v27.5 - https:\/\/yoast.com\/product\/yoast-seo-wordpress\/ -->\n<title>Cortegana. Garrido gana, y por orejada, 5 a 0 - Sitio web de Ignacio S\u00e1nchez-Mej\u00edas Herrero<\/title>\n<meta name=\"robots\" content=\"index, follow, max-snippet:-1, max-image-preview:large, max-video-preview:-1\" \/>\n<link rel=\"canonical\" href=\"https:\/\/www.ignaciosanchezmejias.es\/index.php\/2015\/05\/02\/cortegana-garrido-gana-y-por-orejada-5-0\/\" \/>\n<meta property=\"og:locale\" content=\"es_ES\" \/>\n<meta property=\"og:type\" content=\"article\" \/>\n<meta property=\"og:title\" content=\"Cortegana. Garrido gana, y por orejada, 5 a 0 - Sitio web de Ignacio S\u00e1nchez-Mej\u00edas Herrero\" \/>\n<meta property=\"og:description\" content=\". El mano a mano, forzado o no, entre los reci\u00e9n alternativados, Borja Jim\u00e9nez y Jos\u00e9 Garrido en Cortegana, con toros de distintas ganader\u00edas, levant\u00f3 expectaci\u00f3n. Dec\u00edan que se hab\u00edan acreditado 33 periodistas, y la plaza presentaba una buena entrada, por encima de los tres cuartos. Presencia de ganaderos, como Miura y Murube en los [&hellip;]\" \/>\n<meta property=\"og:url\" content=\"https:\/\/www.ignaciosanchezmejias.es\/index.php\/2015\/05\/02\/cortegana-garrido-gana-y-por-orejada-5-0\/\" \/>\n<meta property=\"og:site_name\" content=\"Sitio web de Ignacio S\u00e1nchez-Mej\u00edas Herrero\" \/>\n<meta property=\"article:published_time\" content=\"2015-05-02T12:06:13+00:00\" \/>\n<meta property=\"article:modified_time\" content=\"2021-03-10T09:17:05+00:00\" \/>\n<meta property=\"og:image\" content=\"https:\/\/www.ignaciosanchezmejias.es\/wp-content\/uploads\/2015\/05\/2015-Cortegana.jpg\" \/>\n\t<meta property=\"og:image:width\" content=\"865\" \/>\n\t<meta property=\"og:image:height\" content=\"768\" \/>\n\t<meta property=\"og:image:type\" content=\"image\/jpeg\" \/>\n<meta name=\"author\" content=\"isanchezmejias\" \/>\n<meta name=\"twitter:card\" content=\"summary_large_image\" \/>\n<meta name=\"twitter:label1\" content=\"Escrito por\" \/>\n\t<meta name=\"twitter:data1\" content=\"isanchezmejias\" \/>\n\t<meta name=\"twitter:label2\" content=\"Tiempo de lectura\" \/>\n\t<meta name=\"twitter:data2\" content=\"2 minutos\" \/>\n<script type=\"application\/ld+json\" class=\"yoast-schema-graph\">{\"@context\":\"https:\\\/\\\/schema.org\",\"@graph\":[{\"@type\":\"Article\",\"@id\":\"https:\\\/\\\/www.ignaciosanchezmejias.es\\\/index.php\\\/2015\\\/05\\\/02\\\/cortegana-garrido-gana-y-por-orejada-5-0\\\/#article\",\"isPartOf\":{\"@id\":\"https:\\\/\\\/www.ignaciosanchezmejias.es\\\/index.php\\\/2015\\\/05\\\/02\\\/cortegana-garrido-gana-y-por-orejada-5-0\\\/\"},\"author\":{\"name\":\"isanchezmejias\",\"@id\":\"https:\\\/\\\/www.ignaciosanchezmejias.es\\\/#\\\/schema\\\/person\\\/494d20bda3404108c02016d5e608fc65\"},\"headline\":\"Cortegana. Garrido gana, y por orejada, 5 a 0\",\"datePublished\":\"2015-05-02T12:06:13+00:00\",\"dateModified\":\"2021-03-10T09:17:05+00:00\",\"mainEntityOfPage\":{\"@id\":\"https:\\\/\\\/www.ignaciosanchezmejias.es\\\/index.php\\\/2015\\\/05\\\/02\\\/cortegana-garrido-gana-y-por-orejada-5-0\\\/\"},\"wordCount\":389,\"commentCount\":0,\"publisher\":{\"@id\":\"https:\\\/\\\/www.ignaciosanchezmejias.es\\\/#\\\/schema\\\/person\\\/494d20bda3404108c02016d5e608fc65\"},\"image\":{\"@id\":\"https:\\\/\\\/www.ignaciosanchezmejias.es\\\/index.php\\\/2015\\\/05\\\/02\\\/cortegana-garrido-gana-y-por-orejada-5-0\\\/#primaryimage\"},\"thumbnailUrl\":\"https:\\\/\\\/www.ignaciosanchezmejias.es\\\/wp-content\\\/uploads\\\/2015\\\/05\\\/2015-Cortegana.jpg\",\"keywords\":[\"Jos\u00e9 Garrido\",\"Jos\u00e9 Luis Pereda La Dehesilla\",\"Marca\",\"Miura\",\"Murube\",\"Victorino Mart\u00edn\"],\"articleSection\":[\"General\"],\"inLanguage\":\"es\",\"potentialAction\":[{\"@type\":\"CommentAction\",\"name\":\"Comment\",\"target\":[\"https:\\\/\\\/www.ignaciosanchezmejias.es\\\/index.php\\\/2015\\\/05\\\/02\\\/cortegana-garrido-gana-y-por-orejada-5-0\\\/#respond\"]}]},{\"@type\":\"WebPage\",\"@id\":\"https:\\\/\\\/www.ignaciosanchezmejias.es\\\/index.php\\\/2015\\\/05\\\/02\\\/cortegana-garrido-gana-y-por-orejada-5-0\\\/\",\"url\":\"https:\\\/\\\/www.ignaciosanchezmejias.es\\\/index.php\\\/2015\\\/05\\\/02\\\/cortegana-garrido-gana-y-por-orejada-5-0\\\/\",\"name\":\"Cortegana. Garrido gana, y por orejada, 5 a 0 - Sitio web de Ignacio S\u00e1nchez-Mej\u00edas Herrero\",\"isPartOf\":{\"@id\":\"https:\\\/\\\/www.ignaciosanchezmejias.es\\\/#website\"},\"primaryImageOfPage\":{\"@id\":\"https:\\\/\\\/www.ignaciosanchezmejias.es\\\/index.php\\\/2015\\\/05\\\/02\\\/cortegana-garrido-gana-y-por-orejada-5-0\\\/#primaryimage\"},\"image\":{\"@id\":\"https:\\\/\\\/www.ignaciosanchezmejias.es\\\/index.php\\\/2015\\\/05\\\/02\\\/cortegana-garrido-gana-y-por-orejada-5-0\\\/#primaryimage\"},\"thumbnailUrl\":\"https:\\\/\\\/www.ignaciosanchezmejias.es\\\/wp-content\\\/uploads\\\/2015\\\/05\\\/2015-Cortegana.jpg\",\"datePublished\":\"2015-05-02T12:06:13+00:00\",\"dateModified\":\"2021-03-10T09:17:05+00:00\",\"breadcrumb\":{\"@id\":\"https:\\\/\\\/www.ignaciosanchezmejias.es\\\/index.php\\\/2015\\\/05\\\/02\\\/cortegana-garrido-gana-y-por-orejada-5-0\\\/#breadcrumb\"},\"inLanguage\":\"es\",\"potentialAction\":[{\"@type\":\"ReadAction\",\"target\":[\"https:\\\/\\\/www.ignaciosanchezmejias.es\\\/index.php\\\/2015\\\/05\\\/02\\\/cortegana-garrido-gana-y-por-orejada-5-0\\\/\"]}]},{\"@type\":\"ImageObject\",\"inLanguage\":\"es\",\"@id\":\"https:\\\/\\\/www.ignaciosanchezmejias.es\\\/index.php\\\/2015\\\/05\\\/02\\\/cortegana-garrido-gana-y-por-orejada-5-0\\\/#primaryimage\",\"url\":\"https:\\\/\\\/www.ignaciosanchezmejias.es\\\/wp-content\\\/uploads\\\/2015\\\/05\\\/2015-Cortegana.jpg\",\"contentUrl\":\"https:\\\/\\\/www.ignaciosanchezmejias.es\\\/wp-content\\\/uploads\\\/2015\\\/05\\\/2015-Cortegana.jpg\",\"width\":865,\"height\":768,\"caption\":\"Foto. \u00c1lvaro Pastor Torres\"},{\"@type\":\"BreadcrumbList\",\"@id\":\"https:\\\/\\\/www.ignaciosanchezmejias.es\\\/index.php\\\/2015\\\/05\\\/02\\\/cortegana-garrido-gana-y-por-orejada-5-0\\\/#breadcrumb\",\"itemListElement\":[{\"@type\":\"ListItem\",\"position\":1,\"name\":\"Portada\",\"item\":\"https:\\\/\\\/www.ignaciosanchezmejias.es\\\/\"},{\"@type\":\"ListItem\",\"position\":2,\"name\":\"Cortegana. Garrido gana, y por orejada, 5 a 0\"}]},{\"@type\":\"WebSite\",\"@id\":\"https:\\\/\\\/www.ignaciosanchezmejias.es\\\/#website\",\"url\":\"https:\\\/\\\/www.ignaciosanchezmejias.es\\\/\",\"name\":\"Blog de Ignacio S\u00e1nchez-Mej\u00edas\",\"description\":\"Sitio personal ISM\",\"publisher\":{\"@id\":\"https:\\\/\\\/www.ignaciosanchezmejias.es\\\/#\\\/schema\\\/person\\\/494d20bda3404108c02016d5e608fc65\"},\"potentialAction\":[{\"@type\":\"SearchAction\",\"target\":{\"@type\":\"EntryPoint\",\"urlTemplate\":\"https:\\\/\\\/www.ignaciosanchezmejias.es\\\/?s={search_term_string}\"},\"query-input\":{\"@type\":\"PropertyValueSpecification\",\"valueRequired\":true,\"valueName\":\"search_term_string\"}}],\"inLanguage\":\"es\"},{\"@type\":[\"Person\",\"Organization\"],\"@id\":\"https:\\\/\\\/www.ignaciosanchezmejias.es\\\/#\\\/schema\\\/person\\\/494d20bda3404108c02016d5e608fc65\",\"name\":\"isanchezmejias\",\"image\":{\"@type\":\"ImageObject\",\"inLanguage\":\"es\",\"@id\":\"https:\\\/\\\/www.ignaciosanchezmejias.es\\\/wp-content\\\/uploads\\\/2020\\\/06\\\/cropped-Yo-antes.jpg\",\"url\":\"https:\\\/\\\/www.ignaciosanchezmejias.es\\\/wp-content\\\/uploads\\\/2020\\\/06\\\/cropped-Yo-antes.jpg\",\"contentUrl\":\"https:\\\/\\\/www.ignaciosanchezmejias.es\\\/wp-content\\\/uploads\\\/2020\\\/06\\\/cropped-Yo-antes.jpg\",\"width\":681,\"height\":482,\"caption\":\"isanchezmejias\"},\"logo\":{\"@id\":\"https:\\\/\\\/www.ignaciosanchezmejias.es\\\/wp-content\\\/uploads\\\/2020\\\/06\\\/cropped-Yo-antes.jpg\"},\"sameAs\":[\"https:\\\/\\\/www.ignaciosanchezmejias.es\"],\"url\":\"https:\\\/\\\/www.ignaciosanchezmejias.es\\\/index.php\\\/author\\\/isanchezmejias\\\/\"}]}<\/script>\n<!-- \/ Yoast SEO plugin. -->","yoast_head_json":{"title":"Cortegana. Garrido gana, y por orejada, 5 a 0 - Sitio web de Ignacio S\u00e1nchez-Mej\u00edas Herrero","robots":{"index":"index","follow":"follow","max-snippet":"max-snippet:-1","max-image-preview":"max-image-preview:large","max-video-preview":"max-video-preview:-1"},"canonical":"https:\/\/www.ignaciosanchezmejias.es\/index.php\/2015\/05\/02\/cortegana-garrido-gana-y-por-orejada-5-0\/","og_locale":"es_ES","og_type":"article","og_title":"Cortegana. Garrido gana, y por orejada, 5 a 0 - Sitio web de Ignacio S\u00e1nchez-Mej\u00edas Herrero","og_description":". El mano a mano, forzado o no, entre los reci\u00e9n alternativados, Borja Jim\u00e9nez y Jos\u00e9 Garrido en Cortegana, con toros de distintas ganader\u00edas, levant\u00f3 expectaci\u00f3n. Dec\u00edan que se hab\u00edan acreditado 33 periodistas, y la plaza presentaba una buena entrada, por encima de los tres cuartos. Presencia de ganaderos, como Miura y Murube en los [&hellip;]","og_url":"https:\/\/www.ignaciosanchezmejias.es\/index.php\/2015\/05\/02\/cortegana-garrido-gana-y-por-orejada-5-0\/","og_site_name":"Sitio web de Ignacio S\u00e1nchez-Mej\u00edas Herrero","article_published_time":"2015-05-02T12:06:13+00:00","article_modified_time":"2021-03-10T09:17:05+00:00","og_image":[{"width":865,"height":768,"url":"https:\/\/www.ignaciosanchezmejias.es\/wp-content\/uploads\/2015\/05\/2015-Cortegana.jpg","type":"image\/jpeg"}],"author":"isanchezmejias","twitter_card":"summary_large_image","twitter_misc":{"Escrito por":"isanchezmejias","Tiempo de lectura":"2 minutos"},"schema":{"@context":"https:\/\/schema.org","@graph":[{"@type":"Article","@id":"https:\/\/www.ignaciosanchezmejias.es\/index.php\/2015\/05\/02\/cortegana-garrido-gana-y-por-orejada-5-0\/#article","isPartOf":{"@id":"https:\/\/www.ignaciosanchezmejias.es\/index.php\/2015\/05\/02\/cortegana-garrido-gana-y-por-orejada-5-0\/"},"author":{"name":"isanchezmejias","@id":"https:\/\/www.ignaciosanchezmejias.es\/#\/schema\/person\/494d20bda3404108c02016d5e608fc65"},"headline":"Cortegana. Garrido gana, y por orejada, 5 a 0","datePublished":"2015-05-02T12:06:13+00:00","dateModified":"2021-03-10T09:17:05+00:00","mainEntityOfPage":{"@id":"https:\/\/www.ignaciosanchezmejias.es\/index.php\/2015\/05\/02\/cortegana-garrido-gana-y-por-orejada-5-0\/"},"wordCount":389,"commentCount":0,"publisher":{"@id":"https:\/\/www.ignaciosanchezmejias.es\/#\/schema\/person\/494d20bda3404108c02016d5e608fc65"},"image":{"@id":"https:\/\/www.ignaciosanchezmejias.es\/index.php\/2015\/05\/02\/cortegana-garrido-gana-y-por-orejada-5-0\/#primaryimage"},"thumbnailUrl":"https:\/\/www.ignaciosanchezmejias.es\/wp-content\/uploads\/2015\/05\/2015-Cortegana.jpg","keywords":["Jos\u00e9 Garrido","Jos\u00e9 Luis Pereda La Dehesilla","Marca","Miura","Murube","Victorino Mart\u00edn"],"articleSection":["General"],"inLanguage":"es","potentialAction":[{"@type":"CommentAction","name":"Comment","target":["https:\/\/www.ignaciosanchezmejias.es\/index.php\/2015\/05\/02\/cortegana-garrido-gana-y-por-orejada-5-0\/#respond"]}]},{"@type":"WebPage","@id":"https:\/\/www.ignaciosanchezmejias.es\/index.php\/2015\/05\/02\/cortegana-garrido-gana-y-por-orejada-5-0\/","url":"https:\/\/www.ignaciosanchezmejias.es\/index.php\/2015\/05\/02\/cortegana-garrido-gana-y-por-orejada-5-0\/","name":"Cortegana. Garrido gana, y por orejada, 5 a 0 - Sitio web de Ignacio S\u00e1nchez-Mej\u00edas Herrero","isPartOf":{"@id":"https:\/\/www.ignaciosanchezmejias.es\/#website"},"primaryImageOfPage":{"@id":"https:\/\/www.ignaciosanchezmejias.es\/index.php\/2015\/05\/02\/cortegana-garrido-gana-y-por-orejada-5-0\/#primaryimage"},"image":{"@id":"https:\/\/www.ignaciosanchezmejias.es\/index.php\/2015\/05\/02\/cortegana-garrido-gana-y-por-orejada-5-0\/#primaryimage"},"thumbnailUrl":"https:\/\/www.ignaciosanchezmejias.es\/wp-content\/uploads\/2015\/05\/2015-Cortegana.jpg","datePublished":"2015-05-02T12:06:13+00:00","dateModified":"2021-03-10T09:17:05+00:00","breadcrumb":{"@id":"https:\/\/www.ignaciosanchezmejias.es\/index.php\/2015\/05\/02\/cortegana-garrido-gana-y-por-orejada-5-0\/#breadcrumb"},"inLanguage":"es","potentialAction":[{"@type":"ReadAction","target":["https:\/\/www.ignaciosanchezmejias.es\/index.php\/2015\/05\/02\/cortegana-garrido-gana-y-por-orejada-5-0\/"]}]},{"@type":"ImageObject","inLanguage":"es","@id":"https:\/\/www.ignaciosanchezmejias.es\/index.php\/2015\/05\/02\/cortegana-garrido-gana-y-por-orejada-5-0\/#primaryimage","url":"https:\/\/www.ignaciosanchezmejias.es\/wp-content\/uploads\/2015\/05\/2015-Cortegana.jpg","contentUrl":"https:\/\/www.ignaciosanchezmejias.es\/wp-content\/uploads\/2015\/05\/2015-Cortegana.jpg","width":865,"height":768,"caption":"Foto. \u00c1lvaro Pastor Torres"},{"@type":"BreadcrumbList","@id":"https:\/\/www.ignaciosanchezmejias.es\/index.php\/2015\/05\/02\/cortegana-garrido-gana-y-por-orejada-5-0\/#breadcrumb","itemListElement":[{"@type":"ListItem","position":1,"name":"Portada","item":"https:\/\/www.ignaciosanchezmejias.es\/"},{"@type":"ListItem","position":2,"name":"Cortegana. Garrido gana, y por orejada, 5 a 0"}]},{"@type":"WebSite","@id":"https:\/\/www.ignaciosanchezmejias.es\/#website","url":"https:\/\/www.ignaciosanchezmejias.es\/","name":"Blog de Ignacio S\u00e1nchez-Mej\u00edas","description":"Sitio personal ISM","publisher":{"@id":"https:\/\/www.ignaciosanchezmejias.es\/#\/schema\/person\/494d20bda3404108c02016d5e608fc65"},"potentialAction":[{"@type":"SearchAction","target":{"@type":"EntryPoint","urlTemplate":"https:\/\/www.ignaciosanchezmejias.es\/?s={search_term_string}"},"query-input":{"@type":"PropertyValueSpecification","valueRequired":true,"valueName":"search_term_string"}}],"inLanguage":"es"},{"@type":["Person","Organization"],"@id":"https:\/\/www.ignaciosanchezmejias.es\/#\/schema\/person\/494d20bda3404108c02016d5e608fc65","name":"isanchezmejias","image":{"@type":"ImageObject","inLanguage":"es","@id":"https:\/\/www.ignaciosanchezmejias.es\/wp-content\/uploads\/2020\/06\/cropped-Yo-antes.jpg","url":"https:\/\/www.ignaciosanchezmejias.es\/wp-content\/uploads\/2020\/06\/cropped-Yo-antes.jpg","contentUrl":"https:\/\/www.ignaciosanchezmejias.es\/wp-content\/uploads\/2020\/06\/cropped-Yo-antes.jpg","width":681,"height":482,"caption":"isanchezmejias"},"logo":{"@id":"https:\/\/www.ignaciosanchezmejias.es\/wp-content\/uploads\/2020\/06\/cropped-Yo-antes.jpg"},"sameAs":["https:\/\/www.ignaciosanchezmejias.es"],"url":"https:\/\/www.ignaciosanchezmejias.es\/index.php\/author\/isanchezmejias\/"}]}},"_links":{"self":[{"href":"https:\/\/www.ignaciosanchezmejias.es\/index.php\/wp-json\/wp\/v2\/posts\/3914","targetHints":{"allow":["GET"]}}],"collection":[{"href":"https:\/\/www.ignaciosanchezmejias.es\/index.php\/wp-json\/wp\/v2\/posts"}],"about":[{"href":"https:\/\/www.ignaciosanchezmejias.es\/index.php\/wp-json\/wp\/v2\/types\/post"}],"author":[{"embeddable":true,"href":"https:\/\/www.ignaciosanchezmejias.es\/index.php\/wp-json\/wp\/v2\/users\/1"}],"replies":[{"embeddable":true,"href":"https:\/\/www.ignaciosanchezmejias.es\/index.php\/wp-json\/wp\/v2\/comments?post=3914"}],"version-history":[{"count":2,"href":"https:\/\/www.ignaciosanchezmejias.es\/index.php\/wp-json\/wp\/v2\/posts\/3914\/revisions"}],"predecessor-version":[{"id":5933,"href":"https:\/\/www.ignaciosanchezmejias.es\/index.php\/wp-json\/wp\/v2\/posts\/3914\/revisions\/5933"}],"wp:featuredmedia":[{"embeddable":true,"href":"https:\/\/www.ignaciosanchezmejias.es\/index.php\/wp-json\/wp\/v2\/media\/5932"}],"wp:attachment":[{"href":"https:\/\/www.ignaciosanchezmejias.es\/index.php\/wp-json\/wp\/v2\/media?parent=3914"}],"wp:term":[{"taxonomy":"category","embeddable":true,"href":"https:\/\/www.ignaciosanchezmejias.es\/index.php\/wp-json\/wp\/v2\/categories?post=3914"},{"taxonomy":"post_tag","embeddable":true,"href":"https:\/\/www.ignaciosanchezmejias.es\/index.php\/wp-json\/wp\/v2\/tags?post=3914"}],"curies":[{"name":"wp","href":"https:\/\/api.w.org\/{rel}","templated":true}]}}