{"id":3797,"date":"2015-01-10T13:33:48","date_gmt":"2015-01-10T12:33:48","guid":{"rendered":"http:\/\/blogs.sevilla.abc.es\/desdeeltendido2\/?p=3797"},"modified":"2021-03-05T10:18:34","modified_gmt":"2021-03-05T10:18:34","slug":"el-abono-2015","status":"publish","type":"post","link":"https:\/\/www.ignaciosanchezmejias.es\/index.php\/2015\/01\/10\/el-abono-2015\/","title":{"rendered":"El abono 2015 (I)"},"content":{"rendered":"\n<p>Este a\u00f1o estamos un poco retrasados en la rumorolog\u00eda sobre la confecci\u00f3n del abono 2015. Por no tener no tenemos ni la informaci\u00f3n de las ganader\u00edas contratadas para la Feria de Abril, que amablemente nos remit\u00eda la Empresa junto con su felicitaci\u00f3n de Navidad y el DVD con el resumen de la temporada anterior, cosa que agradecemos. Lo \u00fanico que est\u00e1 confirmado es la presencia de Eduardo D\u00e1vila Miura el domingo de feria con los toros de la familia y la contrataci\u00f3n de Manzanares para tres festejos, con lo que se garantiza la muerte del G5, de infausto recuerdo.<\/p>\n\n\n\n<p>Desde este sitio abrimos todos los a\u00f1os un concurso de ideas para mejorar el abono, pero como apenas &nbsp;han tomado una o ninguna idea en varios a\u00f1os, nos vamos a ahorrar el trabajo. Creo que de las 50 que venimos dando s\u00f3lo una se puso en pr\u00e1ctica, y fue la diferenciaci\u00f3n en precio de las entradas de abono y taquilla. Creo que este a\u00f1o lo primero que tienen que estar analizando es el n\u00famero de festejos, si mantenerlos o reducirlos. Como ustedes saben, el a\u00f1o pasado, aun con la ausencia del G5, los precios de taquilla se mantuvieron, y se rebaj\u00f3 algo el abono. Si la ausencia de los toreros m\u00e1s caros apenas influy\u00f3 en el coste del abono, no podr\u00e1n este a\u00f1o subirlo con la explicaci\u00f3n de la vuelta de estos. La soluci\u00f3n podr\u00eda ser reducir un festejo y mantener el precio global absoluto, que no los relativos.<\/p>\n\n\n\n<p>De la contrataci\u00f3n del G5, adem\u00e1s del antedicho Manzanares, los mentideros hablan de Morante y de Talavante, esperando el encaje de El Juli. Todos no caben en el Domingo de Resurrecci\u00f3n, cuando adem\u00e1s tambi\u00e9n se comenta que en ese d\u00eda, podr\u00eda ir la alternativa de Lama, con su padrino El Cid y Manzanares, algo que parece poco probable con el desembarco del resto G5. Esperaremos acontecimientos, pero el abonado que se fue estos \u00faltimos a\u00f1os y que se saca sus entradas para los pocos festejos que son de su gusto es dif\u00edcil que vuelva. La plaza no se llena y las entradas sueltas se pueden sacar sin mayores problemas. La empresa tendr\u00e1 que ofrecer alicientes para que vuelva el abonado.<\/p>\n\n\n\n<p><a href=\"https:\/\/twitter.com\/isanchezmejias\" target=\"_blank\" rel=\"noopener\">@isanchezmejias<\/a><\/p>\n","protected":false},"excerpt":{"rendered":"<p>Este a\u00f1o estamos un poco retrasados en la rumorolog\u00eda sobre la confecci\u00f3n del abono 2015. Por no tener no tenemos ni la informaci\u00f3n de las ganader\u00edas contratadas para la Feria de Abril, que amablemente nos remit\u00eda la Empresa junto con su felicitaci\u00f3n de Navidad y el DVD con el resumen de la temporada anterior, cosa [&hellip;]<\/p>\n","protected":false},"author":1,"featured_media":5846,"comment_status":"open","ping_status":"closed","sticky":false,"template":"","format":"standard","meta":{"footnotes":""},"categories":[517],"tags":[274,491],"class_list":["post-3797","post","type-post","status-publish","format-standard","has-post-thumbnail","hentry","category-abono-sevilla-2015","tag-empresa-pages","tag-g5"],"yoast_head":"<!-- This site is optimized with the Yoast SEO plugin v27.5 - https:\/\/yoast.com\/product\/yoast-seo-wordpress\/ -->\n<title>El abono 2015 (I) - Sitio web de Ignacio S\u00e1nchez-Mej\u00edas Herrero<\/title>\n<meta name=\"robots\" content=\"index, follow, max-snippet:-1, max-image-preview:large, max-video-preview:-1\" \/>\n<link rel=\"canonical\" href=\"https:\/\/www.ignaciosanchezmejias.es\/index.php\/2015\/01\/10\/el-abono-2015\/\" \/>\n<meta property=\"og:locale\" content=\"es_ES\" \/>\n<meta property=\"og:type\" content=\"article\" \/>\n<meta property=\"og:title\" content=\"El abono 2015 (I) - Sitio web de Ignacio S\u00e1nchez-Mej\u00edas Herrero\" \/>\n<meta property=\"og:description\" content=\"Este a\u00f1o estamos un poco retrasados en la rumorolog\u00eda sobre la confecci\u00f3n del abono 2015. Por no tener no tenemos ni la informaci\u00f3n de las ganader\u00edas contratadas para la Feria de Abril, que amablemente nos remit\u00eda la Empresa junto con su felicitaci\u00f3n de Navidad y el DVD con el resumen de la temporada anterior, cosa [&hellip;]\" \/>\n<meta property=\"og:url\" content=\"https:\/\/www.ignaciosanchezmejias.es\/index.php\/2015\/01\/10\/el-abono-2015\/\" \/>\n<meta property=\"og:site_name\" content=\"Sitio web de Ignacio S\u00e1nchez-Mej\u00edas Herrero\" \/>\n<meta property=\"article:published_time\" content=\"2015-01-10T12:33:48+00:00\" \/>\n<meta property=\"article:modified_time\" content=\"2021-03-05T10:18:34+00:00\" \/>\n<meta property=\"og:image\" content=\"https:\/\/www.ignaciosanchezmejias.es\/wp-content\/uploads\/2015\/01\/2015.jpg\" \/>\n\t<meta property=\"og:image:width\" content=\"400\" \/>\n\t<meta property=\"og:image:height\" content=\"300\" \/>\n\t<meta property=\"og:image:type\" content=\"image\/jpeg\" \/>\n<meta name=\"author\" content=\"isanchezmejias\" \/>\n<meta name=\"twitter:card\" content=\"summary_large_image\" \/>\n<meta name=\"twitter:label1\" content=\"Escrito por\" \/>\n\t<meta name=\"twitter:data1\" content=\"isanchezmejias\" \/>\n\t<meta name=\"twitter:label2\" content=\"Tiempo de lectura\" \/>\n\t<meta name=\"twitter:data2\" content=\"2 minutos\" \/>\n<script type=\"application\/ld+json\" class=\"yoast-schema-graph\">{\"@context\":\"https:\\\/\\\/schema.org\",\"@graph\":[{\"@type\":\"Article\",\"@id\":\"https:\\\/\\\/www.ignaciosanchezmejias.es\\\/index.php\\\/2015\\\/01\\\/10\\\/el-abono-2015\\\/#article\",\"isPartOf\":{\"@id\":\"https:\\\/\\\/www.ignaciosanchezmejias.es\\\/index.php\\\/2015\\\/01\\\/10\\\/el-abono-2015\\\/\"},\"author\":{\"name\":\"isanchezmejias\",\"@id\":\"https:\\\/\\\/www.ignaciosanchezmejias.es\\\/#\\\/schema\\\/person\\\/494d20bda3404108c02016d5e608fc65\"},\"headline\":\"El abono 2015 (I)\",\"datePublished\":\"2015-01-10T12:33:48+00:00\",\"dateModified\":\"2021-03-05T10:18:34+00:00\",\"mainEntityOfPage\":{\"@id\":\"https:\\\/\\\/www.ignaciosanchezmejias.es\\\/index.php\\\/2015\\\/01\\\/10\\\/el-abono-2015\\\/\"},\"wordCount\":403,\"commentCount\":3,\"publisher\":{\"@id\":\"https:\\\/\\\/www.ignaciosanchezmejias.es\\\/#\\\/schema\\\/person\\\/494d20bda3404108c02016d5e608fc65\"},\"image\":{\"@id\":\"https:\\\/\\\/www.ignaciosanchezmejias.es\\\/index.php\\\/2015\\\/01\\\/10\\\/el-abono-2015\\\/#primaryimage\"},\"thumbnailUrl\":\"https:\\\/\\\/www.ignaciosanchezmejias.es\\\/wp-content\\\/uploads\\\/2015\\\/01\\\/2015.jpg\",\"keywords\":[\"Empresa Pag\u00e9s\",\"G5\"],\"articleSection\":[\"Abono Sevilla 2015\"],\"inLanguage\":\"es\",\"potentialAction\":[{\"@type\":\"CommentAction\",\"name\":\"Comment\",\"target\":[\"https:\\\/\\\/www.ignaciosanchezmejias.es\\\/index.php\\\/2015\\\/01\\\/10\\\/el-abono-2015\\\/#respond\"]}]},{\"@type\":\"WebPage\",\"@id\":\"https:\\\/\\\/www.ignaciosanchezmejias.es\\\/index.php\\\/2015\\\/01\\\/10\\\/el-abono-2015\\\/\",\"url\":\"https:\\\/\\\/www.ignaciosanchezmejias.es\\\/index.php\\\/2015\\\/01\\\/10\\\/el-abono-2015\\\/\",\"name\":\"El abono 2015 (I) - Sitio web de Ignacio S\u00e1nchez-Mej\u00edas Herrero\",\"isPartOf\":{\"@id\":\"https:\\\/\\\/www.ignaciosanchezmejias.es\\\/#website\"},\"primaryImageOfPage\":{\"@id\":\"https:\\\/\\\/www.ignaciosanchezmejias.es\\\/index.php\\\/2015\\\/01\\\/10\\\/el-abono-2015\\\/#primaryimage\"},\"image\":{\"@id\":\"https:\\\/\\\/www.ignaciosanchezmejias.es\\\/index.php\\\/2015\\\/01\\\/10\\\/el-abono-2015\\\/#primaryimage\"},\"thumbnailUrl\":\"https:\\\/\\\/www.ignaciosanchezmejias.es\\\/wp-content\\\/uploads\\\/2015\\\/01\\\/2015.jpg\",\"datePublished\":\"2015-01-10T12:33:48+00:00\",\"dateModified\":\"2021-03-05T10:18:34+00:00\",\"breadcrumb\":{\"@id\":\"https:\\\/\\\/www.ignaciosanchezmejias.es\\\/index.php\\\/2015\\\/01\\\/10\\\/el-abono-2015\\\/#breadcrumb\"},\"inLanguage\":\"es\",\"potentialAction\":[{\"@type\":\"ReadAction\",\"target\":[\"https:\\\/\\\/www.ignaciosanchezmejias.es\\\/index.php\\\/2015\\\/01\\\/10\\\/el-abono-2015\\\/\"]}]},{\"@type\":\"ImageObject\",\"inLanguage\":\"es\",\"@id\":\"https:\\\/\\\/www.ignaciosanchezmejias.es\\\/index.php\\\/2015\\\/01\\\/10\\\/el-abono-2015\\\/#primaryimage\",\"url\":\"https:\\\/\\\/www.ignaciosanchezmejias.es\\\/wp-content\\\/uploads\\\/2015\\\/01\\\/2015.jpg\",\"contentUrl\":\"https:\\\/\\\/www.ignaciosanchezmejias.es\\\/wp-content\\\/uploads\\\/2015\\\/01\\\/2015.jpg\",\"width\":400,\"height\":300},{\"@type\":\"BreadcrumbList\",\"@id\":\"https:\\\/\\\/www.ignaciosanchezmejias.es\\\/index.php\\\/2015\\\/01\\\/10\\\/el-abono-2015\\\/#breadcrumb\",\"itemListElement\":[{\"@type\":\"ListItem\",\"position\":1,\"name\":\"Portada\",\"item\":\"https:\\\/\\\/www.ignaciosanchezmejias.es\\\/\"},{\"@type\":\"ListItem\",\"position\":2,\"name\":\"El abono 2015 (I)\"}]},{\"@type\":\"WebSite\",\"@id\":\"https:\\\/\\\/www.ignaciosanchezmejias.es\\\/#website\",\"url\":\"https:\\\/\\\/www.ignaciosanchezmejias.es\\\/\",\"name\":\"Blog de Ignacio S\u00e1nchez-Mej\u00edas\",\"description\":\"Sitio personal ISM\",\"publisher\":{\"@id\":\"https:\\\/\\\/www.ignaciosanchezmejias.es\\\/#\\\/schema\\\/person\\\/494d20bda3404108c02016d5e608fc65\"},\"potentialAction\":[{\"@type\":\"SearchAction\",\"target\":{\"@type\":\"EntryPoint\",\"urlTemplate\":\"https:\\\/\\\/www.ignaciosanchezmejias.es\\\/?s={search_term_string}\"},\"query-input\":{\"@type\":\"PropertyValueSpecification\",\"valueRequired\":true,\"valueName\":\"search_term_string\"}}],\"inLanguage\":\"es\"},{\"@type\":[\"Person\",\"Organization\"],\"@id\":\"https:\\\/\\\/www.ignaciosanchezmejias.es\\\/#\\\/schema\\\/person\\\/494d20bda3404108c02016d5e608fc65\",\"name\":\"isanchezmejias\",\"image\":{\"@type\":\"ImageObject\",\"inLanguage\":\"es\",\"@id\":\"https:\\\/\\\/www.ignaciosanchezmejias.es\\\/wp-content\\\/uploads\\\/2020\\\/06\\\/cropped-Yo-antes.jpg\",\"url\":\"https:\\\/\\\/www.ignaciosanchezmejias.es\\\/wp-content\\\/uploads\\\/2020\\\/06\\\/cropped-Yo-antes.jpg\",\"contentUrl\":\"https:\\\/\\\/www.ignaciosanchezmejias.es\\\/wp-content\\\/uploads\\\/2020\\\/06\\\/cropped-Yo-antes.jpg\",\"width\":681,\"height\":482,\"caption\":\"isanchezmejias\"},\"logo\":{\"@id\":\"https:\\\/\\\/www.ignaciosanchezmejias.es\\\/wp-content\\\/uploads\\\/2020\\\/06\\\/cropped-Yo-antes.jpg\"},\"sameAs\":[\"https:\\\/\\\/www.ignaciosanchezmejias.es\"],\"url\":\"https:\\\/\\\/www.ignaciosanchezmejias.es\\\/index.php\\\/author\\\/isanchezmejias\\\/\"}]}<\/script>\n<!-- \/ Yoast SEO plugin. -->","yoast_head_json":{"title":"El abono 2015 (I) - Sitio web de Ignacio S\u00e1nchez-Mej\u00edas Herrero","robots":{"index":"index","follow":"follow","max-snippet":"max-snippet:-1","max-image-preview":"max-image-preview:large","max-video-preview":"max-video-preview:-1"},"canonical":"https:\/\/www.ignaciosanchezmejias.es\/index.php\/2015\/01\/10\/el-abono-2015\/","og_locale":"es_ES","og_type":"article","og_title":"El abono 2015 (I) - Sitio web de Ignacio S\u00e1nchez-Mej\u00edas Herrero","og_description":"Este a\u00f1o estamos un poco retrasados en la rumorolog\u00eda sobre la confecci\u00f3n del abono 2015. Por no tener no tenemos ni la informaci\u00f3n de las ganader\u00edas contratadas para la Feria de Abril, que amablemente nos remit\u00eda la Empresa junto con su felicitaci\u00f3n de Navidad y el DVD con el resumen de la temporada anterior, cosa [&hellip;]","og_url":"https:\/\/www.ignaciosanchezmejias.es\/index.php\/2015\/01\/10\/el-abono-2015\/","og_site_name":"Sitio web de Ignacio S\u00e1nchez-Mej\u00edas Herrero","article_published_time":"2015-01-10T12:33:48+00:00","article_modified_time":"2021-03-05T10:18:34+00:00","og_image":[{"width":400,"height":300,"url":"https:\/\/www.ignaciosanchezmejias.es\/wp-content\/uploads\/2015\/01\/2015.jpg","type":"image\/jpeg"}],"author":"isanchezmejias","twitter_card":"summary_large_image","twitter_misc":{"Escrito por":"isanchezmejias","Tiempo de lectura":"2 minutos"},"schema":{"@context":"https:\/\/schema.org","@graph":[{"@type":"Article","@id":"https:\/\/www.ignaciosanchezmejias.es\/index.php\/2015\/01\/10\/el-abono-2015\/#article","isPartOf":{"@id":"https:\/\/www.ignaciosanchezmejias.es\/index.php\/2015\/01\/10\/el-abono-2015\/"},"author":{"name":"isanchezmejias","@id":"https:\/\/www.ignaciosanchezmejias.es\/#\/schema\/person\/494d20bda3404108c02016d5e608fc65"},"headline":"El abono 2015 (I)","datePublished":"2015-01-10T12:33:48+00:00","dateModified":"2021-03-05T10:18:34+00:00","mainEntityOfPage":{"@id":"https:\/\/www.ignaciosanchezmejias.es\/index.php\/2015\/01\/10\/el-abono-2015\/"},"wordCount":403,"commentCount":3,"publisher":{"@id":"https:\/\/www.ignaciosanchezmejias.es\/#\/schema\/person\/494d20bda3404108c02016d5e608fc65"},"image":{"@id":"https:\/\/www.ignaciosanchezmejias.es\/index.php\/2015\/01\/10\/el-abono-2015\/#primaryimage"},"thumbnailUrl":"https:\/\/www.ignaciosanchezmejias.es\/wp-content\/uploads\/2015\/01\/2015.jpg","keywords":["Empresa Pag\u00e9s","G5"],"articleSection":["Abono Sevilla 2015"],"inLanguage":"es","potentialAction":[{"@type":"CommentAction","name":"Comment","target":["https:\/\/www.ignaciosanchezmejias.es\/index.php\/2015\/01\/10\/el-abono-2015\/#respond"]}]},{"@type":"WebPage","@id":"https:\/\/www.ignaciosanchezmejias.es\/index.php\/2015\/01\/10\/el-abono-2015\/","url":"https:\/\/www.ignaciosanchezmejias.es\/index.php\/2015\/01\/10\/el-abono-2015\/","name":"El abono 2015 (I) - Sitio web de Ignacio S\u00e1nchez-Mej\u00edas Herrero","isPartOf":{"@id":"https:\/\/www.ignaciosanchezmejias.es\/#website"},"primaryImageOfPage":{"@id":"https:\/\/www.ignaciosanchezmejias.es\/index.php\/2015\/01\/10\/el-abono-2015\/#primaryimage"},"image":{"@id":"https:\/\/www.ignaciosanchezmejias.es\/index.php\/2015\/01\/10\/el-abono-2015\/#primaryimage"},"thumbnailUrl":"https:\/\/www.ignaciosanchezmejias.es\/wp-content\/uploads\/2015\/01\/2015.jpg","datePublished":"2015-01-10T12:33:48+00:00","dateModified":"2021-03-05T10:18:34+00:00","breadcrumb":{"@id":"https:\/\/www.ignaciosanchezmejias.es\/index.php\/2015\/01\/10\/el-abono-2015\/#breadcrumb"},"inLanguage":"es","potentialAction":[{"@type":"ReadAction","target":["https:\/\/www.ignaciosanchezmejias.es\/index.php\/2015\/01\/10\/el-abono-2015\/"]}]},{"@type":"ImageObject","inLanguage":"es","@id":"https:\/\/www.ignaciosanchezmejias.es\/index.php\/2015\/01\/10\/el-abono-2015\/#primaryimage","url":"https:\/\/www.ignaciosanchezmejias.es\/wp-content\/uploads\/2015\/01\/2015.jpg","contentUrl":"https:\/\/www.ignaciosanchezmejias.es\/wp-content\/uploads\/2015\/01\/2015.jpg","width":400,"height":300},{"@type":"BreadcrumbList","@id":"https:\/\/www.ignaciosanchezmejias.es\/index.php\/2015\/01\/10\/el-abono-2015\/#breadcrumb","itemListElement":[{"@type":"ListItem","position":1,"name":"Portada","item":"https:\/\/www.ignaciosanchezmejias.es\/"},{"@type":"ListItem","position":2,"name":"El abono 2015 (I)"}]},{"@type":"WebSite","@id":"https:\/\/www.ignaciosanchezmejias.es\/#website","url":"https:\/\/www.ignaciosanchezmejias.es\/","name":"Blog de Ignacio S\u00e1nchez-Mej\u00edas","description":"Sitio personal ISM","publisher":{"@id":"https:\/\/www.ignaciosanchezmejias.es\/#\/schema\/person\/494d20bda3404108c02016d5e608fc65"},"potentialAction":[{"@type":"SearchAction","target":{"@type":"EntryPoint","urlTemplate":"https:\/\/www.ignaciosanchezmejias.es\/?s={search_term_string}"},"query-input":{"@type":"PropertyValueSpecification","valueRequired":true,"valueName":"search_term_string"}}],"inLanguage":"es"},{"@type":["Person","Organization"],"@id":"https:\/\/www.ignaciosanchezmejias.es\/#\/schema\/person\/494d20bda3404108c02016d5e608fc65","name":"isanchezmejias","image":{"@type":"ImageObject","inLanguage":"es","@id":"https:\/\/www.ignaciosanchezmejias.es\/wp-content\/uploads\/2020\/06\/cropped-Yo-antes.jpg","url":"https:\/\/www.ignaciosanchezmejias.es\/wp-content\/uploads\/2020\/06\/cropped-Yo-antes.jpg","contentUrl":"https:\/\/www.ignaciosanchezmejias.es\/wp-content\/uploads\/2020\/06\/cropped-Yo-antes.jpg","width":681,"height":482,"caption":"isanchezmejias"},"logo":{"@id":"https:\/\/www.ignaciosanchezmejias.es\/wp-content\/uploads\/2020\/06\/cropped-Yo-antes.jpg"},"sameAs":["https:\/\/www.ignaciosanchezmejias.es"],"url":"https:\/\/www.ignaciosanchezmejias.es\/index.php\/author\/isanchezmejias\/"}]}},"_links":{"self":[{"href":"https:\/\/www.ignaciosanchezmejias.es\/index.php\/wp-json\/wp\/v2\/posts\/3797","targetHints":{"allow":["GET"]}}],"collection":[{"href":"https:\/\/www.ignaciosanchezmejias.es\/index.php\/wp-json\/wp\/v2\/posts"}],"about":[{"href":"https:\/\/www.ignaciosanchezmejias.es\/index.php\/wp-json\/wp\/v2\/types\/post"}],"author":[{"embeddable":true,"href":"https:\/\/www.ignaciosanchezmejias.es\/index.php\/wp-json\/wp\/v2\/users\/1"}],"replies":[{"embeddable":true,"href":"https:\/\/www.ignaciosanchezmejias.es\/index.php\/wp-json\/wp\/v2\/comments?post=3797"}],"version-history":[{"count":2,"href":"https:\/\/www.ignaciosanchezmejias.es\/index.php\/wp-json\/wp\/v2\/posts\/3797\/revisions"}],"predecessor-version":[{"id":5847,"href":"https:\/\/www.ignaciosanchezmejias.es\/index.php\/wp-json\/wp\/v2\/posts\/3797\/revisions\/5847"}],"wp:featuredmedia":[{"embeddable":true,"href":"https:\/\/www.ignaciosanchezmejias.es\/index.php\/wp-json\/wp\/v2\/media\/5846"}],"wp:attachment":[{"href":"https:\/\/www.ignaciosanchezmejias.es\/index.php\/wp-json\/wp\/v2\/media?parent=3797"}],"wp:term":[{"taxonomy":"category","embeddable":true,"href":"https:\/\/www.ignaciosanchezmejias.es\/index.php\/wp-json\/wp\/v2\/categories?post=3797"},{"taxonomy":"post_tag","embeddable":true,"href":"https:\/\/www.ignaciosanchezmejias.es\/index.php\/wp-json\/wp\/v2\/tags?post=3797"}],"curies":[{"name":"wp","href":"https:\/\/api.w.org\/{rel}","templated":true}]}}