{"id":3696,"date":"2014-07-18T17:24:16","date_gmt":"2014-07-18T16:24:16","guid":{"rendered":"http:\/\/blogs.sevilla.abc.es\/desdeeltendido2\/?p=3696"},"modified":"2021-03-04T08:58:44","modified_gmt":"2021-03-04T08:58:44","slug":"pablo-aguado-destaca-entre-tanto-aviso","status":"publish","type":"post","link":"https:\/\/www.ignaciosanchezmejias.es\/index.php\/2014\/07\/18\/pablo-aguado-destaca-entre-tanto-aviso\/","title":{"rendered":"Pablo Aguado destaca entre tanto aviso"},"content":{"rendered":"\n<p class=\"has-text-align-right\"><\/p>\n\n\n\n<p>Una novillada sin caballos, de promoci\u00f3n que llaman ahora, siempre fue un festejo \u00e1gil y variado. No hace muchos a\u00f1os, cuando era de seis aspirantes ve\u00edamos festejos m\u00e1s divertidos por la variedad de los mismos. Anoche, soportando el calor t\u00edpico de estas fechas, tuvimos tambi\u00e9n que soportar un festejo largo y, por momentos, engorroso y embarullado. Hasta siete avisos escuchamos en los cinco primeros novillos, salv\u00e1ndose el sexto al caer cuando ya le hab\u00edan dado al presidente el recado para avisar. Entiendo que los novilleros quieran exprimir hasta el \u00faltimo pase su oportunidad, pero no estamos en un tentadero, y las faenas tienen su medida. Si alargas las mismas y encima matas mal, el resultado es el indicado, que una sin caballos dure lo mismo que con ellos y salgamos de la plaza bien pasadas las doce de la madrugada.<\/p>\n\n\n\n<p>Pablo Aguado es de una familia conocida en Sevilla y llev\u00f3 a la plaza a un buen nutrido grupo de partidarios, que lo animaron como si fuera un deportista. Pero Aguado es torero y de los buenos. Centrado en sus dos oponentes, variado y valeroso, redonde\u00f3 en su segundo una gran faena, toreando profundo y largo. Como esta vez no fall\u00f3 a espadas, pase\u00f3 dos orejas que le abren las puertas del d\u00eda 31. Este novillero ha encandilado al mundillo taurino sevillano y tiene cualidades para llegar.<\/p>\n\n\n\n<p>Cristi\u00e1n P\u00e9rez no parece que tenga estas cualidades y Alejandro Gardel, algo m\u00e1s entonado, tampoco aport\u00f3 mucho. La novillada de Manuel y Antonio Tornay, muy justita de presentaci\u00f3n y fuerza, de juego variado, varios de ellos bruscos, no ayud\u00f3 mucho.<\/p>\n\n\n\n<p>Al finalizar el festejo tuvimos ocasi\u00f3n, como otros muchos, de presentar nuestros respetos al diestro David Mora, que presenci\u00f3 la actuaci\u00f3n de su sobrino Gardel desde el tendido 2, y tambi\u00e9n de felicitar a D. Eduardo Miura por el comportamiento de \u00abOlivito\u00bb en las calles y en la plaza de Pamplona.<\/p>\n\n\n\n<p><a href=\"https:\/\/twitter.com\/isanchezmejias\" target=\"_blank\" rel=\"noopener\">@isanchezmejias<\/a><\/p>\n","protected":false},"excerpt":{"rendered":"<p>Una novillada sin caballos, de promoci\u00f3n que llaman ahora, siempre fue un festejo \u00e1gil y variado. No hace muchos a\u00f1os, cuando era de seis aspirantes ve\u00edamos festejos m\u00e1s divertidos por la variedad de los mismos. Anoche, soportando el calor t\u00edpico de estas fechas, tuvimos tambi\u00e9n que soportar un festejo largo y, por momentos, engorroso y [&hellip;]<\/p>\n","protected":false},"author":1,"featured_media":5793,"comment_status":"open","ping_status":"closed","sticky":false,"template":"","format":"standard","meta":{"footnotes":""},"categories":[487],"tags":[391,392,393,47],"class_list":["post-3696","post","type-post","status-publish","format-standard","has-post-thumbnail","hentry","category-abono-sevilla-2014","tag-alejandro-gardel","tag-critian-perez","tag-manuel-y-antonio-tornay","tag-pablo-aguado"],"yoast_head":"<!-- This site is optimized with the Yoast SEO plugin v27.4 - https:\/\/yoast.com\/product\/yoast-seo-wordpress\/ -->\n<title>Pablo Aguado destaca entre tanto aviso - Sitio web de Ignacio S\u00e1nchez-Mej\u00edas Herrero<\/title>\n<meta name=\"robots\" content=\"index, follow, max-snippet:-1, max-image-preview:large, max-video-preview:-1\" \/>\n<link rel=\"canonical\" href=\"https:\/\/www.ignaciosanchezmejias.es\/index.php\/2014\/07\/18\/pablo-aguado-destaca-entre-tanto-aviso\/\" \/>\n<meta property=\"og:locale\" content=\"es_ES\" \/>\n<meta property=\"og:type\" content=\"article\" \/>\n<meta property=\"og:title\" content=\"Pablo Aguado destaca entre tanto aviso - Sitio web de Ignacio S\u00e1nchez-Mej\u00edas Herrero\" \/>\n<meta property=\"og:description\" content=\"Una novillada sin caballos, de promoci\u00f3n que llaman ahora, siempre fue un festejo \u00e1gil y variado. No hace muchos a\u00f1os, cuando era de seis aspirantes ve\u00edamos festejos m\u00e1s divertidos por la variedad de los mismos. Anoche, soportando el calor t\u00edpico de estas fechas, tuvimos tambi\u00e9n que soportar un festejo largo y, por momentos, engorroso y [&hellip;]\" \/>\n<meta property=\"og:url\" content=\"https:\/\/www.ignaciosanchezmejias.es\/index.php\/2014\/07\/18\/pablo-aguado-destaca-entre-tanto-aviso\/\" \/>\n<meta property=\"og:site_name\" content=\"Sitio web de Ignacio S\u00e1nchez-Mej\u00edas Herrero\" \/>\n<meta property=\"article:published_time\" content=\"2014-07-18T16:24:16+00:00\" \/>\n<meta property=\"article:modified_time\" content=\"2021-03-04T08:58:44+00:00\" \/>\n<meta property=\"og:image\" content=\"https:\/\/www.ignaciosanchezmejias.es\/wp-content\/uploads\/2014\/07\/2014-Pablo-Aguado-Arjona-aplausos.es_.jpg\" \/>\n\t<meta property=\"og:image:width\" content=\"258\" \/>\n\t<meta property=\"og:image:height\" content=\"367\" \/>\n\t<meta property=\"og:image:type\" content=\"image\/jpeg\" \/>\n<meta name=\"author\" content=\"isanchezmejias\" \/>\n<meta name=\"twitter:card\" content=\"summary_large_image\" \/>\n<meta name=\"twitter:label1\" content=\"Escrito por\" \/>\n\t<meta name=\"twitter:data1\" content=\"isanchezmejias\" \/>\n\t<meta name=\"twitter:label2\" content=\"Tiempo de lectura\" \/>\n\t<meta name=\"twitter:data2\" content=\"2 minutos\" \/>\n<script type=\"application\/ld+json\" class=\"yoast-schema-graph\">{\"@context\":\"https:\\\/\\\/schema.org\",\"@graph\":[{\"@type\":\"Article\",\"@id\":\"https:\\\/\\\/www.ignaciosanchezmejias.es\\\/index.php\\\/2014\\\/07\\\/18\\\/pablo-aguado-destaca-entre-tanto-aviso\\\/#article\",\"isPartOf\":{\"@id\":\"https:\\\/\\\/www.ignaciosanchezmejias.es\\\/index.php\\\/2014\\\/07\\\/18\\\/pablo-aguado-destaca-entre-tanto-aviso\\\/\"},\"author\":{\"name\":\"isanchezmejias\",\"@id\":\"https:\\\/\\\/www.ignaciosanchezmejias.es\\\/#\\\/schema\\\/person\\\/494d20bda3404108c02016d5e608fc65\"},\"headline\":\"Pablo Aguado destaca entre tanto aviso\",\"datePublished\":\"2014-07-18T16:24:16+00:00\",\"dateModified\":\"2021-03-04T08:58:44+00:00\",\"mainEntityOfPage\":{\"@id\":\"https:\\\/\\\/www.ignaciosanchezmejias.es\\\/index.php\\\/2014\\\/07\\\/18\\\/pablo-aguado-destaca-entre-tanto-aviso\\\/\"},\"wordCount\":339,\"commentCount\":0,\"publisher\":{\"@id\":\"https:\\\/\\\/www.ignaciosanchezmejias.es\\\/#\\\/schema\\\/person\\\/494d20bda3404108c02016d5e608fc65\"},\"image\":{\"@id\":\"https:\\\/\\\/www.ignaciosanchezmejias.es\\\/index.php\\\/2014\\\/07\\\/18\\\/pablo-aguado-destaca-entre-tanto-aviso\\\/#primaryimage\"},\"thumbnailUrl\":\"https:\\\/\\\/www.ignaciosanchezmejias.es\\\/wp-content\\\/uploads\\\/2014\\\/07\\\/2014-Pablo-Aguado-Arjona-aplausos.es_.jpg\",\"keywords\":[\"Alejandro Gardel\",\"Criti\u00e1n P\u00e9rez\",\"Manuel y Antonio Tornay\",\"Pablo Aguado\"],\"articleSection\":[\"Abono Sevilla 2014\"],\"inLanguage\":\"es\",\"potentialAction\":[{\"@type\":\"CommentAction\",\"name\":\"Comment\",\"target\":[\"https:\\\/\\\/www.ignaciosanchezmejias.es\\\/index.php\\\/2014\\\/07\\\/18\\\/pablo-aguado-destaca-entre-tanto-aviso\\\/#respond\"]}]},{\"@type\":\"WebPage\",\"@id\":\"https:\\\/\\\/www.ignaciosanchezmejias.es\\\/index.php\\\/2014\\\/07\\\/18\\\/pablo-aguado-destaca-entre-tanto-aviso\\\/\",\"url\":\"https:\\\/\\\/www.ignaciosanchezmejias.es\\\/index.php\\\/2014\\\/07\\\/18\\\/pablo-aguado-destaca-entre-tanto-aviso\\\/\",\"name\":\"Pablo Aguado destaca entre tanto aviso - Sitio web de Ignacio S\u00e1nchez-Mej\u00edas Herrero\",\"isPartOf\":{\"@id\":\"https:\\\/\\\/www.ignaciosanchezmejias.es\\\/#website\"},\"primaryImageOfPage\":{\"@id\":\"https:\\\/\\\/www.ignaciosanchezmejias.es\\\/index.php\\\/2014\\\/07\\\/18\\\/pablo-aguado-destaca-entre-tanto-aviso\\\/#primaryimage\"},\"image\":{\"@id\":\"https:\\\/\\\/www.ignaciosanchezmejias.es\\\/index.php\\\/2014\\\/07\\\/18\\\/pablo-aguado-destaca-entre-tanto-aviso\\\/#primaryimage\"},\"thumbnailUrl\":\"https:\\\/\\\/www.ignaciosanchezmejias.es\\\/wp-content\\\/uploads\\\/2014\\\/07\\\/2014-Pablo-Aguado-Arjona-aplausos.es_.jpg\",\"datePublished\":\"2014-07-18T16:24:16+00:00\",\"dateModified\":\"2021-03-04T08:58:44+00:00\",\"breadcrumb\":{\"@id\":\"https:\\\/\\\/www.ignaciosanchezmejias.es\\\/index.php\\\/2014\\\/07\\\/18\\\/pablo-aguado-destaca-entre-tanto-aviso\\\/#breadcrumb\"},\"inLanguage\":\"es\",\"potentialAction\":[{\"@type\":\"ReadAction\",\"target\":[\"https:\\\/\\\/www.ignaciosanchezmejias.es\\\/index.php\\\/2014\\\/07\\\/18\\\/pablo-aguado-destaca-entre-tanto-aviso\\\/\"]}]},{\"@type\":\"ImageObject\",\"inLanguage\":\"es\",\"@id\":\"https:\\\/\\\/www.ignaciosanchezmejias.es\\\/index.php\\\/2014\\\/07\\\/18\\\/pablo-aguado-destaca-entre-tanto-aviso\\\/#primaryimage\",\"url\":\"https:\\\/\\\/www.ignaciosanchezmejias.es\\\/wp-content\\\/uploads\\\/2014\\\/07\\\/2014-Pablo-Aguado-Arjona-aplausos.es_.jpg\",\"contentUrl\":\"https:\\\/\\\/www.ignaciosanchezmejias.es\\\/wp-content\\\/uploads\\\/2014\\\/07\\\/2014-Pablo-Aguado-Arjona-aplausos.es_.jpg\",\"width\":258,\"height\":367,\"caption\":\"Foto: Arjona para aplausos.es\"},{\"@type\":\"BreadcrumbList\",\"@id\":\"https:\\\/\\\/www.ignaciosanchezmejias.es\\\/index.php\\\/2014\\\/07\\\/18\\\/pablo-aguado-destaca-entre-tanto-aviso\\\/#breadcrumb\",\"itemListElement\":[{\"@type\":\"ListItem\",\"position\":1,\"name\":\"Portada\",\"item\":\"https:\\\/\\\/www.ignaciosanchezmejias.es\\\/\"},{\"@type\":\"ListItem\",\"position\":2,\"name\":\"Pablo Aguado destaca entre tanto aviso\"}]},{\"@type\":\"WebSite\",\"@id\":\"https:\\\/\\\/www.ignaciosanchezmejias.es\\\/#website\",\"url\":\"https:\\\/\\\/www.ignaciosanchezmejias.es\\\/\",\"name\":\"Blog de Ignacio S\u00e1nchez-Mej\u00edas\",\"description\":\"Sitio personal ISM\",\"publisher\":{\"@id\":\"https:\\\/\\\/www.ignaciosanchezmejias.es\\\/#\\\/schema\\\/person\\\/494d20bda3404108c02016d5e608fc65\"},\"potentialAction\":[{\"@type\":\"SearchAction\",\"target\":{\"@type\":\"EntryPoint\",\"urlTemplate\":\"https:\\\/\\\/www.ignaciosanchezmejias.es\\\/?s={search_term_string}\"},\"query-input\":{\"@type\":\"PropertyValueSpecification\",\"valueRequired\":true,\"valueName\":\"search_term_string\"}}],\"inLanguage\":\"es\"},{\"@type\":[\"Person\",\"Organization\"],\"@id\":\"https:\\\/\\\/www.ignaciosanchezmejias.es\\\/#\\\/schema\\\/person\\\/494d20bda3404108c02016d5e608fc65\",\"name\":\"isanchezmejias\",\"image\":{\"@type\":\"ImageObject\",\"inLanguage\":\"es\",\"@id\":\"https:\\\/\\\/www.ignaciosanchezmejias.es\\\/wp-content\\\/uploads\\\/2020\\\/06\\\/cropped-Yo-antes.jpg\",\"url\":\"https:\\\/\\\/www.ignaciosanchezmejias.es\\\/wp-content\\\/uploads\\\/2020\\\/06\\\/cropped-Yo-antes.jpg\",\"contentUrl\":\"https:\\\/\\\/www.ignaciosanchezmejias.es\\\/wp-content\\\/uploads\\\/2020\\\/06\\\/cropped-Yo-antes.jpg\",\"width\":681,\"height\":482,\"caption\":\"isanchezmejias\"},\"logo\":{\"@id\":\"https:\\\/\\\/www.ignaciosanchezmejias.es\\\/wp-content\\\/uploads\\\/2020\\\/06\\\/cropped-Yo-antes.jpg\"},\"sameAs\":[\"https:\\\/\\\/www.ignaciosanchezmejias.es\"],\"url\":\"https:\\\/\\\/www.ignaciosanchezmejias.es\\\/index.php\\\/author\\\/isanchezmejias\\\/\"}]}<\/script>\n<!-- \/ Yoast SEO plugin. -->","yoast_head_json":{"title":"Pablo Aguado destaca entre tanto aviso - Sitio web de Ignacio S\u00e1nchez-Mej\u00edas Herrero","robots":{"index":"index","follow":"follow","max-snippet":"max-snippet:-1","max-image-preview":"max-image-preview:large","max-video-preview":"max-video-preview:-1"},"canonical":"https:\/\/www.ignaciosanchezmejias.es\/index.php\/2014\/07\/18\/pablo-aguado-destaca-entre-tanto-aviso\/","og_locale":"es_ES","og_type":"article","og_title":"Pablo Aguado destaca entre tanto aviso - Sitio web de Ignacio S\u00e1nchez-Mej\u00edas Herrero","og_description":"Una novillada sin caballos, de promoci\u00f3n que llaman ahora, siempre fue un festejo \u00e1gil y variado. No hace muchos a\u00f1os, cuando era de seis aspirantes ve\u00edamos festejos m\u00e1s divertidos por la variedad de los mismos. Anoche, soportando el calor t\u00edpico de estas fechas, tuvimos tambi\u00e9n que soportar un festejo largo y, por momentos, engorroso y [&hellip;]","og_url":"https:\/\/www.ignaciosanchezmejias.es\/index.php\/2014\/07\/18\/pablo-aguado-destaca-entre-tanto-aviso\/","og_site_name":"Sitio web de Ignacio S\u00e1nchez-Mej\u00edas Herrero","article_published_time":"2014-07-18T16:24:16+00:00","article_modified_time":"2021-03-04T08:58:44+00:00","og_image":[{"width":258,"height":367,"url":"https:\/\/www.ignaciosanchezmejias.es\/wp-content\/uploads\/2014\/07\/2014-Pablo-Aguado-Arjona-aplausos.es_.jpg","type":"image\/jpeg"}],"author":"isanchezmejias","twitter_card":"summary_large_image","twitter_misc":{"Escrito por":"isanchezmejias","Tiempo de lectura":"2 minutos"},"schema":{"@context":"https:\/\/schema.org","@graph":[{"@type":"Article","@id":"https:\/\/www.ignaciosanchezmejias.es\/index.php\/2014\/07\/18\/pablo-aguado-destaca-entre-tanto-aviso\/#article","isPartOf":{"@id":"https:\/\/www.ignaciosanchezmejias.es\/index.php\/2014\/07\/18\/pablo-aguado-destaca-entre-tanto-aviso\/"},"author":{"name":"isanchezmejias","@id":"https:\/\/www.ignaciosanchezmejias.es\/#\/schema\/person\/494d20bda3404108c02016d5e608fc65"},"headline":"Pablo Aguado destaca entre tanto aviso","datePublished":"2014-07-18T16:24:16+00:00","dateModified":"2021-03-04T08:58:44+00:00","mainEntityOfPage":{"@id":"https:\/\/www.ignaciosanchezmejias.es\/index.php\/2014\/07\/18\/pablo-aguado-destaca-entre-tanto-aviso\/"},"wordCount":339,"commentCount":0,"publisher":{"@id":"https:\/\/www.ignaciosanchezmejias.es\/#\/schema\/person\/494d20bda3404108c02016d5e608fc65"},"image":{"@id":"https:\/\/www.ignaciosanchezmejias.es\/index.php\/2014\/07\/18\/pablo-aguado-destaca-entre-tanto-aviso\/#primaryimage"},"thumbnailUrl":"https:\/\/www.ignaciosanchezmejias.es\/wp-content\/uploads\/2014\/07\/2014-Pablo-Aguado-Arjona-aplausos.es_.jpg","keywords":["Alejandro Gardel","Criti\u00e1n P\u00e9rez","Manuel y Antonio Tornay","Pablo Aguado"],"articleSection":["Abono Sevilla 2014"],"inLanguage":"es","potentialAction":[{"@type":"CommentAction","name":"Comment","target":["https:\/\/www.ignaciosanchezmejias.es\/index.php\/2014\/07\/18\/pablo-aguado-destaca-entre-tanto-aviso\/#respond"]}]},{"@type":"WebPage","@id":"https:\/\/www.ignaciosanchezmejias.es\/index.php\/2014\/07\/18\/pablo-aguado-destaca-entre-tanto-aviso\/","url":"https:\/\/www.ignaciosanchezmejias.es\/index.php\/2014\/07\/18\/pablo-aguado-destaca-entre-tanto-aviso\/","name":"Pablo Aguado destaca entre tanto aviso - Sitio web de Ignacio S\u00e1nchez-Mej\u00edas Herrero","isPartOf":{"@id":"https:\/\/www.ignaciosanchezmejias.es\/#website"},"primaryImageOfPage":{"@id":"https:\/\/www.ignaciosanchezmejias.es\/index.php\/2014\/07\/18\/pablo-aguado-destaca-entre-tanto-aviso\/#primaryimage"},"image":{"@id":"https:\/\/www.ignaciosanchezmejias.es\/index.php\/2014\/07\/18\/pablo-aguado-destaca-entre-tanto-aviso\/#primaryimage"},"thumbnailUrl":"https:\/\/www.ignaciosanchezmejias.es\/wp-content\/uploads\/2014\/07\/2014-Pablo-Aguado-Arjona-aplausos.es_.jpg","datePublished":"2014-07-18T16:24:16+00:00","dateModified":"2021-03-04T08:58:44+00:00","breadcrumb":{"@id":"https:\/\/www.ignaciosanchezmejias.es\/index.php\/2014\/07\/18\/pablo-aguado-destaca-entre-tanto-aviso\/#breadcrumb"},"inLanguage":"es","potentialAction":[{"@type":"ReadAction","target":["https:\/\/www.ignaciosanchezmejias.es\/index.php\/2014\/07\/18\/pablo-aguado-destaca-entre-tanto-aviso\/"]}]},{"@type":"ImageObject","inLanguage":"es","@id":"https:\/\/www.ignaciosanchezmejias.es\/index.php\/2014\/07\/18\/pablo-aguado-destaca-entre-tanto-aviso\/#primaryimage","url":"https:\/\/www.ignaciosanchezmejias.es\/wp-content\/uploads\/2014\/07\/2014-Pablo-Aguado-Arjona-aplausos.es_.jpg","contentUrl":"https:\/\/www.ignaciosanchezmejias.es\/wp-content\/uploads\/2014\/07\/2014-Pablo-Aguado-Arjona-aplausos.es_.jpg","width":258,"height":367,"caption":"Foto: Arjona para aplausos.es"},{"@type":"BreadcrumbList","@id":"https:\/\/www.ignaciosanchezmejias.es\/index.php\/2014\/07\/18\/pablo-aguado-destaca-entre-tanto-aviso\/#breadcrumb","itemListElement":[{"@type":"ListItem","position":1,"name":"Portada","item":"https:\/\/www.ignaciosanchezmejias.es\/"},{"@type":"ListItem","position":2,"name":"Pablo Aguado destaca entre tanto aviso"}]},{"@type":"WebSite","@id":"https:\/\/www.ignaciosanchezmejias.es\/#website","url":"https:\/\/www.ignaciosanchezmejias.es\/","name":"Blog de Ignacio S\u00e1nchez-Mej\u00edas","description":"Sitio personal ISM","publisher":{"@id":"https:\/\/www.ignaciosanchezmejias.es\/#\/schema\/person\/494d20bda3404108c02016d5e608fc65"},"potentialAction":[{"@type":"SearchAction","target":{"@type":"EntryPoint","urlTemplate":"https:\/\/www.ignaciosanchezmejias.es\/?s={search_term_string}"},"query-input":{"@type":"PropertyValueSpecification","valueRequired":true,"valueName":"search_term_string"}}],"inLanguage":"es"},{"@type":["Person","Organization"],"@id":"https:\/\/www.ignaciosanchezmejias.es\/#\/schema\/person\/494d20bda3404108c02016d5e608fc65","name":"isanchezmejias","image":{"@type":"ImageObject","inLanguage":"es","@id":"https:\/\/www.ignaciosanchezmejias.es\/wp-content\/uploads\/2020\/06\/cropped-Yo-antes.jpg","url":"https:\/\/www.ignaciosanchezmejias.es\/wp-content\/uploads\/2020\/06\/cropped-Yo-antes.jpg","contentUrl":"https:\/\/www.ignaciosanchezmejias.es\/wp-content\/uploads\/2020\/06\/cropped-Yo-antes.jpg","width":681,"height":482,"caption":"isanchezmejias"},"logo":{"@id":"https:\/\/www.ignaciosanchezmejias.es\/wp-content\/uploads\/2020\/06\/cropped-Yo-antes.jpg"},"sameAs":["https:\/\/www.ignaciosanchezmejias.es"],"url":"https:\/\/www.ignaciosanchezmejias.es\/index.php\/author\/isanchezmejias\/"}]}},"_links":{"self":[{"href":"https:\/\/www.ignaciosanchezmejias.es\/index.php\/wp-json\/wp\/v2\/posts\/3696","targetHints":{"allow":["GET"]}}],"collection":[{"href":"https:\/\/www.ignaciosanchezmejias.es\/index.php\/wp-json\/wp\/v2\/posts"}],"about":[{"href":"https:\/\/www.ignaciosanchezmejias.es\/index.php\/wp-json\/wp\/v2\/types\/post"}],"author":[{"embeddable":true,"href":"https:\/\/www.ignaciosanchezmejias.es\/index.php\/wp-json\/wp\/v2\/users\/1"}],"replies":[{"embeddable":true,"href":"https:\/\/www.ignaciosanchezmejias.es\/index.php\/wp-json\/wp\/v2\/comments?post=3696"}],"version-history":[{"count":2,"href":"https:\/\/www.ignaciosanchezmejias.es\/index.php\/wp-json\/wp\/v2\/posts\/3696\/revisions"}],"predecessor-version":[{"id":5796,"href":"https:\/\/www.ignaciosanchezmejias.es\/index.php\/wp-json\/wp\/v2\/posts\/3696\/revisions\/5796"}],"wp:featuredmedia":[{"embeddable":true,"href":"https:\/\/www.ignaciosanchezmejias.es\/index.php\/wp-json\/wp\/v2\/media\/5793"}],"wp:attachment":[{"href":"https:\/\/www.ignaciosanchezmejias.es\/index.php\/wp-json\/wp\/v2\/media?parent=3696"}],"wp:term":[{"taxonomy":"category","embeddable":true,"href":"https:\/\/www.ignaciosanchezmejias.es\/index.php\/wp-json\/wp\/v2\/categories?post=3696"},{"taxonomy":"post_tag","embeddable":true,"href":"https:\/\/www.ignaciosanchezmejias.es\/index.php\/wp-json\/wp\/v2\/tags?post=3696"}],"curies":[{"name":"wp","href":"https:\/\/api.w.org\/{rel}","templated":true}]}}