{"id":3663,"date":"2014-06-20T13:16:04","date_gmt":"2014-06-20T12:16:04","guid":{"rendered":"http:\/\/blogs.sevilla.abc.es\/desdeeltendido2\/?p=3663"},"modified":"2021-03-03T10:06:47","modified_gmt":"2021-03-03T10:06:47","slug":"pepe-moral-triunfa-con-un-sobrero-del-conde-de-la-maza","status":"publish","type":"post","link":"https:\/\/www.ignaciosanchezmejias.es\/index.php\/2014\/06\/20\/pepe-moral-triunfa-con-un-sobrero-del-conde-de-la-maza\/","title":{"rendered":"Pepe Moral triunfa con un sobrero del Conde de la Maza"},"content":{"rendered":"\n<p class=\"has-text-align-right\">&nbsp;.<\/p>\n\n\n\n<p>La tradicional corrida del Corpus de este a\u00f1o, se vio este a\u00f1o afectada por la proclamaci\u00f3n del Rey Felipe VI, al que deseamos lo mejor, en lo referente a que La Maestranza estaba engalanada por fuera y por dentro. Por fuera, quiz\u00e1s sobraba ese cartelito de \u201cViva el Rey\u201d muy pobre y m\u00e1s propio de otros ambientes, pero por dentro, adem\u00e1s de decorar el Palco Real, hab\u00edan puesto cintas con los colores de nuestra bandera en todos los faldones, incluso en el de la presidencia.<\/p>\n\n\n\n<p>La corrida de Montealto, de la que hab\u00edan rechazado varios toros, fue remendada con dos ejemplares de Cayetano Mu\u00f1oz, que acabaron siendo tres por la devoluci\u00f3n del segundo. Con los cambios de ganader\u00eda y las devoluciones es dif\u00edcil centrar el comportamiento de los cinco primeros toros, pero, por resumir, no fue bueno. El que no manse\u00f3 se par\u00f3 demasiado pronto y el que se movi\u00f3, lo hizo mal. Las ilusiones de los toreros por encima de las condiciones de los toros. En el tercero Pepe Moral ya apunt\u00f3 maneras y Nazar\u00e9 fall\u00f3 con los aceros una digna actuaci\u00f3n.<\/p>\n\n\n\n<p>El sexto bis, segundo sobrero, era un cinque\u00f1o del Conde de la Maza, bajo pero con presencia. Quiz\u00e1s algo justo de fuerzas, se arranc\u00f3 alegre a los caballos, aunque fue picado poco (y mal). Pepe Moral estuvo muy firme, aguantando las indefiniciones de la primera parte de la arrancada, pero cuando el toro met\u00eda la cara lo llevaba hasta el final y con la transmisi\u00f3n que dan los toros bravos. El animal se quer\u00eda comer los enga\u00f1os y el torero lo encelaba con gallard\u00eda. Una gran faena a la que le falt\u00f3 algo de ligaz\u00f3n para ser de clamor, una estocada, algo trasera pero efectiva, puso las dos orejas en manos del torero. No se le puede poner un pero al m\u00e9rito de este matador, que sin vestirse de luces en toda la temporada pasada, ha sido capaz de estar a la altura de las circunstancias de un toro bravo, que no es poco. Enhorabuena.<\/p>\n\n\n\n<p>Por cierto, seg\u00fan nos contaban, en los corrales hab\u00eda otro cinque\u00f1o del Conde de la Maza que ofrecieron como sobrero, de forma que los dos sobreros fueran \u201ccondesos\u201d, idea que fue rechazada por los interesados. Ellos se lo perdieron. La novillada del domingo con ganado del Conde de la Maza adquiere m\u00e1s alicientes.<\/p>\n\n\n\n<p><a href=\"https:\/\/twitter.com\/isanchezmejias\" target=\"_blank\" rel=\"noopener\">@isanchezmejias<\/a><\/p>\n","protected":false},"excerpt":{"rendered":"<p>&nbsp;. La tradicional corrida del Corpus de este a\u00f1o, se vio este a\u00f1o afectada por la proclamaci\u00f3n del Rey Felipe VI, al que deseamos lo mejor, en lo referente a que La Maestranza estaba engalanada por fuera y por dentro. Por fuera, quiz\u00e1s sobraba ese cartelito de \u201cViva el Rey\u201d muy pobre y m\u00e1s propio [&hellip;]<\/p>\n","protected":false},"author":1,"featured_media":5775,"comment_status":"open","ping_status":"closed","sticky":false,"template":"","format":"standard","meta":{"footnotes":""},"categories":[487],"tags":[385,142,84,446,61],"class_list":["post-3663","post","type-post","status-publish","format-standard","has-post-thumbnail","hentry","category-abono-sevilla-2014","tag-agustin-de-espartinas","tag-antonio-nazare","tag-conde-de-la-maza","tag-montealto","tag-pepe-moral"],"yoast_head":"<!-- This site is optimized with the Yoast SEO plugin v27.5 - https:\/\/yoast.com\/product\/yoast-seo-wordpress\/ -->\n<title>Pepe Moral triunfa con un sobrero del Conde de la Maza - Sitio web de Ignacio S\u00e1nchez-Mej\u00edas Herrero<\/title>\n<meta name=\"robots\" content=\"index, follow, max-snippet:-1, max-image-preview:large, max-video-preview:-1\" \/>\n<link rel=\"canonical\" href=\"https:\/\/www.ignaciosanchezmejias.es\/index.php\/2014\/06\/20\/pepe-moral-triunfa-con-un-sobrero-del-conde-de-la-maza\/\" \/>\n<meta property=\"og:locale\" content=\"es_ES\" \/>\n<meta property=\"og:type\" content=\"article\" \/>\n<meta property=\"og:title\" content=\"Pepe Moral triunfa con un sobrero del Conde de la Maza - Sitio web de Ignacio S\u00e1nchez-Mej\u00edas Herrero\" \/>\n<meta property=\"og:description\" content=\"&nbsp;. La tradicional corrida del Corpus de este a\u00f1o, se vio este a\u00f1o afectada por la proclamaci\u00f3n del Rey Felipe VI, al que deseamos lo mejor, en lo referente a que La Maestranza estaba engalanada por fuera y por dentro. Por fuera, quiz\u00e1s sobraba ese cartelito de \u201cViva el Rey\u201d muy pobre y m\u00e1s propio [&hellip;]\" \/>\n<meta property=\"og:url\" content=\"https:\/\/www.ignaciosanchezmejias.es\/index.php\/2014\/06\/20\/pepe-moral-triunfa-con-un-sobrero-del-conde-de-la-maza\/\" \/>\n<meta property=\"og:site_name\" content=\"Sitio web de Ignacio S\u00e1nchez-Mej\u00edas Herrero\" \/>\n<meta property=\"article:published_time\" content=\"2014-06-20T12:16:04+00:00\" \/>\n<meta property=\"article:modified_time\" content=\"2021-03-03T10:06:47+00:00\" \/>\n<meta property=\"og:image\" content=\"https:\/\/www.ignaciosanchezmejias.es\/wp-content\/uploads\/2014\/06\/2014-Pepe-Moral-Juan-J.-Ubeda-ABC.jpg\" \/>\n\t<meta property=\"og:image:width\" content=\"644\" \/>\n\t<meta property=\"og:image:height\" content=\"362\" \/>\n\t<meta property=\"og:image:type\" content=\"image\/jpeg\" \/>\n<meta name=\"author\" content=\"isanchezmejias\" \/>\n<meta name=\"twitter:card\" content=\"summary_large_image\" \/>\n<meta name=\"twitter:label1\" content=\"Escrito por\" \/>\n\t<meta name=\"twitter:data1\" content=\"isanchezmejias\" \/>\n\t<meta name=\"twitter:label2\" content=\"Tiempo de lectura\" \/>\n\t<meta name=\"twitter:data2\" content=\"2 minutos\" \/>\n<script type=\"application\/ld+json\" class=\"yoast-schema-graph\">{\"@context\":\"https:\\\/\\\/schema.org\",\"@graph\":[{\"@type\":\"Article\",\"@id\":\"https:\\\/\\\/www.ignaciosanchezmejias.es\\\/index.php\\\/2014\\\/06\\\/20\\\/pepe-moral-triunfa-con-un-sobrero-del-conde-de-la-maza\\\/#article\",\"isPartOf\":{\"@id\":\"https:\\\/\\\/www.ignaciosanchezmejias.es\\\/index.php\\\/2014\\\/06\\\/20\\\/pepe-moral-triunfa-con-un-sobrero-del-conde-de-la-maza\\\/\"},\"author\":{\"name\":\"isanchezmejias\",\"@id\":\"https:\\\/\\\/www.ignaciosanchezmejias.es\\\/#\\\/schema\\\/person\\\/494d20bda3404108c02016d5e608fc65\"},\"headline\":\"Pepe Moral triunfa con un sobrero del Conde de la Maza\",\"datePublished\":\"2014-06-20T12:16:04+00:00\",\"dateModified\":\"2021-03-03T10:06:47+00:00\",\"mainEntityOfPage\":{\"@id\":\"https:\\\/\\\/www.ignaciosanchezmejias.es\\\/index.php\\\/2014\\\/06\\\/20\\\/pepe-moral-triunfa-con-un-sobrero-del-conde-de-la-maza\\\/\"},\"wordCount\":430,\"commentCount\":2,\"publisher\":{\"@id\":\"https:\\\/\\\/www.ignaciosanchezmejias.es\\\/#\\\/schema\\\/person\\\/494d20bda3404108c02016d5e608fc65\"},\"image\":{\"@id\":\"https:\\\/\\\/www.ignaciosanchezmejias.es\\\/index.php\\\/2014\\\/06\\\/20\\\/pepe-moral-triunfa-con-un-sobrero-del-conde-de-la-maza\\\/#primaryimage\"},\"thumbnailUrl\":\"https:\\\/\\\/www.ignaciosanchezmejias.es\\\/wp-content\\\/uploads\\\/2014\\\/06\\\/2014-Pepe-Moral-Juan-J.-Ubeda-ABC.jpg\",\"keywords\":[\"Agust\u00edn de Espartinas\",\"Antonio Nazar\u00e9\",\"Conde de la Maza\",\"Montealto\",\"Pepe Moral\"],\"articleSection\":[\"Abono Sevilla 2014\"],\"inLanguage\":\"es\",\"potentialAction\":[{\"@type\":\"CommentAction\",\"name\":\"Comment\",\"target\":[\"https:\\\/\\\/www.ignaciosanchezmejias.es\\\/index.php\\\/2014\\\/06\\\/20\\\/pepe-moral-triunfa-con-un-sobrero-del-conde-de-la-maza\\\/#respond\"]}]},{\"@type\":\"WebPage\",\"@id\":\"https:\\\/\\\/www.ignaciosanchezmejias.es\\\/index.php\\\/2014\\\/06\\\/20\\\/pepe-moral-triunfa-con-un-sobrero-del-conde-de-la-maza\\\/\",\"url\":\"https:\\\/\\\/www.ignaciosanchezmejias.es\\\/index.php\\\/2014\\\/06\\\/20\\\/pepe-moral-triunfa-con-un-sobrero-del-conde-de-la-maza\\\/\",\"name\":\"Pepe Moral triunfa con un sobrero del Conde de la Maza - Sitio web de Ignacio S\u00e1nchez-Mej\u00edas Herrero\",\"isPartOf\":{\"@id\":\"https:\\\/\\\/www.ignaciosanchezmejias.es\\\/#website\"},\"primaryImageOfPage\":{\"@id\":\"https:\\\/\\\/www.ignaciosanchezmejias.es\\\/index.php\\\/2014\\\/06\\\/20\\\/pepe-moral-triunfa-con-un-sobrero-del-conde-de-la-maza\\\/#primaryimage\"},\"image\":{\"@id\":\"https:\\\/\\\/www.ignaciosanchezmejias.es\\\/index.php\\\/2014\\\/06\\\/20\\\/pepe-moral-triunfa-con-un-sobrero-del-conde-de-la-maza\\\/#primaryimage\"},\"thumbnailUrl\":\"https:\\\/\\\/www.ignaciosanchezmejias.es\\\/wp-content\\\/uploads\\\/2014\\\/06\\\/2014-Pepe-Moral-Juan-J.-Ubeda-ABC.jpg\",\"datePublished\":\"2014-06-20T12:16:04+00:00\",\"dateModified\":\"2021-03-03T10:06:47+00:00\",\"breadcrumb\":{\"@id\":\"https:\\\/\\\/www.ignaciosanchezmejias.es\\\/index.php\\\/2014\\\/06\\\/20\\\/pepe-moral-triunfa-con-un-sobrero-del-conde-de-la-maza\\\/#breadcrumb\"},\"inLanguage\":\"es\",\"potentialAction\":[{\"@type\":\"ReadAction\",\"target\":[\"https:\\\/\\\/www.ignaciosanchezmejias.es\\\/index.php\\\/2014\\\/06\\\/20\\\/pepe-moral-triunfa-con-un-sobrero-del-conde-de-la-maza\\\/\"]}]},{\"@type\":\"ImageObject\",\"inLanguage\":\"es\",\"@id\":\"https:\\\/\\\/www.ignaciosanchezmejias.es\\\/index.php\\\/2014\\\/06\\\/20\\\/pepe-moral-triunfa-con-un-sobrero-del-conde-de-la-maza\\\/#primaryimage\",\"url\":\"https:\\\/\\\/www.ignaciosanchezmejias.es\\\/wp-content\\\/uploads\\\/2014\\\/06\\\/2014-Pepe-Moral-Juan-J.-Ubeda-ABC.jpg\",\"contentUrl\":\"https:\\\/\\\/www.ignaciosanchezmejias.es\\\/wp-content\\\/uploads\\\/2014\\\/06\\\/2014-Pepe-Moral-Juan-J.-Ubeda-ABC.jpg\",\"width\":644,\"height\":362,\"caption\":\"Foto: Juan J. \u00dabeda para ABC\"},{\"@type\":\"BreadcrumbList\",\"@id\":\"https:\\\/\\\/www.ignaciosanchezmejias.es\\\/index.php\\\/2014\\\/06\\\/20\\\/pepe-moral-triunfa-con-un-sobrero-del-conde-de-la-maza\\\/#breadcrumb\",\"itemListElement\":[{\"@type\":\"ListItem\",\"position\":1,\"name\":\"Portada\",\"item\":\"https:\\\/\\\/www.ignaciosanchezmejias.es\\\/\"},{\"@type\":\"ListItem\",\"position\":2,\"name\":\"Pepe Moral triunfa con un sobrero del Conde de la Maza\"}]},{\"@type\":\"WebSite\",\"@id\":\"https:\\\/\\\/www.ignaciosanchezmejias.es\\\/#website\",\"url\":\"https:\\\/\\\/www.ignaciosanchezmejias.es\\\/\",\"name\":\"Blog de Ignacio S\u00e1nchez-Mej\u00edas\",\"description\":\"Sitio personal ISM\",\"publisher\":{\"@id\":\"https:\\\/\\\/www.ignaciosanchezmejias.es\\\/#\\\/schema\\\/person\\\/494d20bda3404108c02016d5e608fc65\"},\"potentialAction\":[{\"@type\":\"SearchAction\",\"target\":{\"@type\":\"EntryPoint\",\"urlTemplate\":\"https:\\\/\\\/www.ignaciosanchezmejias.es\\\/?s={search_term_string}\"},\"query-input\":{\"@type\":\"PropertyValueSpecification\",\"valueRequired\":true,\"valueName\":\"search_term_string\"}}],\"inLanguage\":\"es\"},{\"@type\":[\"Person\",\"Organization\"],\"@id\":\"https:\\\/\\\/www.ignaciosanchezmejias.es\\\/#\\\/schema\\\/person\\\/494d20bda3404108c02016d5e608fc65\",\"name\":\"isanchezmejias\",\"image\":{\"@type\":\"ImageObject\",\"inLanguage\":\"es\",\"@id\":\"https:\\\/\\\/www.ignaciosanchezmejias.es\\\/wp-content\\\/uploads\\\/2020\\\/06\\\/cropped-Yo-antes.jpg\",\"url\":\"https:\\\/\\\/www.ignaciosanchezmejias.es\\\/wp-content\\\/uploads\\\/2020\\\/06\\\/cropped-Yo-antes.jpg\",\"contentUrl\":\"https:\\\/\\\/www.ignaciosanchezmejias.es\\\/wp-content\\\/uploads\\\/2020\\\/06\\\/cropped-Yo-antes.jpg\",\"width\":681,\"height\":482,\"caption\":\"isanchezmejias\"},\"logo\":{\"@id\":\"https:\\\/\\\/www.ignaciosanchezmejias.es\\\/wp-content\\\/uploads\\\/2020\\\/06\\\/cropped-Yo-antes.jpg\"},\"sameAs\":[\"https:\\\/\\\/www.ignaciosanchezmejias.es\"],\"url\":\"https:\\\/\\\/www.ignaciosanchezmejias.es\\\/index.php\\\/author\\\/isanchezmejias\\\/\"}]}<\/script>\n<!-- \/ Yoast SEO plugin. -->","yoast_head_json":{"title":"Pepe Moral triunfa con un sobrero del Conde de la Maza - Sitio web de Ignacio S\u00e1nchez-Mej\u00edas Herrero","robots":{"index":"index","follow":"follow","max-snippet":"max-snippet:-1","max-image-preview":"max-image-preview:large","max-video-preview":"max-video-preview:-1"},"canonical":"https:\/\/www.ignaciosanchezmejias.es\/index.php\/2014\/06\/20\/pepe-moral-triunfa-con-un-sobrero-del-conde-de-la-maza\/","og_locale":"es_ES","og_type":"article","og_title":"Pepe Moral triunfa con un sobrero del Conde de la Maza - Sitio web de Ignacio S\u00e1nchez-Mej\u00edas Herrero","og_description":"&nbsp;. La tradicional corrida del Corpus de este a\u00f1o, se vio este a\u00f1o afectada por la proclamaci\u00f3n del Rey Felipe VI, al que deseamos lo mejor, en lo referente a que La Maestranza estaba engalanada por fuera y por dentro. Por fuera, quiz\u00e1s sobraba ese cartelito de \u201cViva el Rey\u201d muy pobre y m\u00e1s propio [&hellip;]","og_url":"https:\/\/www.ignaciosanchezmejias.es\/index.php\/2014\/06\/20\/pepe-moral-triunfa-con-un-sobrero-del-conde-de-la-maza\/","og_site_name":"Sitio web de Ignacio S\u00e1nchez-Mej\u00edas Herrero","article_published_time":"2014-06-20T12:16:04+00:00","article_modified_time":"2021-03-03T10:06:47+00:00","og_image":[{"width":644,"height":362,"url":"https:\/\/www.ignaciosanchezmejias.es\/wp-content\/uploads\/2014\/06\/2014-Pepe-Moral-Juan-J.-Ubeda-ABC.jpg","type":"image\/jpeg"}],"author":"isanchezmejias","twitter_card":"summary_large_image","twitter_misc":{"Escrito por":"isanchezmejias","Tiempo de lectura":"2 minutos"},"schema":{"@context":"https:\/\/schema.org","@graph":[{"@type":"Article","@id":"https:\/\/www.ignaciosanchezmejias.es\/index.php\/2014\/06\/20\/pepe-moral-triunfa-con-un-sobrero-del-conde-de-la-maza\/#article","isPartOf":{"@id":"https:\/\/www.ignaciosanchezmejias.es\/index.php\/2014\/06\/20\/pepe-moral-triunfa-con-un-sobrero-del-conde-de-la-maza\/"},"author":{"name":"isanchezmejias","@id":"https:\/\/www.ignaciosanchezmejias.es\/#\/schema\/person\/494d20bda3404108c02016d5e608fc65"},"headline":"Pepe Moral triunfa con un sobrero del Conde de la Maza","datePublished":"2014-06-20T12:16:04+00:00","dateModified":"2021-03-03T10:06:47+00:00","mainEntityOfPage":{"@id":"https:\/\/www.ignaciosanchezmejias.es\/index.php\/2014\/06\/20\/pepe-moral-triunfa-con-un-sobrero-del-conde-de-la-maza\/"},"wordCount":430,"commentCount":2,"publisher":{"@id":"https:\/\/www.ignaciosanchezmejias.es\/#\/schema\/person\/494d20bda3404108c02016d5e608fc65"},"image":{"@id":"https:\/\/www.ignaciosanchezmejias.es\/index.php\/2014\/06\/20\/pepe-moral-triunfa-con-un-sobrero-del-conde-de-la-maza\/#primaryimage"},"thumbnailUrl":"https:\/\/www.ignaciosanchezmejias.es\/wp-content\/uploads\/2014\/06\/2014-Pepe-Moral-Juan-J.-Ubeda-ABC.jpg","keywords":["Agust\u00edn de Espartinas","Antonio Nazar\u00e9","Conde de la Maza","Montealto","Pepe Moral"],"articleSection":["Abono Sevilla 2014"],"inLanguage":"es","potentialAction":[{"@type":"CommentAction","name":"Comment","target":["https:\/\/www.ignaciosanchezmejias.es\/index.php\/2014\/06\/20\/pepe-moral-triunfa-con-un-sobrero-del-conde-de-la-maza\/#respond"]}]},{"@type":"WebPage","@id":"https:\/\/www.ignaciosanchezmejias.es\/index.php\/2014\/06\/20\/pepe-moral-triunfa-con-un-sobrero-del-conde-de-la-maza\/","url":"https:\/\/www.ignaciosanchezmejias.es\/index.php\/2014\/06\/20\/pepe-moral-triunfa-con-un-sobrero-del-conde-de-la-maza\/","name":"Pepe Moral triunfa con un sobrero del Conde de la Maza - Sitio web de Ignacio S\u00e1nchez-Mej\u00edas Herrero","isPartOf":{"@id":"https:\/\/www.ignaciosanchezmejias.es\/#website"},"primaryImageOfPage":{"@id":"https:\/\/www.ignaciosanchezmejias.es\/index.php\/2014\/06\/20\/pepe-moral-triunfa-con-un-sobrero-del-conde-de-la-maza\/#primaryimage"},"image":{"@id":"https:\/\/www.ignaciosanchezmejias.es\/index.php\/2014\/06\/20\/pepe-moral-triunfa-con-un-sobrero-del-conde-de-la-maza\/#primaryimage"},"thumbnailUrl":"https:\/\/www.ignaciosanchezmejias.es\/wp-content\/uploads\/2014\/06\/2014-Pepe-Moral-Juan-J.-Ubeda-ABC.jpg","datePublished":"2014-06-20T12:16:04+00:00","dateModified":"2021-03-03T10:06:47+00:00","breadcrumb":{"@id":"https:\/\/www.ignaciosanchezmejias.es\/index.php\/2014\/06\/20\/pepe-moral-triunfa-con-un-sobrero-del-conde-de-la-maza\/#breadcrumb"},"inLanguage":"es","potentialAction":[{"@type":"ReadAction","target":["https:\/\/www.ignaciosanchezmejias.es\/index.php\/2014\/06\/20\/pepe-moral-triunfa-con-un-sobrero-del-conde-de-la-maza\/"]}]},{"@type":"ImageObject","inLanguage":"es","@id":"https:\/\/www.ignaciosanchezmejias.es\/index.php\/2014\/06\/20\/pepe-moral-triunfa-con-un-sobrero-del-conde-de-la-maza\/#primaryimage","url":"https:\/\/www.ignaciosanchezmejias.es\/wp-content\/uploads\/2014\/06\/2014-Pepe-Moral-Juan-J.-Ubeda-ABC.jpg","contentUrl":"https:\/\/www.ignaciosanchezmejias.es\/wp-content\/uploads\/2014\/06\/2014-Pepe-Moral-Juan-J.-Ubeda-ABC.jpg","width":644,"height":362,"caption":"Foto: Juan J. \u00dabeda para ABC"},{"@type":"BreadcrumbList","@id":"https:\/\/www.ignaciosanchezmejias.es\/index.php\/2014\/06\/20\/pepe-moral-triunfa-con-un-sobrero-del-conde-de-la-maza\/#breadcrumb","itemListElement":[{"@type":"ListItem","position":1,"name":"Portada","item":"https:\/\/www.ignaciosanchezmejias.es\/"},{"@type":"ListItem","position":2,"name":"Pepe Moral triunfa con un sobrero del Conde de la Maza"}]},{"@type":"WebSite","@id":"https:\/\/www.ignaciosanchezmejias.es\/#website","url":"https:\/\/www.ignaciosanchezmejias.es\/","name":"Blog de Ignacio S\u00e1nchez-Mej\u00edas","description":"Sitio personal ISM","publisher":{"@id":"https:\/\/www.ignaciosanchezmejias.es\/#\/schema\/person\/494d20bda3404108c02016d5e608fc65"},"potentialAction":[{"@type":"SearchAction","target":{"@type":"EntryPoint","urlTemplate":"https:\/\/www.ignaciosanchezmejias.es\/?s={search_term_string}"},"query-input":{"@type":"PropertyValueSpecification","valueRequired":true,"valueName":"search_term_string"}}],"inLanguage":"es"},{"@type":["Person","Organization"],"@id":"https:\/\/www.ignaciosanchezmejias.es\/#\/schema\/person\/494d20bda3404108c02016d5e608fc65","name":"isanchezmejias","image":{"@type":"ImageObject","inLanguage":"es","@id":"https:\/\/www.ignaciosanchezmejias.es\/wp-content\/uploads\/2020\/06\/cropped-Yo-antes.jpg","url":"https:\/\/www.ignaciosanchezmejias.es\/wp-content\/uploads\/2020\/06\/cropped-Yo-antes.jpg","contentUrl":"https:\/\/www.ignaciosanchezmejias.es\/wp-content\/uploads\/2020\/06\/cropped-Yo-antes.jpg","width":681,"height":482,"caption":"isanchezmejias"},"logo":{"@id":"https:\/\/www.ignaciosanchezmejias.es\/wp-content\/uploads\/2020\/06\/cropped-Yo-antes.jpg"},"sameAs":["https:\/\/www.ignaciosanchezmejias.es"],"url":"https:\/\/www.ignaciosanchezmejias.es\/index.php\/author\/isanchezmejias\/"}]}},"_links":{"self":[{"href":"https:\/\/www.ignaciosanchezmejias.es\/index.php\/wp-json\/wp\/v2\/posts\/3663","targetHints":{"allow":["GET"]}}],"collection":[{"href":"https:\/\/www.ignaciosanchezmejias.es\/index.php\/wp-json\/wp\/v2\/posts"}],"about":[{"href":"https:\/\/www.ignaciosanchezmejias.es\/index.php\/wp-json\/wp\/v2\/types\/post"}],"author":[{"embeddable":true,"href":"https:\/\/www.ignaciosanchezmejias.es\/index.php\/wp-json\/wp\/v2\/users\/1"}],"replies":[{"embeddable":true,"href":"https:\/\/www.ignaciosanchezmejias.es\/index.php\/wp-json\/wp\/v2\/comments?post=3663"}],"version-history":[{"count":2,"href":"https:\/\/www.ignaciosanchezmejias.es\/index.php\/wp-json\/wp\/v2\/posts\/3663\/revisions"}],"predecessor-version":[{"id":5777,"href":"https:\/\/www.ignaciosanchezmejias.es\/index.php\/wp-json\/wp\/v2\/posts\/3663\/revisions\/5777"}],"wp:featuredmedia":[{"embeddable":true,"href":"https:\/\/www.ignaciosanchezmejias.es\/index.php\/wp-json\/wp\/v2\/media\/5775"}],"wp:attachment":[{"href":"https:\/\/www.ignaciosanchezmejias.es\/index.php\/wp-json\/wp\/v2\/media?parent=3663"}],"wp:term":[{"taxonomy":"category","embeddable":true,"href":"https:\/\/www.ignaciosanchezmejias.es\/index.php\/wp-json\/wp\/v2\/categories?post=3663"},{"taxonomy":"post_tag","embeddable":true,"href":"https:\/\/www.ignaciosanchezmejias.es\/index.php\/wp-json\/wp\/v2\/tags?post=3663"}],"curies":[{"name":"wp","href":"https:\/\/api.w.org\/{rel}","templated":true}]}}