{"id":3630,"date":"2014-05-09T21:29:58","date_gmt":"2014-05-09T20:29:58","guid":{"rendered":"http:\/\/blogs.sevilla.abc.es\/desdeeltendido2\/?p=3630"},"modified":"2021-03-02T16:26:59","modified_gmt":"2021-03-02T16:26:59","slug":"se-adelanta-el-sabado","status":"publish","type":"post","link":"https:\/\/www.ignaciosanchezmejias.es\/index.php\/2014\/05\/09\/se-adelanta-el-sabado\/","title":{"rendered":"Se adelanta el s\u00e1bado"},"content":{"rendered":"\n<p class=\"has-text-align-right\">.<\/p>\n\n\n\n<p>En los \u00faltimos a\u00f1os la empresa ha reservado el s\u00e1bado de feria para los toreros medi\u00e1ticos, que atraen a mucho mas publico que aficionados. Aprovechando el fin de semana cuando se acercan a Sevilla miles de visitantes \u00e1vidos de disfrutar de nuestra feria, programan, con inteligencia, un festejo donde los toreros le suenen al gran p\u00fablico y ya que estamos en Sevilla \u00a1Vamos a los toros! Pues en el festejo de ayer parec\u00eda que nos hab\u00edamos adelantado un d\u00eda de la cantidad de visitantes que hab\u00eda, la mejor entrada de la feria, quitando los rejones que tienen su propio p\u00fablico. Con decirles que hasta hubo conato de acompa\u00f1amiento a palmas acompasadas al romper la banda el pasodoble al \u00faltimo toro de Adame, se pueden ustedes ustedes hacer una idea de la cantidad de for\u00e1neos que hab\u00eda en la plaza. Ojo, que bienvenidos sean, pero esto sirve de introducci\u00f3n para entender como se desarroll\u00f3 el festejo.<\/p>\n\n\n\n<p>Joselito Adame ha cortado una oreja en su segundo, despu\u00e9s de unos cuantos descabellos, y pudo cortar otra en el tercero de no marrar a espadas. Ignoro la cantidad de paisanos que han venido a verle, leo que hay yates de lujo mexicanos en la d\u00e1rsena que dan recepciones y todo. Ha brindado los dos toros al p\u00fablico y ha estado muy bullicioso. En su primero quit\u00f3 por lopecinas, y con el aire y las prisas a punto estuvo de inventar el quite del capirote, por dos veces. Pero ha tenido suerte con su lote, le han embestido los dos dos toros con codicia y \u00e9l ha hecho lo que sabe, de forma que no le vamos a poner un pero a su triunfo.<\/p>\n\n\n\n<p>Si ya nos quitamos el sombrero con Ponce por cumplir su compromiso de venir a Sevilla el s\u00e1bado despu\u00e9s de su grave cogida, hoy le tenemos que volver a agradecer sus gana de agradar. Su primero se derreng\u00f3 al primer pase y tuvo que matarlo, pero en su segundo se esforz\u00f3 en estar bien y, tirando de oficio, compuso una buena faena, aunque sin embraguetarse. Lo mejor los ayudados por bajo finales, con una preparaci\u00f3n que m\u00e1s bien parec\u00eda del tauro-pilates de D\u00e1vila Miura, pero que despu\u00e9s resultaban ayudados por bajo largu\u00edsimos, como un ayudado y medio. Si llega a matar bien tambi\u00e9n le dan la oreja.<\/p>\n\n\n\n<p>Castella estuvo como siempre.<\/p>\n\n\n\n<p><a href=\"https:\/\/twitter.com\/isanchezmejias\" target=\"_blank\" rel=\"noopener\">@isanchezmejias<\/a><\/p>\n","protected":false},"excerpt":{"rendered":"<p>. En los \u00faltimos a\u00f1os la empresa ha reservado el s\u00e1bado de feria para los toreros medi\u00e1ticos, que atraen a mucho mas publico que aficionados. Aprovechando el fin de semana cuando se acercan a Sevilla miles de visitantes \u00e1vidos de disfrutar de nuestra feria, programan, con inteligencia, un festejo donde los toreros le suenen al [&hellip;]<\/p>\n","protected":false},"author":1,"featured_media":5751,"comment_status":"open","ping_status":"closed","sticky":false,"template":"","format":"standard","meta":{"footnotes":""},"categories":[487],"tags":[36,168,22,69],"class_list":["post-3630","post","type-post","status-publish","format-standard","has-post-thumbnail","hentry","category-abono-sevilla-2014","tag-enrique-ponce","tag-joselito-adame","tag-sebastian-castella","tag-victoriano-del-rio"],"yoast_head":"<!-- This site is optimized with the Yoast SEO plugin v27.5 - https:\/\/yoast.com\/product\/yoast-seo-wordpress\/ -->\n<title>Se adelanta el s\u00e1bado - Sitio web de Ignacio S\u00e1nchez-Mej\u00edas Herrero<\/title>\n<meta name=\"robots\" content=\"index, follow, max-snippet:-1, max-image-preview:large, max-video-preview:-1\" \/>\n<link rel=\"canonical\" href=\"https:\/\/www.ignaciosanchezmejias.es\/index.php\/2014\/05\/09\/se-adelanta-el-sabado\/\" \/>\n<meta property=\"og:locale\" content=\"es_ES\" \/>\n<meta property=\"og:type\" content=\"article\" \/>\n<meta property=\"og:title\" content=\"Se adelanta el s\u00e1bado - Sitio web de Ignacio S\u00e1nchez-Mej\u00edas Herrero\" \/>\n<meta property=\"og:description\" content=\". En los \u00faltimos a\u00f1os la empresa ha reservado el s\u00e1bado de feria para los toreros medi\u00e1ticos, que atraen a mucho mas publico que aficionados. Aprovechando el fin de semana cuando se acercan a Sevilla miles de visitantes \u00e1vidos de disfrutar de nuestra feria, programan, con inteligencia, un festejo donde los toreros le suenen al [&hellip;]\" \/>\n<meta property=\"og:url\" content=\"https:\/\/www.ignaciosanchezmejias.es\/index.php\/2014\/05\/09\/se-adelanta-el-sabado\/\" \/>\n<meta property=\"og:site_name\" content=\"Sitio web de Ignacio S\u00e1nchez-Mej\u00edas Herrero\" \/>\n<meta property=\"article:published_time\" content=\"2014-05-09T20:29:58+00:00\" \/>\n<meta property=\"article:modified_time\" content=\"2021-03-02T16:26:59+00:00\" \/>\n<meta property=\"og:image\" content=\"https:\/\/www.ignaciosanchezmejias.es\/wp-content\/uploads\/2014\/05\/2014-Adame-Victoriano-EFE.jpg\" \/>\n\t<meta property=\"og:image:width\" content=\"478\" \/>\n\t<meta property=\"og:image:height\" content=\"310\" \/>\n\t<meta property=\"og:image:type\" content=\"image\/jpeg\" \/>\n<meta name=\"author\" content=\"isanchezmejias\" \/>\n<meta name=\"twitter:card\" content=\"summary_large_image\" \/>\n<meta name=\"twitter:label1\" content=\"Escrito por\" \/>\n\t<meta name=\"twitter:data1\" content=\"isanchezmejias\" \/>\n\t<meta name=\"twitter:label2\" content=\"Tiempo de lectura\" \/>\n\t<meta name=\"twitter:data2\" content=\"2 minutos\" \/>\n<script type=\"application\/ld+json\" class=\"yoast-schema-graph\">{\"@context\":\"https:\\\/\\\/schema.org\",\"@graph\":[{\"@type\":\"Article\",\"@id\":\"https:\\\/\\\/www.ignaciosanchezmejias.es\\\/index.php\\\/2014\\\/05\\\/09\\\/se-adelanta-el-sabado\\\/#article\",\"isPartOf\":{\"@id\":\"https:\\\/\\\/www.ignaciosanchezmejias.es\\\/index.php\\\/2014\\\/05\\\/09\\\/se-adelanta-el-sabado\\\/\"},\"author\":{\"name\":\"isanchezmejias\",\"@id\":\"https:\\\/\\\/www.ignaciosanchezmejias.es\\\/#\\\/schema\\\/person\\\/494d20bda3404108c02016d5e608fc65\"},\"headline\":\"Se adelanta el s\u00e1bado\",\"datePublished\":\"2014-05-09T20:29:58+00:00\",\"dateModified\":\"2021-03-02T16:26:59+00:00\",\"mainEntityOfPage\":{\"@id\":\"https:\\\/\\\/www.ignaciosanchezmejias.es\\\/index.php\\\/2014\\\/05\\\/09\\\/se-adelanta-el-sabado\\\/\"},\"wordCount\":421,\"commentCount\":8,\"publisher\":{\"@id\":\"https:\\\/\\\/www.ignaciosanchezmejias.es\\\/#\\\/schema\\\/person\\\/494d20bda3404108c02016d5e608fc65\"},\"image\":{\"@id\":\"https:\\\/\\\/www.ignaciosanchezmejias.es\\\/index.php\\\/2014\\\/05\\\/09\\\/se-adelanta-el-sabado\\\/#primaryimage\"},\"thumbnailUrl\":\"https:\\\/\\\/www.ignaciosanchezmejias.es\\\/wp-content\\\/uploads\\\/2014\\\/05\\\/2014-Adame-Victoriano-EFE.jpg\",\"keywords\":[\"Enrique Ponce\",\"Joselito Adame\",\"Sebastian Castella\",\"Victoriano del R\u00edo\"],\"articleSection\":[\"Abono Sevilla 2014\"],\"inLanguage\":\"es\",\"potentialAction\":[{\"@type\":\"CommentAction\",\"name\":\"Comment\",\"target\":[\"https:\\\/\\\/www.ignaciosanchezmejias.es\\\/index.php\\\/2014\\\/05\\\/09\\\/se-adelanta-el-sabado\\\/#respond\"]}]},{\"@type\":\"WebPage\",\"@id\":\"https:\\\/\\\/www.ignaciosanchezmejias.es\\\/index.php\\\/2014\\\/05\\\/09\\\/se-adelanta-el-sabado\\\/\",\"url\":\"https:\\\/\\\/www.ignaciosanchezmejias.es\\\/index.php\\\/2014\\\/05\\\/09\\\/se-adelanta-el-sabado\\\/\",\"name\":\"Se adelanta el s\u00e1bado - Sitio web de Ignacio S\u00e1nchez-Mej\u00edas Herrero\",\"isPartOf\":{\"@id\":\"https:\\\/\\\/www.ignaciosanchezmejias.es\\\/#website\"},\"primaryImageOfPage\":{\"@id\":\"https:\\\/\\\/www.ignaciosanchezmejias.es\\\/index.php\\\/2014\\\/05\\\/09\\\/se-adelanta-el-sabado\\\/#primaryimage\"},\"image\":{\"@id\":\"https:\\\/\\\/www.ignaciosanchezmejias.es\\\/index.php\\\/2014\\\/05\\\/09\\\/se-adelanta-el-sabado\\\/#primaryimage\"},\"thumbnailUrl\":\"https:\\\/\\\/www.ignaciosanchezmejias.es\\\/wp-content\\\/uploads\\\/2014\\\/05\\\/2014-Adame-Victoriano-EFE.jpg\",\"datePublished\":\"2014-05-09T20:29:58+00:00\",\"dateModified\":\"2021-03-02T16:26:59+00:00\",\"breadcrumb\":{\"@id\":\"https:\\\/\\\/www.ignaciosanchezmejias.es\\\/index.php\\\/2014\\\/05\\\/09\\\/se-adelanta-el-sabado\\\/#breadcrumb\"},\"inLanguage\":\"es\",\"potentialAction\":[{\"@type\":\"ReadAction\",\"target\":[\"https:\\\/\\\/www.ignaciosanchezmejias.es\\\/index.php\\\/2014\\\/05\\\/09\\\/se-adelanta-el-sabado\\\/\"]}]},{\"@type\":\"ImageObject\",\"inLanguage\":\"es\",\"@id\":\"https:\\\/\\\/www.ignaciosanchezmejias.es\\\/index.php\\\/2014\\\/05\\\/09\\\/se-adelanta-el-sabado\\\/#primaryimage\",\"url\":\"https:\\\/\\\/www.ignaciosanchezmejias.es\\\/wp-content\\\/uploads\\\/2014\\\/05\\\/2014-Adame-Victoriano-EFE.jpg\",\"contentUrl\":\"https:\\\/\\\/www.ignaciosanchezmejias.es\\\/wp-content\\\/uploads\\\/2014\\\/05\\\/2014-Adame-Victoriano-EFE.jpg\",\"width\":478,\"height\":310,\"caption\":\"Foto: EFE para ABC\"},{\"@type\":\"BreadcrumbList\",\"@id\":\"https:\\\/\\\/www.ignaciosanchezmejias.es\\\/index.php\\\/2014\\\/05\\\/09\\\/se-adelanta-el-sabado\\\/#breadcrumb\",\"itemListElement\":[{\"@type\":\"ListItem\",\"position\":1,\"name\":\"Portada\",\"item\":\"https:\\\/\\\/www.ignaciosanchezmejias.es\\\/\"},{\"@type\":\"ListItem\",\"position\":2,\"name\":\"Se adelanta el s\u00e1bado\"}]},{\"@type\":\"WebSite\",\"@id\":\"https:\\\/\\\/www.ignaciosanchezmejias.es\\\/#website\",\"url\":\"https:\\\/\\\/www.ignaciosanchezmejias.es\\\/\",\"name\":\"Blog de Ignacio S\u00e1nchez-Mej\u00edas\",\"description\":\"Sitio personal ISM\",\"publisher\":{\"@id\":\"https:\\\/\\\/www.ignaciosanchezmejias.es\\\/#\\\/schema\\\/person\\\/494d20bda3404108c02016d5e608fc65\"},\"potentialAction\":[{\"@type\":\"SearchAction\",\"target\":{\"@type\":\"EntryPoint\",\"urlTemplate\":\"https:\\\/\\\/www.ignaciosanchezmejias.es\\\/?s={search_term_string}\"},\"query-input\":{\"@type\":\"PropertyValueSpecification\",\"valueRequired\":true,\"valueName\":\"search_term_string\"}}],\"inLanguage\":\"es\"},{\"@type\":[\"Person\",\"Organization\"],\"@id\":\"https:\\\/\\\/www.ignaciosanchezmejias.es\\\/#\\\/schema\\\/person\\\/494d20bda3404108c02016d5e608fc65\",\"name\":\"isanchezmejias\",\"image\":{\"@type\":\"ImageObject\",\"inLanguage\":\"es\",\"@id\":\"https:\\\/\\\/www.ignaciosanchezmejias.es\\\/wp-content\\\/uploads\\\/2020\\\/06\\\/cropped-Yo-antes.jpg\",\"url\":\"https:\\\/\\\/www.ignaciosanchezmejias.es\\\/wp-content\\\/uploads\\\/2020\\\/06\\\/cropped-Yo-antes.jpg\",\"contentUrl\":\"https:\\\/\\\/www.ignaciosanchezmejias.es\\\/wp-content\\\/uploads\\\/2020\\\/06\\\/cropped-Yo-antes.jpg\",\"width\":681,\"height\":482,\"caption\":\"isanchezmejias\"},\"logo\":{\"@id\":\"https:\\\/\\\/www.ignaciosanchezmejias.es\\\/wp-content\\\/uploads\\\/2020\\\/06\\\/cropped-Yo-antes.jpg\"},\"sameAs\":[\"https:\\\/\\\/www.ignaciosanchezmejias.es\"],\"url\":\"https:\\\/\\\/www.ignaciosanchezmejias.es\\\/index.php\\\/author\\\/isanchezmejias\\\/\"}]}<\/script>\n<!-- \/ Yoast SEO plugin. -->","yoast_head_json":{"title":"Se adelanta el s\u00e1bado - Sitio web de Ignacio S\u00e1nchez-Mej\u00edas Herrero","robots":{"index":"index","follow":"follow","max-snippet":"max-snippet:-1","max-image-preview":"max-image-preview:large","max-video-preview":"max-video-preview:-1"},"canonical":"https:\/\/www.ignaciosanchezmejias.es\/index.php\/2014\/05\/09\/se-adelanta-el-sabado\/","og_locale":"es_ES","og_type":"article","og_title":"Se adelanta el s\u00e1bado - Sitio web de Ignacio S\u00e1nchez-Mej\u00edas Herrero","og_description":". En los \u00faltimos a\u00f1os la empresa ha reservado el s\u00e1bado de feria para los toreros medi\u00e1ticos, que atraen a mucho mas publico que aficionados. Aprovechando el fin de semana cuando se acercan a Sevilla miles de visitantes \u00e1vidos de disfrutar de nuestra feria, programan, con inteligencia, un festejo donde los toreros le suenen al [&hellip;]","og_url":"https:\/\/www.ignaciosanchezmejias.es\/index.php\/2014\/05\/09\/se-adelanta-el-sabado\/","og_site_name":"Sitio web de Ignacio S\u00e1nchez-Mej\u00edas Herrero","article_published_time":"2014-05-09T20:29:58+00:00","article_modified_time":"2021-03-02T16:26:59+00:00","og_image":[{"width":478,"height":310,"url":"https:\/\/www.ignaciosanchezmejias.es\/wp-content\/uploads\/2014\/05\/2014-Adame-Victoriano-EFE.jpg","type":"image\/jpeg"}],"author":"isanchezmejias","twitter_card":"summary_large_image","twitter_misc":{"Escrito por":"isanchezmejias","Tiempo de lectura":"2 minutos"},"schema":{"@context":"https:\/\/schema.org","@graph":[{"@type":"Article","@id":"https:\/\/www.ignaciosanchezmejias.es\/index.php\/2014\/05\/09\/se-adelanta-el-sabado\/#article","isPartOf":{"@id":"https:\/\/www.ignaciosanchezmejias.es\/index.php\/2014\/05\/09\/se-adelanta-el-sabado\/"},"author":{"name":"isanchezmejias","@id":"https:\/\/www.ignaciosanchezmejias.es\/#\/schema\/person\/494d20bda3404108c02016d5e608fc65"},"headline":"Se adelanta el s\u00e1bado","datePublished":"2014-05-09T20:29:58+00:00","dateModified":"2021-03-02T16:26:59+00:00","mainEntityOfPage":{"@id":"https:\/\/www.ignaciosanchezmejias.es\/index.php\/2014\/05\/09\/se-adelanta-el-sabado\/"},"wordCount":421,"commentCount":8,"publisher":{"@id":"https:\/\/www.ignaciosanchezmejias.es\/#\/schema\/person\/494d20bda3404108c02016d5e608fc65"},"image":{"@id":"https:\/\/www.ignaciosanchezmejias.es\/index.php\/2014\/05\/09\/se-adelanta-el-sabado\/#primaryimage"},"thumbnailUrl":"https:\/\/www.ignaciosanchezmejias.es\/wp-content\/uploads\/2014\/05\/2014-Adame-Victoriano-EFE.jpg","keywords":["Enrique Ponce","Joselito Adame","Sebastian Castella","Victoriano del R\u00edo"],"articleSection":["Abono Sevilla 2014"],"inLanguage":"es","potentialAction":[{"@type":"CommentAction","name":"Comment","target":["https:\/\/www.ignaciosanchezmejias.es\/index.php\/2014\/05\/09\/se-adelanta-el-sabado\/#respond"]}]},{"@type":"WebPage","@id":"https:\/\/www.ignaciosanchezmejias.es\/index.php\/2014\/05\/09\/se-adelanta-el-sabado\/","url":"https:\/\/www.ignaciosanchezmejias.es\/index.php\/2014\/05\/09\/se-adelanta-el-sabado\/","name":"Se adelanta el s\u00e1bado - Sitio web de Ignacio S\u00e1nchez-Mej\u00edas Herrero","isPartOf":{"@id":"https:\/\/www.ignaciosanchezmejias.es\/#website"},"primaryImageOfPage":{"@id":"https:\/\/www.ignaciosanchezmejias.es\/index.php\/2014\/05\/09\/se-adelanta-el-sabado\/#primaryimage"},"image":{"@id":"https:\/\/www.ignaciosanchezmejias.es\/index.php\/2014\/05\/09\/se-adelanta-el-sabado\/#primaryimage"},"thumbnailUrl":"https:\/\/www.ignaciosanchezmejias.es\/wp-content\/uploads\/2014\/05\/2014-Adame-Victoriano-EFE.jpg","datePublished":"2014-05-09T20:29:58+00:00","dateModified":"2021-03-02T16:26:59+00:00","breadcrumb":{"@id":"https:\/\/www.ignaciosanchezmejias.es\/index.php\/2014\/05\/09\/se-adelanta-el-sabado\/#breadcrumb"},"inLanguage":"es","potentialAction":[{"@type":"ReadAction","target":["https:\/\/www.ignaciosanchezmejias.es\/index.php\/2014\/05\/09\/se-adelanta-el-sabado\/"]}]},{"@type":"ImageObject","inLanguage":"es","@id":"https:\/\/www.ignaciosanchezmejias.es\/index.php\/2014\/05\/09\/se-adelanta-el-sabado\/#primaryimage","url":"https:\/\/www.ignaciosanchezmejias.es\/wp-content\/uploads\/2014\/05\/2014-Adame-Victoriano-EFE.jpg","contentUrl":"https:\/\/www.ignaciosanchezmejias.es\/wp-content\/uploads\/2014\/05\/2014-Adame-Victoriano-EFE.jpg","width":478,"height":310,"caption":"Foto: EFE para ABC"},{"@type":"BreadcrumbList","@id":"https:\/\/www.ignaciosanchezmejias.es\/index.php\/2014\/05\/09\/se-adelanta-el-sabado\/#breadcrumb","itemListElement":[{"@type":"ListItem","position":1,"name":"Portada","item":"https:\/\/www.ignaciosanchezmejias.es\/"},{"@type":"ListItem","position":2,"name":"Se adelanta el s\u00e1bado"}]},{"@type":"WebSite","@id":"https:\/\/www.ignaciosanchezmejias.es\/#website","url":"https:\/\/www.ignaciosanchezmejias.es\/","name":"Blog de Ignacio S\u00e1nchez-Mej\u00edas","description":"Sitio personal ISM","publisher":{"@id":"https:\/\/www.ignaciosanchezmejias.es\/#\/schema\/person\/494d20bda3404108c02016d5e608fc65"},"potentialAction":[{"@type":"SearchAction","target":{"@type":"EntryPoint","urlTemplate":"https:\/\/www.ignaciosanchezmejias.es\/?s={search_term_string}"},"query-input":{"@type":"PropertyValueSpecification","valueRequired":true,"valueName":"search_term_string"}}],"inLanguage":"es"},{"@type":["Person","Organization"],"@id":"https:\/\/www.ignaciosanchezmejias.es\/#\/schema\/person\/494d20bda3404108c02016d5e608fc65","name":"isanchezmejias","image":{"@type":"ImageObject","inLanguage":"es","@id":"https:\/\/www.ignaciosanchezmejias.es\/wp-content\/uploads\/2020\/06\/cropped-Yo-antes.jpg","url":"https:\/\/www.ignaciosanchezmejias.es\/wp-content\/uploads\/2020\/06\/cropped-Yo-antes.jpg","contentUrl":"https:\/\/www.ignaciosanchezmejias.es\/wp-content\/uploads\/2020\/06\/cropped-Yo-antes.jpg","width":681,"height":482,"caption":"isanchezmejias"},"logo":{"@id":"https:\/\/www.ignaciosanchezmejias.es\/wp-content\/uploads\/2020\/06\/cropped-Yo-antes.jpg"},"sameAs":["https:\/\/www.ignaciosanchezmejias.es"],"url":"https:\/\/www.ignaciosanchezmejias.es\/index.php\/author\/isanchezmejias\/"}]}},"_links":{"self":[{"href":"https:\/\/www.ignaciosanchezmejias.es\/index.php\/wp-json\/wp\/v2\/posts\/3630","targetHints":{"allow":["GET"]}}],"collection":[{"href":"https:\/\/www.ignaciosanchezmejias.es\/index.php\/wp-json\/wp\/v2\/posts"}],"about":[{"href":"https:\/\/www.ignaciosanchezmejias.es\/index.php\/wp-json\/wp\/v2\/types\/post"}],"author":[{"embeddable":true,"href":"https:\/\/www.ignaciosanchezmejias.es\/index.php\/wp-json\/wp\/v2\/users\/1"}],"replies":[{"embeddable":true,"href":"https:\/\/www.ignaciosanchezmejias.es\/index.php\/wp-json\/wp\/v2\/comments?post=3630"}],"version-history":[{"count":2,"href":"https:\/\/www.ignaciosanchezmejias.es\/index.php\/wp-json\/wp\/v2\/posts\/3630\/revisions"}],"predecessor-version":[{"id":5752,"href":"https:\/\/www.ignaciosanchezmejias.es\/index.php\/wp-json\/wp\/v2\/posts\/3630\/revisions\/5752"}],"wp:featuredmedia":[{"embeddable":true,"href":"https:\/\/www.ignaciosanchezmejias.es\/index.php\/wp-json\/wp\/v2\/media\/5751"}],"wp:attachment":[{"href":"https:\/\/www.ignaciosanchezmejias.es\/index.php\/wp-json\/wp\/v2\/media?parent=3630"}],"wp:term":[{"taxonomy":"category","embeddable":true,"href":"https:\/\/www.ignaciosanchezmejias.es\/index.php\/wp-json\/wp\/v2\/categories?post=3630"},{"taxonomy":"post_tag","embeddable":true,"href":"https:\/\/www.ignaciosanchezmejias.es\/index.php\/wp-json\/wp\/v2\/tags?post=3630"}],"curies":[{"name":"wp","href":"https:\/\/api.w.org\/{rel}","templated":true}]}}