{"id":3627,"date":"2014-05-08T21:12:24","date_gmt":"2014-05-08T20:12:24","guid":{"rendered":"http:\/\/blogs.sevilla.abc.es\/desdeeltendido2\/?p=3627"},"modified":"2021-03-02T16:18:40","modified_gmt":"2021-03-02T16:18:40","slug":"ninito","status":"publish","type":"post","link":"https:\/\/www.ignaciosanchezmejias.es\/index.php\/2014\/05\/08\/ninito\/","title":{"rendered":"\u00abNi\u00f1ito\u00bb"},"content":{"rendered":"\n<p class=\"has-text-align-right\"><span style=\"line-height: 1.5em;\">.&nbsp;<\/span><\/p>\n\n\n\n<p>Ayer por fin vimos una corrida de toros como las que record\u00e1bamos y que ya ten\u00edamos casi olvidadas despu\u00e9s de tanto fiasco ganadero. Una corrida variada de juego, bravos los m\u00e1s, algunos con su genio, otros m\u00e1s nobles, alguno m\u00e1s apagado, pero todos encastados. Un festejo entretenido, nadie se aburri\u00f3. Un oasis en este desierto que estamos pasando, adem\u00e1s hemos visto a \u00abNi\u00f1ito\u00bb, posiblemente el toro de la Feria, desde luego, el mejor hasta este momento. Colorao, cinque\u00f1o y bien armado. Fue una pena que no lo vi\u00e9ramos bien en varas, porque despu\u00e9s de arrancarse alegre al segundo encuentro, el picador le meti\u00f3 las cuerdas cerca de la penca del rabo, y a pesar de todo no se cans\u00f3 de embestir. Tanto con la capa como al empezar la faena, se col\u00f3 de forma ostensible, pero Mora le cambi\u00f3 los terrenos y le enjaret\u00f3 una buena faena. El toro la cog\u00eda por abajo e iba donde le mandaran y, as\u00ed, hasta el final. Nos quedamos con ganas de ver unos buenos ayudados por bajo de adorno, que era lo que ped\u00eda el toro y no esas manoletinas tan de moda. La estocada cay\u00f3 algo desprendida e hizo bien el presidente al conceder una sola oreja.<\/p>\n\n\n\n<p>Escribano es un torero que re\u00fane muchas de las condiciones que se le pide a alguien que se viste de luces. Tiene valor, tiene fe, se queda muy quieto, es variado, pundonoroso, quiere agradar, no se amilana con los sustos y se tira a matar con decisi\u00f3n. No est\u00e1 tocado con el pellizco que tanto gusta por aqu\u00ed, pero no se puede tener de todo en esta vida. A todos los toros que ha toreado en Sevilla los ha recibido a porta gayola y los ha banderilleado, las suertes le saldr\u00e1n bien o mal, pero ah\u00ed est\u00e1. Su primero no era f\u00e1cil y lo ha toreado a base de muchas tandas cortas, muy quieto. El&nbsp; sexto ha sido el m\u00e1s descompuesto, pegando cabezazos y ha hecho una digna pelea a un toro que la ped\u00eda. Las dos veces se tir\u00f3 a matar con fe.<\/p>\n\n\n\n<p>Abell\u00e1n es el damnificado de la tarde. No se entendi\u00f3 con su primero, un Jandilla que tambi\u00e9n ped\u00eda guerra, ni con su segundo, un toro bravo al que quiz\u00e1s ahog\u00f3 un poco con tanta cercan\u00eda.<\/p>\n\n\n\n<p>Por cierto, hay que decirles a los toreros que no brinden al publico, que trae gafe.<\/p>\n\n\n\n<p><a href=\"https:\/\/twitter.com\/isanchezmejias\" target=\"_blank\" rel=\"noopener\">@isanchezmejias<\/a><\/p>\n","protected":false},"excerpt":{"rendered":"<p>.&nbsp; Ayer por fin vimos una corrida de toros como las que record\u00e1bamos y que ya ten\u00edamos casi olvidadas despu\u00e9s de tanto fiasco ganadero. Una corrida variada de juego, bravos los m\u00e1s, algunos con su genio, otros m\u00e1s nobles, alguno m\u00e1s apagado, pero todos encastados. Un festejo entretenido, nadie se aburri\u00f3. Un oasis en este [&hellip;]<\/p>\n","protected":false},"author":1,"featured_media":5748,"comment_status":"open","ping_status":"closed","sticky":false,"template":"","format":"standard","meta":{"footnotes":""},"categories":[487],"tags":[187,72,66,133],"class_list":["post-3627","post","type-post","status-publish","format-standard","has-post-thumbnail","hentry","category-abono-sevilla-2014","tag-david-mora","tag-el-pilar","tag-manuel-escribano","tag-miguel-abellan"],"yoast_head":"<!-- This site is optimized with the Yoast SEO plugin v27.5 - https:\/\/yoast.com\/product\/yoast-seo-wordpress\/ -->\n<title>&quot;Ni\u00f1ito&quot; - Sitio web de Ignacio S\u00e1nchez-Mej\u00edas Herrero<\/title>\n<meta name=\"robots\" content=\"index, follow, max-snippet:-1, max-image-preview:large, max-video-preview:-1\" \/>\n<link rel=\"canonical\" href=\"https:\/\/www.ignaciosanchezmejias.es\/index.php\/2014\/05\/08\/ninito\/\" \/>\n<meta property=\"og:locale\" content=\"es_ES\" \/>\n<meta property=\"og:type\" content=\"article\" \/>\n<meta property=\"og:title\" content=\"&quot;Ni\u00f1ito&quot; - Sitio web de Ignacio S\u00e1nchez-Mej\u00edas Herrero\" \/>\n<meta property=\"og:description\" content=\".&nbsp; Ayer por fin vimos una corrida de toros como las que record\u00e1bamos y que ya ten\u00edamos casi olvidadas despu\u00e9s de tanto fiasco ganadero. Una corrida variada de juego, bravos los m\u00e1s, algunos con su genio, otros m\u00e1s nobles, alguno m\u00e1s apagado, pero todos encastados. Un festejo entretenido, nadie se aburri\u00f3. Un oasis en este [&hellip;]\" \/>\n<meta property=\"og:url\" content=\"https:\/\/www.ignaciosanchezmejias.es\/index.php\/2014\/05\/08\/ninito\/\" \/>\n<meta property=\"og:site_name\" content=\"Sitio web de Ignacio S\u00e1nchez-Mej\u00edas Herrero\" \/>\n<meta property=\"article:published_time\" content=\"2014-05-08T20:12:24+00:00\" \/>\n<meta property=\"article:modified_time\" content=\"2021-03-02T16:18:40+00:00\" \/>\n<meta property=\"og:image\" content=\"https:\/\/www.ignaciosanchezmejias.es\/wp-content\/uploads\/2014\/05\/2014-Ninito-Mora-EFE.jpg\" \/>\n\t<meta property=\"og:image:width\" content=\"478\" \/>\n\t<meta property=\"og:image:height\" content=\"270\" \/>\n\t<meta property=\"og:image:type\" content=\"image\/jpeg\" \/>\n<meta name=\"author\" content=\"isanchezmejias\" \/>\n<meta name=\"twitter:card\" content=\"summary_large_image\" \/>\n<meta name=\"twitter:label1\" content=\"Escrito por\" \/>\n\t<meta name=\"twitter:data1\" content=\"isanchezmejias\" \/>\n\t<meta name=\"twitter:label2\" content=\"Tiempo de lectura\" \/>\n\t<meta name=\"twitter:data2\" content=\"2 minutos\" \/>\n<script type=\"application\/ld+json\" class=\"yoast-schema-graph\">{\"@context\":\"https:\\\/\\\/schema.org\",\"@graph\":[{\"@type\":\"Article\",\"@id\":\"https:\\\/\\\/www.ignaciosanchezmejias.es\\\/index.php\\\/2014\\\/05\\\/08\\\/ninito\\\/#article\",\"isPartOf\":{\"@id\":\"https:\\\/\\\/www.ignaciosanchezmejias.es\\\/index.php\\\/2014\\\/05\\\/08\\\/ninito\\\/\"},\"author\":{\"name\":\"isanchezmejias\",\"@id\":\"https:\\\/\\\/www.ignaciosanchezmejias.es\\\/#\\\/schema\\\/person\\\/494d20bda3404108c02016d5e608fc65\"},\"headline\":\"\u00abNi\u00f1ito\u00bb\",\"datePublished\":\"2014-05-08T20:12:24+00:00\",\"dateModified\":\"2021-03-02T16:18:40+00:00\",\"mainEntityOfPage\":{\"@id\":\"https:\\\/\\\/www.ignaciosanchezmejias.es\\\/index.php\\\/2014\\\/05\\\/08\\\/ninito\\\/\"},\"wordCount\":429,\"commentCount\":10,\"publisher\":{\"@id\":\"https:\\\/\\\/www.ignaciosanchezmejias.es\\\/#\\\/schema\\\/person\\\/494d20bda3404108c02016d5e608fc65\"},\"image\":{\"@id\":\"https:\\\/\\\/www.ignaciosanchezmejias.es\\\/index.php\\\/2014\\\/05\\\/08\\\/ninito\\\/#primaryimage\"},\"thumbnailUrl\":\"https:\\\/\\\/www.ignaciosanchezmejias.es\\\/wp-content\\\/uploads\\\/2014\\\/05\\\/2014-Ninito-Mora-EFE.jpg\",\"keywords\":[\"David Mora\",\"El Pilar\",\"Manuel Escribano\",\"Miguel Abell\u00e1n\"],\"articleSection\":[\"Abono Sevilla 2014\"],\"inLanguage\":\"es\",\"potentialAction\":[{\"@type\":\"CommentAction\",\"name\":\"Comment\",\"target\":[\"https:\\\/\\\/www.ignaciosanchezmejias.es\\\/index.php\\\/2014\\\/05\\\/08\\\/ninito\\\/#respond\"]}]},{\"@type\":\"WebPage\",\"@id\":\"https:\\\/\\\/www.ignaciosanchezmejias.es\\\/index.php\\\/2014\\\/05\\\/08\\\/ninito\\\/\",\"url\":\"https:\\\/\\\/www.ignaciosanchezmejias.es\\\/index.php\\\/2014\\\/05\\\/08\\\/ninito\\\/\",\"name\":\"\\\"Ni\u00f1ito\\\" - Sitio web de Ignacio S\u00e1nchez-Mej\u00edas Herrero\",\"isPartOf\":{\"@id\":\"https:\\\/\\\/www.ignaciosanchezmejias.es\\\/#website\"},\"primaryImageOfPage\":{\"@id\":\"https:\\\/\\\/www.ignaciosanchezmejias.es\\\/index.php\\\/2014\\\/05\\\/08\\\/ninito\\\/#primaryimage\"},\"image\":{\"@id\":\"https:\\\/\\\/www.ignaciosanchezmejias.es\\\/index.php\\\/2014\\\/05\\\/08\\\/ninito\\\/#primaryimage\"},\"thumbnailUrl\":\"https:\\\/\\\/www.ignaciosanchezmejias.es\\\/wp-content\\\/uploads\\\/2014\\\/05\\\/2014-Ninito-Mora-EFE.jpg\",\"datePublished\":\"2014-05-08T20:12:24+00:00\",\"dateModified\":\"2021-03-02T16:18:40+00:00\",\"breadcrumb\":{\"@id\":\"https:\\\/\\\/www.ignaciosanchezmejias.es\\\/index.php\\\/2014\\\/05\\\/08\\\/ninito\\\/#breadcrumb\"},\"inLanguage\":\"es\",\"potentialAction\":[{\"@type\":\"ReadAction\",\"target\":[\"https:\\\/\\\/www.ignaciosanchezmejias.es\\\/index.php\\\/2014\\\/05\\\/08\\\/ninito\\\/\"]}]},{\"@type\":\"ImageObject\",\"inLanguage\":\"es\",\"@id\":\"https:\\\/\\\/www.ignaciosanchezmejias.es\\\/index.php\\\/2014\\\/05\\\/08\\\/ninito\\\/#primaryimage\",\"url\":\"https:\\\/\\\/www.ignaciosanchezmejias.es\\\/wp-content\\\/uploads\\\/2014\\\/05\\\/2014-Ninito-Mora-EFE.jpg\",\"contentUrl\":\"https:\\\/\\\/www.ignaciosanchezmejias.es\\\/wp-content\\\/uploads\\\/2014\\\/05\\\/2014-Ninito-Mora-EFE.jpg\",\"width\":478,\"height\":270,\"caption\":\"Foto: EFE para ABC\"},{\"@type\":\"BreadcrumbList\",\"@id\":\"https:\\\/\\\/www.ignaciosanchezmejias.es\\\/index.php\\\/2014\\\/05\\\/08\\\/ninito\\\/#breadcrumb\",\"itemListElement\":[{\"@type\":\"ListItem\",\"position\":1,\"name\":\"Portada\",\"item\":\"https:\\\/\\\/www.ignaciosanchezmejias.es\\\/\"},{\"@type\":\"ListItem\",\"position\":2,\"name\":\"\u00abNi\u00f1ito\u00bb\"}]},{\"@type\":\"WebSite\",\"@id\":\"https:\\\/\\\/www.ignaciosanchezmejias.es\\\/#website\",\"url\":\"https:\\\/\\\/www.ignaciosanchezmejias.es\\\/\",\"name\":\"Blog de Ignacio S\u00e1nchez-Mej\u00edas\",\"description\":\"Sitio personal ISM\",\"publisher\":{\"@id\":\"https:\\\/\\\/www.ignaciosanchezmejias.es\\\/#\\\/schema\\\/person\\\/494d20bda3404108c02016d5e608fc65\"},\"potentialAction\":[{\"@type\":\"SearchAction\",\"target\":{\"@type\":\"EntryPoint\",\"urlTemplate\":\"https:\\\/\\\/www.ignaciosanchezmejias.es\\\/?s={search_term_string}\"},\"query-input\":{\"@type\":\"PropertyValueSpecification\",\"valueRequired\":true,\"valueName\":\"search_term_string\"}}],\"inLanguage\":\"es\"},{\"@type\":[\"Person\",\"Organization\"],\"@id\":\"https:\\\/\\\/www.ignaciosanchezmejias.es\\\/#\\\/schema\\\/person\\\/494d20bda3404108c02016d5e608fc65\",\"name\":\"isanchezmejias\",\"image\":{\"@type\":\"ImageObject\",\"inLanguage\":\"es\",\"@id\":\"https:\\\/\\\/www.ignaciosanchezmejias.es\\\/wp-content\\\/uploads\\\/2020\\\/06\\\/cropped-Yo-antes.jpg\",\"url\":\"https:\\\/\\\/www.ignaciosanchezmejias.es\\\/wp-content\\\/uploads\\\/2020\\\/06\\\/cropped-Yo-antes.jpg\",\"contentUrl\":\"https:\\\/\\\/www.ignaciosanchezmejias.es\\\/wp-content\\\/uploads\\\/2020\\\/06\\\/cropped-Yo-antes.jpg\",\"width\":681,\"height\":482,\"caption\":\"isanchezmejias\"},\"logo\":{\"@id\":\"https:\\\/\\\/www.ignaciosanchezmejias.es\\\/wp-content\\\/uploads\\\/2020\\\/06\\\/cropped-Yo-antes.jpg\"},\"sameAs\":[\"https:\\\/\\\/www.ignaciosanchezmejias.es\"],\"url\":\"https:\\\/\\\/www.ignaciosanchezmejias.es\\\/index.php\\\/author\\\/isanchezmejias\\\/\"}]}<\/script>\n<!-- \/ Yoast SEO plugin. -->","yoast_head_json":{"title":"\"Ni\u00f1ito\" - Sitio web de Ignacio S\u00e1nchez-Mej\u00edas Herrero","robots":{"index":"index","follow":"follow","max-snippet":"max-snippet:-1","max-image-preview":"max-image-preview:large","max-video-preview":"max-video-preview:-1"},"canonical":"https:\/\/www.ignaciosanchezmejias.es\/index.php\/2014\/05\/08\/ninito\/","og_locale":"es_ES","og_type":"article","og_title":"\"Ni\u00f1ito\" - Sitio web de Ignacio S\u00e1nchez-Mej\u00edas Herrero","og_description":".&nbsp; Ayer por fin vimos una corrida de toros como las que record\u00e1bamos y que ya ten\u00edamos casi olvidadas despu\u00e9s de tanto fiasco ganadero. Una corrida variada de juego, bravos los m\u00e1s, algunos con su genio, otros m\u00e1s nobles, alguno m\u00e1s apagado, pero todos encastados. Un festejo entretenido, nadie se aburri\u00f3. Un oasis en este [&hellip;]","og_url":"https:\/\/www.ignaciosanchezmejias.es\/index.php\/2014\/05\/08\/ninito\/","og_site_name":"Sitio web de Ignacio S\u00e1nchez-Mej\u00edas Herrero","article_published_time":"2014-05-08T20:12:24+00:00","article_modified_time":"2021-03-02T16:18:40+00:00","og_image":[{"width":478,"height":270,"url":"https:\/\/www.ignaciosanchezmejias.es\/wp-content\/uploads\/2014\/05\/2014-Ninito-Mora-EFE.jpg","type":"image\/jpeg"}],"author":"isanchezmejias","twitter_card":"summary_large_image","twitter_misc":{"Escrito por":"isanchezmejias","Tiempo de lectura":"2 minutos"},"schema":{"@context":"https:\/\/schema.org","@graph":[{"@type":"Article","@id":"https:\/\/www.ignaciosanchezmejias.es\/index.php\/2014\/05\/08\/ninito\/#article","isPartOf":{"@id":"https:\/\/www.ignaciosanchezmejias.es\/index.php\/2014\/05\/08\/ninito\/"},"author":{"name":"isanchezmejias","@id":"https:\/\/www.ignaciosanchezmejias.es\/#\/schema\/person\/494d20bda3404108c02016d5e608fc65"},"headline":"\u00abNi\u00f1ito\u00bb","datePublished":"2014-05-08T20:12:24+00:00","dateModified":"2021-03-02T16:18:40+00:00","mainEntityOfPage":{"@id":"https:\/\/www.ignaciosanchezmejias.es\/index.php\/2014\/05\/08\/ninito\/"},"wordCount":429,"commentCount":10,"publisher":{"@id":"https:\/\/www.ignaciosanchezmejias.es\/#\/schema\/person\/494d20bda3404108c02016d5e608fc65"},"image":{"@id":"https:\/\/www.ignaciosanchezmejias.es\/index.php\/2014\/05\/08\/ninito\/#primaryimage"},"thumbnailUrl":"https:\/\/www.ignaciosanchezmejias.es\/wp-content\/uploads\/2014\/05\/2014-Ninito-Mora-EFE.jpg","keywords":["David Mora","El Pilar","Manuel Escribano","Miguel Abell\u00e1n"],"articleSection":["Abono Sevilla 2014"],"inLanguage":"es","potentialAction":[{"@type":"CommentAction","name":"Comment","target":["https:\/\/www.ignaciosanchezmejias.es\/index.php\/2014\/05\/08\/ninito\/#respond"]}]},{"@type":"WebPage","@id":"https:\/\/www.ignaciosanchezmejias.es\/index.php\/2014\/05\/08\/ninito\/","url":"https:\/\/www.ignaciosanchezmejias.es\/index.php\/2014\/05\/08\/ninito\/","name":"\"Ni\u00f1ito\" - Sitio web de Ignacio S\u00e1nchez-Mej\u00edas Herrero","isPartOf":{"@id":"https:\/\/www.ignaciosanchezmejias.es\/#website"},"primaryImageOfPage":{"@id":"https:\/\/www.ignaciosanchezmejias.es\/index.php\/2014\/05\/08\/ninito\/#primaryimage"},"image":{"@id":"https:\/\/www.ignaciosanchezmejias.es\/index.php\/2014\/05\/08\/ninito\/#primaryimage"},"thumbnailUrl":"https:\/\/www.ignaciosanchezmejias.es\/wp-content\/uploads\/2014\/05\/2014-Ninito-Mora-EFE.jpg","datePublished":"2014-05-08T20:12:24+00:00","dateModified":"2021-03-02T16:18:40+00:00","breadcrumb":{"@id":"https:\/\/www.ignaciosanchezmejias.es\/index.php\/2014\/05\/08\/ninito\/#breadcrumb"},"inLanguage":"es","potentialAction":[{"@type":"ReadAction","target":["https:\/\/www.ignaciosanchezmejias.es\/index.php\/2014\/05\/08\/ninito\/"]}]},{"@type":"ImageObject","inLanguage":"es","@id":"https:\/\/www.ignaciosanchezmejias.es\/index.php\/2014\/05\/08\/ninito\/#primaryimage","url":"https:\/\/www.ignaciosanchezmejias.es\/wp-content\/uploads\/2014\/05\/2014-Ninito-Mora-EFE.jpg","contentUrl":"https:\/\/www.ignaciosanchezmejias.es\/wp-content\/uploads\/2014\/05\/2014-Ninito-Mora-EFE.jpg","width":478,"height":270,"caption":"Foto: EFE para ABC"},{"@type":"BreadcrumbList","@id":"https:\/\/www.ignaciosanchezmejias.es\/index.php\/2014\/05\/08\/ninito\/#breadcrumb","itemListElement":[{"@type":"ListItem","position":1,"name":"Portada","item":"https:\/\/www.ignaciosanchezmejias.es\/"},{"@type":"ListItem","position":2,"name":"\u00abNi\u00f1ito\u00bb"}]},{"@type":"WebSite","@id":"https:\/\/www.ignaciosanchezmejias.es\/#website","url":"https:\/\/www.ignaciosanchezmejias.es\/","name":"Blog de Ignacio S\u00e1nchez-Mej\u00edas","description":"Sitio personal ISM","publisher":{"@id":"https:\/\/www.ignaciosanchezmejias.es\/#\/schema\/person\/494d20bda3404108c02016d5e608fc65"},"potentialAction":[{"@type":"SearchAction","target":{"@type":"EntryPoint","urlTemplate":"https:\/\/www.ignaciosanchezmejias.es\/?s={search_term_string}"},"query-input":{"@type":"PropertyValueSpecification","valueRequired":true,"valueName":"search_term_string"}}],"inLanguage":"es"},{"@type":["Person","Organization"],"@id":"https:\/\/www.ignaciosanchezmejias.es\/#\/schema\/person\/494d20bda3404108c02016d5e608fc65","name":"isanchezmejias","image":{"@type":"ImageObject","inLanguage":"es","@id":"https:\/\/www.ignaciosanchezmejias.es\/wp-content\/uploads\/2020\/06\/cropped-Yo-antes.jpg","url":"https:\/\/www.ignaciosanchezmejias.es\/wp-content\/uploads\/2020\/06\/cropped-Yo-antes.jpg","contentUrl":"https:\/\/www.ignaciosanchezmejias.es\/wp-content\/uploads\/2020\/06\/cropped-Yo-antes.jpg","width":681,"height":482,"caption":"isanchezmejias"},"logo":{"@id":"https:\/\/www.ignaciosanchezmejias.es\/wp-content\/uploads\/2020\/06\/cropped-Yo-antes.jpg"},"sameAs":["https:\/\/www.ignaciosanchezmejias.es"],"url":"https:\/\/www.ignaciosanchezmejias.es\/index.php\/author\/isanchezmejias\/"}]}},"_links":{"self":[{"href":"https:\/\/www.ignaciosanchezmejias.es\/index.php\/wp-json\/wp\/v2\/posts\/3627","targetHints":{"allow":["GET"]}}],"collection":[{"href":"https:\/\/www.ignaciosanchezmejias.es\/index.php\/wp-json\/wp\/v2\/posts"}],"about":[{"href":"https:\/\/www.ignaciosanchezmejias.es\/index.php\/wp-json\/wp\/v2\/types\/post"}],"author":[{"embeddable":true,"href":"https:\/\/www.ignaciosanchezmejias.es\/index.php\/wp-json\/wp\/v2\/users\/1"}],"replies":[{"embeddable":true,"href":"https:\/\/www.ignaciosanchezmejias.es\/index.php\/wp-json\/wp\/v2\/comments?post=3627"}],"version-history":[{"count":2,"href":"https:\/\/www.ignaciosanchezmejias.es\/index.php\/wp-json\/wp\/v2\/posts\/3627\/revisions"}],"predecessor-version":[{"id":5749,"href":"https:\/\/www.ignaciosanchezmejias.es\/index.php\/wp-json\/wp\/v2\/posts\/3627\/revisions\/5749"}],"wp:featuredmedia":[{"embeddable":true,"href":"https:\/\/www.ignaciosanchezmejias.es\/index.php\/wp-json\/wp\/v2\/media\/5748"}],"wp:attachment":[{"href":"https:\/\/www.ignaciosanchezmejias.es\/index.php\/wp-json\/wp\/v2\/media?parent=3627"}],"wp:term":[{"taxonomy":"category","embeddable":true,"href":"https:\/\/www.ignaciosanchezmejias.es\/index.php\/wp-json\/wp\/v2\/categories?post=3627"},{"taxonomy":"post_tag","embeddable":true,"href":"https:\/\/www.ignaciosanchezmejias.es\/index.php\/wp-json\/wp\/v2\/tags?post=3627"}],"curies":[{"name":"wp","href":"https:\/\/api.w.org\/{rel}","templated":true}]}}