{"id":3610,"date":"2014-05-02T22:36:20","date_gmt":"2014-05-02T21:36:20","guid":{"rendered":"http:\/\/blogs.sevilla.abc.es\/desdeeltendido2\/?p=3610"},"modified":"2021-03-02T10:04:33","modified_gmt":"2021-03-02T10:04:33","slug":"sintomas-de-declive","status":"publish","type":"post","link":"https:\/\/www.ignaciosanchezmejias.es\/index.php\/2014\/05\/02\/sintomas-de-declive\/","title":{"rendered":"S\u00edntomas de declive"},"content":{"rendered":"\n<p class=\"has-text-align-right\">&nbsp;.<\/p>\n\n\n\n<p>Estuvimos ayer comentando en el tendido que hace no muchos a\u00f1os una corrida de toros en Sevilla, aunque fuese en preferia, era un acontecimiento social en la ciudad. Los alrededores de la Maestranza se llenaban de ambiente y los bares de gente. Hoy, te vas acercando a La Maestranza y casi ni notas que es d\u00eda de corrida. Otra cosa que ha cambiado es el p\u00fablico que acude a la plaza. Con la huida de aficionados de toda la vida hay un p\u00fablico variopinto y muchos visitantes y turistas, que bienvenidos sean. Pero, es un s\u00edntoma de declive evidente que de elegantes se\u00f1oras en el sill\u00f3n de tendido hayamos pasado a se\u00f1ores en pantalones cortos luciendo pelo en pierna.<\/p>\n\n\n\n<p>El declive del tercio de varas es evidente, a veces tan evidente que ni existe. As\u00ed, un buen puyazo de Iturralde, pasa totalmente desapercibido. Es un s\u00edntoma de declive que se corte una oreja por una faena sin dominio, a un manso descastado, hecha donde el toro quiso, o sea en el sol, y en donde lo m\u00e1s meritorio fue la estocada de Esa\u00fa. En declive tambi\u00e9n nuestra magn\u00edfica banda de m\u00fasica que arranc\u00f3 a tocarle al manso en la segunda tanda, cuando la faena ni era art\u00edstica, ni parec\u00eda estructurarse. Declive tambi\u00e9n en la presidencia que ha otorgado una oreja con una petici\u00f3n que no parec\u00eda ni mayoritaria. De acuerdo en que el p\u00fablico es soberano, pero hay que medir estas cosas porque se deval\u00faa la plaza, y a todos nos compete, y en especial a la presidencia, evitarlo.<\/p>\n\n\n\n<p>La corrida de Fuente Ymbro ha defraudado las expectativas creadas. Bien presentada, quiz\u00e1s algo desigual, pero con algunos toros mansos y otros sin fuerza. Muy lejos de los toros encastados y con movilidad que esper\u00e1bamos. Casta\u00f1o ha asfixiado algo al primero que ten\u00eda poco recorrido y ha realizado una faena con criterio a su segundo que mat\u00f3 mal. Nos gust\u00f3 un par de Fernando S\u00e1nchez en el primero. Lo mejor de Esa\u00fa ha sido su disposici\u00f3n y las dos estocadas, aunque en su segundo pudo haber hecho algo m\u00e1s. Ure\u00f1a, aunque ha tenido poco material, ha pasado de puntillas por Sevilla.<\/p>\n\n\n\n<p>La idea de que \u00e9sta tiene que ser la feria de las figuras del ma\u00f1ana no puede ser excusa para forzar los triunfos, porque entonces ser\u00e1n ef\u00edmeros y esta plaza no se lo merece.<\/p>\n\n\n\n<p><a href=\"https:\/\/twitter.com\/isanchezmejias\" target=\"_blank\" rel=\"noopener\">@isanchezmejias<\/a><\/p>\n","protected":false},"excerpt":{"rendered":"<p>&nbsp;. Estuvimos ayer comentando en el tendido que hace no muchos a\u00f1os una corrida de toros en Sevilla, aunque fuese en preferia, era un acontecimiento social en la ciudad. Los alrededores de la Maestranza se llenaban de ambiente y los bares de gente. Hoy, te vas acercando a La Maestranza y casi ni notas que [&hellip;]<\/p>\n","protected":false},"author":1,"featured_media":5733,"comment_status":"open","ping_status":"closed","sticky":false,"template":"","format":"standard","meta":{"footnotes":""},"categories":[487],"tags":[199,73,174,188],"class_list":["post-3610","post","type-post","status-publish","format-standard","has-post-thumbnail","hentry","category-abono-sevilla-2014","tag-esau-fernandez","tag-fuente-ymbro","tag-javier-castano","tag-paco-urena"],"yoast_head":"<!-- This site is optimized with the Yoast SEO plugin v27.5 - https:\/\/yoast.com\/product\/yoast-seo-wordpress\/ -->\n<title>S\u00edntomas de declive - Sitio web de Ignacio S\u00e1nchez-Mej\u00edas Herrero<\/title>\n<meta name=\"robots\" content=\"index, follow, max-snippet:-1, max-image-preview:large, max-video-preview:-1\" \/>\n<link rel=\"canonical\" href=\"https:\/\/www.ignaciosanchezmejias.es\/index.php\/2014\/05\/02\/sintomas-de-declive\/\" \/>\n<meta property=\"og:locale\" content=\"es_ES\" \/>\n<meta property=\"og:type\" content=\"article\" \/>\n<meta property=\"og:title\" content=\"S\u00edntomas de declive - Sitio web de Ignacio S\u00e1nchez-Mej\u00edas Herrero\" \/>\n<meta property=\"og:description\" content=\"&nbsp;. Estuvimos ayer comentando en el tendido que hace no muchos a\u00f1os una corrida de toros en Sevilla, aunque fuese en preferia, era un acontecimiento social en la ciudad. Los alrededores de la Maestranza se llenaban de ambiente y los bares de gente. Hoy, te vas acercando a La Maestranza y casi ni notas que [&hellip;]\" \/>\n<meta property=\"og:url\" content=\"https:\/\/www.ignaciosanchezmejias.es\/index.php\/2014\/05\/02\/sintomas-de-declive\/\" \/>\n<meta property=\"og:site_name\" content=\"Sitio web de Ignacio S\u00e1nchez-Mej\u00edas Herrero\" \/>\n<meta property=\"article:published_time\" content=\"2014-05-02T21:36:20+00:00\" \/>\n<meta property=\"article:modified_time\" content=\"2021-03-02T10:04:33+00:00\" \/>\n<meta property=\"og:image\" content=\"https:\/\/www.ignaciosanchezmejias.es\/wp-content\/uploads\/2014\/05\/2014-Esau-FY.jpg\" \/>\n\t<meta property=\"og:image:width\" content=\"580\" \/>\n\t<meta property=\"og:image:height\" content=\"378\" \/>\n\t<meta property=\"og:image:type\" content=\"image\/jpeg\" \/>\n<meta name=\"author\" content=\"isanchezmejias\" \/>\n<meta name=\"twitter:card\" content=\"summary_large_image\" \/>\n<meta name=\"twitter:label1\" content=\"Escrito por\" \/>\n\t<meta name=\"twitter:data1\" content=\"isanchezmejias\" \/>\n\t<meta name=\"twitter:label2\" content=\"Tiempo de lectura\" \/>\n\t<meta name=\"twitter:data2\" content=\"2 minutos\" \/>\n<script type=\"application\/ld+json\" class=\"yoast-schema-graph\">{\"@context\":\"https:\\\/\\\/schema.org\",\"@graph\":[{\"@type\":\"Article\",\"@id\":\"https:\\\/\\\/www.ignaciosanchezmejias.es\\\/index.php\\\/2014\\\/05\\\/02\\\/sintomas-de-declive\\\/#article\",\"isPartOf\":{\"@id\":\"https:\\\/\\\/www.ignaciosanchezmejias.es\\\/index.php\\\/2014\\\/05\\\/02\\\/sintomas-de-declive\\\/\"},\"author\":{\"name\":\"isanchezmejias\",\"@id\":\"https:\\\/\\\/www.ignaciosanchezmejias.es\\\/#\\\/schema\\\/person\\\/494d20bda3404108c02016d5e608fc65\"},\"headline\":\"S\u00edntomas de declive\",\"datePublished\":\"2014-05-02T21:36:20+00:00\",\"dateModified\":\"2021-03-02T10:04:33+00:00\",\"mainEntityOfPage\":{\"@id\":\"https:\\\/\\\/www.ignaciosanchezmejias.es\\\/index.php\\\/2014\\\/05\\\/02\\\/sintomas-de-declive\\\/\"},\"wordCount\":431,\"commentCount\":6,\"publisher\":{\"@id\":\"https:\\\/\\\/www.ignaciosanchezmejias.es\\\/#\\\/schema\\\/person\\\/494d20bda3404108c02016d5e608fc65\"},\"image\":{\"@id\":\"https:\\\/\\\/www.ignaciosanchezmejias.es\\\/index.php\\\/2014\\\/05\\\/02\\\/sintomas-de-declive\\\/#primaryimage\"},\"thumbnailUrl\":\"https:\\\/\\\/www.ignaciosanchezmejias.es\\\/wp-content\\\/uploads\\\/2014\\\/05\\\/2014-Esau-FY.jpg\",\"keywords\":[\"Esa\u00fa Fern\u00e1ndez\",\"Fuente Ymbro\",\"Javier Casta\u00f1o\",\"Paco Ure\u00f1a\"],\"articleSection\":[\"Abono Sevilla 2014\"],\"inLanguage\":\"es\",\"potentialAction\":[{\"@type\":\"CommentAction\",\"name\":\"Comment\",\"target\":[\"https:\\\/\\\/www.ignaciosanchezmejias.es\\\/index.php\\\/2014\\\/05\\\/02\\\/sintomas-de-declive\\\/#respond\"]}]},{\"@type\":\"WebPage\",\"@id\":\"https:\\\/\\\/www.ignaciosanchezmejias.es\\\/index.php\\\/2014\\\/05\\\/02\\\/sintomas-de-declive\\\/\",\"url\":\"https:\\\/\\\/www.ignaciosanchezmejias.es\\\/index.php\\\/2014\\\/05\\\/02\\\/sintomas-de-declive\\\/\",\"name\":\"S\u00edntomas de declive - Sitio web de Ignacio S\u00e1nchez-Mej\u00edas Herrero\",\"isPartOf\":{\"@id\":\"https:\\\/\\\/www.ignaciosanchezmejias.es\\\/#website\"},\"primaryImageOfPage\":{\"@id\":\"https:\\\/\\\/www.ignaciosanchezmejias.es\\\/index.php\\\/2014\\\/05\\\/02\\\/sintomas-de-declive\\\/#primaryimage\"},\"image\":{\"@id\":\"https:\\\/\\\/www.ignaciosanchezmejias.es\\\/index.php\\\/2014\\\/05\\\/02\\\/sintomas-de-declive\\\/#primaryimage\"},\"thumbnailUrl\":\"https:\\\/\\\/www.ignaciosanchezmejias.es\\\/wp-content\\\/uploads\\\/2014\\\/05\\\/2014-Esau-FY.jpg\",\"datePublished\":\"2014-05-02T21:36:20+00:00\",\"dateModified\":\"2021-03-02T10:04:33+00:00\",\"breadcrumb\":{\"@id\":\"https:\\\/\\\/www.ignaciosanchezmejias.es\\\/index.php\\\/2014\\\/05\\\/02\\\/sintomas-de-declive\\\/#breadcrumb\"},\"inLanguage\":\"es\",\"potentialAction\":[{\"@type\":\"ReadAction\",\"target\":[\"https:\\\/\\\/www.ignaciosanchezmejias.es\\\/index.php\\\/2014\\\/05\\\/02\\\/sintomas-de-declive\\\/\"]}]},{\"@type\":\"ImageObject\",\"inLanguage\":\"es\",\"@id\":\"https:\\\/\\\/www.ignaciosanchezmejias.es\\\/index.php\\\/2014\\\/05\\\/02\\\/sintomas-de-declive\\\/#primaryimage\",\"url\":\"https:\\\/\\\/www.ignaciosanchezmejias.es\\\/wp-content\\\/uploads\\\/2014\\\/05\\\/2014-Esau-FY.jpg\",\"contentUrl\":\"https:\\\/\\\/www.ignaciosanchezmejias.es\\\/wp-content\\\/uploads\\\/2014\\\/05\\\/2014-Esau-FY.jpg\",\"width\":580,\"height\":378,\"caption\":\"Foto: plazadetorosdelamaestranza.com\"},{\"@type\":\"BreadcrumbList\",\"@id\":\"https:\\\/\\\/www.ignaciosanchezmejias.es\\\/index.php\\\/2014\\\/05\\\/02\\\/sintomas-de-declive\\\/#breadcrumb\",\"itemListElement\":[{\"@type\":\"ListItem\",\"position\":1,\"name\":\"Portada\",\"item\":\"https:\\\/\\\/www.ignaciosanchezmejias.es\\\/\"},{\"@type\":\"ListItem\",\"position\":2,\"name\":\"S\u00edntomas de declive\"}]},{\"@type\":\"WebSite\",\"@id\":\"https:\\\/\\\/www.ignaciosanchezmejias.es\\\/#website\",\"url\":\"https:\\\/\\\/www.ignaciosanchezmejias.es\\\/\",\"name\":\"Blog de Ignacio S\u00e1nchez-Mej\u00edas\",\"description\":\"Sitio personal ISM\",\"publisher\":{\"@id\":\"https:\\\/\\\/www.ignaciosanchezmejias.es\\\/#\\\/schema\\\/person\\\/494d20bda3404108c02016d5e608fc65\"},\"potentialAction\":[{\"@type\":\"SearchAction\",\"target\":{\"@type\":\"EntryPoint\",\"urlTemplate\":\"https:\\\/\\\/www.ignaciosanchezmejias.es\\\/?s={search_term_string}\"},\"query-input\":{\"@type\":\"PropertyValueSpecification\",\"valueRequired\":true,\"valueName\":\"search_term_string\"}}],\"inLanguage\":\"es\"},{\"@type\":[\"Person\",\"Organization\"],\"@id\":\"https:\\\/\\\/www.ignaciosanchezmejias.es\\\/#\\\/schema\\\/person\\\/494d20bda3404108c02016d5e608fc65\",\"name\":\"isanchezmejias\",\"image\":{\"@type\":\"ImageObject\",\"inLanguage\":\"es\",\"@id\":\"https:\\\/\\\/www.ignaciosanchezmejias.es\\\/wp-content\\\/uploads\\\/2020\\\/06\\\/cropped-Yo-antes.jpg\",\"url\":\"https:\\\/\\\/www.ignaciosanchezmejias.es\\\/wp-content\\\/uploads\\\/2020\\\/06\\\/cropped-Yo-antes.jpg\",\"contentUrl\":\"https:\\\/\\\/www.ignaciosanchezmejias.es\\\/wp-content\\\/uploads\\\/2020\\\/06\\\/cropped-Yo-antes.jpg\",\"width\":681,\"height\":482,\"caption\":\"isanchezmejias\"},\"logo\":{\"@id\":\"https:\\\/\\\/www.ignaciosanchezmejias.es\\\/wp-content\\\/uploads\\\/2020\\\/06\\\/cropped-Yo-antes.jpg\"},\"sameAs\":[\"https:\\\/\\\/www.ignaciosanchezmejias.es\"],\"url\":\"https:\\\/\\\/www.ignaciosanchezmejias.es\\\/index.php\\\/author\\\/isanchezmejias\\\/\"}]}<\/script>\n<!-- \/ Yoast SEO plugin. -->","yoast_head_json":{"title":"S\u00edntomas de declive - Sitio web de Ignacio S\u00e1nchez-Mej\u00edas Herrero","robots":{"index":"index","follow":"follow","max-snippet":"max-snippet:-1","max-image-preview":"max-image-preview:large","max-video-preview":"max-video-preview:-1"},"canonical":"https:\/\/www.ignaciosanchezmejias.es\/index.php\/2014\/05\/02\/sintomas-de-declive\/","og_locale":"es_ES","og_type":"article","og_title":"S\u00edntomas de declive - Sitio web de Ignacio S\u00e1nchez-Mej\u00edas Herrero","og_description":"&nbsp;. Estuvimos ayer comentando en el tendido que hace no muchos a\u00f1os una corrida de toros en Sevilla, aunque fuese en preferia, era un acontecimiento social en la ciudad. Los alrededores de la Maestranza se llenaban de ambiente y los bares de gente. Hoy, te vas acercando a La Maestranza y casi ni notas que [&hellip;]","og_url":"https:\/\/www.ignaciosanchezmejias.es\/index.php\/2014\/05\/02\/sintomas-de-declive\/","og_site_name":"Sitio web de Ignacio S\u00e1nchez-Mej\u00edas Herrero","article_published_time":"2014-05-02T21:36:20+00:00","article_modified_time":"2021-03-02T10:04:33+00:00","og_image":[{"width":580,"height":378,"url":"https:\/\/www.ignaciosanchezmejias.es\/wp-content\/uploads\/2014\/05\/2014-Esau-FY.jpg","type":"image\/jpeg"}],"author":"isanchezmejias","twitter_card":"summary_large_image","twitter_misc":{"Escrito por":"isanchezmejias","Tiempo de lectura":"2 minutos"},"schema":{"@context":"https:\/\/schema.org","@graph":[{"@type":"Article","@id":"https:\/\/www.ignaciosanchezmejias.es\/index.php\/2014\/05\/02\/sintomas-de-declive\/#article","isPartOf":{"@id":"https:\/\/www.ignaciosanchezmejias.es\/index.php\/2014\/05\/02\/sintomas-de-declive\/"},"author":{"name":"isanchezmejias","@id":"https:\/\/www.ignaciosanchezmejias.es\/#\/schema\/person\/494d20bda3404108c02016d5e608fc65"},"headline":"S\u00edntomas de declive","datePublished":"2014-05-02T21:36:20+00:00","dateModified":"2021-03-02T10:04:33+00:00","mainEntityOfPage":{"@id":"https:\/\/www.ignaciosanchezmejias.es\/index.php\/2014\/05\/02\/sintomas-de-declive\/"},"wordCount":431,"commentCount":6,"publisher":{"@id":"https:\/\/www.ignaciosanchezmejias.es\/#\/schema\/person\/494d20bda3404108c02016d5e608fc65"},"image":{"@id":"https:\/\/www.ignaciosanchezmejias.es\/index.php\/2014\/05\/02\/sintomas-de-declive\/#primaryimage"},"thumbnailUrl":"https:\/\/www.ignaciosanchezmejias.es\/wp-content\/uploads\/2014\/05\/2014-Esau-FY.jpg","keywords":["Esa\u00fa Fern\u00e1ndez","Fuente Ymbro","Javier Casta\u00f1o","Paco Ure\u00f1a"],"articleSection":["Abono Sevilla 2014"],"inLanguage":"es","potentialAction":[{"@type":"CommentAction","name":"Comment","target":["https:\/\/www.ignaciosanchezmejias.es\/index.php\/2014\/05\/02\/sintomas-de-declive\/#respond"]}]},{"@type":"WebPage","@id":"https:\/\/www.ignaciosanchezmejias.es\/index.php\/2014\/05\/02\/sintomas-de-declive\/","url":"https:\/\/www.ignaciosanchezmejias.es\/index.php\/2014\/05\/02\/sintomas-de-declive\/","name":"S\u00edntomas de declive - Sitio web de Ignacio S\u00e1nchez-Mej\u00edas Herrero","isPartOf":{"@id":"https:\/\/www.ignaciosanchezmejias.es\/#website"},"primaryImageOfPage":{"@id":"https:\/\/www.ignaciosanchezmejias.es\/index.php\/2014\/05\/02\/sintomas-de-declive\/#primaryimage"},"image":{"@id":"https:\/\/www.ignaciosanchezmejias.es\/index.php\/2014\/05\/02\/sintomas-de-declive\/#primaryimage"},"thumbnailUrl":"https:\/\/www.ignaciosanchezmejias.es\/wp-content\/uploads\/2014\/05\/2014-Esau-FY.jpg","datePublished":"2014-05-02T21:36:20+00:00","dateModified":"2021-03-02T10:04:33+00:00","breadcrumb":{"@id":"https:\/\/www.ignaciosanchezmejias.es\/index.php\/2014\/05\/02\/sintomas-de-declive\/#breadcrumb"},"inLanguage":"es","potentialAction":[{"@type":"ReadAction","target":["https:\/\/www.ignaciosanchezmejias.es\/index.php\/2014\/05\/02\/sintomas-de-declive\/"]}]},{"@type":"ImageObject","inLanguage":"es","@id":"https:\/\/www.ignaciosanchezmejias.es\/index.php\/2014\/05\/02\/sintomas-de-declive\/#primaryimage","url":"https:\/\/www.ignaciosanchezmejias.es\/wp-content\/uploads\/2014\/05\/2014-Esau-FY.jpg","contentUrl":"https:\/\/www.ignaciosanchezmejias.es\/wp-content\/uploads\/2014\/05\/2014-Esau-FY.jpg","width":580,"height":378,"caption":"Foto: plazadetorosdelamaestranza.com"},{"@type":"BreadcrumbList","@id":"https:\/\/www.ignaciosanchezmejias.es\/index.php\/2014\/05\/02\/sintomas-de-declive\/#breadcrumb","itemListElement":[{"@type":"ListItem","position":1,"name":"Portada","item":"https:\/\/www.ignaciosanchezmejias.es\/"},{"@type":"ListItem","position":2,"name":"S\u00edntomas de declive"}]},{"@type":"WebSite","@id":"https:\/\/www.ignaciosanchezmejias.es\/#website","url":"https:\/\/www.ignaciosanchezmejias.es\/","name":"Blog de Ignacio S\u00e1nchez-Mej\u00edas","description":"Sitio personal ISM","publisher":{"@id":"https:\/\/www.ignaciosanchezmejias.es\/#\/schema\/person\/494d20bda3404108c02016d5e608fc65"},"potentialAction":[{"@type":"SearchAction","target":{"@type":"EntryPoint","urlTemplate":"https:\/\/www.ignaciosanchezmejias.es\/?s={search_term_string}"},"query-input":{"@type":"PropertyValueSpecification","valueRequired":true,"valueName":"search_term_string"}}],"inLanguage":"es"},{"@type":["Person","Organization"],"@id":"https:\/\/www.ignaciosanchezmejias.es\/#\/schema\/person\/494d20bda3404108c02016d5e608fc65","name":"isanchezmejias","image":{"@type":"ImageObject","inLanguage":"es","@id":"https:\/\/www.ignaciosanchezmejias.es\/wp-content\/uploads\/2020\/06\/cropped-Yo-antes.jpg","url":"https:\/\/www.ignaciosanchezmejias.es\/wp-content\/uploads\/2020\/06\/cropped-Yo-antes.jpg","contentUrl":"https:\/\/www.ignaciosanchezmejias.es\/wp-content\/uploads\/2020\/06\/cropped-Yo-antes.jpg","width":681,"height":482,"caption":"isanchezmejias"},"logo":{"@id":"https:\/\/www.ignaciosanchezmejias.es\/wp-content\/uploads\/2020\/06\/cropped-Yo-antes.jpg"},"sameAs":["https:\/\/www.ignaciosanchezmejias.es"],"url":"https:\/\/www.ignaciosanchezmejias.es\/index.php\/author\/isanchezmejias\/"}]}},"_links":{"self":[{"href":"https:\/\/www.ignaciosanchezmejias.es\/index.php\/wp-json\/wp\/v2\/posts\/3610","targetHints":{"allow":["GET"]}}],"collection":[{"href":"https:\/\/www.ignaciosanchezmejias.es\/index.php\/wp-json\/wp\/v2\/posts"}],"about":[{"href":"https:\/\/www.ignaciosanchezmejias.es\/index.php\/wp-json\/wp\/v2\/types\/post"}],"author":[{"embeddable":true,"href":"https:\/\/www.ignaciosanchezmejias.es\/index.php\/wp-json\/wp\/v2\/users\/1"}],"replies":[{"embeddable":true,"href":"https:\/\/www.ignaciosanchezmejias.es\/index.php\/wp-json\/wp\/v2\/comments?post=3610"}],"version-history":[{"count":2,"href":"https:\/\/www.ignaciosanchezmejias.es\/index.php\/wp-json\/wp\/v2\/posts\/3610\/revisions"}],"predecessor-version":[{"id":5734,"href":"https:\/\/www.ignaciosanchezmejias.es\/index.php\/wp-json\/wp\/v2\/posts\/3610\/revisions\/5734"}],"wp:featuredmedia":[{"embeddable":true,"href":"https:\/\/www.ignaciosanchezmejias.es\/index.php\/wp-json\/wp\/v2\/media\/5733"}],"wp:attachment":[{"href":"https:\/\/www.ignaciosanchezmejias.es\/index.php\/wp-json\/wp\/v2\/media?parent=3610"}],"wp:term":[{"taxonomy":"category","embeddable":true,"href":"https:\/\/www.ignaciosanchezmejias.es\/index.php\/wp-json\/wp\/v2\/categories?post=3610"},{"taxonomy":"post_tag","embeddable":true,"href":"https:\/\/www.ignaciosanchezmejias.es\/index.php\/wp-json\/wp\/v2\/tags?post=3610"}],"curies":[{"name":"wp","href":"https:\/\/api.w.org\/{rel}","templated":true}]}}