{"id":3606,"date":"2014-05-01T22:07:45","date_gmt":"2014-05-01T21:07:45","guid":{"rendered":"http:\/\/blogs.sevilla.abc.es\/desdeeltendido2\/?p=3606"},"modified":"2021-03-02T09:54:30","modified_gmt":"2021-03-02T09:54:30","slug":"lo-que-queda-del-2","status":"publish","type":"post","link":"https:\/\/www.ignaciosanchezmejias.es\/index.php\/2014\/05\/01\/lo-que-queda-del-2\/","title":{"rendered":"Lo que queda del 2"},"content":{"rendered":"\n<p class=\"has-text-align-right\">.<\/p>\n\n\n\n<p>Hemos pasado un invierno muy entretenido con el boicot de los cinco toreros, el llamado G5, a la empresa de Sevilla. Entre comunicado y comunicado se nos ha ido haciendo el cuerpo a que esta guerra la perd\u00eda la afici\u00f3n de Sevilla con la ausencia del G5 de la Feria. Pero cuando esper\u00e1bamos la respuesta de la empresa con un abono rompedor, esta responde con un abono con la misma estructura que el anterior, en donde en vez de abrir m\u00e1s los carteles, sustituye a Morante, El Juli, Manzanares y Talavante, por El Cid y Escribano (4 tardes), y Luque y Adame (3 tardes). Adem\u00e1s, mantiene el precio de las entradas sueltas como si torearan los del G5 y rebaja el abono en s\u00f3lo un 15%. El resultado, que pudimos ver en la primera del ciclo continuado es desolador. A un abono sin imaginaci\u00f3n se ha respondido no sac\u00e1ndolo. Si en a\u00f1os anteriores esto que escribimos, eran los comentarios de un grupo de aficionados del Tendido 2, este a\u00f1o el grupo se ha quedado en menos de la mitad, por lo que muchos d\u00edas voy a tener que asumir la responsabilidad de los mismos casi en solitario. Es lo que hay.<\/p>\n\n\n\n<p>La corrida de ayer fue la corrida de los cinque\u00f1os. Los tres cinque\u00f1os lidiados superaron a los otros tres cuatre\u00f1os. La suerte fue que se sorte\u00f3 con criterio y cada torero pudo disfrutar de un toro boyante. El que mejor lo aprovech\u00f3 fue del \u00c1lamo, que en su segundo cuaj\u00f3 una faena vibrante y art\u00edstica que ech\u00f3 a perder con los aceros. El toro no era f\u00e1cil y se lo dej\u00f3 pasar muy de cerca tanto con el capote como con la muleta. El primero de Nazar\u00e9 se par\u00f3, pero su segundo fue un buen toro que no aprovech\u00f3, y se qued\u00f3 en el casi. Silveti que no apret\u00f3 el acelerador en su buen primero, un toro con picante y s\u00ed lo hizo en el \u00faltimo, pero el material ya era distinto. La corrida deja un poso de que podr\u00eda haberse ido a los corrales con algunas orejas menos.<\/p>\n\n\n\n<p><span style=\"line-height: 1.5em;\">Algo que hay que mejorar son los brindis al p\u00fablico, esto no es un compromiso. No se pueden brindar tres toros al p\u00fablico para no dar ni una vuelta al ruedo.<\/span><\/p>\n\n\n\n<p><a href=\"https:\/\/twitter.com\/isanchezmejias\" target=\"_blank\" rel=\"noopener\">@isanchezmejias<\/a><\/p>\n","protected":false},"excerpt":{"rendered":"<p>. Hemos pasado un invierno muy entretenido con el boicot de los cinco toreros, el llamado G5, a la empresa de Sevilla. Entre comunicado y comunicado se nos ha ido haciendo el cuerpo a que esta guerra la perd\u00eda la afici\u00f3n de Sevilla con la ausencia del G5 de la Feria. Pero cuando esper\u00e1bamos la [&hellip;]<\/p>\n","protected":false},"author":1,"featured_media":5730,"comment_status":"open","ping_status":"closed","sticky":false,"template":"","format":"standard","meta":{"footnotes":""},"categories":[487],"tags":[142,336,373,399],"class_list":["post-3606","post","type-post","status-publish","format-standard","has-post-thumbnail","hentry","category-abono-sevilla-2014","tag-antonio-nazare","tag-diego-silveti","tag-juan-del-alamo","tag-montalvo"],"yoast_head":"<!-- This site is optimized with the Yoast SEO plugin v27.5 - https:\/\/yoast.com\/product\/yoast-seo-wordpress\/ -->\n<title>Lo que queda del 2 - Sitio web de Ignacio S\u00e1nchez-Mej\u00edas Herrero<\/title>\n<meta name=\"robots\" content=\"index, follow, max-snippet:-1, max-image-preview:large, max-video-preview:-1\" \/>\n<link rel=\"canonical\" href=\"https:\/\/www.ignaciosanchezmejias.es\/index.php\/2014\/05\/01\/lo-que-queda-del-2\/\" \/>\n<meta property=\"og:locale\" content=\"es_ES\" \/>\n<meta property=\"og:type\" content=\"article\" \/>\n<meta property=\"og:title\" content=\"Lo que queda del 2 - Sitio web de Ignacio S\u00e1nchez-Mej\u00edas Herrero\" \/>\n<meta property=\"og:description\" content=\". Hemos pasado un invierno muy entretenido con el boicot de los cinco toreros, el llamado G5, a la empresa de Sevilla. Entre comunicado y comunicado se nos ha ido haciendo el cuerpo a que esta guerra la perd\u00eda la afici\u00f3n de Sevilla con la ausencia del G5 de la Feria. Pero cuando esper\u00e1bamos la [&hellip;]\" \/>\n<meta property=\"og:url\" content=\"https:\/\/www.ignaciosanchezmejias.es\/index.php\/2014\/05\/01\/lo-que-queda-del-2\/\" \/>\n<meta property=\"og:site_name\" content=\"Sitio web de Ignacio S\u00e1nchez-Mej\u00edas Herrero\" \/>\n<meta property=\"article:published_time\" content=\"2014-05-01T21:07:45+00:00\" \/>\n<meta property=\"article:modified_time\" content=\"2021-03-02T09:54:30+00:00\" \/>\n<meta property=\"og:image\" content=\"https:\/\/www.ignaciosanchezmejias.es\/wp-content\/uploads\/2014\/05\/2014-Montalvo.jpg\" \/>\n\t<meta property=\"og:image:width\" content=\"580\" \/>\n\t<meta property=\"og:image:height\" content=\"458\" \/>\n\t<meta property=\"og:image:type\" content=\"image\/jpeg\" \/>\n<meta name=\"author\" content=\"isanchezmejias\" \/>\n<meta name=\"twitter:card\" content=\"summary_large_image\" \/>\n<meta name=\"twitter:label1\" content=\"Escrito por\" \/>\n\t<meta name=\"twitter:data1\" content=\"isanchezmejias\" \/>\n\t<meta name=\"twitter:label2\" content=\"Tiempo de lectura\" \/>\n\t<meta name=\"twitter:data2\" content=\"2 minutos\" \/>\n<script type=\"application\/ld+json\" class=\"yoast-schema-graph\">{\"@context\":\"https:\\\/\\\/schema.org\",\"@graph\":[{\"@type\":\"Article\",\"@id\":\"https:\\\/\\\/www.ignaciosanchezmejias.es\\\/index.php\\\/2014\\\/05\\\/01\\\/lo-que-queda-del-2\\\/#article\",\"isPartOf\":{\"@id\":\"https:\\\/\\\/www.ignaciosanchezmejias.es\\\/index.php\\\/2014\\\/05\\\/01\\\/lo-que-queda-del-2\\\/\"},\"author\":{\"name\":\"isanchezmejias\",\"@id\":\"https:\\\/\\\/www.ignaciosanchezmejias.es\\\/#\\\/schema\\\/person\\\/494d20bda3404108c02016d5e608fc65\"},\"headline\":\"Lo que queda del 2\",\"datePublished\":\"2014-05-01T21:07:45+00:00\",\"dateModified\":\"2021-03-02T09:54:30+00:00\",\"mainEntityOfPage\":{\"@id\":\"https:\\\/\\\/www.ignaciosanchezmejias.es\\\/index.php\\\/2014\\\/05\\\/01\\\/lo-que-queda-del-2\\\/\"},\"wordCount\":401,\"commentCount\":5,\"publisher\":{\"@id\":\"https:\\\/\\\/www.ignaciosanchezmejias.es\\\/#\\\/schema\\\/person\\\/494d20bda3404108c02016d5e608fc65\"},\"image\":{\"@id\":\"https:\\\/\\\/www.ignaciosanchezmejias.es\\\/index.php\\\/2014\\\/05\\\/01\\\/lo-que-queda-del-2\\\/#primaryimage\"},\"thumbnailUrl\":\"https:\\\/\\\/www.ignaciosanchezmejias.es\\\/wp-content\\\/uploads\\\/2014\\\/05\\\/2014-Montalvo.jpg\",\"keywords\":[\"Antonio Nazar\u00e9\",\"Diego Silveti\",\"Juan del \u00c1lamo\",\"Montalvo\"],\"articleSection\":[\"Abono Sevilla 2014\"],\"inLanguage\":\"es\",\"potentialAction\":[{\"@type\":\"CommentAction\",\"name\":\"Comment\",\"target\":[\"https:\\\/\\\/www.ignaciosanchezmejias.es\\\/index.php\\\/2014\\\/05\\\/01\\\/lo-que-queda-del-2\\\/#respond\"]}]},{\"@type\":\"WebPage\",\"@id\":\"https:\\\/\\\/www.ignaciosanchezmejias.es\\\/index.php\\\/2014\\\/05\\\/01\\\/lo-que-queda-del-2\\\/\",\"url\":\"https:\\\/\\\/www.ignaciosanchezmejias.es\\\/index.php\\\/2014\\\/05\\\/01\\\/lo-que-queda-del-2\\\/\",\"name\":\"Lo que queda del 2 - Sitio web de Ignacio S\u00e1nchez-Mej\u00edas Herrero\",\"isPartOf\":{\"@id\":\"https:\\\/\\\/www.ignaciosanchezmejias.es\\\/#website\"},\"primaryImageOfPage\":{\"@id\":\"https:\\\/\\\/www.ignaciosanchezmejias.es\\\/index.php\\\/2014\\\/05\\\/01\\\/lo-que-queda-del-2\\\/#primaryimage\"},\"image\":{\"@id\":\"https:\\\/\\\/www.ignaciosanchezmejias.es\\\/index.php\\\/2014\\\/05\\\/01\\\/lo-que-queda-del-2\\\/#primaryimage\"},\"thumbnailUrl\":\"https:\\\/\\\/www.ignaciosanchezmejias.es\\\/wp-content\\\/uploads\\\/2014\\\/05\\\/2014-Montalvo.jpg\",\"datePublished\":\"2014-05-01T21:07:45+00:00\",\"dateModified\":\"2021-03-02T09:54:30+00:00\",\"breadcrumb\":{\"@id\":\"https:\\\/\\\/www.ignaciosanchezmejias.es\\\/index.php\\\/2014\\\/05\\\/01\\\/lo-que-queda-del-2\\\/#breadcrumb\"},\"inLanguage\":\"es\",\"potentialAction\":[{\"@type\":\"ReadAction\",\"target\":[\"https:\\\/\\\/www.ignaciosanchezmejias.es\\\/index.php\\\/2014\\\/05\\\/01\\\/lo-que-queda-del-2\\\/\"]}]},{\"@type\":\"ImageObject\",\"inLanguage\":\"es\",\"@id\":\"https:\\\/\\\/www.ignaciosanchezmejias.es\\\/index.php\\\/2014\\\/05\\\/01\\\/lo-que-queda-del-2\\\/#primaryimage\",\"url\":\"https:\\\/\\\/www.ignaciosanchezmejias.es\\\/wp-content\\\/uploads\\\/2014\\\/05\\\/2014-Montalvo.jpg\",\"contentUrl\":\"https:\\\/\\\/www.ignaciosanchezmejias.es\\\/wp-content\\\/uploads\\\/2014\\\/05\\\/2014-Montalvo.jpg\",\"width\":580,\"height\":458,\"caption\":\"Foto: plazadetorosdelamaestranza.com\"},{\"@type\":\"BreadcrumbList\",\"@id\":\"https:\\\/\\\/www.ignaciosanchezmejias.es\\\/index.php\\\/2014\\\/05\\\/01\\\/lo-que-queda-del-2\\\/#breadcrumb\",\"itemListElement\":[{\"@type\":\"ListItem\",\"position\":1,\"name\":\"Portada\",\"item\":\"https:\\\/\\\/www.ignaciosanchezmejias.es\\\/\"},{\"@type\":\"ListItem\",\"position\":2,\"name\":\"Lo que queda del 2\"}]},{\"@type\":\"WebSite\",\"@id\":\"https:\\\/\\\/www.ignaciosanchezmejias.es\\\/#website\",\"url\":\"https:\\\/\\\/www.ignaciosanchezmejias.es\\\/\",\"name\":\"Blog de Ignacio S\u00e1nchez-Mej\u00edas\",\"description\":\"Sitio personal ISM\",\"publisher\":{\"@id\":\"https:\\\/\\\/www.ignaciosanchezmejias.es\\\/#\\\/schema\\\/person\\\/494d20bda3404108c02016d5e608fc65\"},\"potentialAction\":[{\"@type\":\"SearchAction\",\"target\":{\"@type\":\"EntryPoint\",\"urlTemplate\":\"https:\\\/\\\/www.ignaciosanchezmejias.es\\\/?s={search_term_string}\"},\"query-input\":{\"@type\":\"PropertyValueSpecification\",\"valueRequired\":true,\"valueName\":\"search_term_string\"}}],\"inLanguage\":\"es\"},{\"@type\":[\"Person\",\"Organization\"],\"@id\":\"https:\\\/\\\/www.ignaciosanchezmejias.es\\\/#\\\/schema\\\/person\\\/494d20bda3404108c02016d5e608fc65\",\"name\":\"isanchezmejias\",\"image\":{\"@type\":\"ImageObject\",\"inLanguage\":\"es\",\"@id\":\"https:\\\/\\\/www.ignaciosanchezmejias.es\\\/wp-content\\\/uploads\\\/2020\\\/06\\\/cropped-Yo-antes.jpg\",\"url\":\"https:\\\/\\\/www.ignaciosanchezmejias.es\\\/wp-content\\\/uploads\\\/2020\\\/06\\\/cropped-Yo-antes.jpg\",\"contentUrl\":\"https:\\\/\\\/www.ignaciosanchezmejias.es\\\/wp-content\\\/uploads\\\/2020\\\/06\\\/cropped-Yo-antes.jpg\",\"width\":681,\"height\":482,\"caption\":\"isanchezmejias\"},\"logo\":{\"@id\":\"https:\\\/\\\/www.ignaciosanchezmejias.es\\\/wp-content\\\/uploads\\\/2020\\\/06\\\/cropped-Yo-antes.jpg\"},\"sameAs\":[\"https:\\\/\\\/www.ignaciosanchezmejias.es\"],\"url\":\"https:\\\/\\\/www.ignaciosanchezmejias.es\\\/index.php\\\/author\\\/isanchezmejias\\\/\"}]}<\/script>\n<!-- \/ Yoast SEO plugin. -->","yoast_head_json":{"title":"Lo que queda del 2 - Sitio web de Ignacio S\u00e1nchez-Mej\u00edas Herrero","robots":{"index":"index","follow":"follow","max-snippet":"max-snippet:-1","max-image-preview":"max-image-preview:large","max-video-preview":"max-video-preview:-1"},"canonical":"https:\/\/www.ignaciosanchezmejias.es\/index.php\/2014\/05\/01\/lo-que-queda-del-2\/","og_locale":"es_ES","og_type":"article","og_title":"Lo que queda del 2 - Sitio web de Ignacio S\u00e1nchez-Mej\u00edas Herrero","og_description":". Hemos pasado un invierno muy entretenido con el boicot de los cinco toreros, el llamado G5, a la empresa de Sevilla. Entre comunicado y comunicado se nos ha ido haciendo el cuerpo a que esta guerra la perd\u00eda la afici\u00f3n de Sevilla con la ausencia del G5 de la Feria. Pero cuando esper\u00e1bamos la [&hellip;]","og_url":"https:\/\/www.ignaciosanchezmejias.es\/index.php\/2014\/05\/01\/lo-que-queda-del-2\/","og_site_name":"Sitio web de Ignacio S\u00e1nchez-Mej\u00edas Herrero","article_published_time":"2014-05-01T21:07:45+00:00","article_modified_time":"2021-03-02T09:54:30+00:00","og_image":[{"width":580,"height":458,"url":"https:\/\/www.ignaciosanchezmejias.es\/wp-content\/uploads\/2014\/05\/2014-Montalvo.jpg","type":"image\/jpeg"}],"author":"isanchezmejias","twitter_card":"summary_large_image","twitter_misc":{"Escrito por":"isanchezmejias","Tiempo de lectura":"2 minutos"},"schema":{"@context":"https:\/\/schema.org","@graph":[{"@type":"Article","@id":"https:\/\/www.ignaciosanchezmejias.es\/index.php\/2014\/05\/01\/lo-que-queda-del-2\/#article","isPartOf":{"@id":"https:\/\/www.ignaciosanchezmejias.es\/index.php\/2014\/05\/01\/lo-que-queda-del-2\/"},"author":{"name":"isanchezmejias","@id":"https:\/\/www.ignaciosanchezmejias.es\/#\/schema\/person\/494d20bda3404108c02016d5e608fc65"},"headline":"Lo que queda del 2","datePublished":"2014-05-01T21:07:45+00:00","dateModified":"2021-03-02T09:54:30+00:00","mainEntityOfPage":{"@id":"https:\/\/www.ignaciosanchezmejias.es\/index.php\/2014\/05\/01\/lo-que-queda-del-2\/"},"wordCount":401,"commentCount":5,"publisher":{"@id":"https:\/\/www.ignaciosanchezmejias.es\/#\/schema\/person\/494d20bda3404108c02016d5e608fc65"},"image":{"@id":"https:\/\/www.ignaciosanchezmejias.es\/index.php\/2014\/05\/01\/lo-que-queda-del-2\/#primaryimage"},"thumbnailUrl":"https:\/\/www.ignaciosanchezmejias.es\/wp-content\/uploads\/2014\/05\/2014-Montalvo.jpg","keywords":["Antonio Nazar\u00e9","Diego Silveti","Juan del \u00c1lamo","Montalvo"],"articleSection":["Abono Sevilla 2014"],"inLanguage":"es","potentialAction":[{"@type":"CommentAction","name":"Comment","target":["https:\/\/www.ignaciosanchezmejias.es\/index.php\/2014\/05\/01\/lo-que-queda-del-2\/#respond"]}]},{"@type":"WebPage","@id":"https:\/\/www.ignaciosanchezmejias.es\/index.php\/2014\/05\/01\/lo-que-queda-del-2\/","url":"https:\/\/www.ignaciosanchezmejias.es\/index.php\/2014\/05\/01\/lo-que-queda-del-2\/","name":"Lo que queda del 2 - Sitio web de Ignacio S\u00e1nchez-Mej\u00edas Herrero","isPartOf":{"@id":"https:\/\/www.ignaciosanchezmejias.es\/#website"},"primaryImageOfPage":{"@id":"https:\/\/www.ignaciosanchezmejias.es\/index.php\/2014\/05\/01\/lo-que-queda-del-2\/#primaryimage"},"image":{"@id":"https:\/\/www.ignaciosanchezmejias.es\/index.php\/2014\/05\/01\/lo-que-queda-del-2\/#primaryimage"},"thumbnailUrl":"https:\/\/www.ignaciosanchezmejias.es\/wp-content\/uploads\/2014\/05\/2014-Montalvo.jpg","datePublished":"2014-05-01T21:07:45+00:00","dateModified":"2021-03-02T09:54:30+00:00","breadcrumb":{"@id":"https:\/\/www.ignaciosanchezmejias.es\/index.php\/2014\/05\/01\/lo-que-queda-del-2\/#breadcrumb"},"inLanguage":"es","potentialAction":[{"@type":"ReadAction","target":["https:\/\/www.ignaciosanchezmejias.es\/index.php\/2014\/05\/01\/lo-que-queda-del-2\/"]}]},{"@type":"ImageObject","inLanguage":"es","@id":"https:\/\/www.ignaciosanchezmejias.es\/index.php\/2014\/05\/01\/lo-que-queda-del-2\/#primaryimage","url":"https:\/\/www.ignaciosanchezmejias.es\/wp-content\/uploads\/2014\/05\/2014-Montalvo.jpg","contentUrl":"https:\/\/www.ignaciosanchezmejias.es\/wp-content\/uploads\/2014\/05\/2014-Montalvo.jpg","width":580,"height":458,"caption":"Foto: plazadetorosdelamaestranza.com"},{"@type":"BreadcrumbList","@id":"https:\/\/www.ignaciosanchezmejias.es\/index.php\/2014\/05\/01\/lo-que-queda-del-2\/#breadcrumb","itemListElement":[{"@type":"ListItem","position":1,"name":"Portada","item":"https:\/\/www.ignaciosanchezmejias.es\/"},{"@type":"ListItem","position":2,"name":"Lo que queda del 2"}]},{"@type":"WebSite","@id":"https:\/\/www.ignaciosanchezmejias.es\/#website","url":"https:\/\/www.ignaciosanchezmejias.es\/","name":"Blog de Ignacio S\u00e1nchez-Mej\u00edas","description":"Sitio personal ISM","publisher":{"@id":"https:\/\/www.ignaciosanchezmejias.es\/#\/schema\/person\/494d20bda3404108c02016d5e608fc65"},"potentialAction":[{"@type":"SearchAction","target":{"@type":"EntryPoint","urlTemplate":"https:\/\/www.ignaciosanchezmejias.es\/?s={search_term_string}"},"query-input":{"@type":"PropertyValueSpecification","valueRequired":true,"valueName":"search_term_string"}}],"inLanguage":"es"},{"@type":["Person","Organization"],"@id":"https:\/\/www.ignaciosanchezmejias.es\/#\/schema\/person\/494d20bda3404108c02016d5e608fc65","name":"isanchezmejias","image":{"@type":"ImageObject","inLanguage":"es","@id":"https:\/\/www.ignaciosanchezmejias.es\/wp-content\/uploads\/2020\/06\/cropped-Yo-antes.jpg","url":"https:\/\/www.ignaciosanchezmejias.es\/wp-content\/uploads\/2020\/06\/cropped-Yo-antes.jpg","contentUrl":"https:\/\/www.ignaciosanchezmejias.es\/wp-content\/uploads\/2020\/06\/cropped-Yo-antes.jpg","width":681,"height":482,"caption":"isanchezmejias"},"logo":{"@id":"https:\/\/www.ignaciosanchezmejias.es\/wp-content\/uploads\/2020\/06\/cropped-Yo-antes.jpg"},"sameAs":["https:\/\/www.ignaciosanchezmejias.es"],"url":"https:\/\/www.ignaciosanchezmejias.es\/index.php\/author\/isanchezmejias\/"}]}},"_links":{"self":[{"href":"https:\/\/www.ignaciosanchezmejias.es\/index.php\/wp-json\/wp\/v2\/posts\/3606","targetHints":{"allow":["GET"]}}],"collection":[{"href":"https:\/\/www.ignaciosanchezmejias.es\/index.php\/wp-json\/wp\/v2\/posts"}],"about":[{"href":"https:\/\/www.ignaciosanchezmejias.es\/index.php\/wp-json\/wp\/v2\/types\/post"}],"author":[{"embeddable":true,"href":"https:\/\/www.ignaciosanchezmejias.es\/index.php\/wp-json\/wp\/v2\/users\/1"}],"replies":[{"embeddable":true,"href":"https:\/\/www.ignaciosanchezmejias.es\/index.php\/wp-json\/wp\/v2\/comments?post=3606"}],"version-history":[{"count":2,"href":"https:\/\/www.ignaciosanchezmejias.es\/index.php\/wp-json\/wp\/v2\/posts\/3606\/revisions"}],"predecessor-version":[{"id":5731,"href":"https:\/\/www.ignaciosanchezmejias.es\/index.php\/wp-json\/wp\/v2\/posts\/3606\/revisions\/5731"}],"wp:featuredmedia":[{"embeddable":true,"href":"https:\/\/www.ignaciosanchezmejias.es\/index.php\/wp-json\/wp\/v2\/media\/5730"}],"wp:attachment":[{"href":"https:\/\/www.ignaciosanchezmejias.es\/index.php\/wp-json\/wp\/v2\/media?parent=3606"}],"wp:term":[{"taxonomy":"category","embeddable":true,"href":"https:\/\/www.ignaciosanchezmejias.es\/index.php\/wp-json\/wp\/v2\/categories?post=3606"},{"taxonomy":"post_tag","embeddable":true,"href":"https:\/\/www.ignaciosanchezmejias.es\/index.php\/wp-json\/wp\/v2\/tags?post=3606"}],"curies":[{"name":"wp","href":"https:\/\/api.w.org\/{rel}","templated":true}]}}