{"id":3519,"date":"2014-02-13T13:00:42","date_gmt":"2014-02-13T12:00:42","guid":{"rendered":"http:\/\/blogs.sevilla.abc.es\/desdeeltendido2\/?p=3519"},"modified":"2021-02-25T18:02:03","modified_gmt":"2021-02-25T18:02:03","slug":"acaban-con-la-ultima-tradicion","status":"publish","type":"post","link":"https:\/\/www.ignaciosanchezmejias.es\/index.php\/2014\/02\/13\/acaban-con-la-ultima-tradicion\/","title":{"rendered":"Acaban con la \u00faltima tradici\u00f3n"},"content":{"rendered":"\n<p class=\"has-text-align-right\">.<\/p>\n\n\n\n<p>Si una cosa hab\u00eda clara en el abono de Sevilla es que el domingo de feria hab\u00eda miuras. En este nefasto a\u00f1o 2014, por el boicot del G5 a contratar con Pag\u00e9s y la negativa de JT a negociar, la empresa va romper la \u00faltima tradici\u00f3n que quedaba en el abono, los miuras van a pasar al Domingo de Resurrecci\u00f3n, seg\u00fan informaci\u00f3n, suponemos que debidamente filtrada por la empresa, que hoy publican diversos medios de comunicaci\u00f3n citando a mundotoro.com.<\/p>\n\n\n\n<p>La empresa siempre ha mantenido que el del Domingo de Resurrecci\u00f3n era un cartel estrella \u201cSu Cartel\u201d del abono les he o\u00eddo decir. Con D. Diodoro lo abr\u00eda Curro y el lleno estaba asegurado. En los \u00faltimos tiempos han tra\u00eddo lo mejor que han podido contratar, Morante, El Juli y Manzanares, pongo como \u00faltimos ejemplos. Dec\u00edan que perd\u00edan dinero con esta corrida, el mismo dinero con que subvencion\u00e1bamos los sufridos abonados al p\u00fablico asistente solo a este festejo, a fuerza de pagar lo mismo por otros cuya terna cobraba el 10% del conjunto del de las figuras. Este a\u00f1o, con la negativa de las figuras y la ausencia de toreros con tir\u00f3n, han decidido que el escaparate lo pongan los toros, los \u00fanicos toros que tienen tir\u00f3n en Sevilla, los miuras, y m\u00e1s con la magn\u00edfica corrida que lidiaron el a\u00f1o anterior. Y hacen esto rompiendo la \u00faltima tradici\u00f3n que nos quedaba. Les ha dado igual, todo sea por \u201cSu cartel\u201d del Domingo de Resurrecci\u00f3n.<\/p>\n\n\n\n<p>Pero no contentos con esto, en vez de abrir el cartel a novedades del escalaf\u00f3n, nos anticipan un mano a mano entre Escribano, que se lo ha ganado a pulso y, ag\u00e1rrense, Luque. Debe de ser por los m\u00e9ritos que hizo Luque en su \u00faltimo mano a mano contra el Cid con los victorinos, igual no nos enteramos de lo bien que estuvo esa tarde. Ya saben, cada uno ve la corrida seg\u00fan sus gustos o intereses, as\u00ed que Luque se ha merecido entrar en el cartel estrella del abono y, adem\u00e1s mano a mano \u00a1Qu\u00e9 cosas! En vez de anunciar una terna y dar entrada a novedades, como Fandi\u00f1o pongo por caso, reducen las posibilidades con un mano a mano que pocos entienden, y que nadie ha pedido, a excepci\u00f3n del apoderado de Luque, supongo. En \u201cSu Cartel\u201d del Domingo de Resurrecci\u00f3n nunca se repar\u00f3 en gastos, total, pagaba el abonado, y ahora ahorramos costes y quitamos terna. En resumen, que no me parece un cartel para una fecha tan se\u00f1alada en Sevilla y me cuesta trabajo acab\u00e1rmelo de creer.<\/p>\n\n\n\n<p>Para rematar, tambi\u00e9n se publica la filtraci\u00f3n, de que El Cid puede matar en solitario la de Victorino. Tampoco he o\u00eddo un clamor popular pidiendo esta encerrona, que supongo que solo les ilusiona a \u00e9l y a sus incondicionales. En vez de lo comentado de abrir carteles a los que vienen empujando y buscar un triunfador novedoso de la Feria, vuelven a cerrarlos. No soy partidario de las encerronas, al final acaban siendo mon\u00f3tonas. Ver al mismo torero parando de la misma forma a seis toros de la misma ganader\u00eda, acaba bajando el \u00e1nimo.<\/p>\n\n\n\n<p>Por lo que se va publicando, nos tememos un abono largo y con la misma estructura que el pasado, eso s\u00ed, con unos ahorros de costes tan importantes para la empresa, que espero que hagan reducir el coste del mismo, en al menos el 50%.<\/p>\n\n\n\n<p>En nuestro art\u00edculo anterior hab\u00edamos dado ideas para un abono rompedor, pues ah\u00ed lo tenemos, han roto la \u00faltima tradici\u00f3n de Sevilla.<\/p>\n\n\n\n<p>@isanchezmejias<\/p>\n","protected":false},"excerpt":{"rendered":"<p>. Si una cosa hab\u00eda clara en el abono de Sevilla es que el domingo de feria hab\u00eda miuras. En este nefasto a\u00f1o 2014, por el boicot del G5 a contratar con Pag\u00e9s y la negativa de JT a negociar, la empresa va romper la \u00faltima tradici\u00f3n que quedaba en el abono, los miuras van [&hellip;]<\/p>\n","protected":false},"author":1,"featured_media":5687,"comment_status":"open","ping_status":"closed","sticky":false,"template":"","format":"standard","meta":{"footnotes":""},"categories":[487],"tags":[274,491,54],"class_list":["post-3519","post","type-post","status-publish","format-standard","has-post-thumbnail","hentry","category-abono-sevilla-2014","tag-empresa-pages","tag-g5","tag-miura"],"yoast_head":"<!-- This site is optimized with the Yoast SEO plugin v27.5 - https:\/\/yoast.com\/product\/yoast-seo-wordpress\/ -->\n<title>Acaban con la \u00faltima tradici\u00f3n - Sitio web de Ignacio S\u00e1nchez-Mej\u00edas Herrero<\/title>\n<meta name=\"robots\" content=\"index, follow, max-snippet:-1, max-image-preview:large, max-video-preview:-1\" \/>\n<link rel=\"canonical\" href=\"https:\/\/www.ignaciosanchezmejias.es\/index.php\/2014\/02\/13\/acaban-con-la-ultima-tradicion\/\" \/>\n<meta property=\"og:locale\" content=\"es_ES\" \/>\n<meta property=\"og:type\" content=\"article\" \/>\n<meta property=\"og:title\" content=\"Acaban con la \u00faltima tradici\u00f3n - Sitio web de Ignacio S\u00e1nchez-Mej\u00edas Herrero\" \/>\n<meta property=\"og:description\" content=\". Si una cosa hab\u00eda clara en el abono de Sevilla es que el domingo de feria hab\u00eda miuras. En este nefasto a\u00f1o 2014, por el boicot del G5 a contratar con Pag\u00e9s y la negativa de JT a negociar, la empresa va romper la \u00faltima tradici\u00f3n que quedaba en el abono, los miuras van [&hellip;]\" \/>\n<meta property=\"og:url\" content=\"https:\/\/www.ignaciosanchezmejias.es\/index.php\/2014\/02\/13\/acaban-con-la-ultima-tradicion\/\" \/>\n<meta property=\"og:site_name\" content=\"Sitio web de Ignacio S\u00e1nchez-Mej\u00edas Herrero\" \/>\n<meta property=\"article:published_time\" content=\"2014-02-13T12:00:42+00:00\" \/>\n<meta property=\"article:modified_time\" content=\"2021-02-25T18:02:03+00:00\" \/>\n<meta property=\"og:image\" content=\"https:\/\/www.ignaciosanchezmejias.es\/wp-content\/uploads\/2014\/02\/2014-Zahariche.jpg\" \/>\n\t<meta property=\"og:image:width\" content=\"500\" \/>\n\t<meta property=\"og:image:height\" content=\"375\" \/>\n\t<meta property=\"og:image:type\" content=\"image\/jpeg\" \/>\n<meta name=\"author\" content=\"isanchezmejias\" \/>\n<meta name=\"twitter:card\" content=\"summary_large_image\" \/>\n<meta name=\"twitter:label1\" content=\"Escrito por\" \/>\n\t<meta name=\"twitter:data1\" content=\"isanchezmejias\" \/>\n\t<meta name=\"twitter:label2\" content=\"Tiempo de lectura\" \/>\n\t<meta name=\"twitter:data2\" content=\"3 minutos\" \/>\n<script type=\"application\/ld+json\" class=\"yoast-schema-graph\">{\"@context\":\"https:\\\/\\\/schema.org\",\"@graph\":[{\"@type\":\"Article\",\"@id\":\"https:\\\/\\\/www.ignaciosanchezmejias.es\\\/index.php\\\/2014\\\/02\\\/13\\\/acaban-con-la-ultima-tradicion\\\/#article\",\"isPartOf\":{\"@id\":\"https:\\\/\\\/www.ignaciosanchezmejias.es\\\/index.php\\\/2014\\\/02\\\/13\\\/acaban-con-la-ultima-tradicion\\\/\"},\"author\":{\"name\":\"isanchezmejias\",\"@id\":\"https:\\\/\\\/www.ignaciosanchezmejias.es\\\/#\\\/schema\\\/person\\\/494d20bda3404108c02016d5e608fc65\"},\"headline\":\"Acaban con la \u00faltima tradici\u00f3n\",\"datePublished\":\"2014-02-13T12:00:42+00:00\",\"dateModified\":\"2021-02-25T18:02:03+00:00\",\"mainEntityOfPage\":{\"@id\":\"https:\\\/\\\/www.ignaciosanchezmejias.es\\\/index.php\\\/2014\\\/02\\\/13\\\/acaban-con-la-ultima-tradicion\\\/\"},\"wordCount\":634,\"commentCount\":13,\"publisher\":{\"@id\":\"https:\\\/\\\/www.ignaciosanchezmejias.es\\\/#\\\/schema\\\/person\\\/494d20bda3404108c02016d5e608fc65\"},\"image\":{\"@id\":\"https:\\\/\\\/www.ignaciosanchezmejias.es\\\/index.php\\\/2014\\\/02\\\/13\\\/acaban-con-la-ultima-tradicion\\\/#primaryimage\"},\"thumbnailUrl\":\"https:\\\/\\\/www.ignaciosanchezmejias.es\\\/wp-content\\\/uploads\\\/2014\\\/02\\\/2014-Zahariche.jpg\",\"keywords\":[\"Empresa Pag\u00e9s\",\"G5\",\"Miura\"],\"articleSection\":[\"Abono Sevilla 2014\"],\"inLanguage\":\"es\",\"potentialAction\":[{\"@type\":\"CommentAction\",\"name\":\"Comment\",\"target\":[\"https:\\\/\\\/www.ignaciosanchezmejias.es\\\/index.php\\\/2014\\\/02\\\/13\\\/acaban-con-la-ultima-tradicion\\\/#respond\"]}]},{\"@type\":\"WebPage\",\"@id\":\"https:\\\/\\\/www.ignaciosanchezmejias.es\\\/index.php\\\/2014\\\/02\\\/13\\\/acaban-con-la-ultima-tradicion\\\/\",\"url\":\"https:\\\/\\\/www.ignaciosanchezmejias.es\\\/index.php\\\/2014\\\/02\\\/13\\\/acaban-con-la-ultima-tradicion\\\/\",\"name\":\"Acaban con la \u00faltima tradici\u00f3n - Sitio web de Ignacio S\u00e1nchez-Mej\u00edas Herrero\",\"isPartOf\":{\"@id\":\"https:\\\/\\\/www.ignaciosanchezmejias.es\\\/#website\"},\"primaryImageOfPage\":{\"@id\":\"https:\\\/\\\/www.ignaciosanchezmejias.es\\\/index.php\\\/2014\\\/02\\\/13\\\/acaban-con-la-ultima-tradicion\\\/#primaryimage\"},\"image\":{\"@id\":\"https:\\\/\\\/www.ignaciosanchezmejias.es\\\/index.php\\\/2014\\\/02\\\/13\\\/acaban-con-la-ultima-tradicion\\\/#primaryimage\"},\"thumbnailUrl\":\"https:\\\/\\\/www.ignaciosanchezmejias.es\\\/wp-content\\\/uploads\\\/2014\\\/02\\\/2014-Zahariche.jpg\",\"datePublished\":\"2014-02-13T12:00:42+00:00\",\"dateModified\":\"2021-02-25T18:02:03+00:00\",\"breadcrumb\":{\"@id\":\"https:\\\/\\\/www.ignaciosanchezmejias.es\\\/index.php\\\/2014\\\/02\\\/13\\\/acaban-con-la-ultima-tradicion\\\/#breadcrumb\"},\"inLanguage\":\"es\",\"potentialAction\":[{\"@type\":\"ReadAction\",\"target\":[\"https:\\\/\\\/www.ignaciosanchezmejias.es\\\/index.php\\\/2014\\\/02\\\/13\\\/acaban-con-la-ultima-tradicion\\\/\"]}]},{\"@type\":\"ImageObject\",\"inLanguage\":\"es\",\"@id\":\"https:\\\/\\\/www.ignaciosanchezmejias.es\\\/index.php\\\/2014\\\/02\\\/13\\\/acaban-con-la-ultima-tradicion\\\/#primaryimage\",\"url\":\"https:\\\/\\\/www.ignaciosanchezmejias.es\\\/wp-content\\\/uploads\\\/2014\\\/02\\\/2014-Zahariche.jpg\",\"contentUrl\":\"https:\\\/\\\/www.ignaciosanchezmejias.es\\\/wp-content\\\/uploads\\\/2014\\\/02\\\/2014-Zahariche.jpg\",\"width\":500,\"height\":375},{\"@type\":\"BreadcrumbList\",\"@id\":\"https:\\\/\\\/www.ignaciosanchezmejias.es\\\/index.php\\\/2014\\\/02\\\/13\\\/acaban-con-la-ultima-tradicion\\\/#breadcrumb\",\"itemListElement\":[{\"@type\":\"ListItem\",\"position\":1,\"name\":\"Portada\",\"item\":\"https:\\\/\\\/www.ignaciosanchezmejias.es\\\/\"},{\"@type\":\"ListItem\",\"position\":2,\"name\":\"Acaban con la \u00faltima tradici\u00f3n\"}]},{\"@type\":\"WebSite\",\"@id\":\"https:\\\/\\\/www.ignaciosanchezmejias.es\\\/#website\",\"url\":\"https:\\\/\\\/www.ignaciosanchezmejias.es\\\/\",\"name\":\"Blog de Ignacio S\u00e1nchez-Mej\u00edas\",\"description\":\"Sitio personal ISM\",\"publisher\":{\"@id\":\"https:\\\/\\\/www.ignaciosanchezmejias.es\\\/#\\\/schema\\\/person\\\/494d20bda3404108c02016d5e608fc65\"},\"potentialAction\":[{\"@type\":\"SearchAction\",\"target\":{\"@type\":\"EntryPoint\",\"urlTemplate\":\"https:\\\/\\\/www.ignaciosanchezmejias.es\\\/?s={search_term_string}\"},\"query-input\":{\"@type\":\"PropertyValueSpecification\",\"valueRequired\":true,\"valueName\":\"search_term_string\"}}],\"inLanguage\":\"es\"},{\"@type\":[\"Person\",\"Organization\"],\"@id\":\"https:\\\/\\\/www.ignaciosanchezmejias.es\\\/#\\\/schema\\\/person\\\/494d20bda3404108c02016d5e608fc65\",\"name\":\"isanchezmejias\",\"image\":{\"@type\":\"ImageObject\",\"inLanguage\":\"es\",\"@id\":\"https:\\\/\\\/www.ignaciosanchezmejias.es\\\/wp-content\\\/uploads\\\/2020\\\/06\\\/cropped-Yo-antes.jpg\",\"url\":\"https:\\\/\\\/www.ignaciosanchezmejias.es\\\/wp-content\\\/uploads\\\/2020\\\/06\\\/cropped-Yo-antes.jpg\",\"contentUrl\":\"https:\\\/\\\/www.ignaciosanchezmejias.es\\\/wp-content\\\/uploads\\\/2020\\\/06\\\/cropped-Yo-antes.jpg\",\"width\":681,\"height\":482,\"caption\":\"isanchezmejias\"},\"logo\":{\"@id\":\"https:\\\/\\\/www.ignaciosanchezmejias.es\\\/wp-content\\\/uploads\\\/2020\\\/06\\\/cropped-Yo-antes.jpg\"},\"sameAs\":[\"https:\\\/\\\/www.ignaciosanchezmejias.es\"],\"url\":\"https:\\\/\\\/www.ignaciosanchezmejias.es\\\/index.php\\\/author\\\/isanchezmejias\\\/\"}]}<\/script>\n<!-- \/ Yoast SEO plugin. -->","yoast_head_json":{"title":"Acaban con la \u00faltima tradici\u00f3n - Sitio web de Ignacio S\u00e1nchez-Mej\u00edas Herrero","robots":{"index":"index","follow":"follow","max-snippet":"max-snippet:-1","max-image-preview":"max-image-preview:large","max-video-preview":"max-video-preview:-1"},"canonical":"https:\/\/www.ignaciosanchezmejias.es\/index.php\/2014\/02\/13\/acaban-con-la-ultima-tradicion\/","og_locale":"es_ES","og_type":"article","og_title":"Acaban con la \u00faltima tradici\u00f3n - Sitio web de Ignacio S\u00e1nchez-Mej\u00edas Herrero","og_description":". Si una cosa hab\u00eda clara en el abono de Sevilla es que el domingo de feria hab\u00eda miuras. En este nefasto a\u00f1o 2014, por el boicot del G5 a contratar con Pag\u00e9s y la negativa de JT a negociar, la empresa va romper la \u00faltima tradici\u00f3n que quedaba en el abono, los miuras van [&hellip;]","og_url":"https:\/\/www.ignaciosanchezmejias.es\/index.php\/2014\/02\/13\/acaban-con-la-ultima-tradicion\/","og_site_name":"Sitio web de Ignacio S\u00e1nchez-Mej\u00edas Herrero","article_published_time":"2014-02-13T12:00:42+00:00","article_modified_time":"2021-02-25T18:02:03+00:00","og_image":[{"width":500,"height":375,"url":"https:\/\/www.ignaciosanchezmejias.es\/wp-content\/uploads\/2014\/02\/2014-Zahariche.jpg","type":"image\/jpeg"}],"author":"isanchezmejias","twitter_card":"summary_large_image","twitter_misc":{"Escrito por":"isanchezmejias","Tiempo de lectura":"3 minutos"},"schema":{"@context":"https:\/\/schema.org","@graph":[{"@type":"Article","@id":"https:\/\/www.ignaciosanchezmejias.es\/index.php\/2014\/02\/13\/acaban-con-la-ultima-tradicion\/#article","isPartOf":{"@id":"https:\/\/www.ignaciosanchezmejias.es\/index.php\/2014\/02\/13\/acaban-con-la-ultima-tradicion\/"},"author":{"name":"isanchezmejias","@id":"https:\/\/www.ignaciosanchezmejias.es\/#\/schema\/person\/494d20bda3404108c02016d5e608fc65"},"headline":"Acaban con la \u00faltima tradici\u00f3n","datePublished":"2014-02-13T12:00:42+00:00","dateModified":"2021-02-25T18:02:03+00:00","mainEntityOfPage":{"@id":"https:\/\/www.ignaciosanchezmejias.es\/index.php\/2014\/02\/13\/acaban-con-la-ultima-tradicion\/"},"wordCount":634,"commentCount":13,"publisher":{"@id":"https:\/\/www.ignaciosanchezmejias.es\/#\/schema\/person\/494d20bda3404108c02016d5e608fc65"},"image":{"@id":"https:\/\/www.ignaciosanchezmejias.es\/index.php\/2014\/02\/13\/acaban-con-la-ultima-tradicion\/#primaryimage"},"thumbnailUrl":"https:\/\/www.ignaciosanchezmejias.es\/wp-content\/uploads\/2014\/02\/2014-Zahariche.jpg","keywords":["Empresa Pag\u00e9s","G5","Miura"],"articleSection":["Abono Sevilla 2014"],"inLanguage":"es","potentialAction":[{"@type":"CommentAction","name":"Comment","target":["https:\/\/www.ignaciosanchezmejias.es\/index.php\/2014\/02\/13\/acaban-con-la-ultima-tradicion\/#respond"]}]},{"@type":"WebPage","@id":"https:\/\/www.ignaciosanchezmejias.es\/index.php\/2014\/02\/13\/acaban-con-la-ultima-tradicion\/","url":"https:\/\/www.ignaciosanchezmejias.es\/index.php\/2014\/02\/13\/acaban-con-la-ultima-tradicion\/","name":"Acaban con la \u00faltima tradici\u00f3n - Sitio web de Ignacio S\u00e1nchez-Mej\u00edas Herrero","isPartOf":{"@id":"https:\/\/www.ignaciosanchezmejias.es\/#website"},"primaryImageOfPage":{"@id":"https:\/\/www.ignaciosanchezmejias.es\/index.php\/2014\/02\/13\/acaban-con-la-ultima-tradicion\/#primaryimage"},"image":{"@id":"https:\/\/www.ignaciosanchezmejias.es\/index.php\/2014\/02\/13\/acaban-con-la-ultima-tradicion\/#primaryimage"},"thumbnailUrl":"https:\/\/www.ignaciosanchezmejias.es\/wp-content\/uploads\/2014\/02\/2014-Zahariche.jpg","datePublished":"2014-02-13T12:00:42+00:00","dateModified":"2021-02-25T18:02:03+00:00","breadcrumb":{"@id":"https:\/\/www.ignaciosanchezmejias.es\/index.php\/2014\/02\/13\/acaban-con-la-ultima-tradicion\/#breadcrumb"},"inLanguage":"es","potentialAction":[{"@type":"ReadAction","target":["https:\/\/www.ignaciosanchezmejias.es\/index.php\/2014\/02\/13\/acaban-con-la-ultima-tradicion\/"]}]},{"@type":"ImageObject","inLanguage":"es","@id":"https:\/\/www.ignaciosanchezmejias.es\/index.php\/2014\/02\/13\/acaban-con-la-ultima-tradicion\/#primaryimage","url":"https:\/\/www.ignaciosanchezmejias.es\/wp-content\/uploads\/2014\/02\/2014-Zahariche.jpg","contentUrl":"https:\/\/www.ignaciosanchezmejias.es\/wp-content\/uploads\/2014\/02\/2014-Zahariche.jpg","width":500,"height":375},{"@type":"BreadcrumbList","@id":"https:\/\/www.ignaciosanchezmejias.es\/index.php\/2014\/02\/13\/acaban-con-la-ultima-tradicion\/#breadcrumb","itemListElement":[{"@type":"ListItem","position":1,"name":"Portada","item":"https:\/\/www.ignaciosanchezmejias.es\/"},{"@type":"ListItem","position":2,"name":"Acaban con la \u00faltima tradici\u00f3n"}]},{"@type":"WebSite","@id":"https:\/\/www.ignaciosanchezmejias.es\/#website","url":"https:\/\/www.ignaciosanchezmejias.es\/","name":"Blog de Ignacio S\u00e1nchez-Mej\u00edas","description":"Sitio personal ISM","publisher":{"@id":"https:\/\/www.ignaciosanchezmejias.es\/#\/schema\/person\/494d20bda3404108c02016d5e608fc65"},"potentialAction":[{"@type":"SearchAction","target":{"@type":"EntryPoint","urlTemplate":"https:\/\/www.ignaciosanchezmejias.es\/?s={search_term_string}"},"query-input":{"@type":"PropertyValueSpecification","valueRequired":true,"valueName":"search_term_string"}}],"inLanguage":"es"},{"@type":["Person","Organization"],"@id":"https:\/\/www.ignaciosanchezmejias.es\/#\/schema\/person\/494d20bda3404108c02016d5e608fc65","name":"isanchezmejias","image":{"@type":"ImageObject","inLanguage":"es","@id":"https:\/\/www.ignaciosanchezmejias.es\/wp-content\/uploads\/2020\/06\/cropped-Yo-antes.jpg","url":"https:\/\/www.ignaciosanchezmejias.es\/wp-content\/uploads\/2020\/06\/cropped-Yo-antes.jpg","contentUrl":"https:\/\/www.ignaciosanchezmejias.es\/wp-content\/uploads\/2020\/06\/cropped-Yo-antes.jpg","width":681,"height":482,"caption":"isanchezmejias"},"logo":{"@id":"https:\/\/www.ignaciosanchezmejias.es\/wp-content\/uploads\/2020\/06\/cropped-Yo-antes.jpg"},"sameAs":["https:\/\/www.ignaciosanchezmejias.es"],"url":"https:\/\/www.ignaciosanchezmejias.es\/index.php\/author\/isanchezmejias\/"}]}},"_links":{"self":[{"href":"https:\/\/www.ignaciosanchezmejias.es\/index.php\/wp-json\/wp\/v2\/posts\/3519","targetHints":{"allow":["GET"]}}],"collection":[{"href":"https:\/\/www.ignaciosanchezmejias.es\/index.php\/wp-json\/wp\/v2\/posts"}],"about":[{"href":"https:\/\/www.ignaciosanchezmejias.es\/index.php\/wp-json\/wp\/v2\/types\/post"}],"author":[{"embeddable":true,"href":"https:\/\/www.ignaciosanchezmejias.es\/index.php\/wp-json\/wp\/v2\/users\/1"}],"replies":[{"embeddable":true,"href":"https:\/\/www.ignaciosanchezmejias.es\/index.php\/wp-json\/wp\/v2\/comments?post=3519"}],"version-history":[{"count":2,"href":"https:\/\/www.ignaciosanchezmejias.es\/index.php\/wp-json\/wp\/v2\/posts\/3519\/revisions"}],"predecessor-version":[{"id":5689,"href":"https:\/\/www.ignaciosanchezmejias.es\/index.php\/wp-json\/wp\/v2\/posts\/3519\/revisions\/5689"}],"wp:featuredmedia":[{"embeddable":true,"href":"https:\/\/www.ignaciosanchezmejias.es\/index.php\/wp-json\/wp\/v2\/media\/5687"}],"wp:attachment":[{"href":"https:\/\/www.ignaciosanchezmejias.es\/index.php\/wp-json\/wp\/v2\/media?parent=3519"}],"wp:term":[{"taxonomy":"category","embeddable":true,"href":"https:\/\/www.ignaciosanchezmejias.es\/index.php\/wp-json\/wp\/v2\/categories?post=3519"},{"taxonomy":"post_tag","embeddable":true,"href":"https:\/\/www.ignaciosanchezmejias.es\/index.php\/wp-json\/wp\/v2\/tags?post=3519"}],"curies":[{"name":"wp","href":"https:\/\/api.w.org\/{rel}","templated":true}]}}