{"id":348,"date":"2020-10-16T11:41:22","date_gmt":"2020-10-16T11:41:22","guid":{"rendered":"https:\/\/www.ignaciosanchezmejias.es\/?p=348"},"modified":"2025-06-04T09:02:07","modified_gmt":"2025-06-04T09:02:07","slug":"la-hermandad-de-la-macarena-reanuda-los-actos-del-centenario-de-joselito-el-gallo","status":"publish","type":"post","link":"https:\/\/www.ignaciosanchezmejias.es\/index.php\/2020\/10\/16\/la-hermandad-de-la-macarena-reanuda-los-actos-del-centenario-de-joselito-el-gallo\/","title":{"rendered":"La Hermandad de la Macarena reanuda los actos del Centenario de Joselito El Gallo"},"content":{"rendered":"\n<p>Como ustedes conocen la Hermandad de La Macarena y la C\u00e1tedra Ignacio S\u00e1nchez Mej\u00edas de la Universidad de Sevilla, hab\u00edan programado para este a\u00f1o de centenario de la muerte de Gallito diversos actos. <a href=\"https:\/\/www.ignaciosanchezmejias.es\/index.php\/2020\/03\/03\/joselito-100-anos-de-gloria\/\" target=\"_blank\" rel=\"noreferrer noopener\">Ver art\u00edculo es este sitio<\/a>.<\/p>\n\n\n\n<p>Cuando s\u00f3lo se hab\u00eda podido celebrar la primera mesa redonda, la pandemia, el confinamiento y la nueva normalidad, hicieron que todos los actos programados quedaran suspendidos. La gran exposici\u00f3n es imposible retomarla este a\u00f1o, y se est\u00e1 estudiando hacerla el a\u00f1o 2021, si fuera posible. Ahora se retoman dos mesas redondas, y, lo principal, se fija en el 26 de nociembre la fecha de inauguraci\u00f3n de monumento a Gallito que se eregir\u00e1 en la Plaza de la Esperanza Macarena, y que quedar\u00e1 para la posteridad.<\/p>\n\n\n\n<p>Los actos programados para el 2020 son los siguientes:<\/p>\n\n\n\n<p>22 de octubre, 20:30 horas, Caja Rural del Sur, C\/ Murillo. Mesa redonda <em>\u00abJoselito y el Toro\u00bb<\/em>, con los ganaderos Eduardo y Antonio Miura, Carlos Urquijo y Luis Rufino, moderados por \u00c1lvaro Acevedo.<\/p>\n\n\n\n<p>12 de noviembre, 20:00 horas, Sal\u00f3n Col\u00f3n de Ayuntamiento de Sevilla. Presentci\u00f3n de la reedici\u00f3n del libro \u00ab<em>Joselito el Gallo, rey de los toreros<\/em>\u00ab, intervendr\u00e1n su autor Paco Aguado y Juan Carlos Gil.<\/p>\n\n\n\n<p>26 de noviembre, Plaza de la Esperanza Macarena, inauguraci\u00f3n de la estatua de Gallito, obra de Manuel Mart\u00edn Nieto.<\/p>\n\n\n\n<p>Les dejo la nota de prensa con todos los detalles.<\/p>\n\n\n\n<figure class=\"wp-block-image size-large is-resized\"><img loading=\"lazy\" decoding=\"async\" src=\"https:\/\/www.ignaciosanchezmejias.es\/wp-content\/uploads\/2020\/10\/2020-Macarena-1-2.jpg\" alt=\"\" class=\"wp-image-354\" width=\"613\" height=\"779\" srcset=\"https:\/\/www.ignaciosanchezmejias.es\/wp-content\/uploads\/2020\/10\/2020-Macarena-1-2.jpg 523w, https:\/\/www.ignaciosanchezmejias.es\/wp-content\/uploads\/2020\/10\/2020-Macarena-1-2-236x300.jpg 236w\" sizes=\"auto, (max-width: 613px) 100vw, 613px\" \/><\/figure>\n\n\n\n<figure class=\"wp-block-image size-large is-resized\"><img loading=\"lazy\" decoding=\"async\" src=\"https:\/\/www.ignaciosanchezmejias.es\/wp-content\/uploads\/2020\/10\/2020-Macarena-2-2.jpg\" alt=\"\" class=\"wp-image-355\" width=\"612\" height=\"457\" srcset=\"https:\/\/www.ignaciosanchezmejias.es\/wp-content\/uploads\/2020\/10\/2020-Macarena-2-2.jpg 524w, https:\/\/www.ignaciosanchezmejias.es\/wp-content\/uploads\/2020\/10\/2020-Macarena-2-2-300x224.jpg 300w\" sizes=\"auto, (max-width: 612px) 100vw, 612px\" \/><\/figure>\n","protected":false},"excerpt":{"rendered":"<p>Como ustedes conocen la Hermandad de La Macarena y la C\u00e1tedra Ignacio S\u00e1nchez Mej\u00edas de la Universidad de Sevilla, hab\u00edan programado para este a\u00f1o de centenario de la muerte de Gallito diversos actos. Ver art\u00edculo es este sitio. Cuando s\u00f3lo se hab\u00eda podido celebrar la primera mesa redonda, la pandemia, el confinamiento y la nueva [&hellip;]<\/p>\n","protected":false},"author":1,"featured_media":130,"comment_status":"open","ping_status":"open","sticky":false,"template":"","format":"standard","meta":{"footnotes":""},"categories":[5],"tags":[123,40],"class_list":["post-348","post","type-post","status-publish","format-standard","has-post-thumbnail","hentry","category-general","tag-hermandad-de-la-macarena","tag-joselito-el-gallo"],"yoast_head":"<!-- This site is optimized with the Yoast SEO plugin v27.5 - https:\/\/yoast.com\/product\/yoast-seo-wordpress\/ -->\n<title>La Hermandad de la Macarena reanuda los actos del Centenario de Joselito El Gallo - Sitio web de Ignacio S\u00e1nchez-Mej\u00edas Herrero<\/title>\n<meta name=\"robots\" content=\"index, follow, max-snippet:-1, max-image-preview:large, max-video-preview:-1\" \/>\n<link rel=\"canonical\" href=\"https:\/\/www.ignaciosanchezmejias.es\/index.php\/2020\/10\/16\/la-hermandad-de-la-macarena-reanuda-los-actos-del-centenario-de-joselito-el-gallo\/\" \/>\n<meta property=\"og:locale\" content=\"es_ES\" \/>\n<meta property=\"og:type\" content=\"article\" \/>\n<meta property=\"og:title\" content=\"La Hermandad de la Macarena reanuda los actos del Centenario de Joselito El Gallo - Sitio web de Ignacio S\u00e1nchez-Mej\u00edas Herrero\" \/>\n<meta property=\"og:description\" content=\"Como ustedes conocen la Hermandad de La Macarena y la C\u00e1tedra Ignacio S\u00e1nchez Mej\u00edas de la Universidad de Sevilla, hab\u00edan programado para este a\u00f1o de centenario de la muerte de Gallito diversos actos. Ver art\u00edculo es este sitio. Cuando s\u00f3lo se hab\u00eda podido celebrar la primera mesa redonda, la pandemia, el confinamiento y la nueva [&hellip;]\" \/>\n<meta property=\"og:url\" content=\"https:\/\/www.ignaciosanchezmejias.es\/index.php\/2020\/10\/16\/la-hermandad-de-la-macarena-reanuda-los-actos-del-centenario-de-joselito-el-gallo\/\" \/>\n<meta property=\"og:site_name\" content=\"Sitio web de Ignacio S\u00e1nchez-Mej\u00edas Herrero\" \/>\n<meta property=\"article:published_time\" content=\"2020-10-16T11:41:22+00:00\" \/>\n<meta property=\"article:modified_time\" content=\"2025-06-04T09:02:07+00:00\" \/>\n<meta property=\"og:image\" content=\"https:\/\/www.ignaciosanchezmejias.es\/wp-content\/uploads\/2020\/06\/2020-Joselito-1.jpg\" \/>\n\t<meta property=\"og:image:width\" content=\"790\" \/>\n\t<meta property=\"og:image:height\" content=\"1600\" \/>\n\t<meta property=\"og:image:type\" content=\"image\/jpeg\" \/>\n<meta name=\"author\" content=\"isanchezmejias\" \/>\n<meta name=\"twitter:card\" content=\"summary_large_image\" \/>\n<meta name=\"twitter:label1\" content=\"Escrito por\" \/>\n\t<meta name=\"twitter:data1\" content=\"isanchezmejias\" \/>\n\t<meta name=\"twitter:label2\" content=\"Tiempo de lectura\" \/>\n\t<meta name=\"twitter:data2\" content=\"1 minuto\" \/>\n<script type=\"application\/ld+json\" class=\"yoast-schema-graph\">{\"@context\":\"https:\\\/\\\/schema.org\",\"@graph\":[{\"@type\":\"Article\",\"@id\":\"https:\\\/\\\/www.ignaciosanchezmejias.es\\\/index.php\\\/2020\\\/10\\\/16\\\/la-hermandad-de-la-macarena-reanuda-los-actos-del-centenario-de-joselito-el-gallo\\\/#article\",\"isPartOf\":{\"@id\":\"https:\\\/\\\/www.ignaciosanchezmejias.es\\\/index.php\\\/2020\\\/10\\\/16\\\/la-hermandad-de-la-macarena-reanuda-los-actos-del-centenario-de-joselito-el-gallo\\\/\"},\"author\":{\"name\":\"isanchezmejias\",\"@id\":\"https:\\\/\\\/www.ignaciosanchezmejias.es\\\/#\\\/schema\\\/person\\\/494d20bda3404108c02016d5e608fc65\"},\"headline\":\"La Hermandad de la Macarena reanuda los actos del Centenario de Joselito El Gallo\",\"datePublished\":\"2020-10-16T11:41:22+00:00\",\"dateModified\":\"2025-06-04T09:02:07+00:00\",\"mainEntityOfPage\":{\"@id\":\"https:\\\/\\\/www.ignaciosanchezmejias.es\\\/index.php\\\/2020\\\/10\\\/16\\\/la-hermandad-de-la-macarena-reanuda-los-actos-del-centenario-de-joselito-el-gallo\\\/\"},\"wordCount\":252,\"commentCount\":0,\"publisher\":{\"@id\":\"https:\\\/\\\/www.ignaciosanchezmejias.es\\\/#\\\/schema\\\/person\\\/494d20bda3404108c02016d5e608fc65\"},\"image\":{\"@id\":\"https:\\\/\\\/www.ignaciosanchezmejias.es\\\/index.php\\\/2020\\\/10\\\/16\\\/la-hermandad-de-la-macarena-reanuda-los-actos-del-centenario-de-joselito-el-gallo\\\/#primaryimage\"},\"thumbnailUrl\":\"https:\\\/\\\/www.ignaciosanchezmejias.es\\\/wp-content\\\/uploads\\\/2020\\\/06\\\/2020-Joselito-1.jpg\",\"keywords\":[\"Hermandad de La Macarena\",\"Joselito el Gallo\"],\"articleSection\":[\"General\"],\"inLanguage\":\"es\",\"potentialAction\":[{\"@type\":\"CommentAction\",\"name\":\"Comment\",\"target\":[\"https:\\\/\\\/www.ignaciosanchezmejias.es\\\/index.php\\\/2020\\\/10\\\/16\\\/la-hermandad-de-la-macarena-reanuda-los-actos-del-centenario-de-joselito-el-gallo\\\/#respond\"]}]},{\"@type\":\"WebPage\",\"@id\":\"https:\\\/\\\/www.ignaciosanchezmejias.es\\\/index.php\\\/2020\\\/10\\\/16\\\/la-hermandad-de-la-macarena-reanuda-los-actos-del-centenario-de-joselito-el-gallo\\\/\",\"url\":\"https:\\\/\\\/www.ignaciosanchezmejias.es\\\/index.php\\\/2020\\\/10\\\/16\\\/la-hermandad-de-la-macarena-reanuda-los-actos-del-centenario-de-joselito-el-gallo\\\/\",\"name\":\"La Hermandad de la Macarena reanuda los actos del Centenario de Joselito El Gallo - Sitio web de Ignacio S\u00e1nchez-Mej\u00edas Herrero\",\"isPartOf\":{\"@id\":\"https:\\\/\\\/www.ignaciosanchezmejias.es\\\/#website\"},\"primaryImageOfPage\":{\"@id\":\"https:\\\/\\\/www.ignaciosanchezmejias.es\\\/index.php\\\/2020\\\/10\\\/16\\\/la-hermandad-de-la-macarena-reanuda-los-actos-del-centenario-de-joselito-el-gallo\\\/#primaryimage\"},\"image\":{\"@id\":\"https:\\\/\\\/www.ignaciosanchezmejias.es\\\/index.php\\\/2020\\\/10\\\/16\\\/la-hermandad-de-la-macarena-reanuda-los-actos-del-centenario-de-joselito-el-gallo\\\/#primaryimage\"},\"thumbnailUrl\":\"https:\\\/\\\/www.ignaciosanchezmejias.es\\\/wp-content\\\/uploads\\\/2020\\\/06\\\/2020-Joselito-1.jpg\",\"datePublished\":\"2020-10-16T11:41:22+00:00\",\"dateModified\":\"2025-06-04T09:02:07+00:00\",\"breadcrumb\":{\"@id\":\"https:\\\/\\\/www.ignaciosanchezmejias.es\\\/index.php\\\/2020\\\/10\\\/16\\\/la-hermandad-de-la-macarena-reanuda-los-actos-del-centenario-de-joselito-el-gallo\\\/#breadcrumb\"},\"inLanguage\":\"es\",\"potentialAction\":[{\"@type\":\"ReadAction\",\"target\":[\"https:\\\/\\\/www.ignaciosanchezmejias.es\\\/index.php\\\/2020\\\/10\\\/16\\\/la-hermandad-de-la-macarena-reanuda-los-actos-del-centenario-de-joselito-el-gallo\\\/\"]}]},{\"@type\":\"ImageObject\",\"inLanguage\":\"es\",\"@id\":\"https:\\\/\\\/www.ignaciosanchezmejias.es\\\/index.php\\\/2020\\\/10\\\/16\\\/la-hermandad-de-la-macarena-reanuda-los-actos-del-centenario-de-joselito-el-gallo\\\/#primaryimage\",\"url\":\"https:\\\/\\\/www.ignaciosanchezmejias.es\\\/wp-content\\\/uploads\\\/2020\\\/06\\\/2020-Joselito-1.jpg\",\"contentUrl\":\"https:\\\/\\\/www.ignaciosanchezmejias.es\\\/wp-content\\\/uploads\\\/2020\\\/06\\\/2020-Joselito-1.jpg\",\"width\":790,\"height\":1600},{\"@type\":\"BreadcrumbList\",\"@id\":\"https:\\\/\\\/www.ignaciosanchezmejias.es\\\/index.php\\\/2020\\\/10\\\/16\\\/la-hermandad-de-la-macarena-reanuda-los-actos-del-centenario-de-joselito-el-gallo\\\/#breadcrumb\",\"itemListElement\":[{\"@type\":\"ListItem\",\"position\":1,\"name\":\"Portada\",\"item\":\"https:\\\/\\\/www.ignaciosanchezmejias.es\\\/\"},{\"@type\":\"ListItem\",\"position\":2,\"name\":\"La Hermandad de la Macarena reanuda los actos del Centenario de Joselito El Gallo\"}]},{\"@type\":\"WebSite\",\"@id\":\"https:\\\/\\\/www.ignaciosanchezmejias.es\\\/#website\",\"url\":\"https:\\\/\\\/www.ignaciosanchezmejias.es\\\/\",\"name\":\"Blog de Ignacio S\u00e1nchez-Mej\u00edas\",\"description\":\"Sitio personal ISM\",\"publisher\":{\"@id\":\"https:\\\/\\\/www.ignaciosanchezmejias.es\\\/#\\\/schema\\\/person\\\/494d20bda3404108c02016d5e608fc65\"},\"potentialAction\":[{\"@type\":\"SearchAction\",\"target\":{\"@type\":\"EntryPoint\",\"urlTemplate\":\"https:\\\/\\\/www.ignaciosanchezmejias.es\\\/?s={search_term_string}\"},\"query-input\":{\"@type\":\"PropertyValueSpecification\",\"valueRequired\":true,\"valueName\":\"search_term_string\"}}],\"inLanguage\":\"es\"},{\"@type\":[\"Person\",\"Organization\"],\"@id\":\"https:\\\/\\\/www.ignaciosanchezmejias.es\\\/#\\\/schema\\\/person\\\/494d20bda3404108c02016d5e608fc65\",\"name\":\"isanchezmejias\",\"image\":{\"@type\":\"ImageObject\",\"inLanguage\":\"es\",\"@id\":\"https:\\\/\\\/www.ignaciosanchezmejias.es\\\/wp-content\\\/uploads\\\/2020\\\/06\\\/cropped-Yo-antes.jpg\",\"url\":\"https:\\\/\\\/www.ignaciosanchezmejias.es\\\/wp-content\\\/uploads\\\/2020\\\/06\\\/cropped-Yo-antes.jpg\",\"contentUrl\":\"https:\\\/\\\/www.ignaciosanchezmejias.es\\\/wp-content\\\/uploads\\\/2020\\\/06\\\/cropped-Yo-antes.jpg\",\"width\":681,\"height\":482,\"caption\":\"isanchezmejias\"},\"logo\":{\"@id\":\"https:\\\/\\\/www.ignaciosanchezmejias.es\\\/wp-content\\\/uploads\\\/2020\\\/06\\\/cropped-Yo-antes.jpg\"},\"sameAs\":[\"https:\\\/\\\/www.ignaciosanchezmejias.es\"],\"url\":\"https:\\\/\\\/www.ignaciosanchezmejias.es\\\/index.php\\\/author\\\/isanchezmejias\\\/\"}]}<\/script>\n<!-- \/ Yoast SEO plugin. -->","yoast_head_json":{"title":"La Hermandad de la Macarena reanuda los actos del Centenario de Joselito El Gallo - Sitio web de Ignacio S\u00e1nchez-Mej\u00edas Herrero","robots":{"index":"index","follow":"follow","max-snippet":"max-snippet:-1","max-image-preview":"max-image-preview:large","max-video-preview":"max-video-preview:-1"},"canonical":"https:\/\/www.ignaciosanchezmejias.es\/index.php\/2020\/10\/16\/la-hermandad-de-la-macarena-reanuda-los-actos-del-centenario-de-joselito-el-gallo\/","og_locale":"es_ES","og_type":"article","og_title":"La Hermandad de la Macarena reanuda los actos del Centenario de Joselito El Gallo - Sitio web de Ignacio S\u00e1nchez-Mej\u00edas Herrero","og_description":"Como ustedes conocen la Hermandad de La Macarena y la C\u00e1tedra Ignacio S\u00e1nchez Mej\u00edas de la Universidad de Sevilla, hab\u00edan programado para este a\u00f1o de centenario de la muerte de Gallito diversos actos. Ver art\u00edculo es este sitio. Cuando s\u00f3lo se hab\u00eda podido celebrar la primera mesa redonda, la pandemia, el confinamiento y la nueva [&hellip;]","og_url":"https:\/\/www.ignaciosanchezmejias.es\/index.php\/2020\/10\/16\/la-hermandad-de-la-macarena-reanuda-los-actos-del-centenario-de-joselito-el-gallo\/","og_site_name":"Sitio web de Ignacio S\u00e1nchez-Mej\u00edas Herrero","article_published_time":"2020-10-16T11:41:22+00:00","article_modified_time":"2025-06-04T09:02:07+00:00","og_image":[{"width":790,"height":1600,"url":"https:\/\/www.ignaciosanchezmejias.es\/wp-content\/uploads\/2020\/06\/2020-Joselito-1.jpg","type":"image\/jpeg"}],"author":"isanchezmejias","twitter_card":"summary_large_image","twitter_misc":{"Escrito por":"isanchezmejias","Tiempo de lectura":"1 minuto"},"schema":{"@context":"https:\/\/schema.org","@graph":[{"@type":"Article","@id":"https:\/\/www.ignaciosanchezmejias.es\/index.php\/2020\/10\/16\/la-hermandad-de-la-macarena-reanuda-los-actos-del-centenario-de-joselito-el-gallo\/#article","isPartOf":{"@id":"https:\/\/www.ignaciosanchezmejias.es\/index.php\/2020\/10\/16\/la-hermandad-de-la-macarena-reanuda-los-actos-del-centenario-de-joselito-el-gallo\/"},"author":{"name":"isanchezmejias","@id":"https:\/\/www.ignaciosanchezmejias.es\/#\/schema\/person\/494d20bda3404108c02016d5e608fc65"},"headline":"La Hermandad de la Macarena reanuda los actos del Centenario de Joselito El Gallo","datePublished":"2020-10-16T11:41:22+00:00","dateModified":"2025-06-04T09:02:07+00:00","mainEntityOfPage":{"@id":"https:\/\/www.ignaciosanchezmejias.es\/index.php\/2020\/10\/16\/la-hermandad-de-la-macarena-reanuda-los-actos-del-centenario-de-joselito-el-gallo\/"},"wordCount":252,"commentCount":0,"publisher":{"@id":"https:\/\/www.ignaciosanchezmejias.es\/#\/schema\/person\/494d20bda3404108c02016d5e608fc65"},"image":{"@id":"https:\/\/www.ignaciosanchezmejias.es\/index.php\/2020\/10\/16\/la-hermandad-de-la-macarena-reanuda-los-actos-del-centenario-de-joselito-el-gallo\/#primaryimage"},"thumbnailUrl":"https:\/\/www.ignaciosanchezmejias.es\/wp-content\/uploads\/2020\/06\/2020-Joselito-1.jpg","keywords":["Hermandad de La Macarena","Joselito el Gallo"],"articleSection":["General"],"inLanguage":"es","potentialAction":[{"@type":"CommentAction","name":"Comment","target":["https:\/\/www.ignaciosanchezmejias.es\/index.php\/2020\/10\/16\/la-hermandad-de-la-macarena-reanuda-los-actos-del-centenario-de-joselito-el-gallo\/#respond"]}]},{"@type":"WebPage","@id":"https:\/\/www.ignaciosanchezmejias.es\/index.php\/2020\/10\/16\/la-hermandad-de-la-macarena-reanuda-los-actos-del-centenario-de-joselito-el-gallo\/","url":"https:\/\/www.ignaciosanchezmejias.es\/index.php\/2020\/10\/16\/la-hermandad-de-la-macarena-reanuda-los-actos-del-centenario-de-joselito-el-gallo\/","name":"La Hermandad de la Macarena reanuda los actos del Centenario de Joselito El Gallo - Sitio web de Ignacio S\u00e1nchez-Mej\u00edas Herrero","isPartOf":{"@id":"https:\/\/www.ignaciosanchezmejias.es\/#website"},"primaryImageOfPage":{"@id":"https:\/\/www.ignaciosanchezmejias.es\/index.php\/2020\/10\/16\/la-hermandad-de-la-macarena-reanuda-los-actos-del-centenario-de-joselito-el-gallo\/#primaryimage"},"image":{"@id":"https:\/\/www.ignaciosanchezmejias.es\/index.php\/2020\/10\/16\/la-hermandad-de-la-macarena-reanuda-los-actos-del-centenario-de-joselito-el-gallo\/#primaryimage"},"thumbnailUrl":"https:\/\/www.ignaciosanchezmejias.es\/wp-content\/uploads\/2020\/06\/2020-Joselito-1.jpg","datePublished":"2020-10-16T11:41:22+00:00","dateModified":"2025-06-04T09:02:07+00:00","breadcrumb":{"@id":"https:\/\/www.ignaciosanchezmejias.es\/index.php\/2020\/10\/16\/la-hermandad-de-la-macarena-reanuda-los-actos-del-centenario-de-joselito-el-gallo\/#breadcrumb"},"inLanguage":"es","potentialAction":[{"@type":"ReadAction","target":["https:\/\/www.ignaciosanchezmejias.es\/index.php\/2020\/10\/16\/la-hermandad-de-la-macarena-reanuda-los-actos-del-centenario-de-joselito-el-gallo\/"]}]},{"@type":"ImageObject","inLanguage":"es","@id":"https:\/\/www.ignaciosanchezmejias.es\/index.php\/2020\/10\/16\/la-hermandad-de-la-macarena-reanuda-los-actos-del-centenario-de-joselito-el-gallo\/#primaryimage","url":"https:\/\/www.ignaciosanchezmejias.es\/wp-content\/uploads\/2020\/06\/2020-Joselito-1.jpg","contentUrl":"https:\/\/www.ignaciosanchezmejias.es\/wp-content\/uploads\/2020\/06\/2020-Joselito-1.jpg","width":790,"height":1600},{"@type":"BreadcrumbList","@id":"https:\/\/www.ignaciosanchezmejias.es\/index.php\/2020\/10\/16\/la-hermandad-de-la-macarena-reanuda-los-actos-del-centenario-de-joselito-el-gallo\/#breadcrumb","itemListElement":[{"@type":"ListItem","position":1,"name":"Portada","item":"https:\/\/www.ignaciosanchezmejias.es\/"},{"@type":"ListItem","position":2,"name":"La Hermandad de la Macarena reanuda los actos del Centenario de Joselito El Gallo"}]},{"@type":"WebSite","@id":"https:\/\/www.ignaciosanchezmejias.es\/#website","url":"https:\/\/www.ignaciosanchezmejias.es\/","name":"Blog de Ignacio S\u00e1nchez-Mej\u00edas","description":"Sitio personal ISM","publisher":{"@id":"https:\/\/www.ignaciosanchezmejias.es\/#\/schema\/person\/494d20bda3404108c02016d5e608fc65"},"potentialAction":[{"@type":"SearchAction","target":{"@type":"EntryPoint","urlTemplate":"https:\/\/www.ignaciosanchezmejias.es\/?s={search_term_string}"},"query-input":{"@type":"PropertyValueSpecification","valueRequired":true,"valueName":"search_term_string"}}],"inLanguage":"es"},{"@type":["Person","Organization"],"@id":"https:\/\/www.ignaciosanchezmejias.es\/#\/schema\/person\/494d20bda3404108c02016d5e608fc65","name":"isanchezmejias","image":{"@type":"ImageObject","inLanguage":"es","@id":"https:\/\/www.ignaciosanchezmejias.es\/wp-content\/uploads\/2020\/06\/cropped-Yo-antes.jpg","url":"https:\/\/www.ignaciosanchezmejias.es\/wp-content\/uploads\/2020\/06\/cropped-Yo-antes.jpg","contentUrl":"https:\/\/www.ignaciosanchezmejias.es\/wp-content\/uploads\/2020\/06\/cropped-Yo-antes.jpg","width":681,"height":482,"caption":"isanchezmejias"},"logo":{"@id":"https:\/\/www.ignaciosanchezmejias.es\/wp-content\/uploads\/2020\/06\/cropped-Yo-antes.jpg"},"sameAs":["https:\/\/www.ignaciosanchezmejias.es"],"url":"https:\/\/www.ignaciosanchezmejias.es\/index.php\/author\/isanchezmejias\/"}]}},"_links":{"self":[{"href":"https:\/\/www.ignaciosanchezmejias.es\/index.php\/wp-json\/wp\/v2\/posts\/348","targetHints":{"allow":["GET"]}}],"collection":[{"href":"https:\/\/www.ignaciosanchezmejias.es\/index.php\/wp-json\/wp\/v2\/posts"}],"about":[{"href":"https:\/\/www.ignaciosanchezmejias.es\/index.php\/wp-json\/wp\/v2\/types\/post"}],"author":[{"embeddable":true,"href":"https:\/\/www.ignaciosanchezmejias.es\/index.php\/wp-json\/wp\/v2\/users\/1"}],"replies":[{"embeddable":true,"href":"https:\/\/www.ignaciosanchezmejias.es\/index.php\/wp-json\/wp\/v2\/comments?post=348"}],"version-history":[{"count":4,"href":"https:\/\/www.ignaciosanchezmejias.es\/index.php\/wp-json\/wp\/v2\/posts\/348\/revisions"}],"predecessor-version":[{"id":356,"href":"https:\/\/www.ignaciosanchezmejias.es\/index.php\/wp-json\/wp\/v2\/posts\/348\/revisions\/356"}],"wp:featuredmedia":[{"embeddable":true,"href":"https:\/\/www.ignaciosanchezmejias.es\/index.php\/wp-json\/wp\/v2\/media\/130"}],"wp:attachment":[{"href":"https:\/\/www.ignaciosanchezmejias.es\/index.php\/wp-json\/wp\/v2\/media?parent=348"}],"wp:term":[{"taxonomy":"category","embeddable":true,"href":"https:\/\/www.ignaciosanchezmejias.es\/index.php\/wp-json\/wp\/v2\/categories?post=348"},{"taxonomy":"post_tag","embeddable":true,"href":"https:\/\/www.ignaciosanchezmejias.es\/index.php\/wp-json\/wp\/v2\/tags?post=348"}],"curies":[{"name":"wp","href":"https:\/\/api.w.org\/{rel}","templated":true}]}}