{"id":3082,"date":"2013-04-10T21:09:23","date_gmt":"2013-04-10T20:09:23","guid":{"rendered":"http:\/\/blogs.sevilla.abc.es\/desdeeltendido2\/?p=3082"},"modified":"2021-02-18T16:16:57","modified_gmt":"2021-02-18T16:16:57","slug":"decepcion-para-empezar","status":"publish","type":"post","link":"https:\/\/www.ignaciosanchezmejias.es\/index.php\/2013\/04\/10\/decepcion-para-empezar\/","title":{"rendered":"Decepci\u00f3n para empezar"},"content":{"rendered":"\n<p class=\"has-text-align-right\">`<\/p>\n\n\n\n<p>En la primera novillada del abono ten\u00edamos puestas muchas esperanzas. La presentaci\u00f3n de Lama de G\u00f3ngora con caballos en Sevilla, despu\u00e9s de haber abierto la Puerta del Pr\u00edncipe en las novilladas sin caballos del verano, ya era motivo suficiente para ir a la plaza con la ilusi\u00f3n de ver algo nuevo.<\/p>\n\n\n\n<p>Una decepci\u00f3n ha sido el ganando. Ya sabemos que en Sevilla no somos muy exigentes con la presentaci\u00f3n de las novilladas, pero la de Juan Pedro Domecq \u2013 Parlad\u00e9, ha estado rozando m\u00ednimos, cuando no sobrepas\u00e1ndolos, con dos novillos m\u00e1s parecidos a los que vimos en julio sin caballos que a lo que debe de ser una novillada de lujo en la Feria de Sevilla. Adem\u00e1s falta de casta y con muy poca fuerza, con varios astados rodando por la arena. Se devolvi\u00f3 el quinto al partirse el pit\u00f3n de un derrote de salida contra un burladero, pero igual pod\u00edan haber ido otros dos para atr\u00e1s por falta de fuerza. Adem\u00e1s, excepto el lote que sorte\u00f3 Lama, tampoco ha ayudado a los novilleros, perdiendo varios las manos en cuanto les bajaban los trastos.<\/p>\n\n\n\n<p>Caballero y Ritter que se han empe\u00f1ado en prolongar unas faenas imposibles con el p\u00fablico ya aburrido. Caballero, al que no se le puede negar su valor, fue prendido de mala manera por su primero por quedarse haci\u00e9ndole cosas en la cara cuando hac\u00eda rato que deber\u00eda haber ido por la espada. Ritter, muy encimista el estilo de Castella y sin colocarse bien, tambi\u00e9n acab\u00f3 aburriendo al personal, aunque vaya en su descargo que le toc\u00f3 el \u00fanico novillo dif\u00edcil del encierro.<\/p>\n\n\n\n<p>A Lama lo hemos visto mucho m\u00e1s puesto que este verano. Se conoce que ha trabajado bien durante el invierno. Ha compuesto dos faenas muy del gusto del p\u00fablico de Sevilla, art\u00edsticas y pintureras, con alg\u00fan natural en su primero de mucho sabor. Cierto es que debe de pulir cosas, como torear m\u00e1s cerca, pero en conjunto tuvo una buena actuaci\u00f3n. Distinto es el mitin que ha dado con la espada en sus dos toros. Sabemos que en esto de los aceros, la relaci\u00f3n entre entrenamiento y resultados no es exacta, pero o mejora pronto con los estoques o puede ver truncada su progresi\u00f3n, porque deber\u00edamos estar hablando de orejas en Sevilla y no lo estamos haciendo.<\/p>\n\n\n\n<p><a href=\"https:\/\/twitter.com\/isanchezmejias\" target=\"_blank\" rel=\"noopener\">@isanchezmejias<\/a><\/p>\n\n\n\n<p>PD. Como en a\u00f1os anteriores, la edici\u00f3n en papel de ABC de Sevilla publicar\u00e1, a partir del jueves y durante toda la Feria, &nbsp;los art\u00edculos de este blog. De esta forma, como la cr\u00f3nica de la corrida la hace el Sr. Amor\u00f3s, nosotros haremos un apunte de la tarde con los comentarios del Tendido 2.<\/p>\n","protected":false},"excerpt":{"rendered":"<p>` En la primera novillada del abono ten\u00edamos puestas muchas esperanzas. La presentaci\u00f3n de Lama de G\u00f3ngora con caballos en Sevilla, despu\u00e9s de haber abierto la Puerta del Pr\u00edncipe en las novilladas sin caballos del verano, ya era motivo suficiente para ir a la plaza con la ilusi\u00f3n de ver algo nuevo. Una decepci\u00f3n ha [&hellip;]<\/p>\n","protected":false},"author":1,"featured_media":5489,"comment_status":"open","ping_status":"closed","sticky":false,"template":"","format":"standard","meta":{"footnotes":""},"categories":[455],"tags":[371,35,171,27,466],"class_list":["post-3082","post","type-post","status-publish","format-standard","has-post-thumbnail","hentry","category-abono-sevilla-2013","tag-gonzalo-caballero","tag-juan-pedro-domecq","tag-lama-de-gongora","tag-parlade","tag-sebastian-ritter"],"yoast_head":"<!-- This site is optimized with the Yoast SEO plugin v27.4 - https:\/\/yoast.com\/product\/yoast-seo-wordpress\/ -->\n<title>Decepci\u00f3n para empezar - Sitio web de Ignacio S\u00e1nchez-Mej\u00edas Herrero<\/title>\n<meta name=\"robots\" content=\"index, follow, max-snippet:-1, max-image-preview:large, max-video-preview:-1\" \/>\n<link rel=\"canonical\" href=\"https:\/\/www.ignaciosanchezmejias.es\/index.php\/2013\/04\/10\/decepcion-para-empezar\/\" \/>\n<meta property=\"og:locale\" content=\"es_ES\" \/>\n<meta property=\"og:type\" content=\"article\" \/>\n<meta property=\"og:title\" content=\"Decepci\u00f3n para empezar - Sitio web de Ignacio S\u00e1nchez-Mej\u00edas Herrero\" \/>\n<meta property=\"og:description\" content=\"` En la primera novillada del abono ten\u00edamos puestas muchas esperanzas. La presentaci\u00f3n de Lama de G\u00f3ngora con caballos en Sevilla, despu\u00e9s de haber abierto la Puerta del Pr\u00edncipe en las novilladas sin caballos del verano, ya era motivo suficiente para ir a la plaza con la ilusi\u00f3n de ver algo nuevo. Una decepci\u00f3n ha [&hellip;]\" \/>\n<meta property=\"og:url\" content=\"https:\/\/www.ignaciosanchezmejias.es\/index.php\/2013\/04\/10\/decepcion-para-empezar\/\" \/>\n<meta property=\"og:site_name\" content=\"Sitio web de Ignacio S\u00e1nchez-Mej\u00edas Herrero\" \/>\n<meta property=\"article:published_time\" content=\"2013-04-10T20:09:23+00:00\" \/>\n<meta property=\"article:modified_time\" content=\"2021-02-18T16:16:57+00:00\" \/>\n<meta property=\"og:image\" content=\"https:\/\/www.ignaciosanchezmejias.es\/wp-content\/uploads\/2013\/04\/2013-Lama-ABC-Raul-Doblado.jpg\" \/>\n\t<meta property=\"og:image:width\" content=\"771\" \/>\n\t<meta property=\"og:image:height\" content=\"947\" \/>\n\t<meta property=\"og:image:type\" content=\"image\/jpeg\" \/>\n<meta name=\"author\" content=\"isanchezmejias\" \/>\n<meta name=\"twitter:card\" content=\"summary_large_image\" \/>\n<meta name=\"twitter:label1\" content=\"Escrito por\" \/>\n\t<meta name=\"twitter:data1\" content=\"isanchezmejias\" \/>\n\t<meta name=\"twitter:label2\" content=\"Tiempo de lectura\" \/>\n\t<meta name=\"twitter:data2\" content=\"2 minutos\" \/>\n<script type=\"application\/ld+json\" class=\"yoast-schema-graph\">{\"@context\":\"https:\\\/\\\/schema.org\",\"@graph\":[{\"@type\":\"Article\",\"@id\":\"https:\\\/\\\/www.ignaciosanchezmejias.es\\\/index.php\\\/2013\\\/04\\\/10\\\/decepcion-para-empezar\\\/#article\",\"isPartOf\":{\"@id\":\"https:\\\/\\\/www.ignaciosanchezmejias.es\\\/index.php\\\/2013\\\/04\\\/10\\\/decepcion-para-empezar\\\/\"},\"author\":{\"name\":\"isanchezmejias\",\"@id\":\"https:\\\/\\\/www.ignaciosanchezmejias.es\\\/#\\\/schema\\\/person\\\/494d20bda3404108c02016d5e608fc65\"},\"headline\":\"Decepci\u00f3n para empezar\",\"datePublished\":\"2013-04-10T20:09:23+00:00\",\"dateModified\":\"2021-02-18T16:16:57+00:00\",\"mainEntityOfPage\":{\"@id\":\"https:\\\/\\\/www.ignaciosanchezmejias.es\\\/index.php\\\/2013\\\/04\\\/10\\\/decepcion-para-empezar\\\/\"},\"wordCount\":479,\"commentCount\":6,\"publisher\":{\"@id\":\"https:\\\/\\\/www.ignaciosanchezmejias.es\\\/#\\\/schema\\\/person\\\/494d20bda3404108c02016d5e608fc65\"},\"image\":{\"@id\":\"https:\\\/\\\/www.ignaciosanchezmejias.es\\\/index.php\\\/2013\\\/04\\\/10\\\/decepcion-para-empezar\\\/#primaryimage\"},\"thumbnailUrl\":\"https:\\\/\\\/www.ignaciosanchezmejias.es\\\/wp-content\\\/uploads\\\/2013\\\/04\\\/2013-Lama-ABC-Raul-Doblado.jpg\",\"keywords\":[\"Gonzalo Caballero\",\"Juan Pedro Domecq\",\"Lama de G\u00f3ngora\",\"Parlad\u00e9\",\"Sebasti\u00e1n Ritter\"],\"articleSection\":[\"Abono Sevilla 2013\"],\"inLanguage\":\"es\",\"potentialAction\":[{\"@type\":\"CommentAction\",\"name\":\"Comment\",\"target\":[\"https:\\\/\\\/www.ignaciosanchezmejias.es\\\/index.php\\\/2013\\\/04\\\/10\\\/decepcion-para-empezar\\\/#respond\"]}]},{\"@type\":\"WebPage\",\"@id\":\"https:\\\/\\\/www.ignaciosanchezmejias.es\\\/index.php\\\/2013\\\/04\\\/10\\\/decepcion-para-empezar\\\/\",\"url\":\"https:\\\/\\\/www.ignaciosanchezmejias.es\\\/index.php\\\/2013\\\/04\\\/10\\\/decepcion-para-empezar\\\/\",\"name\":\"Decepci\u00f3n para empezar - Sitio web de Ignacio S\u00e1nchez-Mej\u00edas Herrero\",\"isPartOf\":{\"@id\":\"https:\\\/\\\/www.ignaciosanchezmejias.es\\\/#website\"},\"primaryImageOfPage\":{\"@id\":\"https:\\\/\\\/www.ignaciosanchezmejias.es\\\/index.php\\\/2013\\\/04\\\/10\\\/decepcion-para-empezar\\\/#primaryimage\"},\"image\":{\"@id\":\"https:\\\/\\\/www.ignaciosanchezmejias.es\\\/index.php\\\/2013\\\/04\\\/10\\\/decepcion-para-empezar\\\/#primaryimage\"},\"thumbnailUrl\":\"https:\\\/\\\/www.ignaciosanchezmejias.es\\\/wp-content\\\/uploads\\\/2013\\\/04\\\/2013-Lama-ABC-Raul-Doblado.jpg\",\"datePublished\":\"2013-04-10T20:09:23+00:00\",\"dateModified\":\"2021-02-18T16:16:57+00:00\",\"breadcrumb\":{\"@id\":\"https:\\\/\\\/www.ignaciosanchezmejias.es\\\/index.php\\\/2013\\\/04\\\/10\\\/decepcion-para-empezar\\\/#breadcrumb\"},\"inLanguage\":\"es\",\"potentialAction\":[{\"@type\":\"ReadAction\",\"target\":[\"https:\\\/\\\/www.ignaciosanchezmejias.es\\\/index.php\\\/2013\\\/04\\\/10\\\/decepcion-para-empezar\\\/\"]}]},{\"@type\":\"ImageObject\",\"inLanguage\":\"es\",\"@id\":\"https:\\\/\\\/www.ignaciosanchezmejias.es\\\/index.php\\\/2013\\\/04\\\/10\\\/decepcion-para-empezar\\\/#primaryimage\",\"url\":\"https:\\\/\\\/www.ignaciosanchezmejias.es\\\/wp-content\\\/uploads\\\/2013\\\/04\\\/2013-Lama-ABC-Raul-Doblado.jpg\",\"contentUrl\":\"https:\\\/\\\/www.ignaciosanchezmejias.es\\\/wp-content\\\/uploads\\\/2013\\\/04\\\/2013-Lama-ABC-Raul-Doblado.jpg\",\"width\":771,\"height\":947,\"caption\":\"Foto: Ra\u00fal Doblado para ABC\"},{\"@type\":\"BreadcrumbList\",\"@id\":\"https:\\\/\\\/www.ignaciosanchezmejias.es\\\/index.php\\\/2013\\\/04\\\/10\\\/decepcion-para-empezar\\\/#breadcrumb\",\"itemListElement\":[{\"@type\":\"ListItem\",\"position\":1,\"name\":\"Portada\",\"item\":\"https:\\\/\\\/www.ignaciosanchezmejias.es\\\/\"},{\"@type\":\"ListItem\",\"position\":2,\"name\":\"Decepci\u00f3n para empezar\"}]},{\"@type\":\"WebSite\",\"@id\":\"https:\\\/\\\/www.ignaciosanchezmejias.es\\\/#website\",\"url\":\"https:\\\/\\\/www.ignaciosanchezmejias.es\\\/\",\"name\":\"Blog de Ignacio S\u00e1nchez-Mej\u00edas\",\"description\":\"Sitio personal ISM\",\"publisher\":{\"@id\":\"https:\\\/\\\/www.ignaciosanchezmejias.es\\\/#\\\/schema\\\/person\\\/494d20bda3404108c02016d5e608fc65\"},\"potentialAction\":[{\"@type\":\"SearchAction\",\"target\":{\"@type\":\"EntryPoint\",\"urlTemplate\":\"https:\\\/\\\/www.ignaciosanchezmejias.es\\\/?s={search_term_string}\"},\"query-input\":{\"@type\":\"PropertyValueSpecification\",\"valueRequired\":true,\"valueName\":\"search_term_string\"}}],\"inLanguage\":\"es\"},{\"@type\":[\"Person\",\"Organization\"],\"@id\":\"https:\\\/\\\/www.ignaciosanchezmejias.es\\\/#\\\/schema\\\/person\\\/494d20bda3404108c02016d5e608fc65\",\"name\":\"isanchezmejias\",\"image\":{\"@type\":\"ImageObject\",\"inLanguage\":\"es\",\"@id\":\"https:\\\/\\\/www.ignaciosanchezmejias.es\\\/wp-content\\\/uploads\\\/2020\\\/06\\\/cropped-Yo-antes.jpg\",\"url\":\"https:\\\/\\\/www.ignaciosanchezmejias.es\\\/wp-content\\\/uploads\\\/2020\\\/06\\\/cropped-Yo-antes.jpg\",\"contentUrl\":\"https:\\\/\\\/www.ignaciosanchezmejias.es\\\/wp-content\\\/uploads\\\/2020\\\/06\\\/cropped-Yo-antes.jpg\",\"width\":681,\"height\":482,\"caption\":\"isanchezmejias\"},\"logo\":{\"@id\":\"https:\\\/\\\/www.ignaciosanchezmejias.es\\\/wp-content\\\/uploads\\\/2020\\\/06\\\/cropped-Yo-antes.jpg\"},\"sameAs\":[\"https:\\\/\\\/www.ignaciosanchezmejias.es\"],\"url\":\"https:\\\/\\\/www.ignaciosanchezmejias.es\\\/index.php\\\/author\\\/isanchezmejias\\\/\"}]}<\/script>\n<!-- \/ Yoast SEO plugin. -->","yoast_head_json":{"title":"Decepci\u00f3n para empezar - Sitio web de Ignacio S\u00e1nchez-Mej\u00edas Herrero","robots":{"index":"index","follow":"follow","max-snippet":"max-snippet:-1","max-image-preview":"max-image-preview:large","max-video-preview":"max-video-preview:-1"},"canonical":"https:\/\/www.ignaciosanchezmejias.es\/index.php\/2013\/04\/10\/decepcion-para-empezar\/","og_locale":"es_ES","og_type":"article","og_title":"Decepci\u00f3n para empezar - Sitio web de Ignacio S\u00e1nchez-Mej\u00edas Herrero","og_description":"` En la primera novillada del abono ten\u00edamos puestas muchas esperanzas. La presentaci\u00f3n de Lama de G\u00f3ngora con caballos en Sevilla, despu\u00e9s de haber abierto la Puerta del Pr\u00edncipe en las novilladas sin caballos del verano, ya era motivo suficiente para ir a la plaza con la ilusi\u00f3n de ver algo nuevo. Una decepci\u00f3n ha [&hellip;]","og_url":"https:\/\/www.ignaciosanchezmejias.es\/index.php\/2013\/04\/10\/decepcion-para-empezar\/","og_site_name":"Sitio web de Ignacio S\u00e1nchez-Mej\u00edas Herrero","article_published_time":"2013-04-10T20:09:23+00:00","article_modified_time":"2021-02-18T16:16:57+00:00","og_image":[{"width":771,"height":947,"url":"https:\/\/www.ignaciosanchezmejias.es\/wp-content\/uploads\/2013\/04\/2013-Lama-ABC-Raul-Doblado.jpg","type":"image\/jpeg"}],"author":"isanchezmejias","twitter_card":"summary_large_image","twitter_misc":{"Escrito por":"isanchezmejias","Tiempo de lectura":"2 minutos"},"schema":{"@context":"https:\/\/schema.org","@graph":[{"@type":"Article","@id":"https:\/\/www.ignaciosanchezmejias.es\/index.php\/2013\/04\/10\/decepcion-para-empezar\/#article","isPartOf":{"@id":"https:\/\/www.ignaciosanchezmejias.es\/index.php\/2013\/04\/10\/decepcion-para-empezar\/"},"author":{"name":"isanchezmejias","@id":"https:\/\/www.ignaciosanchezmejias.es\/#\/schema\/person\/494d20bda3404108c02016d5e608fc65"},"headline":"Decepci\u00f3n para empezar","datePublished":"2013-04-10T20:09:23+00:00","dateModified":"2021-02-18T16:16:57+00:00","mainEntityOfPage":{"@id":"https:\/\/www.ignaciosanchezmejias.es\/index.php\/2013\/04\/10\/decepcion-para-empezar\/"},"wordCount":479,"commentCount":6,"publisher":{"@id":"https:\/\/www.ignaciosanchezmejias.es\/#\/schema\/person\/494d20bda3404108c02016d5e608fc65"},"image":{"@id":"https:\/\/www.ignaciosanchezmejias.es\/index.php\/2013\/04\/10\/decepcion-para-empezar\/#primaryimage"},"thumbnailUrl":"https:\/\/www.ignaciosanchezmejias.es\/wp-content\/uploads\/2013\/04\/2013-Lama-ABC-Raul-Doblado.jpg","keywords":["Gonzalo Caballero","Juan Pedro Domecq","Lama de G\u00f3ngora","Parlad\u00e9","Sebasti\u00e1n Ritter"],"articleSection":["Abono Sevilla 2013"],"inLanguage":"es","potentialAction":[{"@type":"CommentAction","name":"Comment","target":["https:\/\/www.ignaciosanchezmejias.es\/index.php\/2013\/04\/10\/decepcion-para-empezar\/#respond"]}]},{"@type":"WebPage","@id":"https:\/\/www.ignaciosanchezmejias.es\/index.php\/2013\/04\/10\/decepcion-para-empezar\/","url":"https:\/\/www.ignaciosanchezmejias.es\/index.php\/2013\/04\/10\/decepcion-para-empezar\/","name":"Decepci\u00f3n para empezar - Sitio web de Ignacio S\u00e1nchez-Mej\u00edas Herrero","isPartOf":{"@id":"https:\/\/www.ignaciosanchezmejias.es\/#website"},"primaryImageOfPage":{"@id":"https:\/\/www.ignaciosanchezmejias.es\/index.php\/2013\/04\/10\/decepcion-para-empezar\/#primaryimage"},"image":{"@id":"https:\/\/www.ignaciosanchezmejias.es\/index.php\/2013\/04\/10\/decepcion-para-empezar\/#primaryimage"},"thumbnailUrl":"https:\/\/www.ignaciosanchezmejias.es\/wp-content\/uploads\/2013\/04\/2013-Lama-ABC-Raul-Doblado.jpg","datePublished":"2013-04-10T20:09:23+00:00","dateModified":"2021-02-18T16:16:57+00:00","breadcrumb":{"@id":"https:\/\/www.ignaciosanchezmejias.es\/index.php\/2013\/04\/10\/decepcion-para-empezar\/#breadcrumb"},"inLanguage":"es","potentialAction":[{"@type":"ReadAction","target":["https:\/\/www.ignaciosanchezmejias.es\/index.php\/2013\/04\/10\/decepcion-para-empezar\/"]}]},{"@type":"ImageObject","inLanguage":"es","@id":"https:\/\/www.ignaciosanchezmejias.es\/index.php\/2013\/04\/10\/decepcion-para-empezar\/#primaryimage","url":"https:\/\/www.ignaciosanchezmejias.es\/wp-content\/uploads\/2013\/04\/2013-Lama-ABC-Raul-Doblado.jpg","contentUrl":"https:\/\/www.ignaciosanchezmejias.es\/wp-content\/uploads\/2013\/04\/2013-Lama-ABC-Raul-Doblado.jpg","width":771,"height":947,"caption":"Foto: Ra\u00fal Doblado para ABC"},{"@type":"BreadcrumbList","@id":"https:\/\/www.ignaciosanchezmejias.es\/index.php\/2013\/04\/10\/decepcion-para-empezar\/#breadcrumb","itemListElement":[{"@type":"ListItem","position":1,"name":"Portada","item":"https:\/\/www.ignaciosanchezmejias.es\/"},{"@type":"ListItem","position":2,"name":"Decepci\u00f3n para empezar"}]},{"@type":"WebSite","@id":"https:\/\/www.ignaciosanchezmejias.es\/#website","url":"https:\/\/www.ignaciosanchezmejias.es\/","name":"Blog de Ignacio S\u00e1nchez-Mej\u00edas","description":"Sitio personal ISM","publisher":{"@id":"https:\/\/www.ignaciosanchezmejias.es\/#\/schema\/person\/494d20bda3404108c02016d5e608fc65"},"potentialAction":[{"@type":"SearchAction","target":{"@type":"EntryPoint","urlTemplate":"https:\/\/www.ignaciosanchezmejias.es\/?s={search_term_string}"},"query-input":{"@type":"PropertyValueSpecification","valueRequired":true,"valueName":"search_term_string"}}],"inLanguage":"es"},{"@type":["Person","Organization"],"@id":"https:\/\/www.ignaciosanchezmejias.es\/#\/schema\/person\/494d20bda3404108c02016d5e608fc65","name":"isanchezmejias","image":{"@type":"ImageObject","inLanguage":"es","@id":"https:\/\/www.ignaciosanchezmejias.es\/wp-content\/uploads\/2020\/06\/cropped-Yo-antes.jpg","url":"https:\/\/www.ignaciosanchezmejias.es\/wp-content\/uploads\/2020\/06\/cropped-Yo-antes.jpg","contentUrl":"https:\/\/www.ignaciosanchezmejias.es\/wp-content\/uploads\/2020\/06\/cropped-Yo-antes.jpg","width":681,"height":482,"caption":"isanchezmejias"},"logo":{"@id":"https:\/\/www.ignaciosanchezmejias.es\/wp-content\/uploads\/2020\/06\/cropped-Yo-antes.jpg"},"sameAs":["https:\/\/www.ignaciosanchezmejias.es"],"url":"https:\/\/www.ignaciosanchezmejias.es\/index.php\/author\/isanchezmejias\/"}]}},"_links":{"self":[{"href":"https:\/\/www.ignaciosanchezmejias.es\/index.php\/wp-json\/wp\/v2\/posts\/3082","targetHints":{"allow":["GET"]}}],"collection":[{"href":"https:\/\/www.ignaciosanchezmejias.es\/index.php\/wp-json\/wp\/v2\/posts"}],"about":[{"href":"https:\/\/www.ignaciosanchezmejias.es\/index.php\/wp-json\/wp\/v2\/types\/post"}],"author":[{"embeddable":true,"href":"https:\/\/www.ignaciosanchezmejias.es\/index.php\/wp-json\/wp\/v2\/users\/1"}],"replies":[{"embeddable":true,"href":"https:\/\/www.ignaciosanchezmejias.es\/index.php\/wp-json\/wp\/v2\/comments?post=3082"}],"version-history":[{"count":2,"href":"https:\/\/www.ignaciosanchezmejias.es\/index.php\/wp-json\/wp\/v2\/posts\/3082\/revisions"}],"predecessor-version":[{"id":5490,"href":"https:\/\/www.ignaciosanchezmejias.es\/index.php\/wp-json\/wp\/v2\/posts\/3082\/revisions\/5490"}],"wp:featuredmedia":[{"embeddable":true,"href":"https:\/\/www.ignaciosanchezmejias.es\/index.php\/wp-json\/wp\/v2\/media\/5489"}],"wp:attachment":[{"href":"https:\/\/www.ignaciosanchezmejias.es\/index.php\/wp-json\/wp\/v2\/media?parent=3082"}],"wp:term":[{"taxonomy":"category","embeddable":true,"href":"https:\/\/www.ignaciosanchezmejias.es\/index.php\/wp-json\/wp\/v2\/categories?post=3082"},{"taxonomy":"post_tag","embeddable":true,"href":"https:\/\/www.ignaciosanchezmejias.es\/index.php\/wp-json\/wp\/v2\/tags?post=3082"}],"curies":[{"name":"wp","href":"https:\/\/api.w.org\/{rel}","templated":true}]}}