{"id":2976,"date":"2013-02-10T20:56:23","date_gmt":"2013-02-10T19:56:23","guid":{"rendered":"http:\/\/blogs.sevilla.abc.es\/desdeeltendido2\/?p=2976"},"modified":"2021-02-17T11:13:31","modified_gmt":"2021-02-17T11:13:31","slug":"adelanto-de-carteles","status":"publish","type":"post","link":"https:\/\/www.ignaciosanchezmejias.es\/index.php\/2013\/02\/10\/adelanto-de-carteles\/","title":{"rendered":"Adelanto de carteles"},"content":{"rendered":"\n<p>Este pr\u00f3ximo viernes 15, ser\u00e1 la presentaci\u00f3n oficial del abono sevillano, de forma que vayan ustedes preparando la talega de los ahorros porque nos tocar\u00e1 pagar.<\/p>\n\n\n\n<p>Mientras tanto, y como todos los a\u00f1os, se han ido adelantado quinielas de carteles de las que nos hemos hecho eco. A estas alturas ya parece que se saben casi todas las combinaciones. <a href=\"http:\/\/sevilla.abc.es\/cultura\/toros\/20130208\/sevi-carteles-feria-abril-cerrados-201302081232.html\" target=\"_blank\" rel=\"noopener\">ABC<\/a> public\u00f3 el viernes en su edici\u00f3n digital y el s\u00e1bado en la cl\u00e1sica la correspondiente informaci\u00f3n que les dejo enlazada. No hay sorpresas y lo que hay es lo que viene, descontando a Jos\u00e9 Tom\u00e1s que hace la temporada por su cuenta. Cuando el viernes se anuncie el abono de forma oficial ya tendremos tiempo de comentarlo, pero de este adelanto tengo los siguientes puntos:<\/p>\n\n\n\n<p>5 corridas menos en la Feria de Abril y, por consiguiente, menos puestos.<\/p>\n\n\n\n<p>No habr\u00e1 televisi\u00f3n \u201cni en directo ni en diferido\u201d, seg\u00fan el comunicado de la empresa.<\/p>\n\n\n\n<p>Morante, El Juli y Manzanares a 3 tardes forman la base del abono (4 los dos primeros contando San Miguel).<\/p>\n\n\n\n<p>En tan pocas corridas tenemos 2 encerronas y un mano a mano \u00a1Qu\u00e9 \u201c<em>jartura\u201d<\/em>!<\/p>\n\n\n\n<p>Ni Castella ni Luque hab\u00edan hecho m\u00e9ritos para volver.<\/p>\n\n\n\n<p>El mano a mano de El Cid y Luque con los victorinos es artificial, supongo que s\u00f3lo lo habr\u00e1 pedido alg\u00fan apoderado. Esa corrida ten\u00eda que ser de terna.<\/p>\n\n\n\n<p>A pesar del gui\u00f1o del Victorino, Manzanares ten\u00eda que haber abierto m\u00e1s los encastes en su encerrona.<\/p>\n\n\n\n<p>Fandi\u00f1o tendr\u00eda que haber entrado.<\/p>\n\n\n\n<p>Una pena que la de Torrestrela la mate exactamente la misma terna que a\u00f1o pasado, cuando no le sac\u00f3 el partido que ten\u00eda.<\/p>\n\n\n\n<p>Ya era hora de que en la de Miura entrara alguna figura. Bien por El Juli.<\/p>\n\n\n\n<p>Pueden ustedes continuarlos.<\/p>\n\n\n\n<p><a href=\"https:\/\/twitter.com\/isanchezmejias\" target=\"_blank\" rel=\"noopener\">@isanchezmejias<\/a><\/p>\n","protected":false},"excerpt":{"rendered":"<p>Este pr\u00f3ximo viernes 15, ser\u00e1 la presentaci\u00f3n oficial del abono sevillano, de forma que vayan ustedes preparando la talega de los ahorros porque nos tocar\u00e1 pagar. Mientras tanto, y como todos los a\u00f1os, se han ido adelantado quinielas de carteles de las que nos hemos hecho eco. A estas alturas ya parece que se saben [&hellip;]<\/p>\n","protected":false},"author":1,"featured_media":5460,"comment_status":"open","ping_status":"open","sticky":false,"template":"","format":"standard","meta":{"footnotes":""},"categories":[455],"tags":[97,32,25,326,329,54,29,22,50,16],"class_list":["post-2976","post","type-post","status-publish","format-standard","has-post-thumbnail","hentry","category-abono-sevilla-2013","tag-daniel-luque","tag-el-cid","tag-el-juli","tag-ivan-fandino","tag-jose-m-manzanares","tag-miura","tag-morante-de-la-puebla","tag-sebastian-castella","tag-torrestrella","tag-victorino-martin"],"yoast_head":"<!-- This site is optimized with the Yoast SEO plugin v27.5 - https:\/\/yoast.com\/product\/yoast-seo-wordpress\/ -->\n<title>Adelanto de carteles - Sitio web de Ignacio S\u00e1nchez-Mej\u00edas Herrero<\/title>\n<meta name=\"robots\" content=\"index, follow, max-snippet:-1, max-image-preview:large, max-video-preview:-1\" \/>\n<link rel=\"canonical\" href=\"https:\/\/www.ignaciosanchezmejias.es\/index.php\/2013\/02\/10\/adelanto-de-carteles\/\" \/>\n<meta property=\"og:locale\" content=\"es_ES\" \/>\n<meta property=\"og:type\" content=\"article\" \/>\n<meta property=\"og:title\" content=\"Adelanto de carteles - Sitio web de Ignacio S\u00e1nchez-Mej\u00edas Herrero\" \/>\n<meta property=\"og:description\" content=\"Este pr\u00f3ximo viernes 15, ser\u00e1 la presentaci\u00f3n oficial del abono sevillano, de forma que vayan ustedes preparando la talega de los ahorros porque nos tocar\u00e1 pagar. Mientras tanto, y como todos los a\u00f1os, se han ido adelantado quinielas de carteles de las que nos hemos hecho eco. A estas alturas ya parece que se saben [&hellip;]\" \/>\n<meta property=\"og:url\" content=\"https:\/\/www.ignaciosanchezmejias.es\/index.php\/2013\/02\/10\/adelanto-de-carteles\/\" \/>\n<meta property=\"og:site_name\" content=\"Sitio web de Ignacio S\u00e1nchez-Mej\u00edas Herrero\" \/>\n<meta property=\"article:published_time\" content=\"2013-02-10T19:56:23+00:00\" \/>\n<meta property=\"article:modified_time\" content=\"2021-02-17T11:13:31+00:00\" \/>\n<meta property=\"og:image\" content=\"https:\/\/www.ignaciosanchezmejias.es\/wp-content\/uploads\/2013\/02\/2013-Adelanto-de-carteles.jpg\" \/>\n\t<meta property=\"og:image:width\" content=\"644\" \/>\n\t<meta property=\"og:image:height\" content=\"362\" \/>\n\t<meta property=\"og:image:type\" content=\"image\/jpeg\" \/>\n<meta name=\"author\" content=\"isanchezmejias\" \/>\n<meta name=\"twitter:card\" content=\"summary_large_image\" \/>\n<meta name=\"twitter:label1\" content=\"Escrito por\" \/>\n\t<meta name=\"twitter:data1\" content=\"isanchezmejias\" \/>\n\t<meta name=\"twitter:label2\" content=\"Tiempo de lectura\" \/>\n\t<meta name=\"twitter:data2\" content=\"2 minutos\" \/>\n<script type=\"application\/ld+json\" class=\"yoast-schema-graph\">{\"@context\":\"https:\\\/\\\/schema.org\",\"@graph\":[{\"@type\":\"Article\",\"@id\":\"https:\\\/\\\/www.ignaciosanchezmejias.es\\\/index.php\\\/2013\\\/02\\\/10\\\/adelanto-de-carteles\\\/#article\",\"isPartOf\":{\"@id\":\"https:\\\/\\\/www.ignaciosanchezmejias.es\\\/index.php\\\/2013\\\/02\\\/10\\\/adelanto-de-carteles\\\/\"},\"author\":{\"name\":\"isanchezmejias\",\"@id\":\"https:\\\/\\\/www.ignaciosanchezmejias.es\\\/#\\\/schema\\\/person\\\/494d20bda3404108c02016d5e608fc65\"},\"headline\":\"Adelanto de carteles\",\"datePublished\":\"2013-02-10T19:56:23+00:00\",\"dateModified\":\"2021-02-17T11:13:31+00:00\",\"mainEntityOfPage\":{\"@id\":\"https:\\\/\\\/www.ignaciosanchezmejias.es\\\/index.php\\\/2013\\\/02\\\/10\\\/adelanto-de-carteles\\\/\"},\"wordCount\":310,\"commentCount\":3,\"publisher\":{\"@id\":\"https:\\\/\\\/www.ignaciosanchezmejias.es\\\/#\\\/schema\\\/person\\\/494d20bda3404108c02016d5e608fc65\"},\"image\":{\"@id\":\"https:\\\/\\\/www.ignaciosanchezmejias.es\\\/index.php\\\/2013\\\/02\\\/10\\\/adelanto-de-carteles\\\/#primaryimage\"},\"thumbnailUrl\":\"https:\\\/\\\/www.ignaciosanchezmejias.es\\\/wp-content\\\/uploads\\\/2013\\\/02\\\/2013-Adelanto-de-carteles.jpg\",\"keywords\":[\"Daniel Luque\",\"El Cid\",\"El Juli\",\"Ivan Fandi\u00f1o\",\"Jos\u00e9 M\u00aa Manzanares\",\"Miura\",\"Morante de la Puebla\",\"Sebastian Castella\",\"Torrestrella\",\"Victorino Mart\u00edn\"],\"articleSection\":[\"Abono Sevilla 2013\"],\"inLanguage\":\"es\",\"potentialAction\":[{\"@type\":\"CommentAction\",\"name\":\"Comment\",\"target\":[\"https:\\\/\\\/www.ignaciosanchezmejias.es\\\/index.php\\\/2013\\\/02\\\/10\\\/adelanto-de-carteles\\\/#respond\"]}]},{\"@type\":\"WebPage\",\"@id\":\"https:\\\/\\\/www.ignaciosanchezmejias.es\\\/index.php\\\/2013\\\/02\\\/10\\\/adelanto-de-carteles\\\/\",\"url\":\"https:\\\/\\\/www.ignaciosanchezmejias.es\\\/index.php\\\/2013\\\/02\\\/10\\\/adelanto-de-carteles\\\/\",\"name\":\"Adelanto de carteles - Sitio web de Ignacio S\u00e1nchez-Mej\u00edas Herrero\",\"isPartOf\":{\"@id\":\"https:\\\/\\\/www.ignaciosanchezmejias.es\\\/#website\"},\"primaryImageOfPage\":{\"@id\":\"https:\\\/\\\/www.ignaciosanchezmejias.es\\\/index.php\\\/2013\\\/02\\\/10\\\/adelanto-de-carteles\\\/#primaryimage\"},\"image\":{\"@id\":\"https:\\\/\\\/www.ignaciosanchezmejias.es\\\/index.php\\\/2013\\\/02\\\/10\\\/adelanto-de-carteles\\\/#primaryimage\"},\"thumbnailUrl\":\"https:\\\/\\\/www.ignaciosanchezmejias.es\\\/wp-content\\\/uploads\\\/2013\\\/02\\\/2013-Adelanto-de-carteles.jpg\",\"datePublished\":\"2013-02-10T19:56:23+00:00\",\"dateModified\":\"2021-02-17T11:13:31+00:00\",\"breadcrumb\":{\"@id\":\"https:\\\/\\\/www.ignaciosanchezmejias.es\\\/index.php\\\/2013\\\/02\\\/10\\\/adelanto-de-carteles\\\/#breadcrumb\"},\"inLanguage\":\"es\",\"potentialAction\":[{\"@type\":\"ReadAction\",\"target\":[\"https:\\\/\\\/www.ignaciosanchezmejias.es\\\/index.php\\\/2013\\\/02\\\/10\\\/adelanto-de-carteles\\\/\"]}]},{\"@type\":\"ImageObject\",\"inLanguage\":\"es\",\"@id\":\"https:\\\/\\\/www.ignaciosanchezmejias.es\\\/index.php\\\/2013\\\/02\\\/10\\\/adelanto-de-carteles\\\/#primaryimage\",\"url\":\"https:\\\/\\\/www.ignaciosanchezmejias.es\\\/wp-content\\\/uploads\\\/2013\\\/02\\\/2013-Adelanto-de-carteles.jpg\",\"contentUrl\":\"https:\\\/\\\/www.ignaciosanchezmejias.es\\\/wp-content\\\/uploads\\\/2013\\\/02\\\/2013-Adelanto-de-carteles.jpg\",\"width\":644,\"height\":362,\"caption\":\"Foto: ABC\"},{\"@type\":\"BreadcrumbList\",\"@id\":\"https:\\\/\\\/www.ignaciosanchezmejias.es\\\/index.php\\\/2013\\\/02\\\/10\\\/adelanto-de-carteles\\\/#breadcrumb\",\"itemListElement\":[{\"@type\":\"ListItem\",\"position\":1,\"name\":\"Portada\",\"item\":\"https:\\\/\\\/www.ignaciosanchezmejias.es\\\/\"},{\"@type\":\"ListItem\",\"position\":2,\"name\":\"Adelanto de carteles\"}]},{\"@type\":\"WebSite\",\"@id\":\"https:\\\/\\\/www.ignaciosanchezmejias.es\\\/#website\",\"url\":\"https:\\\/\\\/www.ignaciosanchezmejias.es\\\/\",\"name\":\"Blog de Ignacio S\u00e1nchez-Mej\u00edas\",\"description\":\"Sitio personal ISM\",\"publisher\":{\"@id\":\"https:\\\/\\\/www.ignaciosanchezmejias.es\\\/#\\\/schema\\\/person\\\/494d20bda3404108c02016d5e608fc65\"},\"potentialAction\":[{\"@type\":\"SearchAction\",\"target\":{\"@type\":\"EntryPoint\",\"urlTemplate\":\"https:\\\/\\\/www.ignaciosanchezmejias.es\\\/?s={search_term_string}\"},\"query-input\":{\"@type\":\"PropertyValueSpecification\",\"valueRequired\":true,\"valueName\":\"search_term_string\"}}],\"inLanguage\":\"es\"},{\"@type\":[\"Person\",\"Organization\"],\"@id\":\"https:\\\/\\\/www.ignaciosanchezmejias.es\\\/#\\\/schema\\\/person\\\/494d20bda3404108c02016d5e608fc65\",\"name\":\"isanchezmejias\",\"image\":{\"@type\":\"ImageObject\",\"inLanguage\":\"es\",\"@id\":\"https:\\\/\\\/www.ignaciosanchezmejias.es\\\/wp-content\\\/uploads\\\/2020\\\/06\\\/cropped-Yo-antes.jpg\",\"url\":\"https:\\\/\\\/www.ignaciosanchezmejias.es\\\/wp-content\\\/uploads\\\/2020\\\/06\\\/cropped-Yo-antes.jpg\",\"contentUrl\":\"https:\\\/\\\/www.ignaciosanchezmejias.es\\\/wp-content\\\/uploads\\\/2020\\\/06\\\/cropped-Yo-antes.jpg\",\"width\":681,\"height\":482,\"caption\":\"isanchezmejias\"},\"logo\":{\"@id\":\"https:\\\/\\\/www.ignaciosanchezmejias.es\\\/wp-content\\\/uploads\\\/2020\\\/06\\\/cropped-Yo-antes.jpg\"},\"sameAs\":[\"https:\\\/\\\/www.ignaciosanchezmejias.es\"],\"url\":\"https:\\\/\\\/www.ignaciosanchezmejias.es\\\/index.php\\\/author\\\/isanchezmejias\\\/\"}]}<\/script>\n<!-- \/ Yoast SEO plugin. -->","yoast_head_json":{"title":"Adelanto de carteles - Sitio web de Ignacio S\u00e1nchez-Mej\u00edas Herrero","robots":{"index":"index","follow":"follow","max-snippet":"max-snippet:-1","max-image-preview":"max-image-preview:large","max-video-preview":"max-video-preview:-1"},"canonical":"https:\/\/www.ignaciosanchezmejias.es\/index.php\/2013\/02\/10\/adelanto-de-carteles\/","og_locale":"es_ES","og_type":"article","og_title":"Adelanto de carteles - Sitio web de Ignacio S\u00e1nchez-Mej\u00edas Herrero","og_description":"Este pr\u00f3ximo viernes 15, ser\u00e1 la presentaci\u00f3n oficial del abono sevillano, de forma que vayan ustedes preparando la talega de los ahorros porque nos tocar\u00e1 pagar. Mientras tanto, y como todos los a\u00f1os, se han ido adelantado quinielas de carteles de las que nos hemos hecho eco. A estas alturas ya parece que se saben [&hellip;]","og_url":"https:\/\/www.ignaciosanchezmejias.es\/index.php\/2013\/02\/10\/adelanto-de-carteles\/","og_site_name":"Sitio web de Ignacio S\u00e1nchez-Mej\u00edas Herrero","article_published_time":"2013-02-10T19:56:23+00:00","article_modified_time":"2021-02-17T11:13:31+00:00","og_image":[{"width":644,"height":362,"url":"https:\/\/www.ignaciosanchezmejias.es\/wp-content\/uploads\/2013\/02\/2013-Adelanto-de-carteles.jpg","type":"image\/jpeg"}],"author":"isanchezmejias","twitter_card":"summary_large_image","twitter_misc":{"Escrito por":"isanchezmejias","Tiempo de lectura":"2 minutos"},"schema":{"@context":"https:\/\/schema.org","@graph":[{"@type":"Article","@id":"https:\/\/www.ignaciosanchezmejias.es\/index.php\/2013\/02\/10\/adelanto-de-carteles\/#article","isPartOf":{"@id":"https:\/\/www.ignaciosanchezmejias.es\/index.php\/2013\/02\/10\/adelanto-de-carteles\/"},"author":{"name":"isanchezmejias","@id":"https:\/\/www.ignaciosanchezmejias.es\/#\/schema\/person\/494d20bda3404108c02016d5e608fc65"},"headline":"Adelanto de carteles","datePublished":"2013-02-10T19:56:23+00:00","dateModified":"2021-02-17T11:13:31+00:00","mainEntityOfPage":{"@id":"https:\/\/www.ignaciosanchezmejias.es\/index.php\/2013\/02\/10\/adelanto-de-carteles\/"},"wordCount":310,"commentCount":3,"publisher":{"@id":"https:\/\/www.ignaciosanchezmejias.es\/#\/schema\/person\/494d20bda3404108c02016d5e608fc65"},"image":{"@id":"https:\/\/www.ignaciosanchezmejias.es\/index.php\/2013\/02\/10\/adelanto-de-carteles\/#primaryimage"},"thumbnailUrl":"https:\/\/www.ignaciosanchezmejias.es\/wp-content\/uploads\/2013\/02\/2013-Adelanto-de-carteles.jpg","keywords":["Daniel Luque","El Cid","El Juli","Ivan Fandi\u00f1o","Jos\u00e9 M\u00aa Manzanares","Miura","Morante de la Puebla","Sebastian Castella","Torrestrella","Victorino Mart\u00edn"],"articleSection":["Abono Sevilla 2013"],"inLanguage":"es","potentialAction":[{"@type":"CommentAction","name":"Comment","target":["https:\/\/www.ignaciosanchezmejias.es\/index.php\/2013\/02\/10\/adelanto-de-carteles\/#respond"]}]},{"@type":"WebPage","@id":"https:\/\/www.ignaciosanchezmejias.es\/index.php\/2013\/02\/10\/adelanto-de-carteles\/","url":"https:\/\/www.ignaciosanchezmejias.es\/index.php\/2013\/02\/10\/adelanto-de-carteles\/","name":"Adelanto de carteles - Sitio web de Ignacio S\u00e1nchez-Mej\u00edas Herrero","isPartOf":{"@id":"https:\/\/www.ignaciosanchezmejias.es\/#website"},"primaryImageOfPage":{"@id":"https:\/\/www.ignaciosanchezmejias.es\/index.php\/2013\/02\/10\/adelanto-de-carteles\/#primaryimage"},"image":{"@id":"https:\/\/www.ignaciosanchezmejias.es\/index.php\/2013\/02\/10\/adelanto-de-carteles\/#primaryimage"},"thumbnailUrl":"https:\/\/www.ignaciosanchezmejias.es\/wp-content\/uploads\/2013\/02\/2013-Adelanto-de-carteles.jpg","datePublished":"2013-02-10T19:56:23+00:00","dateModified":"2021-02-17T11:13:31+00:00","breadcrumb":{"@id":"https:\/\/www.ignaciosanchezmejias.es\/index.php\/2013\/02\/10\/adelanto-de-carteles\/#breadcrumb"},"inLanguage":"es","potentialAction":[{"@type":"ReadAction","target":["https:\/\/www.ignaciosanchezmejias.es\/index.php\/2013\/02\/10\/adelanto-de-carteles\/"]}]},{"@type":"ImageObject","inLanguage":"es","@id":"https:\/\/www.ignaciosanchezmejias.es\/index.php\/2013\/02\/10\/adelanto-de-carteles\/#primaryimage","url":"https:\/\/www.ignaciosanchezmejias.es\/wp-content\/uploads\/2013\/02\/2013-Adelanto-de-carteles.jpg","contentUrl":"https:\/\/www.ignaciosanchezmejias.es\/wp-content\/uploads\/2013\/02\/2013-Adelanto-de-carteles.jpg","width":644,"height":362,"caption":"Foto: ABC"},{"@type":"BreadcrumbList","@id":"https:\/\/www.ignaciosanchezmejias.es\/index.php\/2013\/02\/10\/adelanto-de-carteles\/#breadcrumb","itemListElement":[{"@type":"ListItem","position":1,"name":"Portada","item":"https:\/\/www.ignaciosanchezmejias.es\/"},{"@type":"ListItem","position":2,"name":"Adelanto de carteles"}]},{"@type":"WebSite","@id":"https:\/\/www.ignaciosanchezmejias.es\/#website","url":"https:\/\/www.ignaciosanchezmejias.es\/","name":"Blog de Ignacio S\u00e1nchez-Mej\u00edas","description":"Sitio personal ISM","publisher":{"@id":"https:\/\/www.ignaciosanchezmejias.es\/#\/schema\/person\/494d20bda3404108c02016d5e608fc65"},"potentialAction":[{"@type":"SearchAction","target":{"@type":"EntryPoint","urlTemplate":"https:\/\/www.ignaciosanchezmejias.es\/?s={search_term_string}"},"query-input":{"@type":"PropertyValueSpecification","valueRequired":true,"valueName":"search_term_string"}}],"inLanguage":"es"},{"@type":["Person","Organization"],"@id":"https:\/\/www.ignaciosanchezmejias.es\/#\/schema\/person\/494d20bda3404108c02016d5e608fc65","name":"isanchezmejias","image":{"@type":"ImageObject","inLanguage":"es","@id":"https:\/\/www.ignaciosanchezmejias.es\/wp-content\/uploads\/2020\/06\/cropped-Yo-antes.jpg","url":"https:\/\/www.ignaciosanchezmejias.es\/wp-content\/uploads\/2020\/06\/cropped-Yo-antes.jpg","contentUrl":"https:\/\/www.ignaciosanchezmejias.es\/wp-content\/uploads\/2020\/06\/cropped-Yo-antes.jpg","width":681,"height":482,"caption":"isanchezmejias"},"logo":{"@id":"https:\/\/www.ignaciosanchezmejias.es\/wp-content\/uploads\/2020\/06\/cropped-Yo-antes.jpg"},"sameAs":["https:\/\/www.ignaciosanchezmejias.es"],"url":"https:\/\/www.ignaciosanchezmejias.es\/index.php\/author\/isanchezmejias\/"}]}},"_links":{"self":[{"href":"https:\/\/www.ignaciosanchezmejias.es\/index.php\/wp-json\/wp\/v2\/posts\/2976","targetHints":{"allow":["GET"]}}],"collection":[{"href":"https:\/\/www.ignaciosanchezmejias.es\/index.php\/wp-json\/wp\/v2\/posts"}],"about":[{"href":"https:\/\/www.ignaciosanchezmejias.es\/index.php\/wp-json\/wp\/v2\/types\/post"}],"author":[{"embeddable":true,"href":"https:\/\/www.ignaciosanchezmejias.es\/index.php\/wp-json\/wp\/v2\/users\/1"}],"replies":[{"embeddable":true,"href":"https:\/\/www.ignaciosanchezmejias.es\/index.php\/wp-json\/wp\/v2\/comments?post=2976"}],"version-history":[{"count":2,"href":"https:\/\/www.ignaciosanchezmejias.es\/index.php\/wp-json\/wp\/v2\/posts\/2976\/revisions"}],"predecessor-version":[{"id":5462,"href":"https:\/\/www.ignaciosanchezmejias.es\/index.php\/wp-json\/wp\/v2\/posts\/2976\/revisions\/5462"}],"wp:featuredmedia":[{"embeddable":true,"href":"https:\/\/www.ignaciosanchezmejias.es\/index.php\/wp-json\/wp\/v2\/media\/5460"}],"wp:attachment":[{"href":"https:\/\/www.ignaciosanchezmejias.es\/index.php\/wp-json\/wp\/v2\/media?parent=2976"}],"wp:term":[{"taxonomy":"category","embeddable":true,"href":"https:\/\/www.ignaciosanchezmejias.es\/index.php\/wp-json\/wp\/v2\/categories?post=2976"},{"taxonomy":"post_tag","embeddable":true,"href":"https:\/\/www.ignaciosanchezmejias.es\/index.php\/wp-json\/wp\/v2\/tags?post=2976"}],"curies":[{"name":"wp","href":"https:\/\/api.w.org\/{rel}","templated":true}]}}