{"id":2954,"date":"2013-01-14T21:36:35","date_gmt":"2013-01-14T20:36:35","guid":{"rendered":"http:\/\/blogs.sevilla.abc.es\/desdeeltendido2\/?p=2954"},"modified":"2025-06-04T10:37:00","modified_gmt":"2025-06-04T10:37:00","slug":"por-fin-un-cuadro","status":"publish","type":"post","link":"https:\/\/www.ignaciosanchezmejias.es\/index.php\/2013\/01\/14\/por-fin-un-cuadro\/","title":{"rendered":"Por fin un Cuadro"},"content":{"rendered":"\n<p>La semana pasada se present\u00f3 en el Sal\u00f3n de Carteles de La Maestranza el cartel de toros que ilustrar\u00e1 el abono 2013. Como bien saben, desde hace a\u00f1os se encarga un cuadro para la colecci\u00f3n de pintura taurina contempor\u00e1nea de La Real Maestranza de Caballer\u00eda de Sevilla.<\/p>\n\n\n\n<p>Desde el principio se busc\u00f3 a un pintor de renombre y se le hizo el encargo de un cuadro taurino, o lo que ellos entendieran por taurino. En muchos casos estos pintores no eran aficionados, eran de pa\u00edses no taurinos o no hab\u00edan visto una corrida en su vida. La cosa sali\u00f3 como sali\u00f3. Para ser generosos, digamos que hac\u00edan composiciones que no entend\u00edamos los profanos.<\/p>\n\n\n\n<p>Pero ante tanta cr\u00edtica, en los \u00faltimos a\u00f1os la cosa ha ido cambiando. El a\u00f1o pasado ya se hizo un encargo: \u201cP\u00ednteme usted a Gallito\u201d y, bueno, sali\u00f3 una cosa con serpentinas y muy circense que mejorando lo anterior, no agrad\u00f3 a todos. Este a\u00f1o se ha ido sobre seguro, se ha contratado a un afamado retratista, el gaditano Hern\u00e1n Cort\u00e9s y se le ha encargado un retrato de Belmonte para homenajear su centenario de alternativa. Cuando las cosas de programan bien, suelen salir bien. El resultado es un espl\u00e9ndido retrato de un Belmonte joven cuya mirada esconde muchos secretos.<\/p>\n\n\n\n<p>Todav\u00eda no he le\u00eddo ni o\u00eddo a nadie al que no le guste el cuadro. Mi enhorabuena a los maestrantes por el encargo y al pintor por su obra. Ya hubi\u00e9semos querido que el a\u00f1o pasado se pintara a Gallito con la misma seriedad.<\/p>\n\n\n\n<p><a href=\"https:\/\/twitter.com\/isanchezmejias\" target=\"_blank\" rel=\"noopener\">@isanchezmejias<\/a><\/p>\n","protected":false},"excerpt":{"rendered":"<p>La semana pasada se present\u00f3 en el Sal\u00f3n de Carteles de La Maestranza el cartel de toros que ilustrar\u00e1 el abono 2013. Como bien saben, desde hace a\u00f1os se encarga un cuadro para la colecci\u00f3n de pintura taurina contempor\u00e1nea de La Real Maestranza de Caballer\u00eda de Sevilla. Desde el principio se busc\u00f3 a un pintor [&hellip;]<\/p>\n","protected":false},"author":1,"featured_media":5448,"comment_status":"open","ping_status":"open","sticky":false,"template":"","format":"standard","meta":{"footnotes":""},"categories":[455],"tags":[570],"class_list":["post-2954","post","type-post","status-publish","format-standard","has-post-thumbnail","hentry","category-abono-sevilla-2013","tag-cuadros"],"yoast_head":"<!-- This site is optimized with the Yoast SEO plugin v27.4 - https:\/\/yoast.com\/product\/yoast-seo-wordpress\/ -->\n<title>Por fin un Cuadro - Sitio web de Ignacio S\u00e1nchez-Mej\u00edas Herrero<\/title>\n<meta name=\"robots\" content=\"index, follow, max-snippet:-1, max-image-preview:large, max-video-preview:-1\" \/>\n<link rel=\"canonical\" href=\"https:\/\/www.ignaciosanchezmejias.es\/index.php\/2013\/01\/14\/por-fin-un-cuadro\/\" \/>\n<meta property=\"og:locale\" content=\"es_ES\" \/>\n<meta property=\"og:type\" content=\"article\" \/>\n<meta property=\"og:title\" content=\"Por fin un Cuadro - Sitio web de Ignacio S\u00e1nchez-Mej\u00edas Herrero\" \/>\n<meta property=\"og:description\" content=\"La semana pasada se present\u00f3 en el Sal\u00f3n de Carteles de La Maestranza el cartel de toros que ilustrar\u00e1 el abono 2013. Como bien saben, desde hace a\u00f1os se encarga un cuadro para la colecci\u00f3n de pintura taurina contempor\u00e1nea de La Real Maestranza de Caballer\u00eda de Sevilla. Desde el principio se busc\u00f3 a un pintor [&hellip;]\" \/>\n<meta property=\"og:url\" content=\"https:\/\/www.ignaciosanchezmejias.es\/index.php\/2013\/01\/14\/por-fin-un-cuadro\/\" \/>\n<meta property=\"og:site_name\" content=\"Sitio web de Ignacio S\u00e1nchez-Mej\u00edas Herrero\" \/>\n<meta property=\"article:published_time\" content=\"2013-01-14T20:36:35+00:00\" \/>\n<meta property=\"article:modified_time\" content=\"2025-06-04T10:37:00+00:00\" \/>\n<meta property=\"og:image\" content=\"https:\/\/www.ignaciosanchezmejias.es\/wp-content\/uploads\/2013\/01\/Belmonte.jpg\" \/>\n\t<meta property=\"og:image:width\" content=\"294\" \/>\n\t<meta property=\"og:image:height\" content=\"580\" \/>\n\t<meta property=\"og:image:type\" content=\"image\/jpeg\" \/>\n<meta name=\"author\" content=\"isanchezmejias\" \/>\n<meta name=\"twitter:card\" content=\"summary_large_image\" \/>\n<meta name=\"twitter:label1\" content=\"Escrito por\" \/>\n\t<meta name=\"twitter:data1\" content=\"isanchezmejias\" \/>\n\t<meta name=\"twitter:label2\" content=\"Tiempo de lectura\" \/>\n\t<meta name=\"twitter:data2\" content=\"1 minuto\" \/>\n<script type=\"application\/ld+json\" class=\"yoast-schema-graph\">{\"@context\":\"https:\\\/\\\/schema.org\",\"@graph\":[{\"@type\":\"Article\",\"@id\":\"https:\\\/\\\/www.ignaciosanchezmejias.es\\\/index.php\\\/2013\\\/01\\\/14\\\/por-fin-un-cuadro\\\/#article\",\"isPartOf\":{\"@id\":\"https:\\\/\\\/www.ignaciosanchezmejias.es\\\/index.php\\\/2013\\\/01\\\/14\\\/por-fin-un-cuadro\\\/\"},\"author\":{\"name\":\"isanchezmejias\",\"@id\":\"https:\\\/\\\/www.ignaciosanchezmejias.es\\\/#\\\/schema\\\/person\\\/494d20bda3404108c02016d5e608fc65\"},\"headline\":\"Por fin un Cuadro\",\"datePublished\":\"2013-01-14T20:36:35+00:00\",\"dateModified\":\"2025-06-04T10:37:00+00:00\",\"mainEntityOfPage\":{\"@id\":\"https:\\\/\\\/www.ignaciosanchezmejias.es\\\/index.php\\\/2013\\\/01\\\/14\\\/por-fin-un-cuadro\\\/\"},\"wordCount\":283,\"commentCount\":5,\"publisher\":{\"@id\":\"https:\\\/\\\/www.ignaciosanchezmejias.es\\\/#\\\/schema\\\/person\\\/494d20bda3404108c02016d5e608fc65\"},\"image\":{\"@id\":\"https:\\\/\\\/www.ignaciosanchezmejias.es\\\/index.php\\\/2013\\\/01\\\/14\\\/por-fin-un-cuadro\\\/#primaryimage\"},\"thumbnailUrl\":\"https:\\\/\\\/www.ignaciosanchezmejias.es\\\/wp-content\\\/uploads\\\/2013\\\/01\\\/Belmonte.jpg\",\"keywords\":[\"Cuadros\"],\"articleSection\":[\"Abono Sevilla 2013\"],\"inLanguage\":\"es\",\"potentialAction\":[{\"@type\":\"CommentAction\",\"name\":\"Comment\",\"target\":[\"https:\\\/\\\/www.ignaciosanchezmejias.es\\\/index.php\\\/2013\\\/01\\\/14\\\/por-fin-un-cuadro\\\/#respond\"]}]},{\"@type\":\"WebPage\",\"@id\":\"https:\\\/\\\/www.ignaciosanchezmejias.es\\\/index.php\\\/2013\\\/01\\\/14\\\/por-fin-un-cuadro\\\/\",\"url\":\"https:\\\/\\\/www.ignaciosanchezmejias.es\\\/index.php\\\/2013\\\/01\\\/14\\\/por-fin-un-cuadro\\\/\",\"name\":\"Por fin un Cuadro - Sitio web de Ignacio S\u00e1nchez-Mej\u00edas Herrero\",\"isPartOf\":{\"@id\":\"https:\\\/\\\/www.ignaciosanchezmejias.es\\\/#website\"},\"primaryImageOfPage\":{\"@id\":\"https:\\\/\\\/www.ignaciosanchezmejias.es\\\/index.php\\\/2013\\\/01\\\/14\\\/por-fin-un-cuadro\\\/#primaryimage\"},\"image\":{\"@id\":\"https:\\\/\\\/www.ignaciosanchezmejias.es\\\/index.php\\\/2013\\\/01\\\/14\\\/por-fin-un-cuadro\\\/#primaryimage\"},\"thumbnailUrl\":\"https:\\\/\\\/www.ignaciosanchezmejias.es\\\/wp-content\\\/uploads\\\/2013\\\/01\\\/Belmonte.jpg\",\"datePublished\":\"2013-01-14T20:36:35+00:00\",\"dateModified\":\"2025-06-04T10:37:00+00:00\",\"breadcrumb\":{\"@id\":\"https:\\\/\\\/www.ignaciosanchezmejias.es\\\/index.php\\\/2013\\\/01\\\/14\\\/por-fin-un-cuadro\\\/#breadcrumb\"},\"inLanguage\":\"es\",\"potentialAction\":[{\"@type\":\"ReadAction\",\"target\":[\"https:\\\/\\\/www.ignaciosanchezmejias.es\\\/index.php\\\/2013\\\/01\\\/14\\\/por-fin-un-cuadro\\\/\"]}]},{\"@type\":\"ImageObject\",\"inLanguage\":\"es\",\"@id\":\"https:\\\/\\\/www.ignaciosanchezmejias.es\\\/index.php\\\/2013\\\/01\\\/14\\\/por-fin-un-cuadro\\\/#primaryimage\",\"url\":\"https:\\\/\\\/www.ignaciosanchezmejias.es\\\/wp-content\\\/uploads\\\/2013\\\/01\\\/Belmonte.jpg\",\"contentUrl\":\"https:\\\/\\\/www.ignaciosanchezmejias.es\\\/wp-content\\\/uploads\\\/2013\\\/01\\\/Belmonte.jpg\",\"width\":294,\"height\":580},{\"@type\":\"BreadcrumbList\",\"@id\":\"https:\\\/\\\/www.ignaciosanchezmejias.es\\\/index.php\\\/2013\\\/01\\\/14\\\/por-fin-un-cuadro\\\/#breadcrumb\",\"itemListElement\":[{\"@type\":\"ListItem\",\"position\":1,\"name\":\"Portada\",\"item\":\"https:\\\/\\\/www.ignaciosanchezmejias.es\\\/\"},{\"@type\":\"ListItem\",\"position\":2,\"name\":\"Por fin un Cuadro\"}]},{\"@type\":\"WebSite\",\"@id\":\"https:\\\/\\\/www.ignaciosanchezmejias.es\\\/#website\",\"url\":\"https:\\\/\\\/www.ignaciosanchezmejias.es\\\/\",\"name\":\"Blog de Ignacio S\u00e1nchez-Mej\u00edas\",\"description\":\"Sitio personal ISM\",\"publisher\":{\"@id\":\"https:\\\/\\\/www.ignaciosanchezmejias.es\\\/#\\\/schema\\\/person\\\/494d20bda3404108c02016d5e608fc65\"},\"potentialAction\":[{\"@type\":\"SearchAction\",\"target\":{\"@type\":\"EntryPoint\",\"urlTemplate\":\"https:\\\/\\\/www.ignaciosanchezmejias.es\\\/?s={search_term_string}\"},\"query-input\":{\"@type\":\"PropertyValueSpecification\",\"valueRequired\":true,\"valueName\":\"search_term_string\"}}],\"inLanguage\":\"es\"},{\"@type\":[\"Person\",\"Organization\"],\"@id\":\"https:\\\/\\\/www.ignaciosanchezmejias.es\\\/#\\\/schema\\\/person\\\/494d20bda3404108c02016d5e608fc65\",\"name\":\"isanchezmejias\",\"image\":{\"@type\":\"ImageObject\",\"inLanguage\":\"es\",\"@id\":\"https:\\\/\\\/www.ignaciosanchezmejias.es\\\/wp-content\\\/uploads\\\/2020\\\/06\\\/cropped-Yo-antes.jpg\",\"url\":\"https:\\\/\\\/www.ignaciosanchezmejias.es\\\/wp-content\\\/uploads\\\/2020\\\/06\\\/cropped-Yo-antes.jpg\",\"contentUrl\":\"https:\\\/\\\/www.ignaciosanchezmejias.es\\\/wp-content\\\/uploads\\\/2020\\\/06\\\/cropped-Yo-antes.jpg\",\"width\":681,\"height\":482,\"caption\":\"isanchezmejias\"},\"logo\":{\"@id\":\"https:\\\/\\\/www.ignaciosanchezmejias.es\\\/wp-content\\\/uploads\\\/2020\\\/06\\\/cropped-Yo-antes.jpg\"},\"sameAs\":[\"https:\\\/\\\/www.ignaciosanchezmejias.es\"],\"url\":\"https:\\\/\\\/www.ignaciosanchezmejias.es\\\/index.php\\\/author\\\/isanchezmejias\\\/\"}]}<\/script>\n<!-- \/ Yoast SEO plugin. -->","yoast_head_json":{"title":"Por fin un Cuadro - Sitio web de Ignacio S\u00e1nchez-Mej\u00edas Herrero","robots":{"index":"index","follow":"follow","max-snippet":"max-snippet:-1","max-image-preview":"max-image-preview:large","max-video-preview":"max-video-preview:-1"},"canonical":"https:\/\/www.ignaciosanchezmejias.es\/index.php\/2013\/01\/14\/por-fin-un-cuadro\/","og_locale":"es_ES","og_type":"article","og_title":"Por fin un Cuadro - Sitio web de Ignacio S\u00e1nchez-Mej\u00edas Herrero","og_description":"La semana pasada se present\u00f3 en el Sal\u00f3n de Carteles de La Maestranza el cartel de toros que ilustrar\u00e1 el abono 2013. Como bien saben, desde hace a\u00f1os se encarga un cuadro para la colecci\u00f3n de pintura taurina contempor\u00e1nea de La Real Maestranza de Caballer\u00eda de Sevilla. Desde el principio se busc\u00f3 a un pintor [&hellip;]","og_url":"https:\/\/www.ignaciosanchezmejias.es\/index.php\/2013\/01\/14\/por-fin-un-cuadro\/","og_site_name":"Sitio web de Ignacio S\u00e1nchez-Mej\u00edas Herrero","article_published_time":"2013-01-14T20:36:35+00:00","article_modified_time":"2025-06-04T10:37:00+00:00","og_image":[{"width":294,"height":580,"url":"https:\/\/www.ignaciosanchezmejias.es\/wp-content\/uploads\/2013\/01\/Belmonte.jpg","type":"image\/jpeg"}],"author":"isanchezmejias","twitter_card":"summary_large_image","twitter_misc":{"Escrito por":"isanchezmejias","Tiempo de lectura":"1 minuto"},"schema":{"@context":"https:\/\/schema.org","@graph":[{"@type":"Article","@id":"https:\/\/www.ignaciosanchezmejias.es\/index.php\/2013\/01\/14\/por-fin-un-cuadro\/#article","isPartOf":{"@id":"https:\/\/www.ignaciosanchezmejias.es\/index.php\/2013\/01\/14\/por-fin-un-cuadro\/"},"author":{"name":"isanchezmejias","@id":"https:\/\/www.ignaciosanchezmejias.es\/#\/schema\/person\/494d20bda3404108c02016d5e608fc65"},"headline":"Por fin un Cuadro","datePublished":"2013-01-14T20:36:35+00:00","dateModified":"2025-06-04T10:37:00+00:00","mainEntityOfPage":{"@id":"https:\/\/www.ignaciosanchezmejias.es\/index.php\/2013\/01\/14\/por-fin-un-cuadro\/"},"wordCount":283,"commentCount":5,"publisher":{"@id":"https:\/\/www.ignaciosanchezmejias.es\/#\/schema\/person\/494d20bda3404108c02016d5e608fc65"},"image":{"@id":"https:\/\/www.ignaciosanchezmejias.es\/index.php\/2013\/01\/14\/por-fin-un-cuadro\/#primaryimage"},"thumbnailUrl":"https:\/\/www.ignaciosanchezmejias.es\/wp-content\/uploads\/2013\/01\/Belmonte.jpg","keywords":["Cuadros"],"articleSection":["Abono Sevilla 2013"],"inLanguage":"es","potentialAction":[{"@type":"CommentAction","name":"Comment","target":["https:\/\/www.ignaciosanchezmejias.es\/index.php\/2013\/01\/14\/por-fin-un-cuadro\/#respond"]}]},{"@type":"WebPage","@id":"https:\/\/www.ignaciosanchezmejias.es\/index.php\/2013\/01\/14\/por-fin-un-cuadro\/","url":"https:\/\/www.ignaciosanchezmejias.es\/index.php\/2013\/01\/14\/por-fin-un-cuadro\/","name":"Por fin un Cuadro - Sitio web de Ignacio S\u00e1nchez-Mej\u00edas Herrero","isPartOf":{"@id":"https:\/\/www.ignaciosanchezmejias.es\/#website"},"primaryImageOfPage":{"@id":"https:\/\/www.ignaciosanchezmejias.es\/index.php\/2013\/01\/14\/por-fin-un-cuadro\/#primaryimage"},"image":{"@id":"https:\/\/www.ignaciosanchezmejias.es\/index.php\/2013\/01\/14\/por-fin-un-cuadro\/#primaryimage"},"thumbnailUrl":"https:\/\/www.ignaciosanchezmejias.es\/wp-content\/uploads\/2013\/01\/Belmonte.jpg","datePublished":"2013-01-14T20:36:35+00:00","dateModified":"2025-06-04T10:37:00+00:00","breadcrumb":{"@id":"https:\/\/www.ignaciosanchezmejias.es\/index.php\/2013\/01\/14\/por-fin-un-cuadro\/#breadcrumb"},"inLanguage":"es","potentialAction":[{"@type":"ReadAction","target":["https:\/\/www.ignaciosanchezmejias.es\/index.php\/2013\/01\/14\/por-fin-un-cuadro\/"]}]},{"@type":"ImageObject","inLanguage":"es","@id":"https:\/\/www.ignaciosanchezmejias.es\/index.php\/2013\/01\/14\/por-fin-un-cuadro\/#primaryimage","url":"https:\/\/www.ignaciosanchezmejias.es\/wp-content\/uploads\/2013\/01\/Belmonte.jpg","contentUrl":"https:\/\/www.ignaciosanchezmejias.es\/wp-content\/uploads\/2013\/01\/Belmonte.jpg","width":294,"height":580},{"@type":"BreadcrumbList","@id":"https:\/\/www.ignaciosanchezmejias.es\/index.php\/2013\/01\/14\/por-fin-un-cuadro\/#breadcrumb","itemListElement":[{"@type":"ListItem","position":1,"name":"Portada","item":"https:\/\/www.ignaciosanchezmejias.es\/"},{"@type":"ListItem","position":2,"name":"Por fin un Cuadro"}]},{"@type":"WebSite","@id":"https:\/\/www.ignaciosanchezmejias.es\/#website","url":"https:\/\/www.ignaciosanchezmejias.es\/","name":"Blog de Ignacio S\u00e1nchez-Mej\u00edas","description":"Sitio personal ISM","publisher":{"@id":"https:\/\/www.ignaciosanchezmejias.es\/#\/schema\/person\/494d20bda3404108c02016d5e608fc65"},"potentialAction":[{"@type":"SearchAction","target":{"@type":"EntryPoint","urlTemplate":"https:\/\/www.ignaciosanchezmejias.es\/?s={search_term_string}"},"query-input":{"@type":"PropertyValueSpecification","valueRequired":true,"valueName":"search_term_string"}}],"inLanguage":"es"},{"@type":["Person","Organization"],"@id":"https:\/\/www.ignaciosanchezmejias.es\/#\/schema\/person\/494d20bda3404108c02016d5e608fc65","name":"isanchezmejias","image":{"@type":"ImageObject","inLanguage":"es","@id":"https:\/\/www.ignaciosanchezmejias.es\/wp-content\/uploads\/2020\/06\/cropped-Yo-antes.jpg","url":"https:\/\/www.ignaciosanchezmejias.es\/wp-content\/uploads\/2020\/06\/cropped-Yo-antes.jpg","contentUrl":"https:\/\/www.ignaciosanchezmejias.es\/wp-content\/uploads\/2020\/06\/cropped-Yo-antes.jpg","width":681,"height":482,"caption":"isanchezmejias"},"logo":{"@id":"https:\/\/www.ignaciosanchezmejias.es\/wp-content\/uploads\/2020\/06\/cropped-Yo-antes.jpg"},"sameAs":["https:\/\/www.ignaciosanchezmejias.es"],"url":"https:\/\/www.ignaciosanchezmejias.es\/index.php\/author\/isanchezmejias\/"}]}},"_links":{"self":[{"href":"https:\/\/www.ignaciosanchezmejias.es\/index.php\/wp-json\/wp\/v2\/posts\/2954","targetHints":{"allow":["GET"]}}],"collection":[{"href":"https:\/\/www.ignaciosanchezmejias.es\/index.php\/wp-json\/wp\/v2\/posts"}],"about":[{"href":"https:\/\/www.ignaciosanchezmejias.es\/index.php\/wp-json\/wp\/v2\/types\/post"}],"author":[{"embeddable":true,"href":"https:\/\/www.ignaciosanchezmejias.es\/index.php\/wp-json\/wp\/v2\/users\/1"}],"replies":[{"embeddable":true,"href":"https:\/\/www.ignaciosanchezmejias.es\/index.php\/wp-json\/wp\/v2\/comments?post=2954"}],"version-history":[{"count":2,"href":"https:\/\/www.ignaciosanchezmejias.es\/index.php\/wp-json\/wp\/v2\/posts\/2954\/revisions"}],"predecessor-version":[{"id":5450,"href":"https:\/\/www.ignaciosanchezmejias.es\/index.php\/wp-json\/wp\/v2\/posts\/2954\/revisions\/5450"}],"wp:featuredmedia":[{"embeddable":true,"href":"https:\/\/www.ignaciosanchezmejias.es\/index.php\/wp-json\/wp\/v2\/media\/5448"}],"wp:attachment":[{"href":"https:\/\/www.ignaciosanchezmejias.es\/index.php\/wp-json\/wp\/v2\/media?parent=2954"}],"wp:term":[{"taxonomy":"category","embeddable":true,"href":"https:\/\/www.ignaciosanchezmejias.es\/index.php\/wp-json\/wp\/v2\/categories?post=2954"},{"taxonomy":"post_tag","embeddable":true,"href":"https:\/\/www.ignaciosanchezmejias.es\/index.php\/wp-json\/wp\/v2\/tags?post=2954"}],"curies":[{"name":"wp","href":"https:\/\/api.w.org\/{rel}","templated":true}]}}