{"id":2713,"date":"2012-06-08T11:15:13","date_gmt":"2012-06-08T10:15:13","guid":{"rendered":"http:\/\/blogs.sevilla.abc.es\/desdeeltendido2\/?p=2713"},"modified":"2021-02-10T17:33:28","modified_gmt":"2021-02-10T17:33:28","slug":"infumables-montealtos","status":"publish","type":"post","link":"https:\/\/www.ignaciosanchezmejias.es\/index.php\/2012\/06\/08\/infumables-montealtos\/","title":{"rendered":"Infumables Montealtos"},"content":{"rendered":"\n<p>Desgraciadamente, la novillada de Montealto no dio muchas opciones de lucimiento a la terna de novilleros.\u00a0Bien presentados y bonitos, pero descastados, mansotes, rajados, con poca fuerza, que unas veces embest\u00edan con clase y al siguiente pase con la cara por las nubes o, simplemente, por fuera de los enga\u00f1os. Con ese material infumable, y puestos a elegir montes, m\u00e1s nos hubiera valido tener Montecristos, o mejor aun, un buen tinto de Montecillo. <\/p>\n\n\n\n<p>La tradicional corrida del Corpus se ha quedado en novillada. Ya no podremos decir aquello de \u201clas orejas de Curro en el Corpus del a\u00f1o tal\u201d, ahora tendremos que decir, \u201crecuerdo el debut con caballos de mengano en el Corpus\u201d. A pesar de ser una terna de garant\u00edas poco pudimos ver en la tarde del jueves. A Sergio Flores se le not\u00f3 un poco apagado. En su primero, como tardaba en matarlo despu\u00e9s de pinchar, y ante un desagradable grito del gracioso de turno de \u201c\u00bfLo vas a matar hoy?\u201d se tir\u00f3 a por todas siendo prendido por el pecho de fea manera. Memos mal que no pas\u00f3 a mayores. Rafael Cerro tiene hechuras y maneras de torero, y fue el que mejor sabor de boca dej\u00f3. Juan Ortega, que se presentaba en Sevilla, poco pudo hacer.<\/p>\n\n\n\n<p>Lo indignante de la tarde estuvo fuera de la plaza. Saben ustedes que no soy dado a hablar de los antitoro por no darles una cancha que no se merecen, pero lo del jueves pas\u00f3 de casta\u00f1o oscuro. 12 mamarrachos contados, 12, perfectamente alineados y&nbsp;pertrechados de pancartas y altavoz, pegados casi a la Puerta del Pr\u00edncipe, gritando impunemente sus consignas, eso si, debidamente protegidos por 20 polis. Se ve\u00edan que eran pagados, hab\u00eda hasta un chino, pero la cuesti\u00f3n es \u00bfTenemos que soportar en nuestras narices que nos insulten? \u00bfNo pod\u00eda la poli haberlos puesto m\u00e1s lejos o simplemente no haber estado? As\u00ed nosotros si les podr\u00edamos haber dicho educadamente, que se pusieran m\u00e1s lejos a insultarnos. Los pol\u00edticos, que m\u00e1s bajo no pueden caer, est\u00e1n a lo \u201cpol\u00edticamente correcto\u201d y se aprovechan de &nbsp;la educaci\u00f3n de los aficionados a los toros. No me imagino esta molesta protesta en las narices de los cazadores en una monter\u00eda, pongo por caso, o de los almonte\u00f1os en el Roc\u00edo, por poner otro ejemplo. La libertad de expresi\u00f3n no puede pasar a ser libertad de incordio, porque adem\u00e1s de esto, se pasaron los dos primeros novillos con los altavoces a tope molestando a los aficionados y a los profesionales. Menos mal que el presupuesto s\u00f3lo dio para pagarles dos horas y, afortunadamente, nos dejaron en paz el resto de la tarde. Ruego una reflexi\u00f3n a los pol\u00edticos (si es que esto es posible) y a los mandos policiales, para que futuras protestas, que son muy libres de hacerlas, no las protejan en nuestras narices.<\/p>\n","protected":false},"excerpt":{"rendered":"<p>Desgraciadamente, la novillada de Montealto no dio muchas opciones de lucimiento a la terna de novilleros.\u00a0Bien presentados y bonitos, pero descastados, mansotes, rajados, con poca fuerza, que unas veces embest\u00edan con clase y al siguiente pase con la cara por las nubes o, simplemente, por fuera de los enga\u00f1os. Con ese material infumable, y puestos [&hellip;]<\/p>\n","protected":false},"author":1,"featured_media":5336,"comment_status":"open","ping_status":"open","sticky":false,"template":"","format":"standard","meta":{"footnotes":""},"categories":[440],"tags":[96,446,439,437],"class_list":["post-2713","post","type-post","status-publish","format-standard","has-post-thumbnail","hentry","category-abono-sevilla-2012","tag-juan-ortega","tag-montealto","tag-rafael-cerro","tag-sergio-flores"],"yoast_head":"<!-- This site is optimized with the Yoast SEO plugin v27.5 - https:\/\/yoast.com\/product\/yoast-seo-wordpress\/ -->\n<title>Infumables Montealtos - Sitio web de Ignacio S\u00e1nchez-Mej\u00edas Herrero<\/title>\n<meta name=\"robots\" content=\"index, follow, max-snippet:-1, max-image-preview:large, max-video-preview:-1\" \/>\n<link rel=\"canonical\" href=\"https:\/\/www.ignaciosanchezmejias.es\/index.php\/2012\/06\/08\/infumables-montealtos\/\" \/>\n<meta property=\"og:locale\" content=\"es_ES\" \/>\n<meta property=\"og:type\" content=\"article\" \/>\n<meta property=\"og:title\" content=\"Infumables Montealtos - Sitio web de Ignacio S\u00e1nchez-Mej\u00edas Herrero\" \/>\n<meta property=\"og:description\" content=\"Desgraciadamente, la novillada de Montealto no dio muchas opciones de lucimiento a la terna de novilleros.\u00a0Bien presentados y bonitos, pero descastados, mansotes, rajados, con poca fuerza, que unas veces embest\u00edan con clase y al siguiente pase con la cara por las nubes o, simplemente, por fuera de los enga\u00f1os. Con ese material infumable, y puestos [&hellip;]\" \/>\n<meta property=\"og:url\" content=\"https:\/\/www.ignaciosanchezmejias.es\/index.php\/2012\/06\/08\/infumables-montealtos\/\" \/>\n<meta property=\"og:site_name\" content=\"Sitio web de Ignacio S\u00e1nchez-Mej\u00edas Herrero\" \/>\n<meta property=\"article:published_time\" content=\"2012-06-08T10:15:13+00:00\" \/>\n<meta property=\"article:modified_time\" content=\"2021-02-10T17:33:28+00:00\" \/>\n<meta property=\"og:image\" content=\"https:\/\/www.ignaciosanchezmejias.es\/wp-content\/uploads\/2012\/06\/Corpus.jpg\" \/>\n\t<meta property=\"og:image:width\" content=\"500\" \/>\n\t<meta property=\"og:image:height\" content=\"333\" \/>\n\t<meta property=\"og:image:type\" content=\"image\/jpeg\" \/>\n<meta name=\"author\" content=\"isanchezmejias\" \/>\n<meta name=\"twitter:card\" content=\"summary_large_image\" \/>\n<meta name=\"twitter:label1\" content=\"Escrito por\" \/>\n\t<meta name=\"twitter:data1\" content=\"isanchezmejias\" \/>\n\t<meta name=\"twitter:label2\" content=\"Tiempo de lectura\" \/>\n\t<meta name=\"twitter:data2\" content=\"2 minutos\" \/>\n<script type=\"application\/ld+json\" class=\"yoast-schema-graph\">{\"@context\":\"https:\\\/\\\/schema.org\",\"@graph\":[{\"@type\":\"Article\",\"@id\":\"https:\\\/\\\/www.ignaciosanchezmejias.es\\\/index.php\\\/2012\\\/06\\\/08\\\/infumables-montealtos\\\/#article\",\"isPartOf\":{\"@id\":\"https:\\\/\\\/www.ignaciosanchezmejias.es\\\/index.php\\\/2012\\\/06\\\/08\\\/infumables-montealtos\\\/\"},\"author\":{\"name\":\"isanchezmejias\",\"@id\":\"https:\\\/\\\/www.ignaciosanchezmejias.es\\\/#\\\/schema\\\/person\\\/494d20bda3404108c02016d5e608fc65\"},\"headline\":\"Infumables Montealtos\",\"datePublished\":\"2012-06-08T10:15:13+00:00\",\"dateModified\":\"2021-02-10T17:33:28+00:00\",\"mainEntityOfPage\":{\"@id\":\"https:\\\/\\\/www.ignaciosanchezmejias.es\\\/index.php\\\/2012\\\/06\\\/08\\\/infumables-montealtos\\\/\"},\"wordCount\":501,\"commentCount\":6,\"publisher\":{\"@id\":\"https:\\\/\\\/www.ignaciosanchezmejias.es\\\/#\\\/schema\\\/person\\\/494d20bda3404108c02016d5e608fc65\"},\"image\":{\"@id\":\"https:\\\/\\\/www.ignaciosanchezmejias.es\\\/index.php\\\/2012\\\/06\\\/08\\\/infumables-montealtos\\\/#primaryimage\"},\"thumbnailUrl\":\"https:\\\/\\\/www.ignaciosanchezmejias.es\\\/wp-content\\\/uploads\\\/2012\\\/06\\\/Corpus.jpg\",\"keywords\":[\"Juan Ortega\",\"Montealto\",\"Rafael Cerro\",\"Sergio Flores\"],\"articleSection\":[\"Abono Sevilla 2012\"],\"inLanguage\":\"es\",\"potentialAction\":[{\"@type\":\"CommentAction\",\"name\":\"Comment\",\"target\":[\"https:\\\/\\\/www.ignaciosanchezmejias.es\\\/index.php\\\/2012\\\/06\\\/08\\\/infumables-montealtos\\\/#respond\"]}]},{\"@type\":\"WebPage\",\"@id\":\"https:\\\/\\\/www.ignaciosanchezmejias.es\\\/index.php\\\/2012\\\/06\\\/08\\\/infumables-montealtos\\\/\",\"url\":\"https:\\\/\\\/www.ignaciosanchezmejias.es\\\/index.php\\\/2012\\\/06\\\/08\\\/infumables-montealtos\\\/\",\"name\":\"Infumables Montealtos - Sitio web de Ignacio S\u00e1nchez-Mej\u00edas Herrero\",\"isPartOf\":{\"@id\":\"https:\\\/\\\/www.ignaciosanchezmejias.es\\\/#website\"},\"primaryImageOfPage\":{\"@id\":\"https:\\\/\\\/www.ignaciosanchezmejias.es\\\/index.php\\\/2012\\\/06\\\/08\\\/infumables-montealtos\\\/#primaryimage\"},\"image\":{\"@id\":\"https:\\\/\\\/www.ignaciosanchezmejias.es\\\/index.php\\\/2012\\\/06\\\/08\\\/infumables-montealtos\\\/#primaryimage\"},\"thumbnailUrl\":\"https:\\\/\\\/www.ignaciosanchezmejias.es\\\/wp-content\\\/uploads\\\/2012\\\/06\\\/Corpus.jpg\",\"datePublished\":\"2012-06-08T10:15:13+00:00\",\"dateModified\":\"2021-02-10T17:33:28+00:00\",\"breadcrumb\":{\"@id\":\"https:\\\/\\\/www.ignaciosanchezmejias.es\\\/index.php\\\/2012\\\/06\\\/08\\\/infumables-montealtos\\\/#breadcrumb\"},\"inLanguage\":\"es\",\"potentialAction\":[{\"@type\":\"ReadAction\",\"target\":[\"https:\\\/\\\/www.ignaciosanchezmejias.es\\\/index.php\\\/2012\\\/06\\\/08\\\/infumables-montealtos\\\/\"]}]},{\"@type\":\"ImageObject\",\"inLanguage\":\"es\",\"@id\":\"https:\\\/\\\/www.ignaciosanchezmejias.es\\\/index.php\\\/2012\\\/06\\\/08\\\/infumables-montealtos\\\/#primaryimage\",\"url\":\"https:\\\/\\\/www.ignaciosanchezmejias.es\\\/wp-content\\\/uploads\\\/2012\\\/06\\\/Corpus.jpg\",\"contentUrl\":\"https:\\\/\\\/www.ignaciosanchezmejias.es\\\/wp-content\\\/uploads\\\/2012\\\/06\\\/Corpus.jpg\",\"width\":500,\"height\":333,\"caption\":\"Foto. Sandra Carbonero para aplausos.com\"},{\"@type\":\"BreadcrumbList\",\"@id\":\"https:\\\/\\\/www.ignaciosanchezmejias.es\\\/index.php\\\/2012\\\/06\\\/08\\\/infumables-montealtos\\\/#breadcrumb\",\"itemListElement\":[{\"@type\":\"ListItem\",\"position\":1,\"name\":\"Portada\",\"item\":\"https:\\\/\\\/www.ignaciosanchezmejias.es\\\/\"},{\"@type\":\"ListItem\",\"position\":2,\"name\":\"Infumables Montealtos\"}]},{\"@type\":\"WebSite\",\"@id\":\"https:\\\/\\\/www.ignaciosanchezmejias.es\\\/#website\",\"url\":\"https:\\\/\\\/www.ignaciosanchezmejias.es\\\/\",\"name\":\"Blog de Ignacio S\u00e1nchez-Mej\u00edas\",\"description\":\"Sitio personal ISM\",\"publisher\":{\"@id\":\"https:\\\/\\\/www.ignaciosanchezmejias.es\\\/#\\\/schema\\\/person\\\/494d20bda3404108c02016d5e608fc65\"},\"potentialAction\":[{\"@type\":\"SearchAction\",\"target\":{\"@type\":\"EntryPoint\",\"urlTemplate\":\"https:\\\/\\\/www.ignaciosanchezmejias.es\\\/?s={search_term_string}\"},\"query-input\":{\"@type\":\"PropertyValueSpecification\",\"valueRequired\":true,\"valueName\":\"search_term_string\"}}],\"inLanguage\":\"es\"},{\"@type\":[\"Person\",\"Organization\"],\"@id\":\"https:\\\/\\\/www.ignaciosanchezmejias.es\\\/#\\\/schema\\\/person\\\/494d20bda3404108c02016d5e608fc65\",\"name\":\"isanchezmejias\",\"image\":{\"@type\":\"ImageObject\",\"inLanguage\":\"es\",\"@id\":\"https:\\\/\\\/www.ignaciosanchezmejias.es\\\/wp-content\\\/uploads\\\/2020\\\/06\\\/cropped-Yo-antes.jpg\",\"url\":\"https:\\\/\\\/www.ignaciosanchezmejias.es\\\/wp-content\\\/uploads\\\/2020\\\/06\\\/cropped-Yo-antes.jpg\",\"contentUrl\":\"https:\\\/\\\/www.ignaciosanchezmejias.es\\\/wp-content\\\/uploads\\\/2020\\\/06\\\/cropped-Yo-antes.jpg\",\"width\":681,\"height\":482,\"caption\":\"isanchezmejias\"},\"logo\":{\"@id\":\"https:\\\/\\\/www.ignaciosanchezmejias.es\\\/wp-content\\\/uploads\\\/2020\\\/06\\\/cropped-Yo-antes.jpg\"},\"sameAs\":[\"https:\\\/\\\/www.ignaciosanchezmejias.es\"],\"url\":\"https:\\\/\\\/www.ignaciosanchezmejias.es\\\/index.php\\\/author\\\/isanchezmejias\\\/\"}]}<\/script>\n<!-- \/ Yoast SEO plugin. -->","yoast_head_json":{"title":"Infumables Montealtos - Sitio web de Ignacio S\u00e1nchez-Mej\u00edas Herrero","robots":{"index":"index","follow":"follow","max-snippet":"max-snippet:-1","max-image-preview":"max-image-preview:large","max-video-preview":"max-video-preview:-1"},"canonical":"https:\/\/www.ignaciosanchezmejias.es\/index.php\/2012\/06\/08\/infumables-montealtos\/","og_locale":"es_ES","og_type":"article","og_title":"Infumables Montealtos - Sitio web de Ignacio S\u00e1nchez-Mej\u00edas Herrero","og_description":"Desgraciadamente, la novillada de Montealto no dio muchas opciones de lucimiento a la terna de novilleros.\u00a0Bien presentados y bonitos, pero descastados, mansotes, rajados, con poca fuerza, que unas veces embest\u00edan con clase y al siguiente pase con la cara por las nubes o, simplemente, por fuera de los enga\u00f1os. Con ese material infumable, y puestos [&hellip;]","og_url":"https:\/\/www.ignaciosanchezmejias.es\/index.php\/2012\/06\/08\/infumables-montealtos\/","og_site_name":"Sitio web de Ignacio S\u00e1nchez-Mej\u00edas Herrero","article_published_time":"2012-06-08T10:15:13+00:00","article_modified_time":"2021-02-10T17:33:28+00:00","og_image":[{"width":500,"height":333,"url":"https:\/\/www.ignaciosanchezmejias.es\/wp-content\/uploads\/2012\/06\/Corpus.jpg","type":"image\/jpeg"}],"author":"isanchezmejias","twitter_card":"summary_large_image","twitter_misc":{"Escrito por":"isanchezmejias","Tiempo de lectura":"2 minutos"},"schema":{"@context":"https:\/\/schema.org","@graph":[{"@type":"Article","@id":"https:\/\/www.ignaciosanchezmejias.es\/index.php\/2012\/06\/08\/infumables-montealtos\/#article","isPartOf":{"@id":"https:\/\/www.ignaciosanchezmejias.es\/index.php\/2012\/06\/08\/infumables-montealtos\/"},"author":{"name":"isanchezmejias","@id":"https:\/\/www.ignaciosanchezmejias.es\/#\/schema\/person\/494d20bda3404108c02016d5e608fc65"},"headline":"Infumables Montealtos","datePublished":"2012-06-08T10:15:13+00:00","dateModified":"2021-02-10T17:33:28+00:00","mainEntityOfPage":{"@id":"https:\/\/www.ignaciosanchezmejias.es\/index.php\/2012\/06\/08\/infumables-montealtos\/"},"wordCount":501,"commentCount":6,"publisher":{"@id":"https:\/\/www.ignaciosanchezmejias.es\/#\/schema\/person\/494d20bda3404108c02016d5e608fc65"},"image":{"@id":"https:\/\/www.ignaciosanchezmejias.es\/index.php\/2012\/06\/08\/infumables-montealtos\/#primaryimage"},"thumbnailUrl":"https:\/\/www.ignaciosanchezmejias.es\/wp-content\/uploads\/2012\/06\/Corpus.jpg","keywords":["Juan Ortega","Montealto","Rafael Cerro","Sergio Flores"],"articleSection":["Abono Sevilla 2012"],"inLanguage":"es","potentialAction":[{"@type":"CommentAction","name":"Comment","target":["https:\/\/www.ignaciosanchezmejias.es\/index.php\/2012\/06\/08\/infumables-montealtos\/#respond"]}]},{"@type":"WebPage","@id":"https:\/\/www.ignaciosanchezmejias.es\/index.php\/2012\/06\/08\/infumables-montealtos\/","url":"https:\/\/www.ignaciosanchezmejias.es\/index.php\/2012\/06\/08\/infumables-montealtos\/","name":"Infumables Montealtos - Sitio web de Ignacio S\u00e1nchez-Mej\u00edas Herrero","isPartOf":{"@id":"https:\/\/www.ignaciosanchezmejias.es\/#website"},"primaryImageOfPage":{"@id":"https:\/\/www.ignaciosanchezmejias.es\/index.php\/2012\/06\/08\/infumables-montealtos\/#primaryimage"},"image":{"@id":"https:\/\/www.ignaciosanchezmejias.es\/index.php\/2012\/06\/08\/infumables-montealtos\/#primaryimage"},"thumbnailUrl":"https:\/\/www.ignaciosanchezmejias.es\/wp-content\/uploads\/2012\/06\/Corpus.jpg","datePublished":"2012-06-08T10:15:13+00:00","dateModified":"2021-02-10T17:33:28+00:00","breadcrumb":{"@id":"https:\/\/www.ignaciosanchezmejias.es\/index.php\/2012\/06\/08\/infumables-montealtos\/#breadcrumb"},"inLanguage":"es","potentialAction":[{"@type":"ReadAction","target":["https:\/\/www.ignaciosanchezmejias.es\/index.php\/2012\/06\/08\/infumables-montealtos\/"]}]},{"@type":"ImageObject","inLanguage":"es","@id":"https:\/\/www.ignaciosanchezmejias.es\/index.php\/2012\/06\/08\/infumables-montealtos\/#primaryimage","url":"https:\/\/www.ignaciosanchezmejias.es\/wp-content\/uploads\/2012\/06\/Corpus.jpg","contentUrl":"https:\/\/www.ignaciosanchezmejias.es\/wp-content\/uploads\/2012\/06\/Corpus.jpg","width":500,"height":333,"caption":"Foto. Sandra Carbonero para aplausos.com"},{"@type":"BreadcrumbList","@id":"https:\/\/www.ignaciosanchezmejias.es\/index.php\/2012\/06\/08\/infumables-montealtos\/#breadcrumb","itemListElement":[{"@type":"ListItem","position":1,"name":"Portada","item":"https:\/\/www.ignaciosanchezmejias.es\/"},{"@type":"ListItem","position":2,"name":"Infumables Montealtos"}]},{"@type":"WebSite","@id":"https:\/\/www.ignaciosanchezmejias.es\/#website","url":"https:\/\/www.ignaciosanchezmejias.es\/","name":"Blog de Ignacio S\u00e1nchez-Mej\u00edas","description":"Sitio personal ISM","publisher":{"@id":"https:\/\/www.ignaciosanchezmejias.es\/#\/schema\/person\/494d20bda3404108c02016d5e608fc65"},"potentialAction":[{"@type":"SearchAction","target":{"@type":"EntryPoint","urlTemplate":"https:\/\/www.ignaciosanchezmejias.es\/?s={search_term_string}"},"query-input":{"@type":"PropertyValueSpecification","valueRequired":true,"valueName":"search_term_string"}}],"inLanguage":"es"},{"@type":["Person","Organization"],"@id":"https:\/\/www.ignaciosanchezmejias.es\/#\/schema\/person\/494d20bda3404108c02016d5e608fc65","name":"isanchezmejias","image":{"@type":"ImageObject","inLanguage":"es","@id":"https:\/\/www.ignaciosanchezmejias.es\/wp-content\/uploads\/2020\/06\/cropped-Yo-antes.jpg","url":"https:\/\/www.ignaciosanchezmejias.es\/wp-content\/uploads\/2020\/06\/cropped-Yo-antes.jpg","contentUrl":"https:\/\/www.ignaciosanchezmejias.es\/wp-content\/uploads\/2020\/06\/cropped-Yo-antes.jpg","width":681,"height":482,"caption":"isanchezmejias"},"logo":{"@id":"https:\/\/www.ignaciosanchezmejias.es\/wp-content\/uploads\/2020\/06\/cropped-Yo-antes.jpg"},"sameAs":["https:\/\/www.ignaciosanchezmejias.es"],"url":"https:\/\/www.ignaciosanchezmejias.es\/index.php\/author\/isanchezmejias\/"}]}},"_links":{"self":[{"href":"https:\/\/www.ignaciosanchezmejias.es\/index.php\/wp-json\/wp\/v2\/posts\/2713","targetHints":{"allow":["GET"]}}],"collection":[{"href":"https:\/\/www.ignaciosanchezmejias.es\/index.php\/wp-json\/wp\/v2\/posts"}],"about":[{"href":"https:\/\/www.ignaciosanchezmejias.es\/index.php\/wp-json\/wp\/v2\/types\/post"}],"author":[{"embeddable":true,"href":"https:\/\/www.ignaciosanchezmejias.es\/index.php\/wp-json\/wp\/v2\/users\/1"}],"replies":[{"embeddable":true,"href":"https:\/\/www.ignaciosanchezmejias.es\/index.php\/wp-json\/wp\/v2\/comments?post=2713"}],"version-history":[{"count":2,"href":"https:\/\/www.ignaciosanchezmejias.es\/index.php\/wp-json\/wp\/v2\/posts\/2713\/revisions"}],"predecessor-version":[{"id":5338,"href":"https:\/\/www.ignaciosanchezmejias.es\/index.php\/wp-json\/wp\/v2\/posts\/2713\/revisions\/5338"}],"wp:featuredmedia":[{"embeddable":true,"href":"https:\/\/www.ignaciosanchezmejias.es\/index.php\/wp-json\/wp\/v2\/media\/5336"}],"wp:attachment":[{"href":"https:\/\/www.ignaciosanchezmejias.es\/index.php\/wp-json\/wp\/v2\/media?parent=2713"}],"wp:term":[{"taxonomy":"category","embeddable":true,"href":"https:\/\/www.ignaciosanchezmejias.es\/index.php\/wp-json\/wp\/v2\/categories?post=2713"},{"taxonomy":"post_tag","embeddable":true,"href":"https:\/\/www.ignaciosanchezmejias.es\/index.php\/wp-json\/wp\/v2\/tags?post=2713"}],"curies":[{"name":"wp","href":"https:\/\/api.w.org\/{rel}","templated":true}]}}