{"id":2647,"date":"2012-04-27T20:57:15","date_gmt":"2012-04-27T19:57:15","guid":{"rendered":"http:\/\/blogs.sevilla.abc.es\/desdeeltendido2\/?p=2647"},"modified":"2021-02-10T09:44:49","modified_gmt":"2021-02-10T09:44:49","slug":"distintas-oportunidades","status":"publish","type":"post","link":"https:\/\/www.ignaciosanchezmejias.es\/index.php\/2012\/04\/27\/distintas-oportunidades\/","title":{"rendered":"Distintas Oportunidades"},"content":{"rendered":"\n<p>El programa oficial que amablemente nos reparten a la entrada incluye este a\u00f1o la novedad de los nombres de los mozos de espada. No creemos que esta informaci\u00f3n aporte mucho, no he visto ninguna cr\u00f3nica que diga que el diestro estuvo perfectamente atendido por su mozo de espadas y menos que a\u00f1ada su nombre. Pero desde hace un par de d\u00edas incorporan la fecha de nacimiento de las reses lidiadas, y esa s\u00ed es una informaci\u00f3n que ech\u00e1bamos de menos. Por \u00e9l tambi\u00e9n nos enteramos de que un pe\u00f3n vino vestido de \u201cMaquillaje y azabache\u201d. Y yo que cre\u00eda que los maquillajes ten\u00edan distintos colores.<\/p>\n\n\n\n<p>De los toros de El Pilar, 6 no pasaron reconocimiento y los seis que han salido han sido muy poco ofensivos por delante, en general, con muy poca fuerza, aunque nobles, metiendo la cara y con recorrido mientras duraron. El quinto fue un gran toro, bravo, con fijeza y transmisi\u00f3n. Puede que el toro de la Feria hasta ahora.<\/p>\n\n\n\n<p>Dec\u00edamos lo de las distintas oportunidades porque de los cuatro toreros por los que apost\u00f3 la Empresa como base del abono al ofrecerles cuatro tardes: El Cid, Castella, Manzanares y Luque, s\u00f3lo Manzanares las ha justificado, y otros con menos como Fandi\u00f1o y Mora s\u00ed han triunfado. Lo de Luque ayer volvi\u00f3 a ser incomprensible. Se dej\u00f3 ir a su primero que era un toro de triunfo y en su segundo se perdi\u00f3 en una faena kilom\u00e9trica con dos avisos. No entendemos c\u00f3mo este torero lleva cuatro a\u00f1os colocado como una figura que no es.<\/p>\n\n\n\n<p>David Mora, como decimos, s\u00ed aprovecho la \u00faltima bala. Un toro que ten\u00eda mucho que torear y bien que lo hizo el matador. Colocado, seguro, entregado y con mucha pureza. Lo volte\u00f3 de fea manera y por un sitio que si lo llega a calar era de cornada gorda. Faena maciza, l\u00e1stima de estocada desprendida. Oreja de mucho peso.<\/p>\n","protected":false},"excerpt":{"rendered":"<p>El programa oficial que amablemente nos reparten a la entrada incluye este a\u00f1o la novedad de los nombres de los mozos de espada. No creemos que esta informaci\u00f3n aporte mucho, no he visto ninguna cr\u00f3nica que diga que el diestro estuvo perfectamente atendido por su mozo de espadas y menos que a\u00f1ada su nombre. Pero [&hellip;]<\/p>\n","protected":false},"author":1,"featured_media":5302,"comment_status":"open","ping_status":"open","sticky":false,"template":"","format":"standard","meta":{"footnotes":""},"categories":[440],"tags":[97,362,32,72],"class_list":["post-2647","post","type-post","status-publish","format-standard","has-post-thumbnail","hentry","category-abono-sevilla-2012","tag-daniel-luque","tag-divid-mora","tag-el-cid","tag-el-pilar"],"yoast_head":"<!-- This site is optimized with the Yoast SEO plugin v27.4 - https:\/\/yoast.com\/product\/yoast-seo-wordpress\/ -->\n<title>Distintas Oportunidades - Sitio web de Ignacio S\u00e1nchez-Mej\u00edas Herrero<\/title>\n<meta name=\"robots\" content=\"index, follow, max-snippet:-1, max-image-preview:large, max-video-preview:-1\" \/>\n<link rel=\"canonical\" href=\"https:\/\/www.ignaciosanchezmejias.es\/index.php\/2012\/04\/27\/distintas-oportunidades\/\" \/>\n<meta property=\"og:locale\" content=\"es_ES\" \/>\n<meta property=\"og:type\" content=\"article\" \/>\n<meta property=\"og:title\" content=\"Distintas Oportunidades - Sitio web de Ignacio S\u00e1nchez-Mej\u00edas Herrero\" \/>\n<meta property=\"og:description\" content=\"El programa oficial que amablemente nos reparten a la entrada incluye este a\u00f1o la novedad de los nombres de los mozos de espada. No creemos que esta informaci\u00f3n aporte mucho, no he visto ninguna cr\u00f3nica que diga que el diestro estuvo perfectamente atendido por su mozo de espadas y menos que a\u00f1ada su nombre. Pero [&hellip;]\" \/>\n<meta property=\"og:url\" content=\"https:\/\/www.ignaciosanchezmejias.es\/index.php\/2012\/04\/27\/distintas-oportunidades\/\" \/>\n<meta property=\"og:site_name\" content=\"Sitio web de Ignacio S\u00e1nchez-Mej\u00edas Herrero\" \/>\n<meta property=\"article:published_time\" content=\"2012-04-27T19:57:15+00:00\" \/>\n<meta property=\"article:modified_time\" content=\"2021-02-10T09:44:49+00:00\" \/>\n<meta property=\"og:image\" content=\"https:\/\/www.ignaciosanchezmejias.es\/wp-content\/uploads\/2012\/04\/2012-2704-El-Pilar.jpg\" \/>\n\t<meta property=\"og:image:width\" content=\"330\" \/>\n\t<meta property=\"og:image:height\" content=\"203\" \/>\n\t<meta property=\"og:image:type\" content=\"image\/jpeg\" \/>\n<meta name=\"author\" content=\"isanchezmejias\" \/>\n<meta name=\"twitter:card\" content=\"summary_large_image\" \/>\n<meta name=\"twitter:label1\" content=\"Escrito por\" \/>\n\t<meta name=\"twitter:data1\" content=\"isanchezmejias\" \/>\n\t<meta name=\"twitter:label2\" content=\"Tiempo de lectura\" \/>\n\t<meta name=\"twitter:data2\" content=\"2 minutos\" \/>\n<script type=\"application\/ld+json\" class=\"yoast-schema-graph\">{\"@context\":\"https:\\\/\\\/schema.org\",\"@graph\":[{\"@type\":\"Article\",\"@id\":\"https:\\\/\\\/www.ignaciosanchezmejias.es\\\/index.php\\\/2012\\\/04\\\/27\\\/distintas-oportunidades\\\/#article\",\"isPartOf\":{\"@id\":\"https:\\\/\\\/www.ignaciosanchezmejias.es\\\/index.php\\\/2012\\\/04\\\/27\\\/distintas-oportunidades\\\/\"},\"author\":{\"name\":\"isanchezmejias\",\"@id\":\"https:\\\/\\\/www.ignaciosanchezmejias.es\\\/#\\\/schema\\\/person\\\/494d20bda3404108c02016d5e608fc65\"},\"headline\":\"Distintas Oportunidades\",\"datePublished\":\"2012-04-27T19:57:15+00:00\",\"dateModified\":\"2021-02-10T09:44:49+00:00\",\"mainEntityOfPage\":{\"@id\":\"https:\\\/\\\/www.ignaciosanchezmejias.es\\\/index.php\\\/2012\\\/04\\\/27\\\/distintas-oportunidades\\\/\"},\"wordCount\":339,\"commentCount\":11,\"publisher\":{\"@id\":\"https:\\\/\\\/www.ignaciosanchezmejias.es\\\/#\\\/schema\\\/person\\\/494d20bda3404108c02016d5e608fc65\"},\"image\":{\"@id\":\"https:\\\/\\\/www.ignaciosanchezmejias.es\\\/index.php\\\/2012\\\/04\\\/27\\\/distintas-oportunidades\\\/#primaryimage\"},\"thumbnailUrl\":\"https:\\\/\\\/www.ignaciosanchezmejias.es\\\/wp-content\\\/uploads\\\/2012\\\/04\\\/2012-2704-El-Pilar.jpg\",\"keywords\":[\"Daniel Luque\",\"Divid Mora\",\"El Cid\",\"El Pilar\"],\"articleSection\":[\"Abono Sevilla 2012\"],\"inLanguage\":\"es\",\"potentialAction\":[{\"@type\":\"CommentAction\",\"name\":\"Comment\",\"target\":[\"https:\\\/\\\/www.ignaciosanchezmejias.es\\\/index.php\\\/2012\\\/04\\\/27\\\/distintas-oportunidades\\\/#respond\"]}]},{\"@type\":\"WebPage\",\"@id\":\"https:\\\/\\\/www.ignaciosanchezmejias.es\\\/index.php\\\/2012\\\/04\\\/27\\\/distintas-oportunidades\\\/\",\"url\":\"https:\\\/\\\/www.ignaciosanchezmejias.es\\\/index.php\\\/2012\\\/04\\\/27\\\/distintas-oportunidades\\\/\",\"name\":\"Distintas Oportunidades - Sitio web de Ignacio S\u00e1nchez-Mej\u00edas Herrero\",\"isPartOf\":{\"@id\":\"https:\\\/\\\/www.ignaciosanchezmejias.es\\\/#website\"},\"primaryImageOfPage\":{\"@id\":\"https:\\\/\\\/www.ignaciosanchezmejias.es\\\/index.php\\\/2012\\\/04\\\/27\\\/distintas-oportunidades\\\/#primaryimage\"},\"image\":{\"@id\":\"https:\\\/\\\/www.ignaciosanchezmejias.es\\\/index.php\\\/2012\\\/04\\\/27\\\/distintas-oportunidades\\\/#primaryimage\"},\"thumbnailUrl\":\"https:\\\/\\\/www.ignaciosanchezmejias.es\\\/wp-content\\\/uploads\\\/2012\\\/04\\\/2012-2704-El-Pilar.jpg\",\"datePublished\":\"2012-04-27T19:57:15+00:00\",\"dateModified\":\"2021-02-10T09:44:49+00:00\",\"breadcrumb\":{\"@id\":\"https:\\\/\\\/www.ignaciosanchezmejias.es\\\/index.php\\\/2012\\\/04\\\/27\\\/distintas-oportunidades\\\/#breadcrumb\"},\"inLanguage\":\"es\",\"potentialAction\":[{\"@type\":\"ReadAction\",\"target\":[\"https:\\\/\\\/www.ignaciosanchezmejias.es\\\/index.php\\\/2012\\\/04\\\/27\\\/distintas-oportunidades\\\/\"]}]},{\"@type\":\"ImageObject\",\"inLanguage\":\"es\",\"@id\":\"https:\\\/\\\/www.ignaciosanchezmejias.es\\\/index.php\\\/2012\\\/04\\\/27\\\/distintas-oportunidades\\\/#primaryimage\",\"url\":\"https:\\\/\\\/www.ignaciosanchezmejias.es\\\/wp-content\\\/uploads\\\/2012\\\/04\\\/2012-2704-El-Pilar.jpg\",\"contentUrl\":\"https:\\\/\\\/www.ignaciosanchezmejias.es\\\/wp-content\\\/uploads\\\/2012\\\/04\\\/2012-2704-El-Pilar.jpg\",\"width\":330,\"height\":203,\"caption\":\"Foto: Arjona para aplausos.es\"},{\"@type\":\"BreadcrumbList\",\"@id\":\"https:\\\/\\\/www.ignaciosanchezmejias.es\\\/index.php\\\/2012\\\/04\\\/27\\\/distintas-oportunidades\\\/#breadcrumb\",\"itemListElement\":[{\"@type\":\"ListItem\",\"position\":1,\"name\":\"Portada\",\"item\":\"https:\\\/\\\/www.ignaciosanchezmejias.es\\\/\"},{\"@type\":\"ListItem\",\"position\":2,\"name\":\"Distintas Oportunidades\"}]},{\"@type\":\"WebSite\",\"@id\":\"https:\\\/\\\/www.ignaciosanchezmejias.es\\\/#website\",\"url\":\"https:\\\/\\\/www.ignaciosanchezmejias.es\\\/\",\"name\":\"Blog de Ignacio S\u00e1nchez-Mej\u00edas\",\"description\":\"Sitio personal ISM\",\"publisher\":{\"@id\":\"https:\\\/\\\/www.ignaciosanchezmejias.es\\\/#\\\/schema\\\/person\\\/494d20bda3404108c02016d5e608fc65\"},\"potentialAction\":[{\"@type\":\"SearchAction\",\"target\":{\"@type\":\"EntryPoint\",\"urlTemplate\":\"https:\\\/\\\/www.ignaciosanchezmejias.es\\\/?s={search_term_string}\"},\"query-input\":{\"@type\":\"PropertyValueSpecification\",\"valueRequired\":true,\"valueName\":\"search_term_string\"}}],\"inLanguage\":\"es\"},{\"@type\":[\"Person\",\"Organization\"],\"@id\":\"https:\\\/\\\/www.ignaciosanchezmejias.es\\\/#\\\/schema\\\/person\\\/494d20bda3404108c02016d5e608fc65\",\"name\":\"isanchezmejias\",\"image\":{\"@type\":\"ImageObject\",\"inLanguage\":\"es\",\"@id\":\"https:\\\/\\\/www.ignaciosanchezmejias.es\\\/wp-content\\\/uploads\\\/2020\\\/06\\\/cropped-Yo-antes.jpg\",\"url\":\"https:\\\/\\\/www.ignaciosanchezmejias.es\\\/wp-content\\\/uploads\\\/2020\\\/06\\\/cropped-Yo-antes.jpg\",\"contentUrl\":\"https:\\\/\\\/www.ignaciosanchezmejias.es\\\/wp-content\\\/uploads\\\/2020\\\/06\\\/cropped-Yo-antes.jpg\",\"width\":681,\"height\":482,\"caption\":\"isanchezmejias\"},\"logo\":{\"@id\":\"https:\\\/\\\/www.ignaciosanchezmejias.es\\\/wp-content\\\/uploads\\\/2020\\\/06\\\/cropped-Yo-antes.jpg\"},\"sameAs\":[\"https:\\\/\\\/www.ignaciosanchezmejias.es\"],\"url\":\"https:\\\/\\\/www.ignaciosanchezmejias.es\\\/index.php\\\/author\\\/isanchezmejias\\\/\"}]}<\/script>\n<!-- \/ Yoast SEO plugin. -->","yoast_head_json":{"title":"Distintas Oportunidades - Sitio web de Ignacio S\u00e1nchez-Mej\u00edas Herrero","robots":{"index":"index","follow":"follow","max-snippet":"max-snippet:-1","max-image-preview":"max-image-preview:large","max-video-preview":"max-video-preview:-1"},"canonical":"https:\/\/www.ignaciosanchezmejias.es\/index.php\/2012\/04\/27\/distintas-oportunidades\/","og_locale":"es_ES","og_type":"article","og_title":"Distintas Oportunidades - Sitio web de Ignacio S\u00e1nchez-Mej\u00edas Herrero","og_description":"El programa oficial que amablemente nos reparten a la entrada incluye este a\u00f1o la novedad de los nombres de los mozos de espada. No creemos que esta informaci\u00f3n aporte mucho, no he visto ninguna cr\u00f3nica que diga que el diestro estuvo perfectamente atendido por su mozo de espadas y menos que a\u00f1ada su nombre. Pero [&hellip;]","og_url":"https:\/\/www.ignaciosanchezmejias.es\/index.php\/2012\/04\/27\/distintas-oportunidades\/","og_site_name":"Sitio web de Ignacio S\u00e1nchez-Mej\u00edas Herrero","article_published_time":"2012-04-27T19:57:15+00:00","article_modified_time":"2021-02-10T09:44:49+00:00","og_image":[{"width":330,"height":203,"url":"https:\/\/www.ignaciosanchezmejias.es\/wp-content\/uploads\/2012\/04\/2012-2704-El-Pilar.jpg","type":"image\/jpeg"}],"author":"isanchezmejias","twitter_card":"summary_large_image","twitter_misc":{"Escrito por":"isanchezmejias","Tiempo de lectura":"2 minutos"},"schema":{"@context":"https:\/\/schema.org","@graph":[{"@type":"Article","@id":"https:\/\/www.ignaciosanchezmejias.es\/index.php\/2012\/04\/27\/distintas-oportunidades\/#article","isPartOf":{"@id":"https:\/\/www.ignaciosanchezmejias.es\/index.php\/2012\/04\/27\/distintas-oportunidades\/"},"author":{"name":"isanchezmejias","@id":"https:\/\/www.ignaciosanchezmejias.es\/#\/schema\/person\/494d20bda3404108c02016d5e608fc65"},"headline":"Distintas Oportunidades","datePublished":"2012-04-27T19:57:15+00:00","dateModified":"2021-02-10T09:44:49+00:00","mainEntityOfPage":{"@id":"https:\/\/www.ignaciosanchezmejias.es\/index.php\/2012\/04\/27\/distintas-oportunidades\/"},"wordCount":339,"commentCount":11,"publisher":{"@id":"https:\/\/www.ignaciosanchezmejias.es\/#\/schema\/person\/494d20bda3404108c02016d5e608fc65"},"image":{"@id":"https:\/\/www.ignaciosanchezmejias.es\/index.php\/2012\/04\/27\/distintas-oportunidades\/#primaryimage"},"thumbnailUrl":"https:\/\/www.ignaciosanchezmejias.es\/wp-content\/uploads\/2012\/04\/2012-2704-El-Pilar.jpg","keywords":["Daniel Luque","Divid Mora","El Cid","El Pilar"],"articleSection":["Abono Sevilla 2012"],"inLanguage":"es","potentialAction":[{"@type":"CommentAction","name":"Comment","target":["https:\/\/www.ignaciosanchezmejias.es\/index.php\/2012\/04\/27\/distintas-oportunidades\/#respond"]}]},{"@type":"WebPage","@id":"https:\/\/www.ignaciosanchezmejias.es\/index.php\/2012\/04\/27\/distintas-oportunidades\/","url":"https:\/\/www.ignaciosanchezmejias.es\/index.php\/2012\/04\/27\/distintas-oportunidades\/","name":"Distintas Oportunidades - Sitio web de Ignacio S\u00e1nchez-Mej\u00edas Herrero","isPartOf":{"@id":"https:\/\/www.ignaciosanchezmejias.es\/#website"},"primaryImageOfPage":{"@id":"https:\/\/www.ignaciosanchezmejias.es\/index.php\/2012\/04\/27\/distintas-oportunidades\/#primaryimage"},"image":{"@id":"https:\/\/www.ignaciosanchezmejias.es\/index.php\/2012\/04\/27\/distintas-oportunidades\/#primaryimage"},"thumbnailUrl":"https:\/\/www.ignaciosanchezmejias.es\/wp-content\/uploads\/2012\/04\/2012-2704-El-Pilar.jpg","datePublished":"2012-04-27T19:57:15+00:00","dateModified":"2021-02-10T09:44:49+00:00","breadcrumb":{"@id":"https:\/\/www.ignaciosanchezmejias.es\/index.php\/2012\/04\/27\/distintas-oportunidades\/#breadcrumb"},"inLanguage":"es","potentialAction":[{"@type":"ReadAction","target":["https:\/\/www.ignaciosanchezmejias.es\/index.php\/2012\/04\/27\/distintas-oportunidades\/"]}]},{"@type":"ImageObject","inLanguage":"es","@id":"https:\/\/www.ignaciosanchezmejias.es\/index.php\/2012\/04\/27\/distintas-oportunidades\/#primaryimage","url":"https:\/\/www.ignaciosanchezmejias.es\/wp-content\/uploads\/2012\/04\/2012-2704-El-Pilar.jpg","contentUrl":"https:\/\/www.ignaciosanchezmejias.es\/wp-content\/uploads\/2012\/04\/2012-2704-El-Pilar.jpg","width":330,"height":203,"caption":"Foto: Arjona para aplausos.es"},{"@type":"BreadcrumbList","@id":"https:\/\/www.ignaciosanchezmejias.es\/index.php\/2012\/04\/27\/distintas-oportunidades\/#breadcrumb","itemListElement":[{"@type":"ListItem","position":1,"name":"Portada","item":"https:\/\/www.ignaciosanchezmejias.es\/"},{"@type":"ListItem","position":2,"name":"Distintas Oportunidades"}]},{"@type":"WebSite","@id":"https:\/\/www.ignaciosanchezmejias.es\/#website","url":"https:\/\/www.ignaciosanchezmejias.es\/","name":"Blog de Ignacio S\u00e1nchez-Mej\u00edas","description":"Sitio personal ISM","publisher":{"@id":"https:\/\/www.ignaciosanchezmejias.es\/#\/schema\/person\/494d20bda3404108c02016d5e608fc65"},"potentialAction":[{"@type":"SearchAction","target":{"@type":"EntryPoint","urlTemplate":"https:\/\/www.ignaciosanchezmejias.es\/?s={search_term_string}"},"query-input":{"@type":"PropertyValueSpecification","valueRequired":true,"valueName":"search_term_string"}}],"inLanguage":"es"},{"@type":["Person","Organization"],"@id":"https:\/\/www.ignaciosanchezmejias.es\/#\/schema\/person\/494d20bda3404108c02016d5e608fc65","name":"isanchezmejias","image":{"@type":"ImageObject","inLanguage":"es","@id":"https:\/\/www.ignaciosanchezmejias.es\/wp-content\/uploads\/2020\/06\/cropped-Yo-antes.jpg","url":"https:\/\/www.ignaciosanchezmejias.es\/wp-content\/uploads\/2020\/06\/cropped-Yo-antes.jpg","contentUrl":"https:\/\/www.ignaciosanchezmejias.es\/wp-content\/uploads\/2020\/06\/cropped-Yo-antes.jpg","width":681,"height":482,"caption":"isanchezmejias"},"logo":{"@id":"https:\/\/www.ignaciosanchezmejias.es\/wp-content\/uploads\/2020\/06\/cropped-Yo-antes.jpg"},"sameAs":["https:\/\/www.ignaciosanchezmejias.es"],"url":"https:\/\/www.ignaciosanchezmejias.es\/index.php\/author\/isanchezmejias\/"}]}},"_links":{"self":[{"href":"https:\/\/www.ignaciosanchezmejias.es\/index.php\/wp-json\/wp\/v2\/posts\/2647","targetHints":{"allow":["GET"]}}],"collection":[{"href":"https:\/\/www.ignaciosanchezmejias.es\/index.php\/wp-json\/wp\/v2\/posts"}],"about":[{"href":"https:\/\/www.ignaciosanchezmejias.es\/index.php\/wp-json\/wp\/v2\/types\/post"}],"author":[{"embeddable":true,"href":"https:\/\/www.ignaciosanchezmejias.es\/index.php\/wp-json\/wp\/v2\/users\/1"}],"replies":[{"embeddable":true,"href":"https:\/\/www.ignaciosanchezmejias.es\/index.php\/wp-json\/wp\/v2\/comments?post=2647"}],"version-history":[{"count":2,"href":"https:\/\/www.ignaciosanchezmejias.es\/index.php\/wp-json\/wp\/v2\/posts\/2647\/revisions"}],"predecessor-version":[{"id":5304,"href":"https:\/\/www.ignaciosanchezmejias.es\/index.php\/wp-json\/wp\/v2\/posts\/2647\/revisions\/5304"}],"wp:featuredmedia":[{"embeddable":true,"href":"https:\/\/www.ignaciosanchezmejias.es\/index.php\/wp-json\/wp\/v2\/media\/5302"}],"wp:attachment":[{"href":"https:\/\/www.ignaciosanchezmejias.es\/index.php\/wp-json\/wp\/v2\/media?parent=2647"}],"wp:term":[{"taxonomy":"category","embeddable":true,"href":"https:\/\/www.ignaciosanchezmejias.es\/index.php\/wp-json\/wp\/v2\/categories?post=2647"},{"taxonomy":"post_tag","embeddable":true,"href":"https:\/\/www.ignaciosanchezmejias.es\/index.php\/wp-json\/wp\/v2\/tags?post=2647"}],"curies":[{"name":"wp","href":"https:\/\/api.w.org\/{rel}","templated":true}]}}