{"id":2530,"date":"2012-03-20T13:54:27","date_gmt":"2012-03-20T12:54:27","guid":{"rendered":"http:\/\/blogs.sevilla.abc.es\/desdeeltendido2\/?p=2530"},"modified":"2021-02-09T10:50:31","modified_gmt":"2021-02-09T10:50:31","slug":"apuntes-sobre-valencia","status":"publish","type":"post","link":"https:\/\/www.ignaciosanchezmejias.es\/index.php\/2012\/03\/20\/apuntes-sobre-valencia\/","title":{"rendered":"Apuntes sobre Valencia"},"content":{"rendered":"\n<p>Una vez acabados los festejos de las Fallas de 2012, podemos comentar algunos aspectos de los mismos.<\/p>\n\n\n\n<p>Aunque los empresarios digan que ha sido un \u00e9xito (ellos sabr\u00e1n por qu\u00e9) la presencia de p\u00fablico ha sido escasa. Con excepci\u00f3n del cartel de los medi\u00e1ticos y el de las figuras del G10, los dem\u00e1s festejos podr\u00edan haber atra\u00eddo a m\u00e1s personal. Incluso la corrida final del lunes festivo, con las presencia de la figura local Ponce, arropado por El Cid y Luque, no lleg\u00f3, ni de lejos a una buena entrada. Todos tenemos que reflexionar. Estamos en tiempos de crisis, los toros son una actividad de ocio, lo que significa que si personal est\u00e1 cortito puede ser uno de los cap\u00edtulos que recorte, y a la vista est\u00e1.<\/p>\n\n\n\n<p>La plaza de Valencia, como otras muchas (entre las que est\u00e1 la de Sevilla) ha perdido categor\u00eda. La lluvia de trofeos a los medi\u00e1ticos y a los no medi\u00e1ticos y la cantidad de puertas grandes sin fuerza, en una Feria que ha sido pobre a nivel art\u00edstico, lo dice todo.<\/p>\n\n\n\n<p>Muy buena novillada de El Parralejo, con dos novillos de vuelta al ruedo. Toda ella se movi\u00f3 con clase y casta. Esto unido a su \u00e9xito en Castell\u00f3n hace de estos novillos unos de los m\u00e1s esperados de la caba\u00f1a brava. L\u00e1stima que no vengan a Sevilla ni los veamos en Madrid.<\/p>\n\n\n\n<p>El efecto Padilla ha supuesto que todos respetemos a un torero que en sus circunstancias ha dado un ejemplo de pundonor, de fe y de valor. Acostumbrado a lidiar con otro ganado y de otras maneras, torear los dulces que torean las figuras hace que Padilla est\u00e9 como en un tentadero. Los toros 5 toros de Garcigrande (ya se sabe que cuando hay figuras hay peligro de baile de corrales) les vienen peque\u00f1os a este torero.<\/p>\n\n\n\n<p>La corrida de Fuente Ymbro defraud\u00f3. El que no la quieran torear las figuras le ha puesto un cierto cartel de torista a este hierro, s\u00f3lo por ser encastado que es lo que deber\u00edan ser todos, pero as\u00ed esta esto. Muy bien Fandi\u00f1o con dos faenas de mucho m\u00e9rito y torer\u00eda y con ganas de seguir subiendo en el escalaf\u00f3n. Junto con David Mora va a seguir dando mucho que hablar esta temporada.<\/p>\n\n\n\n<p>En general hemos visto muy poca emoci\u00f3n con los hierros de Garcigrande, de Zalduendo y de la familia Capea que han toreado las figuras. En el ruedo tiene que haber grandeza y sensaci\u00f3n de peligro para que podamos dar el m\u00e9rito y la importancia que la lidia tiene. Estar cuidando los toros, midiendo el castigo, no atacarlos, ver faenas kilom\u00e9tricas, montones de avisos, etc., va en contra de lo que el aficionado quiere, y recuerden que el aficionado es lo m\u00e1s importante de la Fiesta.<\/p>\n","protected":false},"excerpt":{"rendered":"<p>Una vez acabados los festejos de las Fallas de 2012, podemos comentar algunos aspectos de los mismos. Aunque los empresarios digan que ha sido un \u00e9xito (ellos sabr\u00e1n por qu\u00e9) la presencia de p\u00fablico ha sido escasa. Con excepci\u00f3n del cartel de los medi\u00e1ticos y el de las figuras del G10, los dem\u00e1s festejos podr\u00edan [&hellip;]<\/p>\n","protected":false},"author":1,"featured_media":5246,"comment_status":"open","ping_status":"open","sticky":false,"template":"","format":"standard","meta":{"footnotes":""},"categories":[5],"tags":[187,163,73,68,326,55,81],"class_list":["post-2530","post","type-post","status-publish","format-standard","has-post-thumbnail","hentry","category-general","tag-david-mora","tag-el-parralejo","tag-fuente-ymbro","tag-garcigrande","tag-ivan-fandino","tag-juan-jose-padilla","tag-zalduendo"],"yoast_head":"<!-- This site is optimized with the Yoast SEO plugin v27.5 - https:\/\/yoast.com\/product\/yoast-seo-wordpress\/ -->\n<title>Apuntes sobre Valencia - Sitio web de Ignacio S\u00e1nchez-Mej\u00edas Herrero<\/title>\n<meta name=\"robots\" content=\"index, follow, max-snippet:-1, max-image-preview:large, max-video-preview:-1\" \/>\n<link rel=\"canonical\" href=\"https:\/\/www.ignaciosanchezmejias.es\/index.php\/2012\/03\/20\/apuntes-sobre-valencia\/\" \/>\n<meta property=\"og:locale\" content=\"es_ES\" \/>\n<meta property=\"og:type\" content=\"article\" \/>\n<meta property=\"og:title\" content=\"Apuntes sobre Valencia - Sitio web de Ignacio S\u00e1nchez-Mej\u00edas Herrero\" \/>\n<meta property=\"og:description\" content=\"Una vez acabados los festejos de las Fallas de 2012, podemos comentar algunos aspectos de los mismos. Aunque los empresarios digan que ha sido un \u00e9xito (ellos sabr\u00e1n por qu\u00e9) la presencia de p\u00fablico ha sido escasa. Con excepci\u00f3n del cartel de los medi\u00e1ticos y el de las figuras del G10, los dem\u00e1s festejos podr\u00edan [&hellip;]\" \/>\n<meta property=\"og:url\" content=\"https:\/\/www.ignaciosanchezmejias.es\/index.php\/2012\/03\/20\/apuntes-sobre-valencia\/\" \/>\n<meta property=\"og:site_name\" content=\"Sitio web de Ignacio S\u00e1nchez-Mej\u00edas Herrero\" \/>\n<meta property=\"article:published_time\" content=\"2012-03-20T12:54:27+00:00\" \/>\n<meta property=\"article:modified_time\" content=\"2021-02-09T10:50:31+00:00\" \/>\n<meta property=\"og:image\" content=\"https:\/\/www.ignaciosanchezmejias.es\/wp-content\/uploads\/2012\/03\/El-cid-Jesus-Camacho-burladero.jpg\" \/>\n\t<meta property=\"og:image:width\" content=\"316\" \/>\n\t<meta property=\"og:image:height\" content=\"378\" \/>\n\t<meta property=\"og:image:type\" content=\"image\/jpeg\" \/>\n<meta name=\"author\" content=\"isanchezmejias\" \/>\n<meta name=\"twitter:card\" content=\"summary_large_image\" \/>\n<meta name=\"twitter:label1\" content=\"Escrito por\" \/>\n\t<meta name=\"twitter:data1\" content=\"isanchezmejias\" \/>\n\t<meta name=\"twitter:label2\" content=\"Tiempo de lectura\" \/>\n\t<meta name=\"twitter:data2\" content=\"2 minutos\" \/>\n<script type=\"application\/ld+json\" class=\"yoast-schema-graph\">{\"@context\":\"https:\\\/\\\/schema.org\",\"@graph\":[{\"@type\":\"Article\",\"@id\":\"https:\\\/\\\/www.ignaciosanchezmejias.es\\\/index.php\\\/2012\\\/03\\\/20\\\/apuntes-sobre-valencia\\\/#article\",\"isPartOf\":{\"@id\":\"https:\\\/\\\/www.ignaciosanchezmejias.es\\\/index.php\\\/2012\\\/03\\\/20\\\/apuntes-sobre-valencia\\\/\"},\"author\":{\"name\":\"isanchezmejias\",\"@id\":\"https:\\\/\\\/www.ignaciosanchezmejias.es\\\/#\\\/schema\\\/person\\\/494d20bda3404108c02016d5e608fc65\"},\"headline\":\"Apuntes sobre Valencia\",\"datePublished\":\"2012-03-20T12:54:27+00:00\",\"dateModified\":\"2021-02-09T10:50:31+00:00\",\"mainEntityOfPage\":{\"@id\":\"https:\\\/\\\/www.ignaciosanchezmejias.es\\\/index.php\\\/2012\\\/03\\\/20\\\/apuntes-sobre-valencia\\\/\"},\"wordCount\":493,\"commentCount\":12,\"publisher\":{\"@id\":\"https:\\\/\\\/www.ignaciosanchezmejias.es\\\/#\\\/schema\\\/person\\\/494d20bda3404108c02016d5e608fc65\"},\"image\":{\"@id\":\"https:\\\/\\\/www.ignaciosanchezmejias.es\\\/index.php\\\/2012\\\/03\\\/20\\\/apuntes-sobre-valencia\\\/#primaryimage\"},\"thumbnailUrl\":\"https:\\\/\\\/www.ignaciosanchezmejias.es\\\/wp-content\\\/uploads\\\/2012\\\/03\\\/El-cid-Jesus-Camacho-burladero.jpg\",\"keywords\":[\"David Mora\",\"El Parralejo\",\"Fuente Ymbro\",\"Garcigrande\",\"Ivan Fandi\u00f1o\",\"Juan Jos\u00e9 Padilla\",\"Zalduendo\"],\"articleSection\":[\"General\"],\"inLanguage\":\"es\",\"potentialAction\":[{\"@type\":\"CommentAction\",\"name\":\"Comment\",\"target\":[\"https:\\\/\\\/www.ignaciosanchezmejias.es\\\/index.php\\\/2012\\\/03\\\/20\\\/apuntes-sobre-valencia\\\/#respond\"]}]},{\"@type\":\"WebPage\",\"@id\":\"https:\\\/\\\/www.ignaciosanchezmejias.es\\\/index.php\\\/2012\\\/03\\\/20\\\/apuntes-sobre-valencia\\\/\",\"url\":\"https:\\\/\\\/www.ignaciosanchezmejias.es\\\/index.php\\\/2012\\\/03\\\/20\\\/apuntes-sobre-valencia\\\/\",\"name\":\"Apuntes sobre Valencia - Sitio web de Ignacio S\u00e1nchez-Mej\u00edas Herrero\",\"isPartOf\":{\"@id\":\"https:\\\/\\\/www.ignaciosanchezmejias.es\\\/#website\"},\"primaryImageOfPage\":{\"@id\":\"https:\\\/\\\/www.ignaciosanchezmejias.es\\\/index.php\\\/2012\\\/03\\\/20\\\/apuntes-sobre-valencia\\\/#primaryimage\"},\"image\":{\"@id\":\"https:\\\/\\\/www.ignaciosanchezmejias.es\\\/index.php\\\/2012\\\/03\\\/20\\\/apuntes-sobre-valencia\\\/#primaryimage\"},\"thumbnailUrl\":\"https:\\\/\\\/www.ignaciosanchezmejias.es\\\/wp-content\\\/uploads\\\/2012\\\/03\\\/El-cid-Jesus-Camacho-burladero.jpg\",\"datePublished\":\"2012-03-20T12:54:27+00:00\",\"dateModified\":\"2021-02-09T10:50:31+00:00\",\"breadcrumb\":{\"@id\":\"https:\\\/\\\/www.ignaciosanchezmejias.es\\\/index.php\\\/2012\\\/03\\\/20\\\/apuntes-sobre-valencia\\\/#breadcrumb\"},\"inLanguage\":\"es\",\"potentialAction\":[{\"@type\":\"ReadAction\",\"target\":[\"https:\\\/\\\/www.ignaciosanchezmejias.es\\\/index.php\\\/2012\\\/03\\\/20\\\/apuntes-sobre-valencia\\\/\"]}]},{\"@type\":\"ImageObject\",\"inLanguage\":\"es\",\"@id\":\"https:\\\/\\\/www.ignaciosanchezmejias.es\\\/index.php\\\/2012\\\/03\\\/20\\\/apuntes-sobre-valencia\\\/#primaryimage\",\"url\":\"https:\\\/\\\/www.ignaciosanchezmejias.es\\\/wp-content\\\/uploads\\\/2012\\\/03\\\/El-cid-Jesus-Camacho-burladero.jpg\",\"contentUrl\":\"https:\\\/\\\/www.ignaciosanchezmejias.es\\\/wp-content\\\/uploads\\\/2012\\\/03\\\/El-cid-Jesus-Camacho-burladero.jpg\",\"width\":316,\"height\":378,\"caption\":\"Foto: Jes\u00fas Camacho para burladero.com\"},{\"@type\":\"BreadcrumbList\",\"@id\":\"https:\\\/\\\/www.ignaciosanchezmejias.es\\\/index.php\\\/2012\\\/03\\\/20\\\/apuntes-sobre-valencia\\\/#breadcrumb\",\"itemListElement\":[{\"@type\":\"ListItem\",\"position\":1,\"name\":\"Portada\",\"item\":\"https:\\\/\\\/www.ignaciosanchezmejias.es\\\/\"},{\"@type\":\"ListItem\",\"position\":2,\"name\":\"Apuntes sobre Valencia\"}]},{\"@type\":\"WebSite\",\"@id\":\"https:\\\/\\\/www.ignaciosanchezmejias.es\\\/#website\",\"url\":\"https:\\\/\\\/www.ignaciosanchezmejias.es\\\/\",\"name\":\"Blog de Ignacio S\u00e1nchez-Mej\u00edas\",\"description\":\"Sitio personal ISM\",\"publisher\":{\"@id\":\"https:\\\/\\\/www.ignaciosanchezmejias.es\\\/#\\\/schema\\\/person\\\/494d20bda3404108c02016d5e608fc65\"},\"potentialAction\":[{\"@type\":\"SearchAction\",\"target\":{\"@type\":\"EntryPoint\",\"urlTemplate\":\"https:\\\/\\\/www.ignaciosanchezmejias.es\\\/?s={search_term_string}\"},\"query-input\":{\"@type\":\"PropertyValueSpecification\",\"valueRequired\":true,\"valueName\":\"search_term_string\"}}],\"inLanguage\":\"es\"},{\"@type\":[\"Person\",\"Organization\"],\"@id\":\"https:\\\/\\\/www.ignaciosanchezmejias.es\\\/#\\\/schema\\\/person\\\/494d20bda3404108c02016d5e608fc65\",\"name\":\"isanchezmejias\",\"image\":{\"@type\":\"ImageObject\",\"inLanguage\":\"es\",\"@id\":\"https:\\\/\\\/www.ignaciosanchezmejias.es\\\/wp-content\\\/uploads\\\/2020\\\/06\\\/cropped-Yo-antes.jpg\",\"url\":\"https:\\\/\\\/www.ignaciosanchezmejias.es\\\/wp-content\\\/uploads\\\/2020\\\/06\\\/cropped-Yo-antes.jpg\",\"contentUrl\":\"https:\\\/\\\/www.ignaciosanchezmejias.es\\\/wp-content\\\/uploads\\\/2020\\\/06\\\/cropped-Yo-antes.jpg\",\"width\":681,\"height\":482,\"caption\":\"isanchezmejias\"},\"logo\":{\"@id\":\"https:\\\/\\\/www.ignaciosanchezmejias.es\\\/wp-content\\\/uploads\\\/2020\\\/06\\\/cropped-Yo-antes.jpg\"},\"sameAs\":[\"https:\\\/\\\/www.ignaciosanchezmejias.es\"],\"url\":\"https:\\\/\\\/www.ignaciosanchezmejias.es\\\/index.php\\\/author\\\/isanchezmejias\\\/\"}]}<\/script>\n<!-- \/ Yoast SEO plugin. -->","yoast_head_json":{"title":"Apuntes sobre Valencia - Sitio web de Ignacio S\u00e1nchez-Mej\u00edas Herrero","robots":{"index":"index","follow":"follow","max-snippet":"max-snippet:-1","max-image-preview":"max-image-preview:large","max-video-preview":"max-video-preview:-1"},"canonical":"https:\/\/www.ignaciosanchezmejias.es\/index.php\/2012\/03\/20\/apuntes-sobre-valencia\/","og_locale":"es_ES","og_type":"article","og_title":"Apuntes sobre Valencia - Sitio web de Ignacio S\u00e1nchez-Mej\u00edas Herrero","og_description":"Una vez acabados los festejos de las Fallas de 2012, podemos comentar algunos aspectos de los mismos. Aunque los empresarios digan que ha sido un \u00e9xito (ellos sabr\u00e1n por qu\u00e9) la presencia de p\u00fablico ha sido escasa. Con excepci\u00f3n del cartel de los medi\u00e1ticos y el de las figuras del G10, los dem\u00e1s festejos podr\u00edan [&hellip;]","og_url":"https:\/\/www.ignaciosanchezmejias.es\/index.php\/2012\/03\/20\/apuntes-sobre-valencia\/","og_site_name":"Sitio web de Ignacio S\u00e1nchez-Mej\u00edas Herrero","article_published_time":"2012-03-20T12:54:27+00:00","article_modified_time":"2021-02-09T10:50:31+00:00","og_image":[{"width":316,"height":378,"url":"https:\/\/www.ignaciosanchezmejias.es\/wp-content\/uploads\/2012\/03\/El-cid-Jesus-Camacho-burladero.jpg","type":"image\/jpeg"}],"author":"isanchezmejias","twitter_card":"summary_large_image","twitter_misc":{"Escrito por":"isanchezmejias","Tiempo de lectura":"2 minutos"},"schema":{"@context":"https:\/\/schema.org","@graph":[{"@type":"Article","@id":"https:\/\/www.ignaciosanchezmejias.es\/index.php\/2012\/03\/20\/apuntes-sobre-valencia\/#article","isPartOf":{"@id":"https:\/\/www.ignaciosanchezmejias.es\/index.php\/2012\/03\/20\/apuntes-sobre-valencia\/"},"author":{"name":"isanchezmejias","@id":"https:\/\/www.ignaciosanchezmejias.es\/#\/schema\/person\/494d20bda3404108c02016d5e608fc65"},"headline":"Apuntes sobre Valencia","datePublished":"2012-03-20T12:54:27+00:00","dateModified":"2021-02-09T10:50:31+00:00","mainEntityOfPage":{"@id":"https:\/\/www.ignaciosanchezmejias.es\/index.php\/2012\/03\/20\/apuntes-sobre-valencia\/"},"wordCount":493,"commentCount":12,"publisher":{"@id":"https:\/\/www.ignaciosanchezmejias.es\/#\/schema\/person\/494d20bda3404108c02016d5e608fc65"},"image":{"@id":"https:\/\/www.ignaciosanchezmejias.es\/index.php\/2012\/03\/20\/apuntes-sobre-valencia\/#primaryimage"},"thumbnailUrl":"https:\/\/www.ignaciosanchezmejias.es\/wp-content\/uploads\/2012\/03\/El-cid-Jesus-Camacho-burladero.jpg","keywords":["David Mora","El Parralejo","Fuente Ymbro","Garcigrande","Ivan Fandi\u00f1o","Juan Jos\u00e9 Padilla","Zalduendo"],"articleSection":["General"],"inLanguage":"es","potentialAction":[{"@type":"CommentAction","name":"Comment","target":["https:\/\/www.ignaciosanchezmejias.es\/index.php\/2012\/03\/20\/apuntes-sobre-valencia\/#respond"]}]},{"@type":"WebPage","@id":"https:\/\/www.ignaciosanchezmejias.es\/index.php\/2012\/03\/20\/apuntes-sobre-valencia\/","url":"https:\/\/www.ignaciosanchezmejias.es\/index.php\/2012\/03\/20\/apuntes-sobre-valencia\/","name":"Apuntes sobre Valencia - Sitio web de Ignacio S\u00e1nchez-Mej\u00edas Herrero","isPartOf":{"@id":"https:\/\/www.ignaciosanchezmejias.es\/#website"},"primaryImageOfPage":{"@id":"https:\/\/www.ignaciosanchezmejias.es\/index.php\/2012\/03\/20\/apuntes-sobre-valencia\/#primaryimage"},"image":{"@id":"https:\/\/www.ignaciosanchezmejias.es\/index.php\/2012\/03\/20\/apuntes-sobre-valencia\/#primaryimage"},"thumbnailUrl":"https:\/\/www.ignaciosanchezmejias.es\/wp-content\/uploads\/2012\/03\/El-cid-Jesus-Camacho-burladero.jpg","datePublished":"2012-03-20T12:54:27+00:00","dateModified":"2021-02-09T10:50:31+00:00","breadcrumb":{"@id":"https:\/\/www.ignaciosanchezmejias.es\/index.php\/2012\/03\/20\/apuntes-sobre-valencia\/#breadcrumb"},"inLanguage":"es","potentialAction":[{"@type":"ReadAction","target":["https:\/\/www.ignaciosanchezmejias.es\/index.php\/2012\/03\/20\/apuntes-sobre-valencia\/"]}]},{"@type":"ImageObject","inLanguage":"es","@id":"https:\/\/www.ignaciosanchezmejias.es\/index.php\/2012\/03\/20\/apuntes-sobre-valencia\/#primaryimage","url":"https:\/\/www.ignaciosanchezmejias.es\/wp-content\/uploads\/2012\/03\/El-cid-Jesus-Camacho-burladero.jpg","contentUrl":"https:\/\/www.ignaciosanchezmejias.es\/wp-content\/uploads\/2012\/03\/El-cid-Jesus-Camacho-burladero.jpg","width":316,"height":378,"caption":"Foto: Jes\u00fas Camacho para burladero.com"},{"@type":"BreadcrumbList","@id":"https:\/\/www.ignaciosanchezmejias.es\/index.php\/2012\/03\/20\/apuntes-sobre-valencia\/#breadcrumb","itemListElement":[{"@type":"ListItem","position":1,"name":"Portada","item":"https:\/\/www.ignaciosanchezmejias.es\/"},{"@type":"ListItem","position":2,"name":"Apuntes sobre Valencia"}]},{"@type":"WebSite","@id":"https:\/\/www.ignaciosanchezmejias.es\/#website","url":"https:\/\/www.ignaciosanchezmejias.es\/","name":"Blog de Ignacio S\u00e1nchez-Mej\u00edas","description":"Sitio personal ISM","publisher":{"@id":"https:\/\/www.ignaciosanchezmejias.es\/#\/schema\/person\/494d20bda3404108c02016d5e608fc65"},"potentialAction":[{"@type":"SearchAction","target":{"@type":"EntryPoint","urlTemplate":"https:\/\/www.ignaciosanchezmejias.es\/?s={search_term_string}"},"query-input":{"@type":"PropertyValueSpecification","valueRequired":true,"valueName":"search_term_string"}}],"inLanguage":"es"},{"@type":["Person","Organization"],"@id":"https:\/\/www.ignaciosanchezmejias.es\/#\/schema\/person\/494d20bda3404108c02016d5e608fc65","name":"isanchezmejias","image":{"@type":"ImageObject","inLanguage":"es","@id":"https:\/\/www.ignaciosanchezmejias.es\/wp-content\/uploads\/2020\/06\/cropped-Yo-antes.jpg","url":"https:\/\/www.ignaciosanchezmejias.es\/wp-content\/uploads\/2020\/06\/cropped-Yo-antes.jpg","contentUrl":"https:\/\/www.ignaciosanchezmejias.es\/wp-content\/uploads\/2020\/06\/cropped-Yo-antes.jpg","width":681,"height":482,"caption":"isanchezmejias"},"logo":{"@id":"https:\/\/www.ignaciosanchezmejias.es\/wp-content\/uploads\/2020\/06\/cropped-Yo-antes.jpg"},"sameAs":["https:\/\/www.ignaciosanchezmejias.es"],"url":"https:\/\/www.ignaciosanchezmejias.es\/index.php\/author\/isanchezmejias\/"}]}},"_links":{"self":[{"href":"https:\/\/www.ignaciosanchezmejias.es\/index.php\/wp-json\/wp\/v2\/posts\/2530","targetHints":{"allow":["GET"]}}],"collection":[{"href":"https:\/\/www.ignaciosanchezmejias.es\/index.php\/wp-json\/wp\/v2\/posts"}],"about":[{"href":"https:\/\/www.ignaciosanchezmejias.es\/index.php\/wp-json\/wp\/v2\/types\/post"}],"author":[{"embeddable":true,"href":"https:\/\/www.ignaciosanchezmejias.es\/index.php\/wp-json\/wp\/v2\/users\/1"}],"replies":[{"embeddable":true,"href":"https:\/\/www.ignaciosanchezmejias.es\/index.php\/wp-json\/wp\/v2\/comments?post=2530"}],"version-history":[{"count":2,"href":"https:\/\/www.ignaciosanchezmejias.es\/index.php\/wp-json\/wp\/v2\/posts\/2530\/revisions"}],"predecessor-version":[{"id":5248,"href":"https:\/\/www.ignaciosanchezmejias.es\/index.php\/wp-json\/wp\/v2\/posts\/2530\/revisions\/5248"}],"wp:featuredmedia":[{"embeddable":true,"href":"https:\/\/www.ignaciosanchezmejias.es\/index.php\/wp-json\/wp\/v2\/media\/5246"}],"wp:attachment":[{"href":"https:\/\/www.ignaciosanchezmejias.es\/index.php\/wp-json\/wp\/v2\/media?parent=2530"}],"wp:term":[{"taxonomy":"category","embeddable":true,"href":"https:\/\/www.ignaciosanchezmejias.es\/index.php\/wp-json\/wp\/v2\/categories?post=2530"},{"taxonomy":"post_tag","embeddable":true,"href":"https:\/\/www.ignaciosanchezmejias.es\/index.php\/wp-json\/wp\/v2\/tags?post=2530"}],"curies":[{"name":"wp","href":"https:\/\/api.w.org\/{rel}","templated":true}]}}