{"id":2522,"date":"2012-03-12T11:01:19","date_gmt":"2012-03-12T10:01:19","guid":{"rendered":"http:\/\/blogs.sevilla.abc.es\/desdeeltendido2\/?p=2522"},"modified":"2021-02-09T10:42:41","modified_gmt":"2021-02-09T10:42:41","slug":"artistas-y-mediaticos","status":"publish","type":"post","link":"https:\/\/www.ignaciosanchezmejias.es\/index.php\/2012\/03\/12\/artistas-y-mediaticos\/","title":{"rendered":"Artistas y medi\u00e1ticos"},"content":{"rendered":"\n<p>A falta de mayores emociones, la actualidad del domingo la acapar\u00f3 la lluvia de trofeos en la plaza de toros de Valencia, plaza de primera, no se nos olvide.<\/p>\n\n\n\n<p>Los llamados medi\u00e1ticos (supongo que por El Cordob\u00e9s y Paquirri, que hacen anuncios y salen en la prensa rosa), en uni\u00f3n de El Fandi, desarrollaron su particular espect\u00e1culo con un resultado brillante, orejas a cinco toros de Jandilla y salida de Paquirri y Fandi por la puerta grande. A partir de ah\u00ed, los aficionados reprueban este tipo de actuaciones, alejadas de los c\u00e1nones del toreo cl\u00e1sico, que busca el espect\u00e1culo de muchas sonrisas al p\u00fablico, muchos pases sin someter al toro y estocadas efectivas caigan donde caigan y, por supuesto, triunfos f\u00e1ciles y muchas orejas para contarlo.<\/p>\n\n\n\n<p>El Fandi, en declaraciones a la plataforma de Canal Plus que reproduce <a href=\"http:\/\/www.mundotoro.com\/noticia\/importa-el-espectaculo-no-si-artistas-o-mediaticos\/91155\" target=\"_blank\" rel=\"noopener\">mundotoro.es <\/a>dice que \u201cImporta el espect\u00e1culo, no si artistas o medi\u00e1ticos\u201d. Estos espect\u00e1culos est\u00e1n teniendo su p\u00fablico adicto y distinto de las restante corridas de toros. Es como el p\u00fablico de rejones, simplemente distinto. Por otra parte, las entradas son buenas, en el caso de Valencia, much\u00edsimo mejor que en la anterior con toros de Adolfo Mart\u00edn para \u201ctoristas\u201d.<\/p>\n\n\n\n<p>Entiendo que estas corridas se programen en las Ferias porque son rentables para las empresas que lo que quiere es que vaya gente y ganar dinero. En Sevilla se viene haciendo desde hace muchos a\u00f1os, les recuerdo que estos 3 toreros ocupan 4 sitios en la Feria de Abril, acartelados de 2 en 2, una con El Cid y otra con Padilla, y en fin de semana para el p\u00fablico de fuera de Sevilla.<\/p>\n\n\n\n<p>Estamos haciendo de esto es un espect\u00e1culo que cada vez se est\u00e1 intentando etiquetar m\u00e1s, corridas \u201ctoristas\u201d, \u201cartistas\u201d, \u201cmedi\u00e1ticos\u201d. En fin, menos de toreo, somos capaces de hablar de cualquier otra cosa. As\u00ed nos va.<\/p>\n","protected":false},"excerpt":{"rendered":"<p>A falta de mayores emociones, la actualidad del domingo la acapar\u00f3 la lluvia de trofeos en la plaza de toros de Valencia, plaza de primera, no se nos olvide. Los llamados medi\u00e1ticos (supongo que por El Cordob\u00e9s y Paquirri, que hacen anuncios y salen en la prensa rosa), en uni\u00f3n de El Fandi, desarrollaron su [&hellip;]<\/p>\n","protected":false},"author":1,"featured_media":5244,"comment_status":"open","ping_status":"open","sticky":false,"template":"","format":"standard","meta":{"footnotes":""},"categories":[5],"tags":[51,52,92],"class_list":["post-2522","post","type-post","status-publish","format-standard","has-post-thumbnail","hentry","category-general","tag-el-cordobes","tag-el-fandi","tag-paquirri"],"yoast_head":"<!-- This site is optimized with the Yoast SEO plugin v27.5 - https:\/\/yoast.com\/product\/yoast-seo-wordpress\/ -->\n<title>Artistas y medi\u00e1ticos - Sitio web de Ignacio S\u00e1nchez-Mej\u00edas Herrero<\/title>\n<meta name=\"robots\" content=\"index, follow, max-snippet:-1, max-image-preview:large, max-video-preview:-1\" \/>\n<link rel=\"canonical\" href=\"https:\/\/www.ignaciosanchezmejias.es\/index.php\/2012\/03\/12\/artistas-y-mediaticos\/\" \/>\n<meta property=\"og:locale\" content=\"es_ES\" \/>\n<meta property=\"og:type\" content=\"article\" \/>\n<meta property=\"og:title\" content=\"Artistas y medi\u00e1ticos - Sitio web de Ignacio S\u00e1nchez-Mej\u00edas Herrero\" \/>\n<meta property=\"og:description\" content=\"A falta de mayores emociones, la actualidad del domingo la acapar\u00f3 la lluvia de trofeos en la plaza de toros de Valencia, plaza de primera, no se nos olvide. Los llamados medi\u00e1ticos (supongo que por El Cordob\u00e9s y Paquirri, que hacen anuncios y salen en la prensa rosa), en uni\u00f3n de El Fandi, desarrollaron su [&hellip;]\" \/>\n<meta property=\"og:url\" content=\"https:\/\/www.ignaciosanchezmejias.es\/index.php\/2012\/03\/12\/artistas-y-mediaticos\/\" \/>\n<meta property=\"og:site_name\" content=\"Sitio web de Ignacio S\u00e1nchez-Mej\u00edas Herrero\" \/>\n<meta property=\"article:published_time\" content=\"2012-03-12T10:01:19+00:00\" \/>\n<meta property=\"article:modified_time\" content=\"2021-02-09T10:42:41+00:00\" \/>\n<meta property=\"og:image\" content=\"https:\/\/www.ignaciosanchezmejias.es\/wp-content\/uploads\/2012\/03\/Fandi-burladero-Jesus-Camacho.jpg\" \/>\n\t<meta property=\"og:image:width\" content=\"504\" \/>\n\t<meta property=\"og:image:height\" content=\"378\" \/>\n\t<meta property=\"og:image:type\" content=\"image\/jpeg\" \/>\n<meta name=\"author\" content=\"isanchezmejias\" \/>\n<meta name=\"twitter:card\" content=\"summary_large_image\" \/>\n<meta name=\"twitter:label1\" content=\"Escrito por\" \/>\n\t<meta name=\"twitter:data1\" content=\"isanchezmejias\" \/>\n\t<meta name=\"twitter:label2\" content=\"Tiempo de lectura\" \/>\n\t<meta name=\"twitter:data2\" content=\"2 minutos\" \/>\n<script type=\"application\/ld+json\" class=\"yoast-schema-graph\">{\"@context\":\"https:\\\/\\\/schema.org\",\"@graph\":[{\"@type\":\"Article\",\"@id\":\"https:\\\/\\\/www.ignaciosanchezmejias.es\\\/index.php\\\/2012\\\/03\\\/12\\\/artistas-y-mediaticos\\\/#article\",\"isPartOf\":{\"@id\":\"https:\\\/\\\/www.ignaciosanchezmejias.es\\\/index.php\\\/2012\\\/03\\\/12\\\/artistas-y-mediaticos\\\/\"},\"author\":{\"name\":\"isanchezmejias\",\"@id\":\"https:\\\/\\\/www.ignaciosanchezmejias.es\\\/#\\\/schema\\\/person\\\/494d20bda3404108c02016d5e608fc65\"},\"headline\":\"Artistas y medi\u00e1ticos\",\"datePublished\":\"2012-03-12T10:01:19+00:00\",\"dateModified\":\"2021-02-09T10:42:41+00:00\",\"mainEntityOfPage\":{\"@id\":\"https:\\\/\\\/www.ignaciosanchezmejias.es\\\/index.php\\\/2012\\\/03\\\/12\\\/artistas-y-mediaticos\\\/\"},\"wordCount\":329,\"commentCount\":10,\"publisher\":{\"@id\":\"https:\\\/\\\/www.ignaciosanchezmejias.es\\\/#\\\/schema\\\/person\\\/494d20bda3404108c02016d5e608fc65\"},\"image\":{\"@id\":\"https:\\\/\\\/www.ignaciosanchezmejias.es\\\/index.php\\\/2012\\\/03\\\/12\\\/artistas-y-mediaticos\\\/#primaryimage\"},\"thumbnailUrl\":\"https:\\\/\\\/www.ignaciosanchezmejias.es\\\/wp-content\\\/uploads\\\/2012\\\/03\\\/Fandi-burladero-Jesus-Camacho.jpg\",\"keywords\":[\"El Cordob\u00e9s\",\"El Fandi\",\"Paquirri\"],\"articleSection\":[\"General\"],\"inLanguage\":\"es\",\"potentialAction\":[{\"@type\":\"CommentAction\",\"name\":\"Comment\",\"target\":[\"https:\\\/\\\/www.ignaciosanchezmejias.es\\\/index.php\\\/2012\\\/03\\\/12\\\/artistas-y-mediaticos\\\/#respond\"]}]},{\"@type\":\"WebPage\",\"@id\":\"https:\\\/\\\/www.ignaciosanchezmejias.es\\\/index.php\\\/2012\\\/03\\\/12\\\/artistas-y-mediaticos\\\/\",\"url\":\"https:\\\/\\\/www.ignaciosanchezmejias.es\\\/index.php\\\/2012\\\/03\\\/12\\\/artistas-y-mediaticos\\\/\",\"name\":\"Artistas y medi\u00e1ticos - Sitio web de Ignacio S\u00e1nchez-Mej\u00edas Herrero\",\"isPartOf\":{\"@id\":\"https:\\\/\\\/www.ignaciosanchezmejias.es\\\/#website\"},\"primaryImageOfPage\":{\"@id\":\"https:\\\/\\\/www.ignaciosanchezmejias.es\\\/index.php\\\/2012\\\/03\\\/12\\\/artistas-y-mediaticos\\\/#primaryimage\"},\"image\":{\"@id\":\"https:\\\/\\\/www.ignaciosanchezmejias.es\\\/index.php\\\/2012\\\/03\\\/12\\\/artistas-y-mediaticos\\\/#primaryimage\"},\"thumbnailUrl\":\"https:\\\/\\\/www.ignaciosanchezmejias.es\\\/wp-content\\\/uploads\\\/2012\\\/03\\\/Fandi-burladero-Jesus-Camacho.jpg\",\"datePublished\":\"2012-03-12T10:01:19+00:00\",\"dateModified\":\"2021-02-09T10:42:41+00:00\",\"breadcrumb\":{\"@id\":\"https:\\\/\\\/www.ignaciosanchezmejias.es\\\/index.php\\\/2012\\\/03\\\/12\\\/artistas-y-mediaticos\\\/#breadcrumb\"},\"inLanguage\":\"es\",\"potentialAction\":[{\"@type\":\"ReadAction\",\"target\":[\"https:\\\/\\\/www.ignaciosanchezmejias.es\\\/index.php\\\/2012\\\/03\\\/12\\\/artistas-y-mediaticos\\\/\"]}]},{\"@type\":\"ImageObject\",\"inLanguage\":\"es\",\"@id\":\"https:\\\/\\\/www.ignaciosanchezmejias.es\\\/index.php\\\/2012\\\/03\\\/12\\\/artistas-y-mediaticos\\\/#primaryimage\",\"url\":\"https:\\\/\\\/www.ignaciosanchezmejias.es\\\/wp-content\\\/uploads\\\/2012\\\/03\\\/Fandi-burladero-Jesus-Camacho.jpg\",\"contentUrl\":\"https:\\\/\\\/www.ignaciosanchezmejias.es\\\/wp-content\\\/uploads\\\/2012\\\/03\\\/Fandi-burladero-Jesus-Camacho.jpg\",\"width\":504,\"height\":378,\"caption\":\"Foto: Jes\u00fas Camacho para burladero.com\"},{\"@type\":\"BreadcrumbList\",\"@id\":\"https:\\\/\\\/www.ignaciosanchezmejias.es\\\/index.php\\\/2012\\\/03\\\/12\\\/artistas-y-mediaticos\\\/#breadcrumb\",\"itemListElement\":[{\"@type\":\"ListItem\",\"position\":1,\"name\":\"Portada\",\"item\":\"https:\\\/\\\/www.ignaciosanchezmejias.es\\\/\"},{\"@type\":\"ListItem\",\"position\":2,\"name\":\"Artistas y medi\u00e1ticos\"}]},{\"@type\":\"WebSite\",\"@id\":\"https:\\\/\\\/www.ignaciosanchezmejias.es\\\/#website\",\"url\":\"https:\\\/\\\/www.ignaciosanchezmejias.es\\\/\",\"name\":\"Blog de Ignacio S\u00e1nchez-Mej\u00edas\",\"description\":\"Sitio personal ISM\",\"publisher\":{\"@id\":\"https:\\\/\\\/www.ignaciosanchezmejias.es\\\/#\\\/schema\\\/person\\\/494d20bda3404108c02016d5e608fc65\"},\"potentialAction\":[{\"@type\":\"SearchAction\",\"target\":{\"@type\":\"EntryPoint\",\"urlTemplate\":\"https:\\\/\\\/www.ignaciosanchezmejias.es\\\/?s={search_term_string}\"},\"query-input\":{\"@type\":\"PropertyValueSpecification\",\"valueRequired\":true,\"valueName\":\"search_term_string\"}}],\"inLanguage\":\"es\"},{\"@type\":[\"Person\",\"Organization\"],\"@id\":\"https:\\\/\\\/www.ignaciosanchezmejias.es\\\/#\\\/schema\\\/person\\\/494d20bda3404108c02016d5e608fc65\",\"name\":\"isanchezmejias\",\"image\":{\"@type\":\"ImageObject\",\"inLanguage\":\"es\",\"@id\":\"https:\\\/\\\/www.ignaciosanchezmejias.es\\\/wp-content\\\/uploads\\\/2020\\\/06\\\/cropped-Yo-antes.jpg\",\"url\":\"https:\\\/\\\/www.ignaciosanchezmejias.es\\\/wp-content\\\/uploads\\\/2020\\\/06\\\/cropped-Yo-antes.jpg\",\"contentUrl\":\"https:\\\/\\\/www.ignaciosanchezmejias.es\\\/wp-content\\\/uploads\\\/2020\\\/06\\\/cropped-Yo-antes.jpg\",\"width\":681,\"height\":482,\"caption\":\"isanchezmejias\"},\"logo\":{\"@id\":\"https:\\\/\\\/www.ignaciosanchezmejias.es\\\/wp-content\\\/uploads\\\/2020\\\/06\\\/cropped-Yo-antes.jpg\"},\"sameAs\":[\"https:\\\/\\\/www.ignaciosanchezmejias.es\"],\"url\":\"https:\\\/\\\/www.ignaciosanchezmejias.es\\\/index.php\\\/author\\\/isanchezmejias\\\/\"}]}<\/script>\n<!-- \/ Yoast SEO plugin. -->","yoast_head_json":{"title":"Artistas y medi\u00e1ticos - Sitio web de Ignacio S\u00e1nchez-Mej\u00edas Herrero","robots":{"index":"index","follow":"follow","max-snippet":"max-snippet:-1","max-image-preview":"max-image-preview:large","max-video-preview":"max-video-preview:-1"},"canonical":"https:\/\/www.ignaciosanchezmejias.es\/index.php\/2012\/03\/12\/artistas-y-mediaticos\/","og_locale":"es_ES","og_type":"article","og_title":"Artistas y medi\u00e1ticos - Sitio web de Ignacio S\u00e1nchez-Mej\u00edas Herrero","og_description":"A falta de mayores emociones, la actualidad del domingo la acapar\u00f3 la lluvia de trofeos en la plaza de toros de Valencia, plaza de primera, no se nos olvide. Los llamados medi\u00e1ticos (supongo que por El Cordob\u00e9s y Paquirri, que hacen anuncios y salen en la prensa rosa), en uni\u00f3n de El Fandi, desarrollaron su [&hellip;]","og_url":"https:\/\/www.ignaciosanchezmejias.es\/index.php\/2012\/03\/12\/artistas-y-mediaticos\/","og_site_name":"Sitio web de Ignacio S\u00e1nchez-Mej\u00edas Herrero","article_published_time":"2012-03-12T10:01:19+00:00","article_modified_time":"2021-02-09T10:42:41+00:00","og_image":[{"width":504,"height":378,"url":"https:\/\/www.ignaciosanchezmejias.es\/wp-content\/uploads\/2012\/03\/Fandi-burladero-Jesus-Camacho.jpg","type":"image\/jpeg"}],"author":"isanchezmejias","twitter_card":"summary_large_image","twitter_misc":{"Escrito por":"isanchezmejias","Tiempo de lectura":"2 minutos"},"schema":{"@context":"https:\/\/schema.org","@graph":[{"@type":"Article","@id":"https:\/\/www.ignaciosanchezmejias.es\/index.php\/2012\/03\/12\/artistas-y-mediaticos\/#article","isPartOf":{"@id":"https:\/\/www.ignaciosanchezmejias.es\/index.php\/2012\/03\/12\/artistas-y-mediaticos\/"},"author":{"name":"isanchezmejias","@id":"https:\/\/www.ignaciosanchezmejias.es\/#\/schema\/person\/494d20bda3404108c02016d5e608fc65"},"headline":"Artistas y medi\u00e1ticos","datePublished":"2012-03-12T10:01:19+00:00","dateModified":"2021-02-09T10:42:41+00:00","mainEntityOfPage":{"@id":"https:\/\/www.ignaciosanchezmejias.es\/index.php\/2012\/03\/12\/artistas-y-mediaticos\/"},"wordCount":329,"commentCount":10,"publisher":{"@id":"https:\/\/www.ignaciosanchezmejias.es\/#\/schema\/person\/494d20bda3404108c02016d5e608fc65"},"image":{"@id":"https:\/\/www.ignaciosanchezmejias.es\/index.php\/2012\/03\/12\/artistas-y-mediaticos\/#primaryimage"},"thumbnailUrl":"https:\/\/www.ignaciosanchezmejias.es\/wp-content\/uploads\/2012\/03\/Fandi-burladero-Jesus-Camacho.jpg","keywords":["El Cordob\u00e9s","El Fandi","Paquirri"],"articleSection":["General"],"inLanguage":"es","potentialAction":[{"@type":"CommentAction","name":"Comment","target":["https:\/\/www.ignaciosanchezmejias.es\/index.php\/2012\/03\/12\/artistas-y-mediaticos\/#respond"]}]},{"@type":"WebPage","@id":"https:\/\/www.ignaciosanchezmejias.es\/index.php\/2012\/03\/12\/artistas-y-mediaticos\/","url":"https:\/\/www.ignaciosanchezmejias.es\/index.php\/2012\/03\/12\/artistas-y-mediaticos\/","name":"Artistas y medi\u00e1ticos - Sitio web de Ignacio S\u00e1nchez-Mej\u00edas Herrero","isPartOf":{"@id":"https:\/\/www.ignaciosanchezmejias.es\/#website"},"primaryImageOfPage":{"@id":"https:\/\/www.ignaciosanchezmejias.es\/index.php\/2012\/03\/12\/artistas-y-mediaticos\/#primaryimage"},"image":{"@id":"https:\/\/www.ignaciosanchezmejias.es\/index.php\/2012\/03\/12\/artistas-y-mediaticos\/#primaryimage"},"thumbnailUrl":"https:\/\/www.ignaciosanchezmejias.es\/wp-content\/uploads\/2012\/03\/Fandi-burladero-Jesus-Camacho.jpg","datePublished":"2012-03-12T10:01:19+00:00","dateModified":"2021-02-09T10:42:41+00:00","breadcrumb":{"@id":"https:\/\/www.ignaciosanchezmejias.es\/index.php\/2012\/03\/12\/artistas-y-mediaticos\/#breadcrumb"},"inLanguage":"es","potentialAction":[{"@type":"ReadAction","target":["https:\/\/www.ignaciosanchezmejias.es\/index.php\/2012\/03\/12\/artistas-y-mediaticos\/"]}]},{"@type":"ImageObject","inLanguage":"es","@id":"https:\/\/www.ignaciosanchezmejias.es\/index.php\/2012\/03\/12\/artistas-y-mediaticos\/#primaryimage","url":"https:\/\/www.ignaciosanchezmejias.es\/wp-content\/uploads\/2012\/03\/Fandi-burladero-Jesus-Camacho.jpg","contentUrl":"https:\/\/www.ignaciosanchezmejias.es\/wp-content\/uploads\/2012\/03\/Fandi-burladero-Jesus-Camacho.jpg","width":504,"height":378,"caption":"Foto: Jes\u00fas Camacho para burladero.com"},{"@type":"BreadcrumbList","@id":"https:\/\/www.ignaciosanchezmejias.es\/index.php\/2012\/03\/12\/artistas-y-mediaticos\/#breadcrumb","itemListElement":[{"@type":"ListItem","position":1,"name":"Portada","item":"https:\/\/www.ignaciosanchezmejias.es\/"},{"@type":"ListItem","position":2,"name":"Artistas y medi\u00e1ticos"}]},{"@type":"WebSite","@id":"https:\/\/www.ignaciosanchezmejias.es\/#website","url":"https:\/\/www.ignaciosanchezmejias.es\/","name":"Blog de Ignacio S\u00e1nchez-Mej\u00edas","description":"Sitio personal ISM","publisher":{"@id":"https:\/\/www.ignaciosanchezmejias.es\/#\/schema\/person\/494d20bda3404108c02016d5e608fc65"},"potentialAction":[{"@type":"SearchAction","target":{"@type":"EntryPoint","urlTemplate":"https:\/\/www.ignaciosanchezmejias.es\/?s={search_term_string}"},"query-input":{"@type":"PropertyValueSpecification","valueRequired":true,"valueName":"search_term_string"}}],"inLanguage":"es"},{"@type":["Person","Organization"],"@id":"https:\/\/www.ignaciosanchezmejias.es\/#\/schema\/person\/494d20bda3404108c02016d5e608fc65","name":"isanchezmejias","image":{"@type":"ImageObject","inLanguage":"es","@id":"https:\/\/www.ignaciosanchezmejias.es\/wp-content\/uploads\/2020\/06\/cropped-Yo-antes.jpg","url":"https:\/\/www.ignaciosanchezmejias.es\/wp-content\/uploads\/2020\/06\/cropped-Yo-antes.jpg","contentUrl":"https:\/\/www.ignaciosanchezmejias.es\/wp-content\/uploads\/2020\/06\/cropped-Yo-antes.jpg","width":681,"height":482,"caption":"isanchezmejias"},"logo":{"@id":"https:\/\/www.ignaciosanchezmejias.es\/wp-content\/uploads\/2020\/06\/cropped-Yo-antes.jpg"},"sameAs":["https:\/\/www.ignaciosanchezmejias.es"],"url":"https:\/\/www.ignaciosanchezmejias.es\/index.php\/author\/isanchezmejias\/"}]}},"_links":{"self":[{"href":"https:\/\/www.ignaciosanchezmejias.es\/index.php\/wp-json\/wp\/v2\/posts\/2522","targetHints":{"allow":["GET"]}}],"collection":[{"href":"https:\/\/www.ignaciosanchezmejias.es\/index.php\/wp-json\/wp\/v2\/posts"}],"about":[{"href":"https:\/\/www.ignaciosanchezmejias.es\/index.php\/wp-json\/wp\/v2\/types\/post"}],"author":[{"embeddable":true,"href":"https:\/\/www.ignaciosanchezmejias.es\/index.php\/wp-json\/wp\/v2\/users\/1"}],"replies":[{"embeddable":true,"href":"https:\/\/www.ignaciosanchezmejias.es\/index.php\/wp-json\/wp\/v2\/comments?post=2522"}],"version-history":[{"count":2,"href":"https:\/\/www.ignaciosanchezmejias.es\/index.php\/wp-json\/wp\/v2\/posts\/2522\/revisions"}],"predecessor-version":[{"id":5245,"href":"https:\/\/www.ignaciosanchezmejias.es\/index.php\/wp-json\/wp\/v2\/posts\/2522\/revisions\/5245"}],"wp:featuredmedia":[{"embeddable":true,"href":"https:\/\/www.ignaciosanchezmejias.es\/index.php\/wp-json\/wp\/v2\/media\/5244"}],"wp:attachment":[{"href":"https:\/\/www.ignaciosanchezmejias.es\/index.php\/wp-json\/wp\/v2\/media?parent=2522"}],"wp:term":[{"taxonomy":"category","embeddable":true,"href":"https:\/\/www.ignaciosanchezmejias.es\/index.php\/wp-json\/wp\/v2\/categories?post=2522"},{"taxonomy":"post_tag","embeddable":true,"href":"https:\/\/www.ignaciosanchezmejias.es\/index.php\/wp-json\/wp\/v2\/tags?post=2522"}],"curies":[{"name":"wp","href":"https:\/\/api.w.org\/{rel}","templated":true}]}}