{"id":2464,"date":"2012-01-27T18:45:55","date_gmt":"2012-01-27T17:45:55","guid":{"rendered":"http:\/\/blogs.sevilla.abc.es\/desdeeltendido2\/?p=2464"},"modified":"2025-06-04T10:44:48","modified_gmt":"2025-06-04T10:44:48","slug":"fallas-con-derechos-de-imagen","status":"publish","type":"post","link":"https:\/\/www.ignaciosanchezmejias.es\/index.php\/2012\/01\/27\/fallas-con-derechos-de-imagen\/","title":{"rendered":"Fallas con derechos de imagen"},"content":{"rendered":"\n<p>Como ustedes saben y hemos comentado en este sitio, los toreros que forman el llamado G10, cedieron a la empresa All Sport Media sus derechos de imagen. Despu\u00e9s de esto ha habido mucha incertidumbre en la formaci\u00f3n de las ferias televisadas porque no se sab\u00eda por d\u00f3nde iba a salir esta empresa y no se pod\u00edan cerrar carteles.<\/p>\n\n\n\n<p>Bien, pues ya ha cantado la gallina en la formaci\u00f3n de los carteles de las Fallas. ASM \u201cvende\u201d paquete completo, cobra a tanto alzado toree uno o todos los suyos, ya despu\u00e9s se entender\u00e1n entre ellos. Consecuencia, D. Sim\u00f3n Casas, cabeza visible de la empresa de Valencia, ha tenido que componer las combinaciones deprisa y corriendo y ha tirado por el camino m\u00e1s f\u00e1cil: si le tengo que dar un dinero a ASM, me queda menos para pagar a los toreros, consecuencia, contrato a toreros con menos cach\u00e9. Se quedan fuera de Fallas figuras de la talla de El Juli y Morante, ah\u00ed es nada, y otros del G10, tambi\u00e9n con apoderados independientes como Perera o Cayetano. S\u00ed estar\u00e1n sus compa\u00f1eros de negocio con apoderados empresarios (yo te contrato aqu\u00ed para que t\u00fa me contrates all\u00ed) como Manzanares, Talavante, El Fandi o Luque y los dobletes de El Cid y, por supuesto Ponce, que juega en casa.<\/p>\n\n\n\n<p>Seg\u00fan he podido escuchar en radio y ver en <a href=\"http:\/\/www.marca.com\/2012\/01\/23\/toros\/1327314498.html\">marca.es<\/a>, ASM habr\u00eda pedido 280.000 por los derechos de imagen del G10. En resumen, y como ya publicamos en su d\u00eda, s\u00f3lo era dinero. Se encarece el producto en tiempos de crisis, y como no ten\u00edamos bastantes problemas desde fuera, tambi\u00e9n desde dentro nos ponemos chinitas. Conste que me parece perfecto que los toreros defiendan sus derecho, los de imagen entre ellos, pero no est\u00e1n los tiempos actuales para m\u00e1s costes.<\/p>\n\n\n\n<p>As\u00ed pues, tenemos unas Fallas con carteles menos atractivos pero m\u00e1s abierta. Creo que esta va a ser la t\u00f3nica de las ferias televisadas. Y ahora viene la gran pregunta \u00bfC\u00f3mo van a ser los carteles de Sevilla despu\u00e9s de esto? \u00bfSe imaginan una Feria de Abril sin Morante y El Juli? Creo que a la vista de las pretensiones del G10, tendr\u00e1 que bajar el nivel de los carteles. Parece que el colectivo de taurinos que vive de esto no se da cuenta de la crisis que tenemos encima y quieren repartirse las \u00faltimas migajas del pastel sin pensar a qui\u00e9n va dirigido el espect\u00e1culo: al aficionado, que, por lo visto ni sufre ni padece. Veremos los resultados en forma de cemento y ojal\u00e1 me equivoque. Entre todos la mataron y ella sola se muri\u00f3.<\/p>\n","protected":false},"excerpt":{"rendered":"<p>Como ustedes saben y hemos comentado en este sitio, los toreros que forman el llamado G10, cedieron a la empresa All Sport Media sus derechos de imagen. Despu\u00e9s de esto ha habido mucha incertidumbre en la formaci\u00f3n de las ferias televisadas porque no se sab\u00eda por d\u00f3nde iba a salir esta empresa y no se [&hellip;]<\/p>\n","protected":false},"author":1,"featured_media":5222,"comment_status":"open","ping_status":"open","sticky":false,"template":"","format":"standard","meta":{"footnotes":""},"categories":[5],"tags":[444,577],"class_list":["post-2464","post","type-post","status-publish","format-standard","has-post-thumbnail","hentry","category-general","tag-derechos-de-imagen","tag-fallas"],"yoast_head":"<!-- This site is optimized with the Yoast SEO plugin v27.4 - https:\/\/yoast.com\/product\/yoast-seo-wordpress\/ -->\n<title>Fallas con derechos de imagen - Sitio web de Ignacio S\u00e1nchez-Mej\u00edas Herrero<\/title>\n<meta name=\"robots\" content=\"index, follow, max-snippet:-1, max-image-preview:large, max-video-preview:-1\" \/>\n<link rel=\"canonical\" href=\"https:\/\/www.ignaciosanchezmejias.es\/index.php\/2012\/01\/27\/fallas-con-derechos-de-imagen\/\" \/>\n<meta property=\"og:locale\" content=\"es_ES\" \/>\n<meta property=\"og:type\" content=\"article\" \/>\n<meta property=\"og:title\" content=\"Fallas con derechos de imagen - Sitio web de Ignacio S\u00e1nchez-Mej\u00edas Herrero\" \/>\n<meta property=\"og:description\" content=\"Como ustedes saben y hemos comentado en este sitio, los toreros que forman el llamado G10, cedieron a la empresa All Sport Media sus derechos de imagen. Despu\u00e9s de esto ha habido mucha incertidumbre en la formaci\u00f3n de las ferias televisadas porque no se sab\u00eda por d\u00f3nde iba a salir esta empresa y no se [&hellip;]\" \/>\n<meta property=\"og:url\" content=\"https:\/\/www.ignaciosanchezmejias.es\/index.php\/2012\/01\/27\/fallas-con-derechos-de-imagen\/\" \/>\n<meta property=\"og:site_name\" content=\"Sitio web de Ignacio S\u00e1nchez-Mej\u00edas Herrero\" \/>\n<meta property=\"article:published_time\" content=\"2012-01-27T17:45:55+00:00\" \/>\n<meta property=\"article:modified_time\" content=\"2025-06-04T10:44:48+00:00\" \/>\n<meta property=\"og:image\" content=\"https:\/\/www.ignaciosanchezmejias.es\/wp-content\/uploads\/2012\/01\/Fallas-2012.jpg\" \/>\n\t<meta property=\"og:image:width\" content=\"186\" \/>\n\t<meta property=\"og:image:height\" content=\"270\" \/>\n\t<meta property=\"og:image:type\" content=\"image\/jpeg\" \/>\n<meta name=\"author\" content=\"isanchezmejias\" \/>\n<meta name=\"twitter:card\" content=\"summary_large_image\" \/>\n<meta name=\"twitter:label1\" content=\"Escrito por\" \/>\n\t<meta name=\"twitter:data1\" content=\"isanchezmejias\" \/>\n\t<meta name=\"twitter:label2\" content=\"Tiempo de lectura\" \/>\n\t<meta name=\"twitter:data2\" content=\"2 minutos\" \/>\n<script type=\"application\/ld+json\" class=\"yoast-schema-graph\">{\"@context\":\"https:\\\/\\\/schema.org\",\"@graph\":[{\"@type\":\"Article\",\"@id\":\"https:\\\/\\\/www.ignaciosanchezmejias.es\\\/index.php\\\/2012\\\/01\\\/27\\\/fallas-con-derechos-de-imagen\\\/#article\",\"isPartOf\":{\"@id\":\"https:\\\/\\\/www.ignaciosanchezmejias.es\\\/index.php\\\/2012\\\/01\\\/27\\\/fallas-con-derechos-de-imagen\\\/\"},\"author\":{\"name\":\"isanchezmejias\",\"@id\":\"https:\\\/\\\/www.ignaciosanchezmejias.es\\\/#\\\/schema\\\/person\\\/494d20bda3404108c02016d5e608fc65\"},\"headline\":\"Fallas con derechos de imagen\",\"datePublished\":\"2012-01-27T17:45:55+00:00\",\"dateModified\":\"2025-06-04T10:44:48+00:00\",\"mainEntityOfPage\":{\"@id\":\"https:\\\/\\\/www.ignaciosanchezmejias.es\\\/index.php\\\/2012\\\/01\\\/27\\\/fallas-con-derechos-de-imagen\\\/\"},\"wordCount\":464,\"commentCount\":13,\"publisher\":{\"@id\":\"https:\\\/\\\/www.ignaciosanchezmejias.es\\\/#\\\/schema\\\/person\\\/494d20bda3404108c02016d5e608fc65\"},\"image\":{\"@id\":\"https:\\\/\\\/www.ignaciosanchezmejias.es\\\/index.php\\\/2012\\\/01\\\/27\\\/fallas-con-derechos-de-imagen\\\/#primaryimage\"},\"thumbnailUrl\":\"https:\\\/\\\/www.ignaciosanchezmejias.es\\\/wp-content\\\/uploads\\\/2012\\\/01\\\/Fallas-2012.jpg\",\"keywords\":[\"Derechos de imagen\",\"Fallas\"],\"articleSection\":[\"General\"],\"inLanguage\":\"es\",\"potentialAction\":[{\"@type\":\"CommentAction\",\"name\":\"Comment\",\"target\":[\"https:\\\/\\\/www.ignaciosanchezmejias.es\\\/index.php\\\/2012\\\/01\\\/27\\\/fallas-con-derechos-de-imagen\\\/#respond\"]}]},{\"@type\":\"WebPage\",\"@id\":\"https:\\\/\\\/www.ignaciosanchezmejias.es\\\/index.php\\\/2012\\\/01\\\/27\\\/fallas-con-derechos-de-imagen\\\/\",\"url\":\"https:\\\/\\\/www.ignaciosanchezmejias.es\\\/index.php\\\/2012\\\/01\\\/27\\\/fallas-con-derechos-de-imagen\\\/\",\"name\":\"Fallas con derechos de imagen - Sitio web de Ignacio S\u00e1nchez-Mej\u00edas Herrero\",\"isPartOf\":{\"@id\":\"https:\\\/\\\/www.ignaciosanchezmejias.es\\\/#website\"},\"primaryImageOfPage\":{\"@id\":\"https:\\\/\\\/www.ignaciosanchezmejias.es\\\/index.php\\\/2012\\\/01\\\/27\\\/fallas-con-derechos-de-imagen\\\/#primaryimage\"},\"image\":{\"@id\":\"https:\\\/\\\/www.ignaciosanchezmejias.es\\\/index.php\\\/2012\\\/01\\\/27\\\/fallas-con-derechos-de-imagen\\\/#primaryimage\"},\"thumbnailUrl\":\"https:\\\/\\\/www.ignaciosanchezmejias.es\\\/wp-content\\\/uploads\\\/2012\\\/01\\\/Fallas-2012.jpg\",\"datePublished\":\"2012-01-27T17:45:55+00:00\",\"dateModified\":\"2025-06-04T10:44:48+00:00\",\"breadcrumb\":{\"@id\":\"https:\\\/\\\/www.ignaciosanchezmejias.es\\\/index.php\\\/2012\\\/01\\\/27\\\/fallas-con-derechos-de-imagen\\\/#breadcrumb\"},\"inLanguage\":\"es\",\"potentialAction\":[{\"@type\":\"ReadAction\",\"target\":[\"https:\\\/\\\/www.ignaciosanchezmejias.es\\\/index.php\\\/2012\\\/01\\\/27\\\/fallas-con-derechos-de-imagen\\\/\"]}]},{\"@type\":\"ImageObject\",\"inLanguage\":\"es\",\"@id\":\"https:\\\/\\\/www.ignaciosanchezmejias.es\\\/index.php\\\/2012\\\/01\\\/27\\\/fallas-con-derechos-de-imagen\\\/#primaryimage\",\"url\":\"https:\\\/\\\/www.ignaciosanchezmejias.es\\\/wp-content\\\/uploads\\\/2012\\\/01\\\/Fallas-2012.jpg\",\"contentUrl\":\"https:\\\/\\\/www.ignaciosanchezmejias.es\\\/wp-content\\\/uploads\\\/2012\\\/01\\\/Fallas-2012.jpg\",\"width\":186,\"height\":270},{\"@type\":\"BreadcrumbList\",\"@id\":\"https:\\\/\\\/www.ignaciosanchezmejias.es\\\/index.php\\\/2012\\\/01\\\/27\\\/fallas-con-derechos-de-imagen\\\/#breadcrumb\",\"itemListElement\":[{\"@type\":\"ListItem\",\"position\":1,\"name\":\"Portada\",\"item\":\"https:\\\/\\\/www.ignaciosanchezmejias.es\\\/\"},{\"@type\":\"ListItem\",\"position\":2,\"name\":\"Fallas con derechos de imagen\"}]},{\"@type\":\"WebSite\",\"@id\":\"https:\\\/\\\/www.ignaciosanchezmejias.es\\\/#website\",\"url\":\"https:\\\/\\\/www.ignaciosanchezmejias.es\\\/\",\"name\":\"Blog de Ignacio S\u00e1nchez-Mej\u00edas\",\"description\":\"Sitio personal ISM\",\"publisher\":{\"@id\":\"https:\\\/\\\/www.ignaciosanchezmejias.es\\\/#\\\/schema\\\/person\\\/494d20bda3404108c02016d5e608fc65\"},\"potentialAction\":[{\"@type\":\"SearchAction\",\"target\":{\"@type\":\"EntryPoint\",\"urlTemplate\":\"https:\\\/\\\/www.ignaciosanchezmejias.es\\\/?s={search_term_string}\"},\"query-input\":{\"@type\":\"PropertyValueSpecification\",\"valueRequired\":true,\"valueName\":\"search_term_string\"}}],\"inLanguage\":\"es\"},{\"@type\":[\"Person\",\"Organization\"],\"@id\":\"https:\\\/\\\/www.ignaciosanchezmejias.es\\\/#\\\/schema\\\/person\\\/494d20bda3404108c02016d5e608fc65\",\"name\":\"isanchezmejias\",\"image\":{\"@type\":\"ImageObject\",\"inLanguage\":\"es\",\"@id\":\"https:\\\/\\\/www.ignaciosanchezmejias.es\\\/wp-content\\\/uploads\\\/2020\\\/06\\\/cropped-Yo-antes.jpg\",\"url\":\"https:\\\/\\\/www.ignaciosanchezmejias.es\\\/wp-content\\\/uploads\\\/2020\\\/06\\\/cropped-Yo-antes.jpg\",\"contentUrl\":\"https:\\\/\\\/www.ignaciosanchezmejias.es\\\/wp-content\\\/uploads\\\/2020\\\/06\\\/cropped-Yo-antes.jpg\",\"width\":681,\"height\":482,\"caption\":\"isanchezmejias\"},\"logo\":{\"@id\":\"https:\\\/\\\/www.ignaciosanchezmejias.es\\\/wp-content\\\/uploads\\\/2020\\\/06\\\/cropped-Yo-antes.jpg\"},\"sameAs\":[\"https:\\\/\\\/www.ignaciosanchezmejias.es\"],\"url\":\"https:\\\/\\\/www.ignaciosanchezmejias.es\\\/index.php\\\/author\\\/isanchezmejias\\\/\"}]}<\/script>\n<!-- \/ Yoast SEO plugin. -->","yoast_head_json":{"title":"Fallas con derechos de imagen - Sitio web de Ignacio S\u00e1nchez-Mej\u00edas Herrero","robots":{"index":"index","follow":"follow","max-snippet":"max-snippet:-1","max-image-preview":"max-image-preview:large","max-video-preview":"max-video-preview:-1"},"canonical":"https:\/\/www.ignaciosanchezmejias.es\/index.php\/2012\/01\/27\/fallas-con-derechos-de-imagen\/","og_locale":"es_ES","og_type":"article","og_title":"Fallas con derechos de imagen - Sitio web de Ignacio S\u00e1nchez-Mej\u00edas Herrero","og_description":"Como ustedes saben y hemos comentado en este sitio, los toreros que forman el llamado G10, cedieron a la empresa All Sport Media sus derechos de imagen. Despu\u00e9s de esto ha habido mucha incertidumbre en la formaci\u00f3n de las ferias televisadas porque no se sab\u00eda por d\u00f3nde iba a salir esta empresa y no se [&hellip;]","og_url":"https:\/\/www.ignaciosanchezmejias.es\/index.php\/2012\/01\/27\/fallas-con-derechos-de-imagen\/","og_site_name":"Sitio web de Ignacio S\u00e1nchez-Mej\u00edas Herrero","article_published_time":"2012-01-27T17:45:55+00:00","article_modified_time":"2025-06-04T10:44:48+00:00","og_image":[{"width":186,"height":270,"url":"https:\/\/www.ignaciosanchezmejias.es\/wp-content\/uploads\/2012\/01\/Fallas-2012.jpg","type":"image\/jpeg"}],"author":"isanchezmejias","twitter_card":"summary_large_image","twitter_misc":{"Escrito por":"isanchezmejias","Tiempo de lectura":"2 minutos"},"schema":{"@context":"https:\/\/schema.org","@graph":[{"@type":"Article","@id":"https:\/\/www.ignaciosanchezmejias.es\/index.php\/2012\/01\/27\/fallas-con-derechos-de-imagen\/#article","isPartOf":{"@id":"https:\/\/www.ignaciosanchezmejias.es\/index.php\/2012\/01\/27\/fallas-con-derechos-de-imagen\/"},"author":{"name":"isanchezmejias","@id":"https:\/\/www.ignaciosanchezmejias.es\/#\/schema\/person\/494d20bda3404108c02016d5e608fc65"},"headline":"Fallas con derechos de imagen","datePublished":"2012-01-27T17:45:55+00:00","dateModified":"2025-06-04T10:44:48+00:00","mainEntityOfPage":{"@id":"https:\/\/www.ignaciosanchezmejias.es\/index.php\/2012\/01\/27\/fallas-con-derechos-de-imagen\/"},"wordCount":464,"commentCount":13,"publisher":{"@id":"https:\/\/www.ignaciosanchezmejias.es\/#\/schema\/person\/494d20bda3404108c02016d5e608fc65"},"image":{"@id":"https:\/\/www.ignaciosanchezmejias.es\/index.php\/2012\/01\/27\/fallas-con-derechos-de-imagen\/#primaryimage"},"thumbnailUrl":"https:\/\/www.ignaciosanchezmejias.es\/wp-content\/uploads\/2012\/01\/Fallas-2012.jpg","keywords":["Derechos de imagen","Fallas"],"articleSection":["General"],"inLanguage":"es","potentialAction":[{"@type":"CommentAction","name":"Comment","target":["https:\/\/www.ignaciosanchezmejias.es\/index.php\/2012\/01\/27\/fallas-con-derechos-de-imagen\/#respond"]}]},{"@type":"WebPage","@id":"https:\/\/www.ignaciosanchezmejias.es\/index.php\/2012\/01\/27\/fallas-con-derechos-de-imagen\/","url":"https:\/\/www.ignaciosanchezmejias.es\/index.php\/2012\/01\/27\/fallas-con-derechos-de-imagen\/","name":"Fallas con derechos de imagen - Sitio web de Ignacio S\u00e1nchez-Mej\u00edas Herrero","isPartOf":{"@id":"https:\/\/www.ignaciosanchezmejias.es\/#website"},"primaryImageOfPage":{"@id":"https:\/\/www.ignaciosanchezmejias.es\/index.php\/2012\/01\/27\/fallas-con-derechos-de-imagen\/#primaryimage"},"image":{"@id":"https:\/\/www.ignaciosanchezmejias.es\/index.php\/2012\/01\/27\/fallas-con-derechos-de-imagen\/#primaryimage"},"thumbnailUrl":"https:\/\/www.ignaciosanchezmejias.es\/wp-content\/uploads\/2012\/01\/Fallas-2012.jpg","datePublished":"2012-01-27T17:45:55+00:00","dateModified":"2025-06-04T10:44:48+00:00","breadcrumb":{"@id":"https:\/\/www.ignaciosanchezmejias.es\/index.php\/2012\/01\/27\/fallas-con-derechos-de-imagen\/#breadcrumb"},"inLanguage":"es","potentialAction":[{"@type":"ReadAction","target":["https:\/\/www.ignaciosanchezmejias.es\/index.php\/2012\/01\/27\/fallas-con-derechos-de-imagen\/"]}]},{"@type":"ImageObject","inLanguage":"es","@id":"https:\/\/www.ignaciosanchezmejias.es\/index.php\/2012\/01\/27\/fallas-con-derechos-de-imagen\/#primaryimage","url":"https:\/\/www.ignaciosanchezmejias.es\/wp-content\/uploads\/2012\/01\/Fallas-2012.jpg","contentUrl":"https:\/\/www.ignaciosanchezmejias.es\/wp-content\/uploads\/2012\/01\/Fallas-2012.jpg","width":186,"height":270},{"@type":"BreadcrumbList","@id":"https:\/\/www.ignaciosanchezmejias.es\/index.php\/2012\/01\/27\/fallas-con-derechos-de-imagen\/#breadcrumb","itemListElement":[{"@type":"ListItem","position":1,"name":"Portada","item":"https:\/\/www.ignaciosanchezmejias.es\/"},{"@type":"ListItem","position":2,"name":"Fallas con derechos de imagen"}]},{"@type":"WebSite","@id":"https:\/\/www.ignaciosanchezmejias.es\/#website","url":"https:\/\/www.ignaciosanchezmejias.es\/","name":"Blog de Ignacio S\u00e1nchez-Mej\u00edas","description":"Sitio personal ISM","publisher":{"@id":"https:\/\/www.ignaciosanchezmejias.es\/#\/schema\/person\/494d20bda3404108c02016d5e608fc65"},"potentialAction":[{"@type":"SearchAction","target":{"@type":"EntryPoint","urlTemplate":"https:\/\/www.ignaciosanchezmejias.es\/?s={search_term_string}"},"query-input":{"@type":"PropertyValueSpecification","valueRequired":true,"valueName":"search_term_string"}}],"inLanguage":"es"},{"@type":["Person","Organization"],"@id":"https:\/\/www.ignaciosanchezmejias.es\/#\/schema\/person\/494d20bda3404108c02016d5e608fc65","name":"isanchezmejias","image":{"@type":"ImageObject","inLanguage":"es","@id":"https:\/\/www.ignaciosanchezmejias.es\/wp-content\/uploads\/2020\/06\/cropped-Yo-antes.jpg","url":"https:\/\/www.ignaciosanchezmejias.es\/wp-content\/uploads\/2020\/06\/cropped-Yo-antes.jpg","contentUrl":"https:\/\/www.ignaciosanchezmejias.es\/wp-content\/uploads\/2020\/06\/cropped-Yo-antes.jpg","width":681,"height":482,"caption":"isanchezmejias"},"logo":{"@id":"https:\/\/www.ignaciosanchezmejias.es\/wp-content\/uploads\/2020\/06\/cropped-Yo-antes.jpg"},"sameAs":["https:\/\/www.ignaciosanchezmejias.es"],"url":"https:\/\/www.ignaciosanchezmejias.es\/index.php\/author\/isanchezmejias\/"}]}},"_links":{"self":[{"href":"https:\/\/www.ignaciosanchezmejias.es\/index.php\/wp-json\/wp\/v2\/posts\/2464","targetHints":{"allow":["GET"]}}],"collection":[{"href":"https:\/\/www.ignaciosanchezmejias.es\/index.php\/wp-json\/wp\/v2\/posts"}],"about":[{"href":"https:\/\/www.ignaciosanchezmejias.es\/index.php\/wp-json\/wp\/v2\/types\/post"}],"author":[{"embeddable":true,"href":"https:\/\/www.ignaciosanchezmejias.es\/index.php\/wp-json\/wp\/v2\/users\/1"}],"replies":[{"embeddable":true,"href":"https:\/\/www.ignaciosanchezmejias.es\/index.php\/wp-json\/wp\/v2\/comments?post=2464"}],"version-history":[{"count":2,"href":"https:\/\/www.ignaciosanchezmejias.es\/index.php\/wp-json\/wp\/v2\/posts\/2464\/revisions"}],"predecessor-version":[{"id":5224,"href":"https:\/\/www.ignaciosanchezmejias.es\/index.php\/wp-json\/wp\/v2\/posts\/2464\/revisions\/5224"}],"wp:featuredmedia":[{"embeddable":true,"href":"https:\/\/www.ignaciosanchezmejias.es\/index.php\/wp-json\/wp\/v2\/media\/5222"}],"wp:attachment":[{"href":"https:\/\/www.ignaciosanchezmejias.es\/index.php\/wp-json\/wp\/v2\/media?parent=2464"}],"wp:term":[{"taxonomy":"category","embeddable":true,"href":"https:\/\/www.ignaciosanchezmejias.es\/index.php\/wp-json\/wp\/v2\/categories?post=2464"},{"taxonomy":"post_tag","embeddable":true,"href":"https:\/\/www.ignaciosanchezmejias.es\/index.php\/wp-json\/wp\/v2\/tags?post=2464"}],"curies":[{"name":"wp","href":"https:\/\/api.w.org\/{rel}","templated":true}]}}