{"id":2444,"date":"2012-01-13T18:47:08","date_gmt":"2012-01-13T17:47:08","guid":{"rendered":"http:\/\/blogs.sevilla.abc.es\/desdeeltendido2\/?p=2444"},"modified":"2021-02-04T17:43:39","modified_gmt":"2021-02-04T17:43:39","slug":"presentado-el-cartel-del-2012","status":"publish","type":"post","link":"https:\/\/www.ignaciosanchezmejias.es\/index.php\/2012\/01\/13\/presentado-el-cartel-del-2012\/","title":{"rendered":"Presentado el cartel del 2012"},"content":{"rendered":"\n<p>En la ma\u00f1ana del viernes 13 (\u00a1vaya d\u00eda!) se present\u00f3 en el Sal\u00f3n de carteles de la Maestranza el cartel de la temporada taurina 2012. A ver qu\u00e9 les parece.<\/p>\n\n\n\n<p>Mejor ser\u00e1 que nos vayamos acostumbrando porque lo vamos a tener el los bolsillos en forma de entradas ya mismo. Como ustedes saben, La Maestranza desde el a\u00f1o 1994, viene encargando a pintores modernistas el cartel de cada temporada. Si los miramos uno a uno cuesta trabajo entenderlos y que te gusten. Argumentan que no son carteles al modo, sino pinturas modernistas que tratan de llamar la atenci\u00f3n del espectador, no de representar la Fiesta de Toros. As\u00ed ser\u00e1. Desde luego, el citado Sal\u00f3n de Carteles es digno de visitar.<\/p>\n\n\n\n<p>El de este a\u00f1o homenajea a Joselito en el a\u00f1o en que se cumplen 100 a\u00f1os de su alternativa. Est\u00e1 pintado por Manuel Vald\u00e9s. Dicen que es un collage, que si yo supiera lo que es se lo explicar\u00eda, pero yo de pintura s\u00e9 menos que de toros.<\/p>\n\n\n\n<p>De cualquier forma un entendido en arte el profesor D. Juan Bosco D\u00edaz-Urmeneta, ha declarado en <a href=\"http:\/\/www.mundotoro.com\/noticia\/sevilla-presenta-su-cartel\/90096\" target=\"_blank\" rel=\"noopener\">mundotoro.com<\/a> \u201c<em>Se trata de un cuadro que tiene t\u00e9cnicas de iron\u00eda con inclinaciones griegas y de c\u00f3mic. Es una obra realizada con la t\u00e9cnica del collage en la que se destaca la distribuci\u00f3n del cartel m\u00e1s que la figura de Joselito, se quiere dar importancia a la acci\u00f3n del brindis al p\u00fablico. De manera abstracta tambi\u00e9n est\u00e1 representada la Giralda de fondo. El cuadro resalta que el autor ha querido recoger los colores predominantes en la Maestranza, el rojo y el amarillo albero y los papelillos que recubren el cuerpo de Joselito representan la evocaci\u00f3n hacia su figura<\/em>\u201d. As\u00ed que ya lo saben. A m\u00ed me gusta la idea del homenaje a Joselito y, desde luego, me gusta m\u00e1s que los de a\u00f1os anteriores que, recuerden ustedes, no dejaron indiferentes a nadie que, por otra parte, es de lo que se trata, y a los que ya dedicamos un art\u00edculo en este blog, cosa que ya se ha convertido en un cl\u00e1sico<\/p>\n\n\n\n<p><a rel=\"noreferrer noopener\" href=\"https:\/\/www.ignaciosanchezmejias.es\/index.php\/2010\/11\/27\/el-toro-del-fotocho\/\" target=\"_blank\">El toro del fotoch\u00f3<\/a> en 2011<\/p>\n\n\n\n<figure class=\"wp-block-image size-large is-resized\"><img loading=\"lazy\" decoding=\"async\" src=\"https:\/\/www.ignaciosanchezmejias.es\/wp-content\/uploads\/2010\/11\/cartel-2011-2.jpg\" alt=\"\" class=\"wp-image-4915\" width=\"476\" height=\"701\" srcset=\"https:\/\/www.ignaciosanchezmejias.es\/wp-content\/uploads\/2010\/11\/cartel-2011-2.jpg 385w, https:\/\/www.ignaciosanchezmejias.es\/wp-content\/uploads\/2010\/11\/cartel-2011-2-204x300.jpg 204w\" sizes=\"auto, (max-width: 476px) 100vw, 476px\" \/><\/figure>\n\n\n\n<p><a rel=\"noreferrer noopener\" href=\"https:\/\/www.ignaciosanchezmejias.es\/index.php\/2010\/01\/01\/pero-esto-que-es-lo-que-es\/\" target=\"_blank\">El engendro<\/a> de 2010 (creo que esto tambi\u00e9n era un collage)<\/p>\n\n\n\n<figure class=\"wp-block-image size-large is-resized\"><img loading=\"lazy\" decoding=\"async\" src=\"https:\/\/www.ignaciosanchezmejias.es\/wp-content\/uploads\/2010\/01\/Cartel-2010.jpg\" alt=\"\" class=\"wp-image-4686\" width=\"466\" height=\"697\" srcset=\"https:\/\/www.ignaciosanchezmejias.es\/wp-content\/uploads\/2010\/01\/Cartel-2010.jpg 214w, https:\/\/www.ignaciosanchezmejias.es\/wp-content\/uploads\/2010\/01\/Cartel-2010-201x300.jpg 201w\" sizes=\"auto, (max-width: 466px) 100vw, 466px\" \/><\/figure>\n\n\n\n<p><a rel=\"noreferrer noopener\" href=\"https:\/\/www.ignaciosanchezmejias.es\/index.php\/2008\/12\/19\/el-toro-gordo-de-salinas-2\/\" target=\"_blank\">El toro gordo de Salinas<\/a> en 2009<\/p>\n\n\n\n<figure class=\"wp-block-image size-large\"><img loading=\"lazy\" decoding=\"async\" width=\"479\" height=\"600\" src=\"https:\/\/www.ignaciosanchezmejias.es\/wp-content\/uploads\/2020\/09\/cartel-toros-2009.jpg\" alt=\"\" class=\"wp-image-275\" srcset=\"https:\/\/www.ignaciosanchezmejias.es\/wp-content\/uploads\/2020\/09\/cartel-toros-2009.jpg 479w, https:\/\/www.ignaciosanchezmejias.es\/wp-content\/uploads\/2020\/09\/cartel-toros-2009-240x300.jpg 240w\" sizes=\"auto, (max-width: 479px) 100vw, 479px\" \/><\/figure>\n","protected":false},"excerpt":{"rendered":"<p>En la ma\u00f1ana del viernes 13 (\u00a1vaya d\u00eda!) se present\u00f3 en el Sal\u00f3n de carteles de la Maestranza el cartel de la temporada taurina 2012. A ver qu\u00e9 les parece. Mejor ser\u00e1 que nos vayamos acostumbrando porque lo vamos a tener el los bolsillos en forma de entradas ya mismo. Como ustedes saben, La Maestranza [&hellip;]<\/p>\n","protected":false},"author":1,"featured_media":5217,"comment_status":"open","ping_status":"open","sticky":false,"template":"","format":"standard","meta":{"footnotes":""},"categories":[440],"tags":[38,40],"class_list":["post-2444","post","type-post","status-publish","format-standard","has-post-thumbnail","hentry","category-abono-sevilla-2012","tag-gallito","tag-joselito-el-gallo"],"yoast_head":"<!-- This site is optimized with the Yoast SEO plugin v27.4 - https:\/\/yoast.com\/product\/yoast-seo-wordpress\/ -->\n<title>Presentado el cartel del 2012 - Sitio web de Ignacio S\u00e1nchez-Mej\u00edas Herrero<\/title>\n<meta name=\"robots\" content=\"index, follow, max-snippet:-1, max-image-preview:large, max-video-preview:-1\" \/>\n<link rel=\"canonical\" href=\"https:\/\/www.ignaciosanchezmejias.es\/index.php\/2012\/01\/13\/presentado-el-cartel-del-2012\/\" \/>\n<meta property=\"og:locale\" content=\"es_ES\" \/>\n<meta property=\"og:type\" content=\"article\" \/>\n<meta property=\"og:title\" content=\"Presentado el cartel del 2012 - Sitio web de Ignacio S\u00e1nchez-Mej\u00edas Herrero\" \/>\n<meta property=\"og:description\" content=\"En la ma\u00f1ana del viernes 13 (\u00a1vaya d\u00eda!) se present\u00f3 en el Sal\u00f3n de carteles de la Maestranza el cartel de la temporada taurina 2012. A ver qu\u00e9 les parece. Mejor ser\u00e1 que nos vayamos acostumbrando porque lo vamos a tener el los bolsillos en forma de entradas ya mismo. Como ustedes saben, La Maestranza [&hellip;]\" \/>\n<meta property=\"og:url\" content=\"https:\/\/www.ignaciosanchezmejias.es\/index.php\/2012\/01\/13\/presentado-el-cartel-del-2012\/\" \/>\n<meta property=\"og:site_name\" content=\"Sitio web de Ignacio S\u00e1nchez-Mej\u00edas Herrero\" \/>\n<meta property=\"article:published_time\" content=\"2012-01-13T17:47:08+00:00\" \/>\n<meta property=\"article:modified_time\" content=\"2021-02-04T17:43:39+00:00\" \/>\n<meta property=\"og:image\" content=\"https:\/\/www.ignaciosanchezmejias.es\/wp-content\/uploads\/2012\/01\/Cartel-Joselito-2012.jpg\" \/>\n\t<meta property=\"og:image:width\" content=\"686\" \/>\n\t<meta property=\"og:image:height\" content=\"960\" \/>\n\t<meta property=\"og:image:type\" content=\"image\/jpeg\" \/>\n<meta name=\"author\" content=\"isanchezmejias\" \/>\n<meta name=\"twitter:card\" content=\"summary_large_image\" \/>\n<meta name=\"twitter:label1\" content=\"Escrito por\" \/>\n\t<meta name=\"twitter:data1\" content=\"isanchezmejias\" \/>\n\t<meta name=\"twitter:label2\" content=\"Tiempo de lectura\" \/>\n\t<meta name=\"twitter:data2\" content=\"2 minutos\" \/>\n<script type=\"application\/ld+json\" class=\"yoast-schema-graph\">{\"@context\":\"https:\\\/\\\/schema.org\",\"@graph\":[{\"@type\":\"Article\",\"@id\":\"https:\\\/\\\/www.ignaciosanchezmejias.es\\\/index.php\\\/2012\\\/01\\\/13\\\/presentado-el-cartel-del-2012\\\/#article\",\"isPartOf\":{\"@id\":\"https:\\\/\\\/www.ignaciosanchezmejias.es\\\/index.php\\\/2012\\\/01\\\/13\\\/presentado-el-cartel-del-2012\\\/\"},\"author\":{\"name\":\"isanchezmejias\",\"@id\":\"https:\\\/\\\/www.ignaciosanchezmejias.es\\\/#\\\/schema\\\/person\\\/494d20bda3404108c02016d5e608fc65\"},\"headline\":\"Presentado el cartel del 2012\",\"datePublished\":\"2012-01-13T17:47:08+00:00\",\"dateModified\":\"2021-02-04T17:43:39+00:00\",\"mainEntityOfPage\":{\"@id\":\"https:\\\/\\\/www.ignaciosanchezmejias.es\\\/index.php\\\/2012\\\/01\\\/13\\\/presentado-el-cartel-del-2012\\\/\"},\"wordCount\":395,\"commentCount\":20,\"publisher\":{\"@id\":\"https:\\\/\\\/www.ignaciosanchezmejias.es\\\/#\\\/schema\\\/person\\\/494d20bda3404108c02016d5e608fc65\"},\"image\":{\"@id\":\"https:\\\/\\\/www.ignaciosanchezmejias.es\\\/index.php\\\/2012\\\/01\\\/13\\\/presentado-el-cartel-del-2012\\\/#primaryimage\"},\"thumbnailUrl\":\"https:\\\/\\\/www.ignaciosanchezmejias.es\\\/wp-content\\\/uploads\\\/2012\\\/01\\\/Cartel-Joselito-2012.jpg\",\"keywords\":[\"Gallito\",\"Joselito el Gallo\"],\"articleSection\":[\"Abono Sevilla 2012\"],\"inLanguage\":\"es\",\"potentialAction\":[{\"@type\":\"CommentAction\",\"name\":\"Comment\",\"target\":[\"https:\\\/\\\/www.ignaciosanchezmejias.es\\\/index.php\\\/2012\\\/01\\\/13\\\/presentado-el-cartel-del-2012\\\/#respond\"]}]},{\"@type\":\"WebPage\",\"@id\":\"https:\\\/\\\/www.ignaciosanchezmejias.es\\\/index.php\\\/2012\\\/01\\\/13\\\/presentado-el-cartel-del-2012\\\/\",\"url\":\"https:\\\/\\\/www.ignaciosanchezmejias.es\\\/index.php\\\/2012\\\/01\\\/13\\\/presentado-el-cartel-del-2012\\\/\",\"name\":\"Presentado el cartel del 2012 - Sitio web de Ignacio S\u00e1nchez-Mej\u00edas Herrero\",\"isPartOf\":{\"@id\":\"https:\\\/\\\/www.ignaciosanchezmejias.es\\\/#website\"},\"primaryImageOfPage\":{\"@id\":\"https:\\\/\\\/www.ignaciosanchezmejias.es\\\/index.php\\\/2012\\\/01\\\/13\\\/presentado-el-cartel-del-2012\\\/#primaryimage\"},\"image\":{\"@id\":\"https:\\\/\\\/www.ignaciosanchezmejias.es\\\/index.php\\\/2012\\\/01\\\/13\\\/presentado-el-cartel-del-2012\\\/#primaryimage\"},\"thumbnailUrl\":\"https:\\\/\\\/www.ignaciosanchezmejias.es\\\/wp-content\\\/uploads\\\/2012\\\/01\\\/Cartel-Joselito-2012.jpg\",\"datePublished\":\"2012-01-13T17:47:08+00:00\",\"dateModified\":\"2021-02-04T17:43:39+00:00\",\"breadcrumb\":{\"@id\":\"https:\\\/\\\/www.ignaciosanchezmejias.es\\\/index.php\\\/2012\\\/01\\\/13\\\/presentado-el-cartel-del-2012\\\/#breadcrumb\"},\"inLanguage\":\"es\",\"potentialAction\":[{\"@type\":\"ReadAction\",\"target\":[\"https:\\\/\\\/www.ignaciosanchezmejias.es\\\/index.php\\\/2012\\\/01\\\/13\\\/presentado-el-cartel-del-2012\\\/\"]}]},{\"@type\":\"ImageObject\",\"inLanguage\":\"es\",\"@id\":\"https:\\\/\\\/www.ignaciosanchezmejias.es\\\/index.php\\\/2012\\\/01\\\/13\\\/presentado-el-cartel-del-2012\\\/#primaryimage\",\"url\":\"https:\\\/\\\/www.ignaciosanchezmejias.es\\\/wp-content\\\/uploads\\\/2012\\\/01\\\/Cartel-Joselito-2012.jpg\",\"contentUrl\":\"https:\\\/\\\/www.ignaciosanchezmejias.es\\\/wp-content\\\/uploads\\\/2012\\\/01\\\/Cartel-Joselito-2012.jpg\",\"width\":686,\"height\":960},{\"@type\":\"BreadcrumbList\",\"@id\":\"https:\\\/\\\/www.ignaciosanchezmejias.es\\\/index.php\\\/2012\\\/01\\\/13\\\/presentado-el-cartel-del-2012\\\/#breadcrumb\",\"itemListElement\":[{\"@type\":\"ListItem\",\"position\":1,\"name\":\"Portada\",\"item\":\"https:\\\/\\\/www.ignaciosanchezmejias.es\\\/\"},{\"@type\":\"ListItem\",\"position\":2,\"name\":\"Presentado el cartel del 2012\"}]},{\"@type\":\"WebSite\",\"@id\":\"https:\\\/\\\/www.ignaciosanchezmejias.es\\\/#website\",\"url\":\"https:\\\/\\\/www.ignaciosanchezmejias.es\\\/\",\"name\":\"Blog de Ignacio S\u00e1nchez-Mej\u00edas\",\"description\":\"Sitio personal ISM\",\"publisher\":{\"@id\":\"https:\\\/\\\/www.ignaciosanchezmejias.es\\\/#\\\/schema\\\/person\\\/494d20bda3404108c02016d5e608fc65\"},\"potentialAction\":[{\"@type\":\"SearchAction\",\"target\":{\"@type\":\"EntryPoint\",\"urlTemplate\":\"https:\\\/\\\/www.ignaciosanchezmejias.es\\\/?s={search_term_string}\"},\"query-input\":{\"@type\":\"PropertyValueSpecification\",\"valueRequired\":true,\"valueName\":\"search_term_string\"}}],\"inLanguage\":\"es\"},{\"@type\":[\"Person\",\"Organization\"],\"@id\":\"https:\\\/\\\/www.ignaciosanchezmejias.es\\\/#\\\/schema\\\/person\\\/494d20bda3404108c02016d5e608fc65\",\"name\":\"isanchezmejias\",\"image\":{\"@type\":\"ImageObject\",\"inLanguage\":\"es\",\"@id\":\"https:\\\/\\\/www.ignaciosanchezmejias.es\\\/wp-content\\\/uploads\\\/2020\\\/06\\\/cropped-Yo-antes.jpg\",\"url\":\"https:\\\/\\\/www.ignaciosanchezmejias.es\\\/wp-content\\\/uploads\\\/2020\\\/06\\\/cropped-Yo-antes.jpg\",\"contentUrl\":\"https:\\\/\\\/www.ignaciosanchezmejias.es\\\/wp-content\\\/uploads\\\/2020\\\/06\\\/cropped-Yo-antes.jpg\",\"width\":681,\"height\":482,\"caption\":\"isanchezmejias\"},\"logo\":{\"@id\":\"https:\\\/\\\/www.ignaciosanchezmejias.es\\\/wp-content\\\/uploads\\\/2020\\\/06\\\/cropped-Yo-antes.jpg\"},\"sameAs\":[\"https:\\\/\\\/www.ignaciosanchezmejias.es\"],\"url\":\"https:\\\/\\\/www.ignaciosanchezmejias.es\\\/index.php\\\/author\\\/isanchezmejias\\\/\"}]}<\/script>\n<!-- \/ Yoast SEO plugin. -->","yoast_head_json":{"title":"Presentado el cartel del 2012 - Sitio web de Ignacio S\u00e1nchez-Mej\u00edas Herrero","robots":{"index":"index","follow":"follow","max-snippet":"max-snippet:-1","max-image-preview":"max-image-preview:large","max-video-preview":"max-video-preview:-1"},"canonical":"https:\/\/www.ignaciosanchezmejias.es\/index.php\/2012\/01\/13\/presentado-el-cartel-del-2012\/","og_locale":"es_ES","og_type":"article","og_title":"Presentado el cartel del 2012 - Sitio web de Ignacio S\u00e1nchez-Mej\u00edas Herrero","og_description":"En la ma\u00f1ana del viernes 13 (\u00a1vaya d\u00eda!) se present\u00f3 en el Sal\u00f3n de carteles de la Maestranza el cartel de la temporada taurina 2012. A ver qu\u00e9 les parece. Mejor ser\u00e1 que nos vayamos acostumbrando porque lo vamos a tener el los bolsillos en forma de entradas ya mismo. Como ustedes saben, La Maestranza [&hellip;]","og_url":"https:\/\/www.ignaciosanchezmejias.es\/index.php\/2012\/01\/13\/presentado-el-cartel-del-2012\/","og_site_name":"Sitio web de Ignacio S\u00e1nchez-Mej\u00edas Herrero","article_published_time":"2012-01-13T17:47:08+00:00","article_modified_time":"2021-02-04T17:43:39+00:00","og_image":[{"width":686,"height":960,"url":"https:\/\/www.ignaciosanchezmejias.es\/wp-content\/uploads\/2012\/01\/Cartel-Joselito-2012.jpg","type":"image\/jpeg"}],"author":"isanchezmejias","twitter_card":"summary_large_image","twitter_misc":{"Escrito por":"isanchezmejias","Tiempo de lectura":"2 minutos"},"schema":{"@context":"https:\/\/schema.org","@graph":[{"@type":"Article","@id":"https:\/\/www.ignaciosanchezmejias.es\/index.php\/2012\/01\/13\/presentado-el-cartel-del-2012\/#article","isPartOf":{"@id":"https:\/\/www.ignaciosanchezmejias.es\/index.php\/2012\/01\/13\/presentado-el-cartel-del-2012\/"},"author":{"name":"isanchezmejias","@id":"https:\/\/www.ignaciosanchezmejias.es\/#\/schema\/person\/494d20bda3404108c02016d5e608fc65"},"headline":"Presentado el cartel del 2012","datePublished":"2012-01-13T17:47:08+00:00","dateModified":"2021-02-04T17:43:39+00:00","mainEntityOfPage":{"@id":"https:\/\/www.ignaciosanchezmejias.es\/index.php\/2012\/01\/13\/presentado-el-cartel-del-2012\/"},"wordCount":395,"commentCount":20,"publisher":{"@id":"https:\/\/www.ignaciosanchezmejias.es\/#\/schema\/person\/494d20bda3404108c02016d5e608fc65"},"image":{"@id":"https:\/\/www.ignaciosanchezmejias.es\/index.php\/2012\/01\/13\/presentado-el-cartel-del-2012\/#primaryimage"},"thumbnailUrl":"https:\/\/www.ignaciosanchezmejias.es\/wp-content\/uploads\/2012\/01\/Cartel-Joselito-2012.jpg","keywords":["Gallito","Joselito el Gallo"],"articleSection":["Abono Sevilla 2012"],"inLanguage":"es","potentialAction":[{"@type":"CommentAction","name":"Comment","target":["https:\/\/www.ignaciosanchezmejias.es\/index.php\/2012\/01\/13\/presentado-el-cartel-del-2012\/#respond"]}]},{"@type":"WebPage","@id":"https:\/\/www.ignaciosanchezmejias.es\/index.php\/2012\/01\/13\/presentado-el-cartel-del-2012\/","url":"https:\/\/www.ignaciosanchezmejias.es\/index.php\/2012\/01\/13\/presentado-el-cartel-del-2012\/","name":"Presentado el cartel del 2012 - Sitio web de Ignacio S\u00e1nchez-Mej\u00edas Herrero","isPartOf":{"@id":"https:\/\/www.ignaciosanchezmejias.es\/#website"},"primaryImageOfPage":{"@id":"https:\/\/www.ignaciosanchezmejias.es\/index.php\/2012\/01\/13\/presentado-el-cartel-del-2012\/#primaryimage"},"image":{"@id":"https:\/\/www.ignaciosanchezmejias.es\/index.php\/2012\/01\/13\/presentado-el-cartel-del-2012\/#primaryimage"},"thumbnailUrl":"https:\/\/www.ignaciosanchezmejias.es\/wp-content\/uploads\/2012\/01\/Cartel-Joselito-2012.jpg","datePublished":"2012-01-13T17:47:08+00:00","dateModified":"2021-02-04T17:43:39+00:00","breadcrumb":{"@id":"https:\/\/www.ignaciosanchezmejias.es\/index.php\/2012\/01\/13\/presentado-el-cartel-del-2012\/#breadcrumb"},"inLanguage":"es","potentialAction":[{"@type":"ReadAction","target":["https:\/\/www.ignaciosanchezmejias.es\/index.php\/2012\/01\/13\/presentado-el-cartel-del-2012\/"]}]},{"@type":"ImageObject","inLanguage":"es","@id":"https:\/\/www.ignaciosanchezmejias.es\/index.php\/2012\/01\/13\/presentado-el-cartel-del-2012\/#primaryimage","url":"https:\/\/www.ignaciosanchezmejias.es\/wp-content\/uploads\/2012\/01\/Cartel-Joselito-2012.jpg","contentUrl":"https:\/\/www.ignaciosanchezmejias.es\/wp-content\/uploads\/2012\/01\/Cartel-Joselito-2012.jpg","width":686,"height":960},{"@type":"BreadcrumbList","@id":"https:\/\/www.ignaciosanchezmejias.es\/index.php\/2012\/01\/13\/presentado-el-cartel-del-2012\/#breadcrumb","itemListElement":[{"@type":"ListItem","position":1,"name":"Portada","item":"https:\/\/www.ignaciosanchezmejias.es\/"},{"@type":"ListItem","position":2,"name":"Presentado el cartel del 2012"}]},{"@type":"WebSite","@id":"https:\/\/www.ignaciosanchezmejias.es\/#website","url":"https:\/\/www.ignaciosanchezmejias.es\/","name":"Blog de Ignacio S\u00e1nchez-Mej\u00edas","description":"Sitio personal ISM","publisher":{"@id":"https:\/\/www.ignaciosanchezmejias.es\/#\/schema\/person\/494d20bda3404108c02016d5e608fc65"},"potentialAction":[{"@type":"SearchAction","target":{"@type":"EntryPoint","urlTemplate":"https:\/\/www.ignaciosanchezmejias.es\/?s={search_term_string}"},"query-input":{"@type":"PropertyValueSpecification","valueRequired":true,"valueName":"search_term_string"}}],"inLanguage":"es"},{"@type":["Person","Organization"],"@id":"https:\/\/www.ignaciosanchezmejias.es\/#\/schema\/person\/494d20bda3404108c02016d5e608fc65","name":"isanchezmejias","image":{"@type":"ImageObject","inLanguage":"es","@id":"https:\/\/www.ignaciosanchezmejias.es\/wp-content\/uploads\/2020\/06\/cropped-Yo-antes.jpg","url":"https:\/\/www.ignaciosanchezmejias.es\/wp-content\/uploads\/2020\/06\/cropped-Yo-antes.jpg","contentUrl":"https:\/\/www.ignaciosanchezmejias.es\/wp-content\/uploads\/2020\/06\/cropped-Yo-antes.jpg","width":681,"height":482,"caption":"isanchezmejias"},"logo":{"@id":"https:\/\/www.ignaciosanchezmejias.es\/wp-content\/uploads\/2020\/06\/cropped-Yo-antes.jpg"},"sameAs":["https:\/\/www.ignaciosanchezmejias.es"],"url":"https:\/\/www.ignaciosanchezmejias.es\/index.php\/author\/isanchezmejias\/"}]}},"_links":{"self":[{"href":"https:\/\/www.ignaciosanchezmejias.es\/index.php\/wp-json\/wp\/v2\/posts\/2444","targetHints":{"allow":["GET"]}}],"collection":[{"href":"https:\/\/www.ignaciosanchezmejias.es\/index.php\/wp-json\/wp\/v2\/posts"}],"about":[{"href":"https:\/\/www.ignaciosanchezmejias.es\/index.php\/wp-json\/wp\/v2\/types\/post"}],"author":[{"embeddable":true,"href":"https:\/\/www.ignaciosanchezmejias.es\/index.php\/wp-json\/wp\/v2\/users\/1"}],"replies":[{"embeddable":true,"href":"https:\/\/www.ignaciosanchezmejias.es\/index.php\/wp-json\/wp\/v2\/comments?post=2444"}],"version-history":[{"count":2,"href":"https:\/\/www.ignaciosanchezmejias.es\/index.php\/wp-json\/wp\/v2\/posts\/2444\/revisions"}],"predecessor-version":[{"id":5218,"href":"https:\/\/www.ignaciosanchezmejias.es\/index.php\/wp-json\/wp\/v2\/posts\/2444\/revisions\/5218"}],"wp:featuredmedia":[{"embeddable":true,"href":"https:\/\/www.ignaciosanchezmejias.es\/index.php\/wp-json\/wp\/v2\/media\/5217"}],"wp:attachment":[{"href":"https:\/\/www.ignaciosanchezmejias.es\/index.php\/wp-json\/wp\/v2\/media?parent=2444"}],"wp:term":[{"taxonomy":"category","embeddable":true,"href":"https:\/\/www.ignaciosanchezmejias.es\/index.php\/wp-json\/wp\/v2\/categories?post=2444"},{"taxonomy":"post_tag","embeddable":true,"href":"https:\/\/www.ignaciosanchezmejias.es\/index.php\/wp-json\/wp\/v2\/tags?post=2444"}],"curies":[{"name":"wp","href":"https:\/\/api.w.org\/{rel}","templated":true}]}}