{"id":229,"date":"2019-04-21T16:17:52","date_gmt":"2019-04-21T16:17:52","guid":{"rendered":"https:\/\/www.ignaciosanchezmejias.es\/?p=229"},"modified":"2020-12-28T18:36:34","modified_gmt":"2020-12-28T18:36:34","slug":"poco-muy-poco","status":"publish","type":"post","link":"https:\/\/www.ignaciosanchezmejias.es\/index.php\/2019\/04\/21\/poco-muy-poco\/","title":{"rendered":"Poco, muy poco"},"content":{"rendered":"\n<p>Esta ma\u00f1ana hemos escuchado un magn\u00edfico preg\u00f3n taurino de D. Alberto Garc\u00eda Reyes, lleno de reflexiones personales, de verdad y de hondura. D. Alberto profesa la misma fe Currista que nosotros y eso hace que veamos muchas cosas taurinas de la misma forma, pero \u00e9l las sabe expresar infinitamente mejor. Me pareci\u00f3 un preg\u00f3n redondo.<\/p>\n\n\n\n<p>Por la tarde, la corrida inaugural de la temporada en Sevilla decepcion\u00f3. Magnifico ambiente con cartel de no hay billetes, pero el hombre propone y el toro descompone. La corrida de Victoriano del R\u00edo, pareja y bien presentada, he respondido al toro moderno, que exige poco y, la mayor\u00eda de las veces, no dice nada. Sin que hiciera falta picarla, ha tenido escaso poder. De El Juli, poco podemos decir. S\u00f3lo que brind\u00f3 al p\u00fablico su segundo, entendemos que por justificarse. Sorte\u00f3 dos todos sosos, con escaso poder y que no dec\u00edan nada.<\/p>\n\n\n\n<p>Manzanares se encontr\u00f3 con un segundo que fue el \u00fanico que medio destac\u00f3. Le hizo una faena de las suyas, que tanto gustan en Sevilla. Tandas cortas y sin apretarse, pero con compostura habitual. S\u00f3lo los pases de pecho merecieron la pena, largos y cambiando los viajes. Mat\u00f3 de una magn\u00edfica estocada recibiendo y le concedieron una oreja con que justificar la tarde.<\/p>\n\n\n\n<p>Roca Rey tampoco tuvo material. Lo intent\u00f3 desesperadamente en su segundo, que tambi\u00e9n brind\u00f3 al p\u00fablico, pero la cosa no pas\u00f3 de un arrim\u00f3n impresionarte, dej\u00e1ndose rozar las taleguillas por los pitones. Demasiado poco para tanta expectaci\u00f3n, por eso es esto tan breve, porque hay poco que contar.<\/p>\n","protected":false},"excerpt":{"rendered":"<p>Esta ma\u00f1ana hemos escuchado un magn\u00edfico preg\u00f3n taurino de D. Alberto Garc\u00eda Reyes, lleno de reflexiones personales, de verdad y de hondura. D. Alberto profesa la misma fe Currista que nosotros y eso hace que veamos muchas cosas taurinas de la misma forma, pero \u00e9l las sabe expresar infinitamente mejor. Me pareci\u00f3 un preg\u00f3n redondo. [&hellip;]<\/p>\n","protected":false},"author":1,"featured_media":230,"comment_status":"open","ping_status":"open","sticky":false,"template":"","format":"standard","meta":{"footnotes":""},"categories":[57],"tags":[25,26,62,69],"class_list":["post-229","post","type-post","status-publish","format-standard","has-post-thumbnail","hentry","category-abono-2019","tag-el-juli","tag-jose-maria-manzanares","tag-roca-rey","tag-victoriano-del-rio"],"yoast_head":"<!-- This site is optimized with the Yoast SEO plugin v27.4 - https:\/\/yoast.com\/product\/yoast-seo-wordpress\/ -->\n<title>Poco, muy poco - Sitio web de Ignacio S\u00e1nchez-Mej\u00edas Herrero<\/title>\n<meta name=\"robots\" content=\"index, follow, max-snippet:-1, max-image-preview:large, max-video-preview:-1\" \/>\n<link rel=\"canonical\" href=\"https:\/\/www.ignaciosanchezmejias.es\/index.php\/2019\/04\/21\/poco-muy-poco\/\" \/>\n<meta property=\"og:locale\" content=\"es_ES\" \/>\n<meta property=\"og:type\" content=\"article\" \/>\n<meta property=\"og:title\" content=\"Poco, muy poco - Sitio web de Ignacio S\u00e1nchez-Mej\u00edas Herrero\" \/>\n<meta property=\"og:description\" content=\"Esta ma\u00f1ana hemos escuchado un magn\u00edfico preg\u00f3n taurino de D. Alberto Garc\u00eda Reyes, lleno de reflexiones personales, de verdad y de hondura. D. Alberto profesa la misma fe Currista que nosotros y eso hace que veamos muchas cosas taurinas de la misma forma, pero \u00e9l las sabe expresar infinitamente mejor. Me pareci\u00f3 un preg\u00f3n redondo. [&hellip;]\" \/>\n<meta property=\"og:url\" content=\"https:\/\/www.ignaciosanchezmejias.es\/index.php\/2019\/04\/21\/poco-muy-poco\/\" \/>\n<meta property=\"og:site_name\" content=\"Sitio web de Ignacio S\u00e1nchez-Mej\u00edas Herrero\" \/>\n<meta property=\"article:published_time\" content=\"2019-04-21T16:17:52+00:00\" \/>\n<meta property=\"article:modified_time\" content=\"2020-12-28T18:36:34+00:00\" \/>\n<meta property=\"og:image\" content=\"https:\/\/www.ignaciosanchezmejias.es\/wp-content\/uploads\/2020\/09\/2019-Resurreccion.jpg\" \/>\n\t<meta property=\"og:image:width\" content=\"640\" \/>\n\t<meta property=\"og:image:height\" content=\"376\" \/>\n\t<meta property=\"og:image:type\" content=\"image\/jpeg\" \/>\n<meta name=\"author\" content=\"isanchezmejias\" \/>\n<meta name=\"twitter:card\" content=\"summary_large_image\" \/>\n<meta name=\"twitter:label1\" content=\"Escrito por\" \/>\n\t<meta name=\"twitter:data1\" content=\"isanchezmejias\" \/>\n\t<meta name=\"twitter:label2\" content=\"Tiempo de lectura\" \/>\n\t<meta name=\"twitter:data2\" content=\"1 minuto\" \/>\n<script type=\"application\/ld+json\" class=\"yoast-schema-graph\">{\"@context\":\"https:\\\/\\\/schema.org\",\"@graph\":[{\"@type\":\"Article\",\"@id\":\"https:\\\/\\\/www.ignaciosanchezmejias.es\\\/index.php\\\/2019\\\/04\\\/21\\\/poco-muy-poco\\\/#article\",\"isPartOf\":{\"@id\":\"https:\\\/\\\/www.ignaciosanchezmejias.es\\\/index.php\\\/2019\\\/04\\\/21\\\/poco-muy-poco\\\/\"},\"author\":{\"name\":\"isanchezmejias\",\"@id\":\"https:\\\/\\\/www.ignaciosanchezmejias.es\\\/#\\\/schema\\\/person\\\/494d20bda3404108c02016d5e608fc65\"},\"headline\":\"Poco, muy poco\",\"datePublished\":\"2019-04-21T16:17:52+00:00\",\"dateModified\":\"2020-12-28T18:36:34+00:00\",\"mainEntityOfPage\":{\"@id\":\"https:\\\/\\\/www.ignaciosanchezmejias.es\\\/index.php\\\/2019\\\/04\\\/21\\\/poco-muy-poco\\\/\"},\"wordCount\":279,\"commentCount\":0,\"publisher\":{\"@id\":\"https:\\\/\\\/www.ignaciosanchezmejias.es\\\/#\\\/schema\\\/person\\\/494d20bda3404108c02016d5e608fc65\"},\"image\":{\"@id\":\"https:\\\/\\\/www.ignaciosanchezmejias.es\\\/index.php\\\/2019\\\/04\\\/21\\\/poco-muy-poco\\\/#primaryimage\"},\"thumbnailUrl\":\"https:\\\/\\\/www.ignaciosanchezmejias.es\\\/wp-content\\\/uploads\\\/2020\\\/09\\\/2019-Resurreccion.jpg\",\"keywords\":[\"El Juli\",\"Jos\u00e9 Mar\u00eda Manzanares\",\"Roca Rey\",\"Victoriano del R\u00edo\"],\"articleSection\":[\"Abono Sevilla 2019\"],\"inLanguage\":\"es\",\"potentialAction\":[{\"@type\":\"CommentAction\",\"name\":\"Comment\",\"target\":[\"https:\\\/\\\/www.ignaciosanchezmejias.es\\\/index.php\\\/2019\\\/04\\\/21\\\/poco-muy-poco\\\/#respond\"]}]},{\"@type\":\"WebPage\",\"@id\":\"https:\\\/\\\/www.ignaciosanchezmejias.es\\\/index.php\\\/2019\\\/04\\\/21\\\/poco-muy-poco\\\/\",\"url\":\"https:\\\/\\\/www.ignaciosanchezmejias.es\\\/index.php\\\/2019\\\/04\\\/21\\\/poco-muy-poco\\\/\",\"name\":\"Poco, muy poco - Sitio web de Ignacio S\u00e1nchez-Mej\u00edas Herrero\",\"isPartOf\":{\"@id\":\"https:\\\/\\\/www.ignaciosanchezmejias.es\\\/#website\"},\"primaryImageOfPage\":{\"@id\":\"https:\\\/\\\/www.ignaciosanchezmejias.es\\\/index.php\\\/2019\\\/04\\\/21\\\/poco-muy-poco\\\/#primaryimage\"},\"image\":{\"@id\":\"https:\\\/\\\/www.ignaciosanchezmejias.es\\\/index.php\\\/2019\\\/04\\\/21\\\/poco-muy-poco\\\/#primaryimage\"},\"thumbnailUrl\":\"https:\\\/\\\/www.ignaciosanchezmejias.es\\\/wp-content\\\/uploads\\\/2020\\\/09\\\/2019-Resurreccion.jpg\",\"datePublished\":\"2019-04-21T16:17:52+00:00\",\"dateModified\":\"2020-12-28T18:36:34+00:00\",\"breadcrumb\":{\"@id\":\"https:\\\/\\\/www.ignaciosanchezmejias.es\\\/index.php\\\/2019\\\/04\\\/21\\\/poco-muy-poco\\\/#breadcrumb\"},\"inLanguage\":\"es\",\"potentialAction\":[{\"@type\":\"ReadAction\",\"target\":[\"https:\\\/\\\/www.ignaciosanchezmejias.es\\\/index.php\\\/2019\\\/04\\\/21\\\/poco-muy-poco\\\/\"]}]},{\"@type\":\"ImageObject\",\"inLanguage\":\"es\",\"@id\":\"https:\\\/\\\/www.ignaciosanchezmejias.es\\\/index.php\\\/2019\\\/04\\\/21\\\/poco-muy-poco\\\/#primaryimage\",\"url\":\"https:\\\/\\\/www.ignaciosanchezmejias.es\\\/wp-content\\\/uploads\\\/2020\\\/09\\\/2019-Resurreccion.jpg\",\"contentUrl\":\"https:\\\/\\\/www.ignaciosanchezmejias.es\\\/wp-content\\\/uploads\\\/2020\\\/09\\\/2019-Resurreccion.jpg\",\"width\":640,\"height\":376,\"caption\":\"Foto. Arjona para aplausos.es\"},{\"@type\":\"BreadcrumbList\",\"@id\":\"https:\\\/\\\/www.ignaciosanchezmejias.es\\\/index.php\\\/2019\\\/04\\\/21\\\/poco-muy-poco\\\/#breadcrumb\",\"itemListElement\":[{\"@type\":\"ListItem\",\"position\":1,\"name\":\"Portada\",\"item\":\"https:\\\/\\\/www.ignaciosanchezmejias.es\\\/\"},{\"@type\":\"ListItem\",\"position\":2,\"name\":\"Poco, muy poco\"}]},{\"@type\":\"WebSite\",\"@id\":\"https:\\\/\\\/www.ignaciosanchezmejias.es\\\/#website\",\"url\":\"https:\\\/\\\/www.ignaciosanchezmejias.es\\\/\",\"name\":\"Blog de Ignacio S\u00e1nchez-Mej\u00edas\",\"description\":\"Sitio personal ISM\",\"publisher\":{\"@id\":\"https:\\\/\\\/www.ignaciosanchezmejias.es\\\/#\\\/schema\\\/person\\\/494d20bda3404108c02016d5e608fc65\"},\"potentialAction\":[{\"@type\":\"SearchAction\",\"target\":{\"@type\":\"EntryPoint\",\"urlTemplate\":\"https:\\\/\\\/www.ignaciosanchezmejias.es\\\/?s={search_term_string}\"},\"query-input\":{\"@type\":\"PropertyValueSpecification\",\"valueRequired\":true,\"valueName\":\"search_term_string\"}}],\"inLanguage\":\"es\"},{\"@type\":[\"Person\",\"Organization\"],\"@id\":\"https:\\\/\\\/www.ignaciosanchezmejias.es\\\/#\\\/schema\\\/person\\\/494d20bda3404108c02016d5e608fc65\",\"name\":\"isanchezmejias\",\"image\":{\"@type\":\"ImageObject\",\"inLanguage\":\"es\",\"@id\":\"https:\\\/\\\/www.ignaciosanchezmejias.es\\\/wp-content\\\/uploads\\\/2020\\\/06\\\/cropped-Yo-antes.jpg\",\"url\":\"https:\\\/\\\/www.ignaciosanchezmejias.es\\\/wp-content\\\/uploads\\\/2020\\\/06\\\/cropped-Yo-antes.jpg\",\"contentUrl\":\"https:\\\/\\\/www.ignaciosanchezmejias.es\\\/wp-content\\\/uploads\\\/2020\\\/06\\\/cropped-Yo-antes.jpg\",\"width\":681,\"height\":482,\"caption\":\"isanchezmejias\"},\"logo\":{\"@id\":\"https:\\\/\\\/www.ignaciosanchezmejias.es\\\/wp-content\\\/uploads\\\/2020\\\/06\\\/cropped-Yo-antes.jpg\"},\"sameAs\":[\"https:\\\/\\\/www.ignaciosanchezmejias.es\"],\"url\":\"https:\\\/\\\/www.ignaciosanchezmejias.es\\\/index.php\\\/author\\\/isanchezmejias\\\/\"}]}<\/script>\n<!-- \/ Yoast SEO plugin. -->","yoast_head_json":{"title":"Poco, muy poco - Sitio web de Ignacio S\u00e1nchez-Mej\u00edas Herrero","robots":{"index":"index","follow":"follow","max-snippet":"max-snippet:-1","max-image-preview":"max-image-preview:large","max-video-preview":"max-video-preview:-1"},"canonical":"https:\/\/www.ignaciosanchezmejias.es\/index.php\/2019\/04\/21\/poco-muy-poco\/","og_locale":"es_ES","og_type":"article","og_title":"Poco, muy poco - Sitio web de Ignacio S\u00e1nchez-Mej\u00edas Herrero","og_description":"Esta ma\u00f1ana hemos escuchado un magn\u00edfico preg\u00f3n taurino de D. Alberto Garc\u00eda Reyes, lleno de reflexiones personales, de verdad y de hondura. D. Alberto profesa la misma fe Currista que nosotros y eso hace que veamos muchas cosas taurinas de la misma forma, pero \u00e9l las sabe expresar infinitamente mejor. Me pareci\u00f3 un preg\u00f3n redondo. [&hellip;]","og_url":"https:\/\/www.ignaciosanchezmejias.es\/index.php\/2019\/04\/21\/poco-muy-poco\/","og_site_name":"Sitio web de Ignacio S\u00e1nchez-Mej\u00edas Herrero","article_published_time":"2019-04-21T16:17:52+00:00","article_modified_time":"2020-12-28T18:36:34+00:00","og_image":[{"width":640,"height":376,"url":"https:\/\/www.ignaciosanchezmejias.es\/wp-content\/uploads\/2020\/09\/2019-Resurreccion.jpg","type":"image\/jpeg"}],"author":"isanchezmejias","twitter_card":"summary_large_image","twitter_misc":{"Escrito por":"isanchezmejias","Tiempo de lectura":"1 minuto"},"schema":{"@context":"https:\/\/schema.org","@graph":[{"@type":"Article","@id":"https:\/\/www.ignaciosanchezmejias.es\/index.php\/2019\/04\/21\/poco-muy-poco\/#article","isPartOf":{"@id":"https:\/\/www.ignaciosanchezmejias.es\/index.php\/2019\/04\/21\/poco-muy-poco\/"},"author":{"name":"isanchezmejias","@id":"https:\/\/www.ignaciosanchezmejias.es\/#\/schema\/person\/494d20bda3404108c02016d5e608fc65"},"headline":"Poco, muy poco","datePublished":"2019-04-21T16:17:52+00:00","dateModified":"2020-12-28T18:36:34+00:00","mainEntityOfPage":{"@id":"https:\/\/www.ignaciosanchezmejias.es\/index.php\/2019\/04\/21\/poco-muy-poco\/"},"wordCount":279,"commentCount":0,"publisher":{"@id":"https:\/\/www.ignaciosanchezmejias.es\/#\/schema\/person\/494d20bda3404108c02016d5e608fc65"},"image":{"@id":"https:\/\/www.ignaciosanchezmejias.es\/index.php\/2019\/04\/21\/poco-muy-poco\/#primaryimage"},"thumbnailUrl":"https:\/\/www.ignaciosanchezmejias.es\/wp-content\/uploads\/2020\/09\/2019-Resurreccion.jpg","keywords":["El Juli","Jos\u00e9 Mar\u00eda Manzanares","Roca Rey","Victoriano del R\u00edo"],"articleSection":["Abono Sevilla 2019"],"inLanguage":"es","potentialAction":[{"@type":"CommentAction","name":"Comment","target":["https:\/\/www.ignaciosanchezmejias.es\/index.php\/2019\/04\/21\/poco-muy-poco\/#respond"]}]},{"@type":"WebPage","@id":"https:\/\/www.ignaciosanchezmejias.es\/index.php\/2019\/04\/21\/poco-muy-poco\/","url":"https:\/\/www.ignaciosanchezmejias.es\/index.php\/2019\/04\/21\/poco-muy-poco\/","name":"Poco, muy poco - Sitio web de Ignacio S\u00e1nchez-Mej\u00edas Herrero","isPartOf":{"@id":"https:\/\/www.ignaciosanchezmejias.es\/#website"},"primaryImageOfPage":{"@id":"https:\/\/www.ignaciosanchezmejias.es\/index.php\/2019\/04\/21\/poco-muy-poco\/#primaryimage"},"image":{"@id":"https:\/\/www.ignaciosanchezmejias.es\/index.php\/2019\/04\/21\/poco-muy-poco\/#primaryimage"},"thumbnailUrl":"https:\/\/www.ignaciosanchezmejias.es\/wp-content\/uploads\/2020\/09\/2019-Resurreccion.jpg","datePublished":"2019-04-21T16:17:52+00:00","dateModified":"2020-12-28T18:36:34+00:00","breadcrumb":{"@id":"https:\/\/www.ignaciosanchezmejias.es\/index.php\/2019\/04\/21\/poco-muy-poco\/#breadcrumb"},"inLanguage":"es","potentialAction":[{"@type":"ReadAction","target":["https:\/\/www.ignaciosanchezmejias.es\/index.php\/2019\/04\/21\/poco-muy-poco\/"]}]},{"@type":"ImageObject","inLanguage":"es","@id":"https:\/\/www.ignaciosanchezmejias.es\/index.php\/2019\/04\/21\/poco-muy-poco\/#primaryimage","url":"https:\/\/www.ignaciosanchezmejias.es\/wp-content\/uploads\/2020\/09\/2019-Resurreccion.jpg","contentUrl":"https:\/\/www.ignaciosanchezmejias.es\/wp-content\/uploads\/2020\/09\/2019-Resurreccion.jpg","width":640,"height":376,"caption":"Foto. Arjona para aplausos.es"},{"@type":"BreadcrumbList","@id":"https:\/\/www.ignaciosanchezmejias.es\/index.php\/2019\/04\/21\/poco-muy-poco\/#breadcrumb","itemListElement":[{"@type":"ListItem","position":1,"name":"Portada","item":"https:\/\/www.ignaciosanchezmejias.es\/"},{"@type":"ListItem","position":2,"name":"Poco, muy poco"}]},{"@type":"WebSite","@id":"https:\/\/www.ignaciosanchezmejias.es\/#website","url":"https:\/\/www.ignaciosanchezmejias.es\/","name":"Blog de Ignacio S\u00e1nchez-Mej\u00edas","description":"Sitio personal ISM","publisher":{"@id":"https:\/\/www.ignaciosanchezmejias.es\/#\/schema\/person\/494d20bda3404108c02016d5e608fc65"},"potentialAction":[{"@type":"SearchAction","target":{"@type":"EntryPoint","urlTemplate":"https:\/\/www.ignaciosanchezmejias.es\/?s={search_term_string}"},"query-input":{"@type":"PropertyValueSpecification","valueRequired":true,"valueName":"search_term_string"}}],"inLanguage":"es"},{"@type":["Person","Organization"],"@id":"https:\/\/www.ignaciosanchezmejias.es\/#\/schema\/person\/494d20bda3404108c02016d5e608fc65","name":"isanchezmejias","image":{"@type":"ImageObject","inLanguage":"es","@id":"https:\/\/www.ignaciosanchezmejias.es\/wp-content\/uploads\/2020\/06\/cropped-Yo-antes.jpg","url":"https:\/\/www.ignaciosanchezmejias.es\/wp-content\/uploads\/2020\/06\/cropped-Yo-antes.jpg","contentUrl":"https:\/\/www.ignaciosanchezmejias.es\/wp-content\/uploads\/2020\/06\/cropped-Yo-antes.jpg","width":681,"height":482,"caption":"isanchezmejias"},"logo":{"@id":"https:\/\/www.ignaciosanchezmejias.es\/wp-content\/uploads\/2020\/06\/cropped-Yo-antes.jpg"},"sameAs":["https:\/\/www.ignaciosanchezmejias.es"],"url":"https:\/\/www.ignaciosanchezmejias.es\/index.php\/author\/isanchezmejias\/"}]}},"_links":{"self":[{"href":"https:\/\/www.ignaciosanchezmejias.es\/index.php\/wp-json\/wp\/v2\/posts\/229","targetHints":{"allow":["GET"]}}],"collection":[{"href":"https:\/\/www.ignaciosanchezmejias.es\/index.php\/wp-json\/wp\/v2\/posts"}],"about":[{"href":"https:\/\/www.ignaciosanchezmejias.es\/index.php\/wp-json\/wp\/v2\/types\/post"}],"author":[{"embeddable":true,"href":"https:\/\/www.ignaciosanchezmejias.es\/index.php\/wp-json\/wp\/v2\/users\/1"}],"replies":[{"embeddable":true,"href":"https:\/\/www.ignaciosanchezmejias.es\/index.php\/wp-json\/wp\/v2\/comments?post=229"}],"version-history":[{"count":1,"href":"https:\/\/www.ignaciosanchezmejias.es\/index.php\/wp-json\/wp\/v2\/posts\/229\/revisions"}],"predecessor-version":[{"id":231,"href":"https:\/\/www.ignaciosanchezmejias.es\/index.php\/wp-json\/wp\/v2\/posts\/229\/revisions\/231"}],"wp:featuredmedia":[{"embeddable":true,"href":"https:\/\/www.ignaciosanchezmejias.es\/index.php\/wp-json\/wp\/v2\/media\/230"}],"wp:attachment":[{"href":"https:\/\/www.ignaciosanchezmejias.es\/index.php\/wp-json\/wp\/v2\/media?parent=229"}],"wp:term":[{"taxonomy":"category","embeddable":true,"href":"https:\/\/www.ignaciosanchezmejias.es\/index.php\/wp-json\/wp\/v2\/categories?post=229"},{"taxonomy":"post_tag","embeddable":true,"href":"https:\/\/www.ignaciosanchezmejias.es\/index.php\/wp-json\/wp\/v2\/tags?post=229"}],"curies":[{"name":"wp","href":"https:\/\/api.w.org\/{rel}","templated":true}]}}