{"id":2228,"date":"2011-09-24T20:22:50","date_gmt":"2011-09-24T19:22:50","guid":{"rendered":"http:\/\/blogs.sevilla.abc.es\/desdeeltendido2\/?p=2228"},"modified":"2021-02-01T16:33:12","modified_gmt":"2021-02-01T16:33:12","slug":"el-cid-y-talavante-puntuan","status":"publish","type":"post","link":"https:\/\/www.ignaciosanchezmejias.es\/index.php\/2011\/09\/24\/el-cid-y-talavante-puntuan\/","title":{"rendered":"El Cid y Talavante punt\u00faan"},"content":{"rendered":"\n<p>Con la corrida del s\u00e1bado de San Miguel hay que quedarse con el principio y con el final, o sea, con el primer toro y con el \u00faltimo. En el primero, El Cid demostr\u00f3 lo que ha hecho muchas veces, que sabe torear con profundidad y mando. A la faena le falt\u00f3 un puntito de emoci\u00f3n porque el toro tend\u00eda a rajarse, pero la oreja es merecida. En el \u00faltimo, Talavante dio un paso al frente y compuso una faena emotiva y est\u00e9tica. Pinch\u00f3 entrando con rectitud y al segundo intento logr\u00f3 una buena estocada. El p\u00fablico pidi\u00f3 la oreja a pesar del pinchazo, y la presidente se la concedi\u00f3. Con el Cid la gente ha estado muy cari\u00f1osa, y en su segundo ha dado alg\u00fan pase de m\u00e9rito. Talavante se justific\u00f3 en su primero que era un marrajo.<\/p>\n\n\n\n<p>A la corrida de Torrealta le ha faltado algo de raza. Algunos toros han servido como los desorejados y el segundo, pero los dem\u00e1s han sido bruscos, cuando no parados. Solo el sexto fue aplaudido en el arrastre. Castella ha pechado con el peor lote, con un quinto infumable, pero tampoco ha tenido las ideas muy claras con su primero.<\/p>\n\n\n\n<p>Han pareado superior Alcalare\u00f1o y Javier Ambel y picado bien Miguel \u00c1ngel Mu\u00f1oz. El picador Jos\u00e9 Doblado fue derribado de forma estrepitosa en el quinto perdiendo el conocimiento. Pero afortunadamente se recuper\u00f3 en la enfermer\u00eda y fue muy ovacionado al salir por el callej\u00f3n por su pie.<\/p>\n\n\n\n<p>No me gusta el pasodoble que le tocaron a Talavante en su faena al que cerr\u00f3 plaza. Cuando un t\u00edo est\u00e1 ah\u00ed jug\u00e1ndose la vida, no se puede interrumpir con un numerito de trompetita que distrae al personal, que da los ol\u00e9s al de la trompeta en vez de al torero. Esta banda, que suena de maravilla, deber\u00eda de buscar un repertorio de menos lucimiento personal y m\u00e1s acompa\u00f1amiento al torero, que para eso est\u00e1.<\/p>\n","protected":false},"excerpt":{"rendered":"<p>Con la corrida del s\u00e1bado de San Miguel hay que quedarse con el principio y con el final, o sea, con el primer toro y con el \u00faltimo. En el primero, El Cid demostr\u00f3 lo que ha hecho muchas veces, que sabe torear con profundidad y mando. A la faena le falt\u00f3 un puntito de [&hellip;]<\/p>\n","protected":false},"author":1,"featured_media":5142,"comment_status":"open","ping_status":"open","sticky":false,"template":"","format":"standard","meta":{"footnotes":""},"categories":[424],"tags":[23,32,22,20],"class_list":["post-2228","post","type-post","status-publish","format-standard","has-post-thumbnail","hentry","category-abono-sevilla-2011","tag-alejandro-talavante","tag-el-cid","tag-sebastian-castella","tag-torrealta"],"yoast_head":"<!-- This site is optimized with the Yoast SEO plugin v27.4 - https:\/\/yoast.com\/product\/yoast-seo-wordpress\/ -->\n<title>El Cid y Talavante punt\u00faan - Sitio web de Ignacio S\u00e1nchez-Mej\u00edas Herrero<\/title>\n<meta name=\"robots\" content=\"index, follow, max-snippet:-1, max-image-preview:large, max-video-preview:-1\" \/>\n<link rel=\"canonical\" href=\"https:\/\/www.ignaciosanchezmejias.es\/index.php\/2011\/09\/24\/el-cid-y-talavante-puntuan\/\" \/>\n<meta property=\"og:locale\" content=\"es_ES\" \/>\n<meta property=\"og:type\" content=\"article\" \/>\n<meta property=\"og:title\" content=\"El Cid y Talavante punt\u00faan - Sitio web de Ignacio S\u00e1nchez-Mej\u00edas Herrero\" \/>\n<meta property=\"og:description\" content=\"Con la corrida del s\u00e1bado de San Miguel hay que quedarse con el principio y con el final, o sea, con el primer toro y con el \u00faltimo. En el primero, El Cid demostr\u00f3 lo que ha hecho muchas veces, que sabe torear con profundidad y mando. A la faena le falt\u00f3 un puntito de [&hellip;]\" \/>\n<meta property=\"og:url\" content=\"https:\/\/www.ignaciosanchezmejias.es\/index.php\/2011\/09\/24\/el-cid-y-talavante-puntuan\/\" \/>\n<meta property=\"og:site_name\" content=\"Sitio web de Ignacio S\u00e1nchez-Mej\u00edas Herrero\" \/>\n<meta property=\"article:published_time\" content=\"2011-09-24T19:22:50+00:00\" \/>\n<meta property=\"article:modified_time\" content=\"2021-02-01T16:33:12+00:00\" \/>\n<meta property=\"og:image\" content=\"https:\/\/www.ignaciosanchezmejias.es\/wp-content\/uploads\/2011\/09\/Alcalareno.jpg\" \/>\n\t<meta property=\"og:image:width\" content=\"251\" \/>\n\t<meta property=\"og:image:height\" content=\"378\" \/>\n\t<meta property=\"og:image:type\" content=\"image\/jpeg\" \/>\n<meta name=\"author\" content=\"isanchezmejias\" \/>\n<meta name=\"twitter:card\" content=\"summary_large_image\" \/>\n<meta name=\"twitter:label1\" content=\"Escrito por\" \/>\n\t<meta name=\"twitter:data1\" content=\"isanchezmejias\" \/>\n\t<meta name=\"twitter:label2\" content=\"Tiempo de lectura\" \/>\n\t<meta name=\"twitter:data2\" content=\"2 minutos\" \/>\n<script type=\"application\/ld+json\" class=\"yoast-schema-graph\">{\"@context\":\"https:\\\/\\\/schema.org\",\"@graph\":[{\"@type\":\"Article\",\"@id\":\"https:\\\/\\\/www.ignaciosanchezmejias.es\\\/index.php\\\/2011\\\/09\\\/24\\\/el-cid-y-talavante-puntuan\\\/#article\",\"isPartOf\":{\"@id\":\"https:\\\/\\\/www.ignaciosanchezmejias.es\\\/index.php\\\/2011\\\/09\\\/24\\\/el-cid-y-talavante-puntuan\\\/\"},\"author\":{\"name\":\"isanchezmejias\",\"@id\":\"https:\\\/\\\/www.ignaciosanchezmejias.es\\\/#\\\/schema\\\/person\\\/494d20bda3404108c02016d5e608fc65\"},\"headline\":\"El Cid y Talavante punt\u00faan\",\"datePublished\":\"2011-09-24T19:22:50+00:00\",\"dateModified\":\"2021-02-01T16:33:12+00:00\",\"mainEntityOfPage\":{\"@id\":\"https:\\\/\\\/www.ignaciosanchezmejias.es\\\/index.php\\\/2011\\\/09\\\/24\\\/el-cid-y-talavante-puntuan\\\/\"},\"wordCount\":346,\"commentCount\":17,\"publisher\":{\"@id\":\"https:\\\/\\\/www.ignaciosanchezmejias.es\\\/#\\\/schema\\\/person\\\/494d20bda3404108c02016d5e608fc65\"},\"image\":{\"@id\":\"https:\\\/\\\/www.ignaciosanchezmejias.es\\\/index.php\\\/2011\\\/09\\\/24\\\/el-cid-y-talavante-puntuan\\\/#primaryimage\"},\"thumbnailUrl\":\"https:\\\/\\\/www.ignaciosanchezmejias.es\\\/wp-content\\\/uploads\\\/2011\\\/09\\\/Alcalareno.jpg\",\"keywords\":[\"Alejandro Talavante\",\"El Cid\",\"Sebastian Castella\",\"Torrealta\"],\"articleSection\":[\"Abono Sevilla 2011\"],\"inLanguage\":\"es\",\"potentialAction\":[{\"@type\":\"CommentAction\",\"name\":\"Comment\",\"target\":[\"https:\\\/\\\/www.ignaciosanchezmejias.es\\\/index.php\\\/2011\\\/09\\\/24\\\/el-cid-y-talavante-puntuan\\\/#respond\"]}]},{\"@type\":\"WebPage\",\"@id\":\"https:\\\/\\\/www.ignaciosanchezmejias.es\\\/index.php\\\/2011\\\/09\\\/24\\\/el-cid-y-talavante-puntuan\\\/\",\"url\":\"https:\\\/\\\/www.ignaciosanchezmejias.es\\\/index.php\\\/2011\\\/09\\\/24\\\/el-cid-y-talavante-puntuan\\\/\",\"name\":\"El Cid y Talavante punt\u00faan - Sitio web de Ignacio S\u00e1nchez-Mej\u00edas Herrero\",\"isPartOf\":{\"@id\":\"https:\\\/\\\/www.ignaciosanchezmejias.es\\\/#website\"},\"primaryImageOfPage\":{\"@id\":\"https:\\\/\\\/www.ignaciosanchezmejias.es\\\/index.php\\\/2011\\\/09\\\/24\\\/el-cid-y-talavante-puntuan\\\/#primaryimage\"},\"image\":{\"@id\":\"https:\\\/\\\/www.ignaciosanchezmejias.es\\\/index.php\\\/2011\\\/09\\\/24\\\/el-cid-y-talavante-puntuan\\\/#primaryimage\"},\"thumbnailUrl\":\"https:\\\/\\\/www.ignaciosanchezmejias.es\\\/wp-content\\\/uploads\\\/2011\\\/09\\\/Alcalareno.jpg\",\"datePublished\":\"2011-09-24T19:22:50+00:00\",\"dateModified\":\"2021-02-01T16:33:12+00:00\",\"breadcrumb\":{\"@id\":\"https:\\\/\\\/www.ignaciosanchezmejias.es\\\/index.php\\\/2011\\\/09\\\/24\\\/el-cid-y-talavante-puntuan\\\/#breadcrumb\"},\"inLanguage\":\"es\",\"potentialAction\":[{\"@type\":\"ReadAction\",\"target\":[\"https:\\\/\\\/www.ignaciosanchezmejias.es\\\/index.php\\\/2011\\\/09\\\/24\\\/el-cid-y-talavante-puntuan\\\/\"]}]},{\"@type\":\"ImageObject\",\"inLanguage\":\"es\",\"@id\":\"https:\\\/\\\/www.ignaciosanchezmejias.es\\\/index.php\\\/2011\\\/09\\\/24\\\/el-cid-y-talavante-puntuan\\\/#primaryimage\",\"url\":\"https:\\\/\\\/www.ignaciosanchezmejias.es\\\/wp-content\\\/uploads\\\/2011\\\/09\\\/Alcalareno.jpg\",\"contentUrl\":\"https:\\\/\\\/www.ignaciosanchezmejias.es\\\/wp-content\\\/uploads\\\/2011\\\/09\\\/Alcalareno.jpg\",\"width\":251,\"height\":378,\"caption\":\"Foto: Sandra Carbonero para burladero.com\"},{\"@type\":\"BreadcrumbList\",\"@id\":\"https:\\\/\\\/www.ignaciosanchezmejias.es\\\/index.php\\\/2011\\\/09\\\/24\\\/el-cid-y-talavante-puntuan\\\/#breadcrumb\",\"itemListElement\":[{\"@type\":\"ListItem\",\"position\":1,\"name\":\"Portada\",\"item\":\"https:\\\/\\\/www.ignaciosanchezmejias.es\\\/\"},{\"@type\":\"ListItem\",\"position\":2,\"name\":\"El Cid y Talavante punt\u00faan\"}]},{\"@type\":\"WebSite\",\"@id\":\"https:\\\/\\\/www.ignaciosanchezmejias.es\\\/#website\",\"url\":\"https:\\\/\\\/www.ignaciosanchezmejias.es\\\/\",\"name\":\"Blog de Ignacio S\u00e1nchez-Mej\u00edas\",\"description\":\"Sitio personal ISM\",\"publisher\":{\"@id\":\"https:\\\/\\\/www.ignaciosanchezmejias.es\\\/#\\\/schema\\\/person\\\/494d20bda3404108c02016d5e608fc65\"},\"potentialAction\":[{\"@type\":\"SearchAction\",\"target\":{\"@type\":\"EntryPoint\",\"urlTemplate\":\"https:\\\/\\\/www.ignaciosanchezmejias.es\\\/?s={search_term_string}\"},\"query-input\":{\"@type\":\"PropertyValueSpecification\",\"valueRequired\":true,\"valueName\":\"search_term_string\"}}],\"inLanguage\":\"es\"},{\"@type\":[\"Person\",\"Organization\"],\"@id\":\"https:\\\/\\\/www.ignaciosanchezmejias.es\\\/#\\\/schema\\\/person\\\/494d20bda3404108c02016d5e608fc65\",\"name\":\"isanchezmejias\",\"image\":{\"@type\":\"ImageObject\",\"inLanguage\":\"es\",\"@id\":\"https:\\\/\\\/www.ignaciosanchezmejias.es\\\/wp-content\\\/uploads\\\/2020\\\/06\\\/cropped-Yo-antes.jpg\",\"url\":\"https:\\\/\\\/www.ignaciosanchezmejias.es\\\/wp-content\\\/uploads\\\/2020\\\/06\\\/cropped-Yo-antes.jpg\",\"contentUrl\":\"https:\\\/\\\/www.ignaciosanchezmejias.es\\\/wp-content\\\/uploads\\\/2020\\\/06\\\/cropped-Yo-antes.jpg\",\"width\":681,\"height\":482,\"caption\":\"isanchezmejias\"},\"logo\":{\"@id\":\"https:\\\/\\\/www.ignaciosanchezmejias.es\\\/wp-content\\\/uploads\\\/2020\\\/06\\\/cropped-Yo-antes.jpg\"},\"sameAs\":[\"https:\\\/\\\/www.ignaciosanchezmejias.es\"],\"url\":\"https:\\\/\\\/www.ignaciosanchezmejias.es\\\/index.php\\\/author\\\/isanchezmejias\\\/\"}]}<\/script>\n<!-- \/ Yoast SEO plugin. -->","yoast_head_json":{"title":"El Cid y Talavante punt\u00faan - Sitio web de Ignacio S\u00e1nchez-Mej\u00edas Herrero","robots":{"index":"index","follow":"follow","max-snippet":"max-snippet:-1","max-image-preview":"max-image-preview:large","max-video-preview":"max-video-preview:-1"},"canonical":"https:\/\/www.ignaciosanchezmejias.es\/index.php\/2011\/09\/24\/el-cid-y-talavante-puntuan\/","og_locale":"es_ES","og_type":"article","og_title":"El Cid y Talavante punt\u00faan - Sitio web de Ignacio S\u00e1nchez-Mej\u00edas Herrero","og_description":"Con la corrida del s\u00e1bado de San Miguel hay que quedarse con el principio y con el final, o sea, con el primer toro y con el \u00faltimo. En el primero, El Cid demostr\u00f3 lo que ha hecho muchas veces, que sabe torear con profundidad y mando. A la faena le falt\u00f3 un puntito de [&hellip;]","og_url":"https:\/\/www.ignaciosanchezmejias.es\/index.php\/2011\/09\/24\/el-cid-y-talavante-puntuan\/","og_site_name":"Sitio web de Ignacio S\u00e1nchez-Mej\u00edas Herrero","article_published_time":"2011-09-24T19:22:50+00:00","article_modified_time":"2021-02-01T16:33:12+00:00","og_image":[{"width":251,"height":378,"url":"https:\/\/www.ignaciosanchezmejias.es\/wp-content\/uploads\/2011\/09\/Alcalareno.jpg","type":"image\/jpeg"}],"author":"isanchezmejias","twitter_card":"summary_large_image","twitter_misc":{"Escrito por":"isanchezmejias","Tiempo de lectura":"2 minutos"},"schema":{"@context":"https:\/\/schema.org","@graph":[{"@type":"Article","@id":"https:\/\/www.ignaciosanchezmejias.es\/index.php\/2011\/09\/24\/el-cid-y-talavante-puntuan\/#article","isPartOf":{"@id":"https:\/\/www.ignaciosanchezmejias.es\/index.php\/2011\/09\/24\/el-cid-y-talavante-puntuan\/"},"author":{"name":"isanchezmejias","@id":"https:\/\/www.ignaciosanchezmejias.es\/#\/schema\/person\/494d20bda3404108c02016d5e608fc65"},"headline":"El Cid y Talavante punt\u00faan","datePublished":"2011-09-24T19:22:50+00:00","dateModified":"2021-02-01T16:33:12+00:00","mainEntityOfPage":{"@id":"https:\/\/www.ignaciosanchezmejias.es\/index.php\/2011\/09\/24\/el-cid-y-talavante-puntuan\/"},"wordCount":346,"commentCount":17,"publisher":{"@id":"https:\/\/www.ignaciosanchezmejias.es\/#\/schema\/person\/494d20bda3404108c02016d5e608fc65"},"image":{"@id":"https:\/\/www.ignaciosanchezmejias.es\/index.php\/2011\/09\/24\/el-cid-y-talavante-puntuan\/#primaryimage"},"thumbnailUrl":"https:\/\/www.ignaciosanchezmejias.es\/wp-content\/uploads\/2011\/09\/Alcalareno.jpg","keywords":["Alejandro Talavante","El Cid","Sebastian Castella","Torrealta"],"articleSection":["Abono Sevilla 2011"],"inLanguage":"es","potentialAction":[{"@type":"CommentAction","name":"Comment","target":["https:\/\/www.ignaciosanchezmejias.es\/index.php\/2011\/09\/24\/el-cid-y-talavante-puntuan\/#respond"]}]},{"@type":"WebPage","@id":"https:\/\/www.ignaciosanchezmejias.es\/index.php\/2011\/09\/24\/el-cid-y-talavante-puntuan\/","url":"https:\/\/www.ignaciosanchezmejias.es\/index.php\/2011\/09\/24\/el-cid-y-talavante-puntuan\/","name":"El Cid y Talavante punt\u00faan - Sitio web de Ignacio S\u00e1nchez-Mej\u00edas Herrero","isPartOf":{"@id":"https:\/\/www.ignaciosanchezmejias.es\/#website"},"primaryImageOfPage":{"@id":"https:\/\/www.ignaciosanchezmejias.es\/index.php\/2011\/09\/24\/el-cid-y-talavante-puntuan\/#primaryimage"},"image":{"@id":"https:\/\/www.ignaciosanchezmejias.es\/index.php\/2011\/09\/24\/el-cid-y-talavante-puntuan\/#primaryimage"},"thumbnailUrl":"https:\/\/www.ignaciosanchezmejias.es\/wp-content\/uploads\/2011\/09\/Alcalareno.jpg","datePublished":"2011-09-24T19:22:50+00:00","dateModified":"2021-02-01T16:33:12+00:00","breadcrumb":{"@id":"https:\/\/www.ignaciosanchezmejias.es\/index.php\/2011\/09\/24\/el-cid-y-talavante-puntuan\/#breadcrumb"},"inLanguage":"es","potentialAction":[{"@type":"ReadAction","target":["https:\/\/www.ignaciosanchezmejias.es\/index.php\/2011\/09\/24\/el-cid-y-talavante-puntuan\/"]}]},{"@type":"ImageObject","inLanguage":"es","@id":"https:\/\/www.ignaciosanchezmejias.es\/index.php\/2011\/09\/24\/el-cid-y-talavante-puntuan\/#primaryimage","url":"https:\/\/www.ignaciosanchezmejias.es\/wp-content\/uploads\/2011\/09\/Alcalareno.jpg","contentUrl":"https:\/\/www.ignaciosanchezmejias.es\/wp-content\/uploads\/2011\/09\/Alcalareno.jpg","width":251,"height":378,"caption":"Foto: Sandra Carbonero para burladero.com"},{"@type":"BreadcrumbList","@id":"https:\/\/www.ignaciosanchezmejias.es\/index.php\/2011\/09\/24\/el-cid-y-talavante-puntuan\/#breadcrumb","itemListElement":[{"@type":"ListItem","position":1,"name":"Portada","item":"https:\/\/www.ignaciosanchezmejias.es\/"},{"@type":"ListItem","position":2,"name":"El Cid y Talavante punt\u00faan"}]},{"@type":"WebSite","@id":"https:\/\/www.ignaciosanchezmejias.es\/#website","url":"https:\/\/www.ignaciosanchezmejias.es\/","name":"Blog de Ignacio S\u00e1nchez-Mej\u00edas","description":"Sitio personal ISM","publisher":{"@id":"https:\/\/www.ignaciosanchezmejias.es\/#\/schema\/person\/494d20bda3404108c02016d5e608fc65"},"potentialAction":[{"@type":"SearchAction","target":{"@type":"EntryPoint","urlTemplate":"https:\/\/www.ignaciosanchezmejias.es\/?s={search_term_string}"},"query-input":{"@type":"PropertyValueSpecification","valueRequired":true,"valueName":"search_term_string"}}],"inLanguage":"es"},{"@type":["Person","Organization"],"@id":"https:\/\/www.ignaciosanchezmejias.es\/#\/schema\/person\/494d20bda3404108c02016d5e608fc65","name":"isanchezmejias","image":{"@type":"ImageObject","inLanguage":"es","@id":"https:\/\/www.ignaciosanchezmejias.es\/wp-content\/uploads\/2020\/06\/cropped-Yo-antes.jpg","url":"https:\/\/www.ignaciosanchezmejias.es\/wp-content\/uploads\/2020\/06\/cropped-Yo-antes.jpg","contentUrl":"https:\/\/www.ignaciosanchezmejias.es\/wp-content\/uploads\/2020\/06\/cropped-Yo-antes.jpg","width":681,"height":482,"caption":"isanchezmejias"},"logo":{"@id":"https:\/\/www.ignaciosanchezmejias.es\/wp-content\/uploads\/2020\/06\/cropped-Yo-antes.jpg"},"sameAs":["https:\/\/www.ignaciosanchezmejias.es"],"url":"https:\/\/www.ignaciosanchezmejias.es\/index.php\/author\/isanchezmejias\/"}]}},"_links":{"self":[{"href":"https:\/\/www.ignaciosanchezmejias.es\/index.php\/wp-json\/wp\/v2\/posts\/2228","targetHints":{"allow":["GET"]}}],"collection":[{"href":"https:\/\/www.ignaciosanchezmejias.es\/index.php\/wp-json\/wp\/v2\/posts"}],"about":[{"href":"https:\/\/www.ignaciosanchezmejias.es\/index.php\/wp-json\/wp\/v2\/types\/post"}],"author":[{"embeddable":true,"href":"https:\/\/www.ignaciosanchezmejias.es\/index.php\/wp-json\/wp\/v2\/users\/1"}],"replies":[{"embeddable":true,"href":"https:\/\/www.ignaciosanchezmejias.es\/index.php\/wp-json\/wp\/v2\/comments?post=2228"}],"version-history":[{"count":2,"href":"https:\/\/www.ignaciosanchezmejias.es\/index.php\/wp-json\/wp\/v2\/posts\/2228\/revisions"}],"predecessor-version":[{"id":5143,"href":"https:\/\/www.ignaciosanchezmejias.es\/index.php\/wp-json\/wp\/v2\/posts\/2228\/revisions\/5143"}],"wp:featuredmedia":[{"embeddable":true,"href":"https:\/\/www.ignaciosanchezmejias.es\/index.php\/wp-json\/wp\/v2\/media\/5142"}],"wp:attachment":[{"href":"https:\/\/www.ignaciosanchezmejias.es\/index.php\/wp-json\/wp\/v2\/media?parent=2228"}],"wp:term":[{"taxonomy":"category","embeddable":true,"href":"https:\/\/www.ignaciosanchezmejias.es\/index.php\/wp-json\/wp\/v2\/categories?post=2228"},{"taxonomy":"post_tag","embeddable":true,"href":"https:\/\/www.ignaciosanchezmejias.es\/index.php\/wp-json\/wp\/v2\/tags?post=2228"}],"curies":[{"name":"wp","href":"https:\/\/api.w.org\/{rel}","templated":true}]}}