{"id":2124,"date":"2011-06-09T19:37:40","date_gmt":"2011-06-09T18:37:40","guid":{"rendered":"http:\/\/blogs.sevilla.abc.es\/desdeeltendido2\/?p=2124"},"modified":"2021-01-27T10:18:06","modified_gmt":"2021-01-27T10:18:06","slug":"el-principe-en-los-toros","status":"publish","type":"post","link":"https:\/\/www.ignaciosanchezmejias.es\/index.php\/2011\/06\/09\/el-principe-en-los-toros\/","title":{"rendered":"El Pr\u00edncipe en los toros"},"content":{"rendered":"\n<p>Ayer nos llevamos una alegr\u00eda cuando vimos al Pr\u00edncipe de Asturias presidir la corrida de la Beneficencia de Madrid. &nbsp;Cierto es que fue en lugar de su padre convaleciente, pero no deja de ser una buena noticia que D. Felipe vaya a los toros, y que incluso aplaudiera alguno de los lances de la tarde.<\/p>\n\n\n\n<p>A m\u00ed me da mucha pena que no haya salido con la afici\u00f3n de sus abuelos paternos o con la de su padre o su hermana Do\u00f1a Elena. Se le ve asiduamente, y acompa\u00f1ado de su se\u00f1ora, en eventos deportivos. Ah\u00ed est\u00e1n, por ejemplo, &nbsp;en casi todas las finales de Nadal y en los partidos de futbol internacionales transcendentes. Los vimos saltar de alegr\u00eda, como todos nosotros, cuando nos proclamamos campeones del mundo de futbol el a\u00f1o pasado. Pero para los toros, no parece tener afici\u00f3n. \u00a1Qu\u00e9 le vamos a hacer! Humildemente, entiendo que el futuro rey de Espa\u00f1a deber\u00eda tener m\u00e1s presencia en la fiesta nacional.<\/p>\n\n\n\n<p>La corrida de Victoriano del R\u00edo dej\u00f3 poco para el recuerdo. La cl\u00e1sica peculiaridad de Juan Mora, el milagro del capote de Morante y el poder\u00edo y la t\u00e9cnica de El Juli. Poco para que D. Felipe haya quedado enganchado.<\/p>\n","protected":false},"excerpt":{"rendered":"<p>Ayer nos llevamos una alegr\u00eda cuando vimos al Pr\u00edncipe de Asturias presidir la corrida de la Beneficencia de Madrid. &nbsp;Cierto es que fue en lugar de su padre convaleciente, pero no deja de ser una buena noticia que D. Felipe vaya a los toros, y que incluso aplaudiera alguno de los lances de la tarde. [&hellip;]<\/p>\n","protected":false},"author":1,"featured_media":5083,"comment_status":"open","ping_status":"open","sticky":false,"template":"","format":"standard","meta":{"footnotes":""},"categories":[5],"tags":[25,354,29,69],"class_list":["post-2124","post","type-post","status-publish","format-standard","has-post-thumbnail","hentry","category-general","tag-el-juli","tag-juan-mora","tag-morante-de-la-puebla","tag-victoriano-del-rio"],"yoast_head":"<!-- This site is optimized with the Yoast SEO plugin v27.4 - https:\/\/yoast.com\/product\/yoast-seo-wordpress\/ -->\n<title>El Pr\u00edncipe en los toros - Sitio web de Ignacio S\u00e1nchez-Mej\u00edas Herrero<\/title>\n<meta name=\"robots\" content=\"index, follow, max-snippet:-1, max-image-preview:large, max-video-preview:-1\" \/>\n<link rel=\"canonical\" href=\"https:\/\/www.ignaciosanchezmejias.es\/index.php\/2011\/06\/09\/el-principe-en-los-toros\/\" \/>\n<meta property=\"og:locale\" content=\"es_ES\" \/>\n<meta property=\"og:type\" content=\"article\" \/>\n<meta property=\"og:title\" content=\"El Pr\u00edncipe en los toros - Sitio web de Ignacio S\u00e1nchez-Mej\u00edas Herrero\" \/>\n<meta property=\"og:description\" content=\"Ayer nos llevamos una alegr\u00eda cuando vimos al Pr\u00edncipe de Asturias presidir la corrida de la Beneficencia de Madrid. &nbsp;Cierto es que fue en lugar de su padre convaleciente, pero no deja de ser una buena noticia que D. Felipe vaya a los toros, y que incluso aplaudiera alguno de los lances de la tarde. [&hellip;]\" \/>\n<meta property=\"og:url\" content=\"https:\/\/www.ignaciosanchezmejias.es\/index.php\/2011\/06\/09\/el-principe-en-los-toros\/\" \/>\n<meta property=\"og:site_name\" content=\"Sitio web de Ignacio S\u00e1nchez-Mej\u00edas Herrero\" \/>\n<meta property=\"article:published_time\" content=\"2011-06-09T18:37:40+00:00\" \/>\n<meta property=\"article:modified_time\" content=\"2021-01-27T10:18:06+00:00\" \/>\n<meta property=\"og:image\" content=\"https:\/\/www.ignaciosanchezmejias.es\/wp-content\/uploads\/2011\/06\/principe.jpg\" \/>\n\t<meta property=\"og:image:width\" content=\"380\" \/>\n\t<meta property=\"og:image:height\" content=\"365\" \/>\n\t<meta property=\"og:image:type\" content=\"image\/jpeg\" \/>\n<meta name=\"author\" content=\"isanchezmejias\" \/>\n<meta name=\"twitter:card\" content=\"summary_large_image\" \/>\n<meta name=\"twitter:label1\" content=\"Escrito por\" \/>\n\t<meta name=\"twitter:data1\" content=\"isanchezmejias\" \/>\n\t<meta name=\"twitter:label2\" content=\"Tiempo de lectura\" \/>\n\t<meta name=\"twitter:data2\" content=\"1 minuto\" \/>\n<script type=\"application\/ld+json\" class=\"yoast-schema-graph\">{\"@context\":\"https:\\\/\\\/schema.org\",\"@graph\":[{\"@type\":\"Article\",\"@id\":\"https:\\\/\\\/www.ignaciosanchezmejias.es\\\/index.php\\\/2011\\\/06\\\/09\\\/el-principe-en-los-toros\\\/#article\",\"isPartOf\":{\"@id\":\"https:\\\/\\\/www.ignaciosanchezmejias.es\\\/index.php\\\/2011\\\/06\\\/09\\\/el-principe-en-los-toros\\\/\"},\"author\":{\"name\":\"isanchezmejias\",\"@id\":\"https:\\\/\\\/www.ignaciosanchezmejias.es\\\/#\\\/schema\\\/person\\\/494d20bda3404108c02016d5e608fc65\"},\"headline\":\"El Pr\u00edncipe en los toros\",\"datePublished\":\"2011-06-09T18:37:40+00:00\",\"dateModified\":\"2021-01-27T10:18:06+00:00\",\"mainEntityOfPage\":{\"@id\":\"https:\\\/\\\/www.ignaciosanchezmejias.es\\\/index.php\\\/2011\\\/06\\\/09\\\/el-principe-en-los-toros\\\/\"},\"wordCount\":227,\"commentCount\":4,\"publisher\":{\"@id\":\"https:\\\/\\\/www.ignaciosanchezmejias.es\\\/#\\\/schema\\\/person\\\/494d20bda3404108c02016d5e608fc65\"},\"image\":{\"@id\":\"https:\\\/\\\/www.ignaciosanchezmejias.es\\\/index.php\\\/2011\\\/06\\\/09\\\/el-principe-en-los-toros\\\/#primaryimage\"},\"thumbnailUrl\":\"https:\\\/\\\/www.ignaciosanchezmejias.es\\\/wp-content\\\/uploads\\\/2011\\\/06\\\/principe.jpg\",\"keywords\":[\"El Juli\",\"Juan Mora\",\"Morante de la Puebla\",\"Victoriano del R\u00edo\"],\"articleSection\":[\"General\"],\"inLanguage\":\"es\",\"potentialAction\":[{\"@type\":\"CommentAction\",\"name\":\"Comment\",\"target\":[\"https:\\\/\\\/www.ignaciosanchezmejias.es\\\/index.php\\\/2011\\\/06\\\/09\\\/el-principe-en-los-toros\\\/#respond\"]}]},{\"@type\":\"WebPage\",\"@id\":\"https:\\\/\\\/www.ignaciosanchezmejias.es\\\/index.php\\\/2011\\\/06\\\/09\\\/el-principe-en-los-toros\\\/\",\"url\":\"https:\\\/\\\/www.ignaciosanchezmejias.es\\\/index.php\\\/2011\\\/06\\\/09\\\/el-principe-en-los-toros\\\/\",\"name\":\"El Pr\u00edncipe en los toros - Sitio web de Ignacio S\u00e1nchez-Mej\u00edas Herrero\",\"isPartOf\":{\"@id\":\"https:\\\/\\\/www.ignaciosanchezmejias.es\\\/#website\"},\"primaryImageOfPage\":{\"@id\":\"https:\\\/\\\/www.ignaciosanchezmejias.es\\\/index.php\\\/2011\\\/06\\\/09\\\/el-principe-en-los-toros\\\/#primaryimage\"},\"image\":{\"@id\":\"https:\\\/\\\/www.ignaciosanchezmejias.es\\\/index.php\\\/2011\\\/06\\\/09\\\/el-principe-en-los-toros\\\/#primaryimage\"},\"thumbnailUrl\":\"https:\\\/\\\/www.ignaciosanchezmejias.es\\\/wp-content\\\/uploads\\\/2011\\\/06\\\/principe.jpg\",\"datePublished\":\"2011-06-09T18:37:40+00:00\",\"dateModified\":\"2021-01-27T10:18:06+00:00\",\"breadcrumb\":{\"@id\":\"https:\\\/\\\/www.ignaciosanchezmejias.es\\\/index.php\\\/2011\\\/06\\\/09\\\/el-principe-en-los-toros\\\/#breadcrumb\"},\"inLanguage\":\"es\",\"potentialAction\":[{\"@type\":\"ReadAction\",\"target\":[\"https:\\\/\\\/www.ignaciosanchezmejias.es\\\/index.php\\\/2011\\\/06\\\/09\\\/el-principe-en-los-toros\\\/\"]}]},{\"@type\":\"ImageObject\",\"inLanguage\":\"es\",\"@id\":\"https:\\\/\\\/www.ignaciosanchezmejias.es\\\/index.php\\\/2011\\\/06\\\/09\\\/el-principe-en-los-toros\\\/#primaryimage\",\"url\":\"https:\\\/\\\/www.ignaciosanchezmejias.es\\\/wp-content\\\/uploads\\\/2011\\\/06\\\/principe.jpg\",\"contentUrl\":\"https:\\\/\\\/www.ignaciosanchezmejias.es\\\/wp-content\\\/uploads\\\/2011\\\/06\\\/principe.jpg\",\"width\":380,\"height\":365},{\"@type\":\"BreadcrumbList\",\"@id\":\"https:\\\/\\\/www.ignaciosanchezmejias.es\\\/index.php\\\/2011\\\/06\\\/09\\\/el-principe-en-los-toros\\\/#breadcrumb\",\"itemListElement\":[{\"@type\":\"ListItem\",\"position\":1,\"name\":\"Portada\",\"item\":\"https:\\\/\\\/www.ignaciosanchezmejias.es\\\/\"},{\"@type\":\"ListItem\",\"position\":2,\"name\":\"El Pr\u00edncipe en los toros\"}]},{\"@type\":\"WebSite\",\"@id\":\"https:\\\/\\\/www.ignaciosanchezmejias.es\\\/#website\",\"url\":\"https:\\\/\\\/www.ignaciosanchezmejias.es\\\/\",\"name\":\"Blog de Ignacio S\u00e1nchez-Mej\u00edas\",\"description\":\"Sitio personal ISM\",\"publisher\":{\"@id\":\"https:\\\/\\\/www.ignaciosanchezmejias.es\\\/#\\\/schema\\\/person\\\/494d20bda3404108c02016d5e608fc65\"},\"potentialAction\":[{\"@type\":\"SearchAction\",\"target\":{\"@type\":\"EntryPoint\",\"urlTemplate\":\"https:\\\/\\\/www.ignaciosanchezmejias.es\\\/?s={search_term_string}\"},\"query-input\":{\"@type\":\"PropertyValueSpecification\",\"valueRequired\":true,\"valueName\":\"search_term_string\"}}],\"inLanguage\":\"es\"},{\"@type\":[\"Person\",\"Organization\"],\"@id\":\"https:\\\/\\\/www.ignaciosanchezmejias.es\\\/#\\\/schema\\\/person\\\/494d20bda3404108c02016d5e608fc65\",\"name\":\"isanchezmejias\",\"image\":{\"@type\":\"ImageObject\",\"inLanguage\":\"es\",\"@id\":\"https:\\\/\\\/www.ignaciosanchezmejias.es\\\/wp-content\\\/uploads\\\/2020\\\/06\\\/cropped-Yo-antes.jpg\",\"url\":\"https:\\\/\\\/www.ignaciosanchezmejias.es\\\/wp-content\\\/uploads\\\/2020\\\/06\\\/cropped-Yo-antes.jpg\",\"contentUrl\":\"https:\\\/\\\/www.ignaciosanchezmejias.es\\\/wp-content\\\/uploads\\\/2020\\\/06\\\/cropped-Yo-antes.jpg\",\"width\":681,\"height\":482,\"caption\":\"isanchezmejias\"},\"logo\":{\"@id\":\"https:\\\/\\\/www.ignaciosanchezmejias.es\\\/wp-content\\\/uploads\\\/2020\\\/06\\\/cropped-Yo-antes.jpg\"},\"sameAs\":[\"https:\\\/\\\/www.ignaciosanchezmejias.es\"],\"url\":\"https:\\\/\\\/www.ignaciosanchezmejias.es\\\/index.php\\\/author\\\/isanchezmejias\\\/\"}]}<\/script>\n<!-- \/ Yoast SEO plugin. -->","yoast_head_json":{"title":"El Pr\u00edncipe en los toros - Sitio web de Ignacio S\u00e1nchez-Mej\u00edas Herrero","robots":{"index":"index","follow":"follow","max-snippet":"max-snippet:-1","max-image-preview":"max-image-preview:large","max-video-preview":"max-video-preview:-1"},"canonical":"https:\/\/www.ignaciosanchezmejias.es\/index.php\/2011\/06\/09\/el-principe-en-los-toros\/","og_locale":"es_ES","og_type":"article","og_title":"El Pr\u00edncipe en los toros - Sitio web de Ignacio S\u00e1nchez-Mej\u00edas Herrero","og_description":"Ayer nos llevamos una alegr\u00eda cuando vimos al Pr\u00edncipe de Asturias presidir la corrida de la Beneficencia de Madrid. &nbsp;Cierto es que fue en lugar de su padre convaleciente, pero no deja de ser una buena noticia que D. Felipe vaya a los toros, y que incluso aplaudiera alguno de los lances de la tarde. [&hellip;]","og_url":"https:\/\/www.ignaciosanchezmejias.es\/index.php\/2011\/06\/09\/el-principe-en-los-toros\/","og_site_name":"Sitio web de Ignacio S\u00e1nchez-Mej\u00edas Herrero","article_published_time":"2011-06-09T18:37:40+00:00","article_modified_time":"2021-01-27T10:18:06+00:00","og_image":[{"width":380,"height":365,"url":"https:\/\/www.ignaciosanchezmejias.es\/wp-content\/uploads\/2011\/06\/principe.jpg","type":"image\/jpeg"}],"author":"isanchezmejias","twitter_card":"summary_large_image","twitter_misc":{"Escrito por":"isanchezmejias","Tiempo de lectura":"1 minuto"},"schema":{"@context":"https:\/\/schema.org","@graph":[{"@type":"Article","@id":"https:\/\/www.ignaciosanchezmejias.es\/index.php\/2011\/06\/09\/el-principe-en-los-toros\/#article","isPartOf":{"@id":"https:\/\/www.ignaciosanchezmejias.es\/index.php\/2011\/06\/09\/el-principe-en-los-toros\/"},"author":{"name":"isanchezmejias","@id":"https:\/\/www.ignaciosanchezmejias.es\/#\/schema\/person\/494d20bda3404108c02016d5e608fc65"},"headline":"El Pr\u00edncipe en los toros","datePublished":"2011-06-09T18:37:40+00:00","dateModified":"2021-01-27T10:18:06+00:00","mainEntityOfPage":{"@id":"https:\/\/www.ignaciosanchezmejias.es\/index.php\/2011\/06\/09\/el-principe-en-los-toros\/"},"wordCount":227,"commentCount":4,"publisher":{"@id":"https:\/\/www.ignaciosanchezmejias.es\/#\/schema\/person\/494d20bda3404108c02016d5e608fc65"},"image":{"@id":"https:\/\/www.ignaciosanchezmejias.es\/index.php\/2011\/06\/09\/el-principe-en-los-toros\/#primaryimage"},"thumbnailUrl":"https:\/\/www.ignaciosanchezmejias.es\/wp-content\/uploads\/2011\/06\/principe.jpg","keywords":["El Juli","Juan Mora","Morante de la Puebla","Victoriano del R\u00edo"],"articleSection":["General"],"inLanguage":"es","potentialAction":[{"@type":"CommentAction","name":"Comment","target":["https:\/\/www.ignaciosanchezmejias.es\/index.php\/2011\/06\/09\/el-principe-en-los-toros\/#respond"]}]},{"@type":"WebPage","@id":"https:\/\/www.ignaciosanchezmejias.es\/index.php\/2011\/06\/09\/el-principe-en-los-toros\/","url":"https:\/\/www.ignaciosanchezmejias.es\/index.php\/2011\/06\/09\/el-principe-en-los-toros\/","name":"El Pr\u00edncipe en los toros - Sitio web de Ignacio S\u00e1nchez-Mej\u00edas Herrero","isPartOf":{"@id":"https:\/\/www.ignaciosanchezmejias.es\/#website"},"primaryImageOfPage":{"@id":"https:\/\/www.ignaciosanchezmejias.es\/index.php\/2011\/06\/09\/el-principe-en-los-toros\/#primaryimage"},"image":{"@id":"https:\/\/www.ignaciosanchezmejias.es\/index.php\/2011\/06\/09\/el-principe-en-los-toros\/#primaryimage"},"thumbnailUrl":"https:\/\/www.ignaciosanchezmejias.es\/wp-content\/uploads\/2011\/06\/principe.jpg","datePublished":"2011-06-09T18:37:40+00:00","dateModified":"2021-01-27T10:18:06+00:00","breadcrumb":{"@id":"https:\/\/www.ignaciosanchezmejias.es\/index.php\/2011\/06\/09\/el-principe-en-los-toros\/#breadcrumb"},"inLanguage":"es","potentialAction":[{"@type":"ReadAction","target":["https:\/\/www.ignaciosanchezmejias.es\/index.php\/2011\/06\/09\/el-principe-en-los-toros\/"]}]},{"@type":"ImageObject","inLanguage":"es","@id":"https:\/\/www.ignaciosanchezmejias.es\/index.php\/2011\/06\/09\/el-principe-en-los-toros\/#primaryimage","url":"https:\/\/www.ignaciosanchezmejias.es\/wp-content\/uploads\/2011\/06\/principe.jpg","contentUrl":"https:\/\/www.ignaciosanchezmejias.es\/wp-content\/uploads\/2011\/06\/principe.jpg","width":380,"height":365},{"@type":"BreadcrumbList","@id":"https:\/\/www.ignaciosanchezmejias.es\/index.php\/2011\/06\/09\/el-principe-en-los-toros\/#breadcrumb","itemListElement":[{"@type":"ListItem","position":1,"name":"Portada","item":"https:\/\/www.ignaciosanchezmejias.es\/"},{"@type":"ListItem","position":2,"name":"El Pr\u00edncipe en los toros"}]},{"@type":"WebSite","@id":"https:\/\/www.ignaciosanchezmejias.es\/#website","url":"https:\/\/www.ignaciosanchezmejias.es\/","name":"Blog de Ignacio S\u00e1nchez-Mej\u00edas","description":"Sitio personal ISM","publisher":{"@id":"https:\/\/www.ignaciosanchezmejias.es\/#\/schema\/person\/494d20bda3404108c02016d5e608fc65"},"potentialAction":[{"@type":"SearchAction","target":{"@type":"EntryPoint","urlTemplate":"https:\/\/www.ignaciosanchezmejias.es\/?s={search_term_string}"},"query-input":{"@type":"PropertyValueSpecification","valueRequired":true,"valueName":"search_term_string"}}],"inLanguage":"es"},{"@type":["Person","Organization"],"@id":"https:\/\/www.ignaciosanchezmejias.es\/#\/schema\/person\/494d20bda3404108c02016d5e608fc65","name":"isanchezmejias","image":{"@type":"ImageObject","inLanguage":"es","@id":"https:\/\/www.ignaciosanchezmejias.es\/wp-content\/uploads\/2020\/06\/cropped-Yo-antes.jpg","url":"https:\/\/www.ignaciosanchezmejias.es\/wp-content\/uploads\/2020\/06\/cropped-Yo-antes.jpg","contentUrl":"https:\/\/www.ignaciosanchezmejias.es\/wp-content\/uploads\/2020\/06\/cropped-Yo-antes.jpg","width":681,"height":482,"caption":"isanchezmejias"},"logo":{"@id":"https:\/\/www.ignaciosanchezmejias.es\/wp-content\/uploads\/2020\/06\/cropped-Yo-antes.jpg"},"sameAs":["https:\/\/www.ignaciosanchezmejias.es"],"url":"https:\/\/www.ignaciosanchezmejias.es\/index.php\/author\/isanchezmejias\/"}]}},"_links":{"self":[{"href":"https:\/\/www.ignaciosanchezmejias.es\/index.php\/wp-json\/wp\/v2\/posts\/2124","targetHints":{"allow":["GET"]}}],"collection":[{"href":"https:\/\/www.ignaciosanchezmejias.es\/index.php\/wp-json\/wp\/v2\/posts"}],"about":[{"href":"https:\/\/www.ignaciosanchezmejias.es\/index.php\/wp-json\/wp\/v2\/types\/post"}],"author":[{"embeddable":true,"href":"https:\/\/www.ignaciosanchezmejias.es\/index.php\/wp-json\/wp\/v2\/users\/1"}],"replies":[{"embeddable":true,"href":"https:\/\/www.ignaciosanchezmejias.es\/index.php\/wp-json\/wp\/v2\/comments?post=2124"}],"version-history":[{"count":2,"href":"https:\/\/www.ignaciosanchezmejias.es\/index.php\/wp-json\/wp\/v2\/posts\/2124\/revisions"}],"predecessor-version":[{"id":5085,"href":"https:\/\/www.ignaciosanchezmejias.es\/index.php\/wp-json\/wp\/v2\/posts\/2124\/revisions\/5085"}],"wp:featuredmedia":[{"embeddable":true,"href":"https:\/\/www.ignaciosanchezmejias.es\/index.php\/wp-json\/wp\/v2\/media\/5083"}],"wp:attachment":[{"href":"https:\/\/www.ignaciosanchezmejias.es\/index.php\/wp-json\/wp\/v2\/media?parent=2124"}],"wp:term":[{"taxonomy":"category","embeddable":true,"href":"https:\/\/www.ignaciosanchezmejias.es\/index.php\/wp-json\/wp\/v2\/categories?post=2124"},{"taxonomy":"post_tag","embeddable":true,"href":"https:\/\/www.ignaciosanchezmejias.es\/index.php\/wp-json\/wp\/v2\/tags?post=2124"}],"curies":[{"name":"wp","href":"https:\/\/api.w.org\/{rel}","templated":true}]}}