{"id":2026,"date":"2011-05-03T21:03:44","date_gmt":"2011-05-03T20:03:44","guid":{"rendered":"http:\/\/blogs.sevilla.abc.es\/desdeeltendido2\/?p=2026"},"modified":"2021-01-26T09:53:11","modified_gmt":"2021-01-26T09:53:11","slug":"llegan-los-farolillos","status":"publish","type":"post","link":"https:\/\/www.ignaciosanchezmejias.es\/index.php\/2011\/05\/03\/llegan-los-farolillos\/","title":{"rendered":"Llegan los Farolillos"},"content":{"rendered":"\n<p>Llega la semana de farolillos y empiezan a acudir a la plaza gente de lo m\u00e1s variopinta. Algunos vienen demasiado animados de la feria y se hacen notar, otros, en cambio, con media en la agujas deseando echarse. La gente apura la diversi\u00f3n y el reloj, llegan tarde para encontrar sus localidades, cuando no se equivocan de tendido. Pero esto es lo que tenemos hasta el s\u00e1bado, y a juzgar por la gran entrada de hoy, esperemos que siga as\u00ed.<\/p>\n\n\n\n<p>Los tres primeros de El Pilar han estado justitos de todo, de presentaci\u00f3n y de fuerzas, la segunda parte de la corrida ha estado mejor presentada, con un quinto de nota. Tres han servido para para los toreros, los dos de Esa\u00fa Fern\u00e1ndez y el \u00faltimo de El Cid. Morante sigue con la mala suerte en los sorteos, si hay alguno que embiste seguro que no le toca a \u00e9l. Su primero medio se lisi\u00f3 en una fea voltereta y su segundo tampoco le dej\u00f3 hacer su toreo, a excepci\u00f3n de dos ver\u00f3nicas. El Cid es muy transparente, no esconde nada, cuando est\u00e1 seguro se le ve, al igual que cuando no las tiene todas consigo, y ayer, desgraciadamente, la sensaci\u00f3n que ha dado es que se ha dejado ir un quinto toro de triunfo grande.<\/p>\n\n\n\n<p>Por fin hemos visto hacer bien la suerte de varas, lo que agradeci\u00f3 el p\u00fablico con una gran ovaci\u00f3n. Y dicen que el p\u00fablico de ahora no quiere varas, lo que no quiere son esa cantidad de puyazos traseros y bajos que estamos viendo esta feria, en la que est\u00e1 picando mejor la cuadra de caballos que los picadores. Manuel J. Rom\u00e1n hizo bien la suerte, llam\u00f3 al toro que lo hab\u00edan puesto de largo, le tir\u00f3 el palo y lo cogi\u00f3 en su sitio las dos veces. La gran ovaci\u00f3n de despedida la cort\u00f3 El Cid por ir absurdamente a replicar un mediocre quite de Esa\u00fa Fern\u00e1ndez. Precioso burraco, bravo, que embisti\u00f3 con transmisi\u00f3n pero al que el Cid no le cogi\u00f3 el aire.<\/p>\n\n\n\n<p>Esa\u00fa Fern\u00e1ndez ha tomado la alternativa con \u00e9xito. Recibi\u00f3 a sus toros a \u201cporta gayola\u201d ejecutando bien la suerte, cosa dif\u00edcil con este port\u00f3n tan grande. Tore\u00f3 bien a los dos toros, aunque quiz\u00e1s le falte rebozarse m\u00e1s con ellos. A mi me ha recordado a Jesul\u00edn de Ubrique por retrasar la pierna de salida y facilitar la ligaz\u00f3n. Se ha tirado a matar con fe y cortado una oreja a cada toro. Enhorabuena.<\/p>\n","protected":false},"excerpt":{"rendered":"<p>Llega la semana de farolillos y empiezan a acudir a la plaza gente de lo m\u00e1s variopinta. Algunos vienen demasiado animados de la feria y se hacen notar, otros, en cambio, con media en la agujas deseando echarse. La gente apura la diversi\u00f3n y el reloj, llegan tarde para encontrar sus localidades, cuando no se [&hellip;]<\/p>\n","protected":false},"author":1,"featured_media":5021,"comment_status":"open","ping_status":"open","sticky":false,"template":"","format":"standard","meta":{"footnotes":""},"categories":[424],"tags":[32,72,199,29],"class_list":["post-2026","post","type-post","status-publish","format-standard","has-post-thumbnail","hentry","category-abono-sevilla-2011","tag-el-cid","tag-el-pilar","tag-esau-fernandez","tag-morante-de-la-puebla"],"yoast_head":"<!-- This site is optimized with the Yoast SEO plugin v27.5 - https:\/\/yoast.com\/product\/yoast-seo-wordpress\/ -->\n<title>Llegan los Farolillos - Sitio web de Ignacio S\u00e1nchez-Mej\u00edas Herrero<\/title>\n<meta name=\"robots\" content=\"index, follow, max-snippet:-1, max-image-preview:large, max-video-preview:-1\" \/>\n<link rel=\"canonical\" href=\"https:\/\/www.ignaciosanchezmejias.es\/index.php\/2011\/05\/03\/llegan-los-farolillos\/\" \/>\n<meta property=\"og:locale\" content=\"es_ES\" \/>\n<meta property=\"og:type\" content=\"article\" \/>\n<meta property=\"og:title\" content=\"Llegan los Farolillos - Sitio web de Ignacio S\u00e1nchez-Mej\u00edas Herrero\" \/>\n<meta property=\"og:description\" content=\"Llega la semana de farolillos y empiezan a acudir a la plaza gente de lo m\u00e1s variopinta. Algunos vienen demasiado animados de la feria y se hacen notar, otros, en cambio, con media en la agujas deseando echarse. La gente apura la diversi\u00f3n y el reloj, llegan tarde para encontrar sus localidades, cuando no se [&hellip;]\" \/>\n<meta property=\"og:url\" content=\"https:\/\/www.ignaciosanchezmejias.es\/index.php\/2011\/05\/03\/llegan-los-farolillos\/\" \/>\n<meta property=\"og:site_name\" content=\"Sitio web de Ignacio S\u00e1nchez-Mej\u00edas Herrero\" \/>\n<meta property=\"article:published_time\" content=\"2011-05-03T20:03:44+00:00\" \/>\n<meta property=\"article:modified_time\" content=\"2021-01-26T09:53:11+00:00\" \/>\n<meta property=\"og:image\" content=\"https:\/\/www.ignaciosanchezmejias.es\/wp-content\/uploads\/2011\/05\/030511-El-Pilar.jpg\" \/>\n\t<meta property=\"og:image:width\" content=\"508\" \/>\n\t<meta property=\"og:image:height\" content=\"337\" \/>\n\t<meta property=\"og:image:type\" content=\"image\/jpeg\" \/>\n<meta name=\"author\" content=\"isanchezmejias\" \/>\n<meta name=\"twitter:card\" content=\"summary_large_image\" \/>\n<meta name=\"twitter:label1\" content=\"Escrito por\" \/>\n\t<meta name=\"twitter:data1\" content=\"isanchezmejias\" \/>\n\t<meta name=\"twitter:label2\" content=\"Tiempo de lectura\" \/>\n\t<meta name=\"twitter:data2\" content=\"2 minutos\" \/>\n<script type=\"application\/ld+json\" class=\"yoast-schema-graph\">{\"@context\":\"https:\\\/\\\/schema.org\",\"@graph\":[{\"@type\":\"Article\",\"@id\":\"https:\\\/\\\/www.ignaciosanchezmejias.es\\\/index.php\\\/2011\\\/05\\\/03\\\/llegan-los-farolillos\\\/#article\",\"isPartOf\":{\"@id\":\"https:\\\/\\\/www.ignaciosanchezmejias.es\\\/index.php\\\/2011\\\/05\\\/03\\\/llegan-los-farolillos\\\/\"},\"author\":{\"name\":\"isanchezmejias\",\"@id\":\"https:\\\/\\\/www.ignaciosanchezmejias.es\\\/#\\\/schema\\\/person\\\/494d20bda3404108c02016d5e608fc65\"},\"headline\":\"Llegan los Farolillos\",\"datePublished\":\"2011-05-03T20:03:44+00:00\",\"dateModified\":\"2021-01-26T09:53:11+00:00\",\"mainEntityOfPage\":{\"@id\":\"https:\\\/\\\/www.ignaciosanchezmejias.es\\\/index.php\\\/2011\\\/05\\\/03\\\/llegan-los-farolillos\\\/\"},\"wordCount\":441,\"commentCount\":12,\"publisher\":{\"@id\":\"https:\\\/\\\/www.ignaciosanchezmejias.es\\\/#\\\/schema\\\/person\\\/494d20bda3404108c02016d5e608fc65\"},\"image\":{\"@id\":\"https:\\\/\\\/www.ignaciosanchezmejias.es\\\/index.php\\\/2011\\\/05\\\/03\\\/llegan-los-farolillos\\\/#primaryimage\"},\"thumbnailUrl\":\"https:\\\/\\\/www.ignaciosanchezmejias.es\\\/wp-content\\\/uploads\\\/2011\\\/05\\\/030511-El-Pilar.jpg\",\"keywords\":[\"El Cid\",\"El Pilar\",\"Esa\u00fa Fern\u00e1ndez\",\"Morante de la Puebla\"],\"articleSection\":[\"Abono Sevilla 2011\"],\"inLanguage\":\"es\",\"potentialAction\":[{\"@type\":\"CommentAction\",\"name\":\"Comment\",\"target\":[\"https:\\\/\\\/www.ignaciosanchezmejias.es\\\/index.php\\\/2011\\\/05\\\/03\\\/llegan-los-farolillos\\\/#respond\"]}]},{\"@type\":\"WebPage\",\"@id\":\"https:\\\/\\\/www.ignaciosanchezmejias.es\\\/index.php\\\/2011\\\/05\\\/03\\\/llegan-los-farolillos\\\/\",\"url\":\"https:\\\/\\\/www.ignaciosanchezmejias.es\\\/index.php\\\/2011\\\/05\\\/03\\\/llegan-los-farolillos\\\/\",\"name\":\"Llegan los Farolillos - Sitio web de Ignacio S\u00e1nchez-Mej\u00edas Herrero\",\"isPartOf\":{\"@id\":\"https:\\\/\\\/www.ignaciosanchezmejias.es\\\/#website\"},\"primaryImageOfPage\":{\"@id\":\"https:\\\/\\\/www.ignaciosanchezmejias.es\\\/index.php\\\/2011\\\/05\\\/03\\\/llegan-los-farolillos\\\/#primaryimage\"},\"image\":{\"@id\":\"https:\\\/\\\/www.ignaciosanchezmejias.es\\\/index.php\\\/2011\\\/05\\\/03\\\/llegan-los-farolillos\\\/#primaryimage\"},\"thumbnailUrl\":\"https:\\\/\\\/www.ignaciosanchezmejias.es\\\/wp-content\\\/uploads\\\/2011\\\/05\\\/030511-El-Pilar.jpg\",\"datePublished\":\"2011-05-03T20:03:44+00:00\",\"dateModified\":\"2021-01-26T09:53:11+00:00\",\"breadcrumb\":{\"@id\":\"https:\\\/\\\/www.ignaciosanchezmejias.es\\\/index.php\\\/2011\\\/05\\\/03\\\/llegan-los-farolillos\\\/#breadcrumb\"},\"inLanguage\":\"es\",\"potentialAction\":[{\"@type\":\"ReadAction\",\"target\":[\"https:\\\/\\\/www.ignaciosanchezmejias.es\\\/index.php\\\/2011\\\/05\\\/03\\\/llegan-los-farolillos\\\/\"]}]},{\"@type\":\"ImageObject\",\"inLanguage\":\"es\",\"@id\":\"https:\\\/\\\/www.ignaciosanchezmejias.es\\\/index.php\\\/2011\\\/05\\\/03\\\/llegan-los-farolillos\\\/#primaryimage\",\"url\":\"https:\\\/\\\/www.ignaciosanchezmejias.es\\\/wp-content\\\/uploads\\\/2011\\\/05\\\/030511-El-Pilar.jpg\",\"contentUrl\":\"https:\\\/\\\/www.ignaciosanchezmejias.es\\\/wp-content\\\/uploads\\\/2011\\\/05\\\/030511-El-Pilar.jpg\",\"width\":508,\"height\":337,\"caption\":\"Foto burladero.com\"},{\"@type\":\"BreadcrumbList\",\"@id\":\"https:\\\/\\\/www.ignaciosanchezmejias.es\\\/index.php\\\/2011\\\/05\\\/03\\\/llegan-los-farolillos\\\/#breadcrumb\",\"itemListElement\":[{\"@type\":\"ListItem\",\"position\":1,\"name\":\"Portada\",\"item\":\"https:\\\/\\\/www.ignaciosanchezmejias.es\\\/\"},{\"@type\":\"ListItem\",\"position\":2,\"name\":\"Llegan los Farolillos\"}]},{\"@type\":\"WebSite\",\"@id\":\"https:\\\/\\\/www.ignaciosanchezmejias.es\\\/#website\",\"url\":\"https:\\\/\\\/www.ignaciosanchezmejias.es\\\/\",\"name\":\"Blog de Ignacio S\u00e1nchez-Mej\u00edas\",\"description\":\"Sitio personal ISM\",\"publisher\":{\"@id\":\"https:\\\/\\\/www.ignaciosanchezmejias.es\\\/#\\\/schema\\\/person\\\/494d20bda3404108c02016d5e608fc65\"},\"potentialAction\":[{\"@type\":\"SearchAction\",\"target\":{\"@type\":\"EntryPoint\",\"urlTemplate\":\"https:\\\/\\\/www.ignaciosanchezmejias.es\\\/?s={search_term_string}\"},\"query-input\":{\"@type\":\"PropertyValueSpecification\",\"valueRequired\":true,\"valueName\":\"search_term_string\"}}],\"inLanguage\":\"es\"},{\"@type\":[\"Person\",\"Organization\"],\"@id\":\"https:\\\/\\\/www.ignaciosanchezmejias.es\\\/#\\\/schema\\\/person\\\/494d20bda3404108c02016d5e608fc65\",\"name\":\"isanchezmejias\",\"image\":{\"@type\":\"ImageObject\",\"inLanguage\":\"es\",\"@id\":\"https:\\\/\\\/www.ignaciosanchezmejias.es\\\/wp-content\\\/uploads\\\/2020\\\/06\\\/cropped-Yo-antes.jpg\",\"url\":\"https:\\\/\\\/www.ignaciosanchezmejias.es\\\/wp-content\\\/uploads\\\/2020\\\/06\\\/cropped-Yo-antes.jpg\",\"contentUrl\":\"https:\\\/\\\/www.ignaciosanchezmejias.es\\\/wp-content\\\/uploads\\\/2020\\\/06\\\/cropped-Yo-antes.jpg\",\"width\":681,\"height\":482,\"caption\":\"isanchezmejias\"},\"logo\":{\"@id\":\"https:\\\/\\\/www.ignaciosanchezmejias.es\\\/wp-content\\\/uploads\\\/2020\\\/06\\\/cropped-Yo-antes.jpg\"},\"sameAs\":[\"https:\\\/\\\/www.ignaciosanchezmejias.es\"],\"url\":\"https:\\\/\\\/www.ignaciosanchezmejias.es\\\/index.php\\\/author\\\/isanchezmejias\\\/\"}]}<\/script>\n<!-- \/ Yoast SEO plugin. -->","yoast_head_json":{"title":"Llegan los Farolillos - Sitio web de Ignacio S\u00e1nchez-Mej\u00edas Herrero","robots":{"index":"index","follow":"follow","max-snippet":"max-snippet:-1","max-image-preview":"max-image-preview:large","max-video-preview":"max-video-preview:-1"},"canonical":"https:\/\/www.ignaciosanchezmejias.es\/index.php\/2011\/05\/03\/llegan-los-farolillos\/","og_locale":"es_ES","og_type":"article","og_title":"Llegan los Farolillos - Sitio web de Ignacio S\u00e1nchez-Mej\u00edas Herrero","og_description":"Llega la semana de farolillos y empiezan a acudir a la plaza gente de lo m\u00e1s variopinta. Algunos vienen demasiado animados de la feria y se hacen notar, otros, en cambio, con media en la agujas deseando echarse. La gente apura la diversi\u00f3n y el reloj, llegan tarde para encontrar sus localidades, cuando no se [&hellip;]","og_url":"https:\/\/www.ignaciosanchezmejias.es\/index.php\/2011\/05\/03\/llegan-los-farolillos\/","og_site_name":"Sitio web de Ignacio S\u00e1nchez-Mej\u00edas Herrero","article_published_time":"2011-05-03T20:03:44+00:00","article_modified_time":"2021-01-26T09:53:11+00:00","og_image":[{"width":508,"height":337,"url":"https:\/\/www.ignaciosanchezmejias.es\/wp-content\/uploads\/2011\/05\/030511-El-Pilar.jpg","type":"image\/jpeg"}],"author":"isanchezmejias","twitter_card":"summary_large_image","twitter_misc":{"Escrito por":"isanchezmejias","Tiempo de lectura":"2 minutos"},"schema":{"@context":"https:\/\/schema.org","@graph":[{"@type":"Article","@id":"https:\/\/www.ignaciosanchezmejias.es\/index.php\/2011\/05\/03\/llegan-los-farolillos\/#article","isPartOf":{"@id":"https:\/\/www.ignaciosanchezmejias.es\/index.php\/2011\/05\/03\/llegan-los-farolillos\/"},"author":{"name":"isanchezmejias","@id":"https:\/\/www.ignaciosanchezmejias.es\/#\/schema\/person\/494d20bda3404108c02016d5e608fc65"},"headline":"Llegan los Farolillos","datePublished":"2011-05-03T20:03:44+00:00","dateModified":"2021-01-26T09:53:11+00:00","mainEntityOfPage":{"@id":"https:\/\/www.ignaciosanchezmejias.es\/index.php\/2011\/05\/03\/llegan-los-farolillos\/"},"wordCount":441,"commentCount":12,"publisher":{"@id":"https:\/\/www.ignaciosanchezmejias.es\/#\/schema\/person\/494d20bda3404108c02016d5e608fc65"},"image":{"@id":"https:\/\/www.ignaciosanchezmejias.es\/index.php\/2011\/05\/03\/llegan-los-farolillos\/#primaryimage"},"thumbnailUrl":"https:\/\/www.ignaciosanchezmejias.es\/wp-content\/uploads\/2011\/05\/030511-El-Pilar.jpg","keywords":["El Cid","El Pilar","Esa\u00fa Fern\u00e1ndez","Morante de la Puebla"],"articleSection":["Abono Sevilla 2011"],"inLanguage":"es","potentialAction":[{"@type":"CommentAction","name":"Comment","target":["https:\/\/www.ignaciosanchezmejias.es\/index.php\/2011\/05\/03\/llegan-los-farolillos\/#respond"]}]},{"@type":"WebPage","@id":"https:\/\/www.ignaciosanchezmejias.es\/index.php\/2011\/05\/03\/llegan-los-farolillos\/","url":"https:\/\/www.ignaciosanchezmejias.es\/index.php\/2011\/05\/03\/llegan-los-farolillos\/","name":"Llegan los Farolillos - Sitio web de Ignacio S\u00e1nchez-Mej\u00edas Herrero","isPartOf":{"@id":"https:\/\/www.ignaciosanchezmejias.es\/#website"},"primaryImageOfPage":{"@id":"https:\/\/www.ignaciosanchezmejias.es\/index.php\/2011\/05\/03\/llegan-los-farolillos\/#primaryimage"},"image":{"@id":"https:\/\/www.ignaciosanchezmejias.es\/index.php\/2011\/05\/03\/llegan-los-farolillos\/#primaryimage"},"thumbnailUrl":"https:\/\/www.ignaciosanchezmejias.es\/wp-content\/uploads\/2011\/05\/030511-El-Pilar.jpg","datePublished":"2011-05-03T20:03:44+00:00","dateModified":"2021-01-26T09:53:11+00:00","breadcrumb":{"@id":"https:\/\/www.ignaciosanchezmejias.es\/index.php\/2011\/05\/03\/llegan-los-farolillos\/#breadcrumb"},"inLanguage":"es","potentialAction":[{"@type":"ReadAction","target":["https:\/\/www.ignaciosanchezmejias.es\/index.php\/2011\/05\/03\/llegan-los-farolillos\/"]}]},{"@type":"ImageObject","inLanguage":"es","@id":"https:\/\/www.ignaciosanchezmejias.es\/index.php\/2011\/05\/03\/llegan-los-farolillos\/#primaryimage","url":"https:\/\/www.ignaciosanchezmejias.es\/wp-content\/uploads\/2011\/05\/030511-El-Pilar.jpg","contentUrl":"https:\/\/www.ignaciosanchezmejias.es\/wp-content\/uploads\/2011\/05\/030511-El-Pilar.jpg","width":508,"height":337,"caption":"Foto burladero.com"},{"@type":"BreadcrumbList","@id":"https:\/\/www.ignaciosanchezmejias.es\/index.php\/2011\/05\/03\/llegan-los-farolillos\/#breadcrumb","itemListElement":[{"@type":"ListItem","position":1,"name":"Portada","item":"https:\/\/www.ignaciosanchezmejias.es\/"},{"@type":"ListItem","position":2,"name":"Llegan los Farolillos"}]},{"@type":"WebSite","@id":"https:\/\/www.ignaciosanchezmejias.es\/#website","url":"https:\/\/www.ignaciosanchezmejias.es\/","name":"Blog de Ignacio S\u00e1nchez-Mej\u00edas","description":"Sitio personal ISM","publisher":{"@id":"https:\/\/www.ignaciosanchezmejias.es\/#\/schema\/person\/494d20bda3404108c02016d5e608fc65"},"potentialAction":[{"@type":"SearchAction","target":{"@type":"EntryPoint","urlTemplate":"https:\/\/www.ignaciosanchezmejias.es\/?s={search_term_string}"},"query-input":{"@type":"PropertyValueSpecification","valueRequired":true,"valueName":"search_term_string"}}],"inLanguage":"es"},{"@type":["Person","Organization"],"@id":"https:\/\/www.ignaciosanchezmejias.es\/#\/schema\/person\/494d20bda3404108c02016d5e608fc65","name":"isanchezmejias","image":{"@type":"ImageObject","inLanguage":"es","@id":"https:\/\/www.ignaciosanchezmejias.es\/wp-content\/uploads\/2020\/06\/cropped-Yo-antes.jpg","url":"https:\/\/www.ignaciosanchezmejias.es\/wp-content\/uploads\/2020\/06\/cropped-Yo-antes.jpg","contentUrl":"https:\/\/www.ignaciosanchezmejias.es\/wp-content\/uploads\/2020\/06\/cropped-Yo-antes.jpg","width":681,"height":482,"caption":"isanchezmejias"},"logo":{"@id":"https:\/\/www.ignaciosanchezmejias.es\/wp-content\/uploads\/2020\/06\/cropped-Yo-antes.jpg"},"sameAs":["https:\/\/www.ignaciosanchezmejias.es"],"url":"https:\/\/www.ignaciosanchezmejias.es\/index.php\/author\/isanchezmejias\/"}]}},"_links":{"self":[{"href":"https:\/\/www.ignaciosanchezmejias.es\/index.php\/wp-json\/wp\/v2\/posts\/2026","targetHints":{"allow":["GET"]}}],"collection":[{"href":"https:\/\/www.ignaciosanchezmejias.es\/index.php\/wp-json\/wp\/v2\/posts"}],"about":[{"href":"https:\/\/www.ignaciosanchezmejias.es\/index.php\/wp-json\/wp\/v2\/types\/post"}],"author":[{"embeddable":true,"href":"https:\/\/www.ignaciosanchezmejias.es\/index.php\/wp-json\/wp\/v2\/users\/1"}],"replies":[{"embeddable":true,"href":"https:\/\/www.ignaciosanchezmejias.es\/index.php\/wp-json\/wp\/v2\/comments?post=2026"}],"version-history":[{"count":2,"href":"https:\/\/www.ignaciosanchezmejias.es\/index.php\/wp-json\/wp\/v2\/posts\/2026\/revisions"}],"predecessor-version":[{"id":5023,"href":"https:\/\/www.ignaciosanchezmejias.es\/index.php\/wp-json\/wp\/v2\/posts\/2026\/revisions\/5023"}],"wp:featuredmedia":[{"embeddable":true,"href":"https:\/\/www.ignaciosanchezmejias.es\/index.php\/wp-json\/wp\/v2\/media\/5021"}],"wp:attachment":[{"href":"https:\/\/www.ignaciosanchezmejias.es\/index.php\/wp-json\/wp\/v2\/media?parent=2026"}],"wp:term":[{"taxonomy":"category","embeddable":true,"href":"https:\/\/www.ignaciosanchezmejias.es\/index.php\/wp-json\/wp\/v2\/categories?post=2026"},{"taxonomy":"post_tag","embeddable":true,"href":"https:\/\/www.ignaciosanchezmejias.es\/index.php\/wp-json\/wp\/v2\/tags?post=2026"}],"curies":[{"name":"wp","href":"https:\/\/api.w.org\/{rel}","templated":true}]}}