{"id":1885,"date":"2011-02-14T13:55:00","date_gmt":"2011-02-14T12:55:00","guid":{"rendered":"http:\/\/blogs.sevilla.abc.es\/desdeeltendido2\/?p=1885"},"modified":"2025-06-04T11:02:20","modified_gmt":"2025-06-04T11:02:20","slug":"presidentes-de-la-maestranza","status":"publish","type":"post","link":"https:\/\/www.ignaciosanchezmejias.es\/index.php\/2011\/02\/14\/presidentes-de-la-maestranza\/","title":{"rendered":"Presidentes de la Maestranza"},"content":{"rendered":"\n<p>El portal <a href=\"http:\/\/www.sevillataurina.com\/index.php?option=com_content&amp;view=article&amp;id=8900:encuestas-st-el-95-exige-cambios-en-el-palco-presidencial&amp;catid=1:general&amp;Itemid=2\">sevillataurina.com<\/a> ha mantenido abierta durante tres semanas, una encuesta sobre los presidentes de la Maestranza, en concreto sobre su continuaci\u00f3n en el cargo, o m\u00e1s en concreto sobre su NO continuaci\u00f3n.<\/p>\n\n\n\n<p>Si bien es cierto que las encuestas por Internet est\u00e1n m\u00e1s denostadas que las que hacen las empresas especializadas, por aquello de las repeticiones de votantes, las m\u00e1quinas que votan de forma autom\u00e1tica y repetitiva&nbsp;seg\u00fan la orden recibida y otras zarandajas cibern\u00e9ticas, no es menos curioso el resultado de la misma: S\u00f3lo el 5% de los votantes quiere que los 4 presidentes contin\u00faen en el cargo.<\/p>\n\n\n\n<p>El 50% vota porque los cuatro presidentes salgan del palco, y ya por orden de preferencia, el 14% vota para que salga el Sr. Teja, el 13% el Sr. Fern\u00e1ndez Rey, el 9% el Sr. Salguero y el 8% la Sra. Moreno. Aunque es evidente que el planteamiento de la encuesta invitaba a la \u201crotaci\u00f3n\u201d de los presidentes (5 posibilidades de votar salidas del palco y s\u00f3lo 1 posibilidad de permanencia conjunta), es significativo el resultado de la misma. Los presidentes con m\u00e1s experiencia son los menos valorados.<\/p>\n\n\n\n<p>A estos representantes de la autoridad hay que pedirles que velen por la legalidad y en defensa de los intereses de los que pagamos, o sea, del p\u00fablico. Desde el reconocimiento y aprobaci\u00f3n de los toros a lidiar al cumplimiento de las reglas de la lidia. Pero tambi\u00e9n hay que pedirles que mantengan la categor\u00eda que siempre tuvo La Maestranza.<\/p>\n\n\n\n<p>En raras ocasiones he evaluado o criticado las actuaciones presidenciales, s\u00f3lo cuando algo me ha perecido grave o&nbsp;curioso. Tenemos que entender que la actividad de juzgar es de las m\u00e1s dif\u00edciles que existen. Esta encuesta hay que ponderarla s\u00f3lo en lo que vale, considerando, adem\u00e1s, el gusto del espa\u00f1ol por la \u201ccr\u00edtica a la autoridad\u201d, pero s\u00ed puede servir como toque de atenci\u00f3n a los estamentos, los aficionados no parecen contentos con sus presidentes.<\/p>\n","protected":false},"excerpt":{"rendered":"<p>El portal sevillataurina.com ha mantenido abierta durante tres semanas, una encuesta sobre los presidentes de la Maestranza, en concreto sobre su continuaci\u00f3n en el cargo, o m\u00e1s en concreto sobre su NO continuaci\u00f3n. Si bien es cierto que las encuestas por Internet est\u00e1n m\u00e1s denostadas que las que hacen las empresas especializadas, por aquello de [&hellip;]<\/p>\n","protected":false},"author":1,"featured_media":4954,"comment_status":"open","ping_status":"open","sticky":false,"template":"","format":"standard","meta":{"footnotes":""},"categories":[5],"tags":[528],"class_list":["post-1885","post","type-post","status-publish","format-standard","has-post-thumbnail","hentry","category-general","tag-presidentes"],"yoast_head":"<!-- This site is optimized with the Yoast SEO plugin v27.5 - https:\/\/yoast.com\/product\/yoast-seo-wordpress\/ -->\n<title>Presidentes de la Maestranza - Sitio web de Ignacio S\u00e1nchez-Mej\u00edas Herrero<\/title>\n<meta name=\"robots\" content=\"index, follow, max-snippet:-1, max-image-preview:large, max-video-preview:-1\" \/>\n<link rel=\"canonical\" href=\"https:\/\/www.ignaciosanchezmejias.es\/index.php\/2011\/02\/14\/presidentes-de-la-maestranza\/\" \/>\n<meta property=\"og:locale\" content=\"es_ES\" \/>\n<meta property=\"og:type\" content=\"article\" \/>\n<meta property=\"og:title\" content=\"Presidentes de la Maestranza - Sitio web de Ignacio S\u00e1nchez-Mej\u00edas Herrero\" \/>\n<meta property=\"og:description\" content=\"El portal sevillataurina.com ha mantenido abierta durante tres semanas, una encuesta sobre los presidentes de la Maestranza, en concreto sobre su continuaci\u00f3n en el cargo, o m\u00e1s en concreto sobre su NO continuaci\u00f3n. Si bien es cierto que las encuestas por Internet est\u00e1n m\u00e1s denostadas que las que hacen las empresas especializadas, por aquello de [&hellip;]\" \/>\n<meta property=\"og:url\" content=\"https:\/\/www.ignaciosanchezmejias.es\/index.php\/2011\/02\/14\/presidentes-de-la-maestranza\/\" \/>\n<meta property=\"og:site_name\" content=\"Sitio web de Ignacio S\u00e1nchez-Mej\u00edas Herrero\" \/>\n<meta property=\"article:published_time\" content=\"2011-02-14T12:55:00+00:00\" \/>\n<meta property=\"article:modified_time\" content=\"2025-06-04T11:02:20+00:00\" \/>\n<meta property=\"og:image\" content=\"https:\/\/www.ignaciosanchezmejias.es\/wp-content\/uploads\/2011\/02\/Dibujo.jpg\" \/>\n\t<meta property=\"og:image:width\" content=\"485\" \/>\n\t<meta property=\"og:image:height\" content=\"319\" \/>\n\t<meta property=\"og:image:type\" content=\"image\/jpeg\" \/>\n<meta name=\"author\" content=\"isanchezmejias\" \/>\n<meta name=\"twitter:card\" content=\"summary_large_image\" \/>\n<meta name=\"twitter:label1\" content=\"Escrito por\" \/>\n\t<meta name=\"twitter:data1\" content=\"isanchezmejias\" \/>\n\t<meta name=\"twitter:label2\" content=\"Tiempo de lectura\" \/>\n\t<meta name=\"twitter:data2\" content=\"2 minutos\" \/>\n<script type=\"application\/ld+json\" class=\"yoast-schema-graph\">{\"@context\":\"https:\\\/\\\/schema.org\",\"@graph\":[{\"@type\":\"Article\",\"@id\":\"https:\\\/\\\/www.ignaciosanchezmejias.es\\\/index.php\\\/2011\\\/02\\\/14\\\/presidentes-de-la-maestranza\\\/#article\",\"isPartOf\":{\"@id\":\"https:\\\/\\\/www.ignaciosanchezmejias.es\\\/index.php\\\/2011\\\/02\\\/14\\\/presidentes-de-la-maestranza\\\/\"},\"author\":{\"name\":\"isanchezmejias\",\"@id\":\"https:\\\/\\\/www.ignaciosanchezmejias.es\\\/#\\\/schema\\\/person\\\/494d20bda3404108c02016d5e608fc65\"},\"headline\":\"Presidentes de la Maestranza\",\"datePublished\":\"2011-02-14T12:55:00+00:00\",\"dateModified\":\"2025-06-04T11:02:20+00:00\",\"mainEntityOfPage\":{\"@id\":\"https:\\\/\\\/www.ignaciosanchezmejias.es\\\/index.php\\\/2011\\\/02\\\/14\\\/presidentes-de-la-maestranza\\\/\"},\"wordCount\":348,\"commentCount\":10,\"publisher\":{\"@id\":\"https:\\\/\\\/www.ignaciosanchezmejias.es\\\/#\\\/schema\\\/person\\\/494d20bda3404108c02016d5e608fc65\"},\"image\":{\"@id\":\"https:\\\/\\\/www.ignaciosanchezmejias.es\\\/index.php\\\/2011\\\/02\\\/14\\\/presidentes-de-la-maestranza\\\/#primaryimage\"},\"thumbnailUrl\":\"https:\\\/\\\/www.ignaciosanchezmejias.es\\\/wp-content\\\/uploads\\\/2011\\\/02\\\/Dibujo.jpg\",\"keywords\":[\"Presidentes\"],\"articleSection\":[\"General\"],\"inLanguage\":\"es\",\"potentialAction\":[{\"@type\":\"CommentAction\",\"name\":\"Comment\",\"target\":[\"https:\\\/\\\/www.ignaciosanchezmejias.es\\\/index.php\\\/2011\\\/02\\\/14\\\/presidentes-de-la-maestranza\\\/#respond\"]}]},{\"@type\":\"WebPage\",\"@id\":\"https:\\\/\\\/www.ignaciosanchezmejias.es\\\/index.php\\\/2011\\\/02\\\/14\\\/presidentes-de-la-maestranza\\\/\",\"url\":\"https:\\\/\\\/www.ignaciosanchezmejias.es\\\/index.php\\\/2011\\\/02\\\/14\\\/presidentes-de-la-maestranza\\\/\",\"name\":\"Presidentes de la Maestranza - Sitio web de Ignacio S\u00e1nchez-Mej\u00edas Herrero\",\"isPartOf\":{\"@id\":\"https:\\\/\\\/www.ignaciosanchezmejias.es\\\/#website\"},\"primaryImageOfPage\":{\"@id\":\"https:\\\/\\\/www.ignaciosanchezmejias.es\\\/index.php\\\/2011\\\/02\\\/14\\\/presidentes-de-la-maestranza\\\/#primaryimage\"},\"image\":{\"@id\":\"https:\\\/\\\/www.ignaciosanchezmejias.es\\\/index.php\\\/2011\\\/02\\\/14\\\/presidentes-de-la-maestranza\\\/#primaryimage\"},\"thumbnailUrl\":\"https:\\\/\\\/www.ignaciosanchezmejias.es\\\/wp-content\\\/uploads\\\/2011\\\/02\\\/Dibujo.jpg\",\"datePublished\":\"2011-02-14T12:55:00+00:00\",\"dateModified\":\"2025-06-04T11:02:20+00:00\",\"breadcrumb\":{\"@id\":\"https:\\\/\\\/www.ignaciosanchezmejias.es\\\/index.php\\\/2011\\\/02\\\/14\\\/presidentes-de-la-maestranza\\\/#breadcrumb\"},\"inLanguage\":\"es\",\"potentialAction\":[{\"@type\":\"ReadAction\",\"target\":[\"https:\\\/\\\/www.ignaciosanchezmejias.es\\\/index.php\\\/2011\\\/02\\\/14\\\/presidentes-de-la-maestranza\\\/\"]}]},{\"@type\":\"ImageObject\",\"inLanguage\":\"es\",\"@id\":\"https:\\\/\\\/www.ignaciosanchezmejias.es\\\/index.php\\\/2011\\\/02\\\/14\\\/presidentes-de-la-maestranza\\\/#primaryimage\",\"url\":\"https:\\\/\\\/www.ignaciosanchezmejias.es\\\/wp-content\\\/uploads\\\/2011\\\/02\\\/Dibujo.jpg\",\"contentUrl\":\"https:\\\/\\\/www.ignaciosanchezmejias.es\\\/wp-content\\\/uploads\\\/2011\\\/02\\\/Dibujo.jpg\",\"width\":485,\"height\":319,\"caption\":\"Foto. sevillaturina.com\"},{\"@type\":\"BreadcrumbList\",\"@id\":\"https:\\\/\\\/www.ignaciosanchezmejias.es\\\/index.php\\\/2011\\\/02\\\/14\\\/presidentes-de-la-maestranza\\\/#breadcrumb\",\"itemListElement\":[{\"@type\":\"ListItem\",\"position\":1,\"name\":\"Portada\",\"item\":\"https:\\\/\\\/www.ignaciosanchezmejias.es\\\/\"},{\"@type\":\"ListItem\",\"position\":2,\"name\":\"Presidentes de la Maestranza\"}]},{\"@type\":\"WebSite\",\"@id\":\"https:\\\/\\\/www.ignaciosanchezmejias.es\\\/#website\",\"url\":\"https:\\\/\\\/www.ignaciosanchezmejias.es\\\/\",\"name\":\"Blog de Ignacio S\u00e1nchez-Mej\u00edas\",\"description\":\"Sitio personal ISM\",\"publisher\":{\"@id\":\"https:\\\/\\\/www.ignaciosanchezmejias.es\\\/#\\\/schema\\\/person\\\/494d20bda3404108c02016d5e608fc65\"},\"potentialAction\":[{\"@type\":\"SearchAction\",\"target\":{\"@type\":\"EntryPoint\",\"urlTemplate\":\"https:\\\/\\\/www.ignaciosanchezmejias.es\\\/?s={search_term_string}\"},\"query-input\":{\"@type\":\"PropertyValueSpecification\",\"valueRequired\":true,\"valueName\":\"search_term_string\"}}],\"inLanguage\":\"es\"},{\"@type\":[\"Person\",\"Organization\"],\"@id\":\"https:\\\/\\\/www.ignaciosanchezmejias.es\\\/#\\\/schema\\\/person\\\/494d20bda3404108c02016d5e608fc65\",\"name\":\"isanchezmejias\",\"image\":{\"@type\":\"ImageObject\",\"inLanguage\":\"es\",\"@id\":\"https:\\\/\\\/www.ignaciosanchezmejias.es\\\/wp-content\\\/uploads\\\/2020\\\/06\\\/cropped-Yo-antes.jpg\",\"url\":\"https:\\\/\\\/www.ignaciosanchezmejias.es\\\/wp-content\\\/uploads\\\/2020\\\/06\\\/cropped-Yo-antes.jpg\",\"contentUrl\":\"https:\\\/\\\/www.ignaciosanchezmejias.es\\\/wp-content\\\/uploads\\\/2020\\\/06\\\/cropped-Yo-antes.jpg\",\"width\":681,\"height\":482,\"caption\":\"isanchezmejias\"},\"logo\":{\"@id\":\"https:\\\/\\\/www.ignaciosanchezmejias.es\\\/wp-content\\\/uploads\\\/2020\\\/06\\\/cropped-Yo-antes.jpg\"},\"sameAs\":[\"https:\\\/\\\/www.ignaciosanchezmejias.es\"],\"url\":\"https:\\\/\\\/www.ignaciosanchezmejias.es\\\/index.php\\\/author\\\/isanchezmejias\\\/\"}]}<\/script>\n<!-- \/ Yoast SEO plugin. -->","yoast_head_json":{"title":"Presidentes de la Maestranza - Sitio web de Ignacio S\u00e1nchez-Mej\u00edas Herrero","robots":{"index":"index","follow":"follow","max-snippet":"max-snippet:-1","max-image-preview":"max-image-preview:large","max-video-preview":"max-video-preview:-1"},"canonical":"https:\/\/www.ignaciosanchezmejias.es\/index.php\/2011\/02\/14\/presidentes-de-la-maestranza\/","og_locale":"es_ES","og_type":"article","og_title":"Presidentes de la Maestranza - Sitio web de Ignacio S\u00e1nchez-Mej\u00edas Herrero","og_description":"El portal sevillataurina.com ha mantenido abierta durante tres semanas, una encuesta sobre los presidentes de la Maestranza, en concreto sobre su continuaci\u00f3n en el cargo, o m\u00e1s en concreto sobre su NO continuaci\u00f3n. Si bien es cierto que las encuestas por Internet est\u00e1n m\u00e1s denostadas que las que hacen las empresas especializadas, por aquello de [&hellip;]","og_url":"https:\/\/www.ignaciosanchezmejias.es\/index.php\/2011\/02\/14\/presidentes-de-la-maestranza\/","og_site_name":"Sitio web de Ignacio S\u00e1nchez-Mej\u00edas Herrero","article_published_time":"2011-02-14T12:55:00+00:00","article_modified_time":"2025-06-04T11:02:20+00:00","og_image":[{"width":485,"height":319,"url":"https:\/\/www.ignaciosanchezmejias.es\/wp-content\/uploads\/2011\/02\/Dibujo.jpg","type":"image\/jpeg"}],"author":"isanchezmejias","twitter_card":"summary_large_image","twitter_misc":{"Escrito por":"isanchezmejias","Tiempo de lectura":"2 minutos"},"schema":{"@context":"https:\/\/schema.org","@graph":[{"@type":"Article","@id":"https:\/\/www.ignaciosanchezmejias.es\/index.php\/2011\/02\/14\/presidentes-de-la-maestranza\/#article","isPartOf":{"@id":"https:\/\/www.ignaciosanchezmejias.es\/index.php\/2011\/02\/14\/presidentes-de-la-maestranza\/"},"author":{"name":"isanchezmejias","@id":"https:\/\/www.ignaciosanchezmejias.es\/#\/schema\/person\/494d20bda3404108c02016d5e608fc65"},"headline":"Presidentes de la Maestranza","datePublished":"2011-02-14T12:55:00+00:00","dateModified":"2025-06-04T11:02:20+00:00","mainEntityOfPage":{"@id":"https:\/\/www.ignaciosanchezmejias.es\/index.php\/2011\/02\/14\/presidentes-de-la-maestranza\/"},"wordCount":348,"commentCount":10,"publisher":{"@id":"https:\/\/www.ignaciosanchezmejias.es\/#\/schema\/person\/494d20bda3404108c02016d5e608fc65"},"image":{"@id":"https:\/\/www.ignaciosanchezmejias.es\/index.php\/2011\/02\/14\/presidentes-de-la-maestranza\/#primaryimage"},"thumbnailUrl":"https:\/\/www.ignaciosanchezmejias.es\/wp-content\/uploads\/2011\/02\/Dibujo.jpg","keywords":["Presidentes"],"articleSection":["General"],"inLanguage":"es","potentialAction":[{"@type":"CommentAction","name":"Comment","target":["https:\/\/www.ignaciosanchezmejias.es\/index.php\/2011\/02\/14\/presidentes-de-la-maestranza\/#respond"]}]},{"@type":"WebPage","@id":"https:\/\/www.ignaciosanchezmejias.es\/index.php\/2011\/02\/14\/presidentes-de-la-maestranza\/","url":"https:\/\/www.ignaciosanchezmejias.es\/index.php\/2011\/02\/14\/presidentes-de-la-maestranza\/","name":"Presidentes de la Maestranza - Sitio web de Ignacio S\u00e1nchez-Mej\u00edas Herrero","isPartOf":{"@id":"https:\/\/www.ignaciosanchezmejias.es\/#website"},"primaryImageOfPage":{"@id":"https:\/\/www.ignaciosanchezmejias.es\/index.php\/2011\/02\/14\/presidentes-de-la-maestranza\/#primaryimage"},"image":{"@id":"https:\/\/www.ignaciosanchezmejias.es\/index.php\/2011\/02\/14\/presidentes-de-la-maestranza\/#primaryimage"},"thumbnailUrl":"https:\/\/www.ignaciosanchezmejias.es\/wp-content\/uploads\/2011\/02\/Dibujo.jpg","datePublished":"2011-02-14T12:55:00+00:00","dateModified":"2025-06-04T11:02:20+00:00","breadcrumb":{"@id":"https:\/\/www.ignaciosanchezmejias.es\/index.php\/2011\/02\/14\/presidentes-de-la-maestranza\/#breadcrumb"},"inLanguage":"es","potentialAction":[{"@type":"ReadAction","target":["https:\/\/www.ignaciosanchezmejias.es\/index.php\/2011\/02\/14\/presidentes-de-la-maestranza\/"]}]},{"@type":"ImageObject","inLanguage":"es","@id":"https:\/\/www.ignaciosanchezmejias.es\/index.php\/2011\/02\/14\/presidentes-de-la-maestranza\/#primaryimage","url":"https:\/\/www.ignaciosanchezmejias.es\/wp-content\/uploads\/2011\/02\/Dibujo.jpg","contentUrl":"https:\/\/www.ignaciosanchezmejias.es\/wp-content\/uploads\/2011\/02\/Dibujo.jpg","width":485,"height":319,"caption":"Foto. sevillaturina.com"},{"@type":"BreadcrumbList","@id":"https:\/\/www.ignaciosanchezmejias.es\/index.php\/2011\/02\/14\/presidentes-de-la-maestranza\/#breadcrumb","itemListElement":[{"@type":"ListItem","position":1,"name":"Portada","item":"https:\/\/www.ignaciosanchezmejias.es\/"},{"@type":"ListItem","position":2,"name":"Presidentes de la Maestranza"}]},{"@type":"WebSite","@id":"https:\/\/www.ignaciosanchezmejias.es\/#website","url":"https:\/\/www.ignaciosanchezmejias.es\/","name":"Blog de Ignacio S\u00e1nchez-Mej\u00edas","description":"Sitio personal ISM","publisher":{"@id":"https:\/\/www.ignaciosanchezmejias.es\/#\/schema\/person\/494d20bda3404108c02016d5e608fc65"},"potentialAction":[{"@type":"SearchAction","target":{"@type":"EntryPoint","urlTemplate":"https:\/\/www.ignaciosanchezmejias.es\/?s={search_term_string}"},"query-input":{"@type":"PropertyValueSpecification","valueRequired":true,"valueName":"search_term_string"}}],"inLanguage":"es"},{"@type":["Person","Organization"],"@id":"https:\/\/www.ignaciosanchezmejias.es\/#\/schema\/person\/494d20bda3404108c02016d5e608fc65","name":"isanchezmejias","image":{"@type":"ImageObject","inLanguage":"es","@id":"https:\/\/www.ignaciosanchezmejias.es\/wp-content\/uploads\/2020\/06\/cropped-Yo-antes.jpg","url":"https:\/\/www.ignaciosanchezmejias.es\/wp-content\/uploads\/2020\/06\/cropped-Yo-antes.jpg","contentUrl":"https:\/\/www.ignaciosanchezmejias.es\/wp-content\/uploads\/2020\/06\/cropped-Yo-antes.jpg","width":681,"height":482,"caption":"isanchezmejias"},"logo":{"@id":"https:\/\/www.ignaciosanchezmejias.es\/wp-content\/uploads\/2020\/06\/cropped-Yo-antes.jpg"},"sameAs":["https:\/\/www.ignaciosanchezmejias.es"],"url":"https:\/\/www.ignaciosanchezmejias.es\/index.php\/author\/isanchezmejias\/"}]}},"_links":{"self":[{"href":"https:\/\/www.ignaciosanchezmejias.es\/index.php\/wp-json\/wp\/v2\/posts\/1885","targetHints":{"allow":["GET"]}}],"collection":[{"href":"https:\/\/www.ignaciosanchezmejias.es\/index.php\/wp-json\/wp\/v2\/posts"}],"about":[{"href":"https:\/\/www.ignaciosanchezmejias.es\/index.php\/wp-json\/wp\/v2\/types\/post"}],"author":[{"embeddable":true,"href":"https:\/\/www.ignaciosanchezmejias.es\/index.php\/wp-json\/wp\/v2\/users\/1"}],"replies":[{"embeddable":true,"href":"https:\/\/www.ignaciosanchezmejias.es\/index.php\/wp-json\/wp\/v2\/comments?post=1885"}],"version-history":[{"count":2,"href":"https:\/\/www.ignaciosanchezmejias.es\/index.php\/wp-json\/wp\/v2\/posts\/1885\/revisions"}],"predecessor-version":[{"id":4956,"href":"https:\/\/www.ignaciosanchezmejias.es\/index.php\/wp-json\/wp\/v2\/posts\/1885\/revisions\/4956"}],"wp:featuredmedia":[{"embeddable":true,"href":"https:\/\/www.ignaciosanchezmejias.es\/index.php\/wp-json\/wp\/v2\/media\/4954"}],"wp:attachment":[{"href":"https:\/\/www.ignaciosanchezmejias.es\/index.php\/wp-json\/wp\/v2\/media?parent=1885"}],"wp:term":[{"taxonomy":"category","embeddable":true,"href":"https:\/\/www.ignaciosanchezmejias.es\/index.php\/wp-json\/wp\/v2\/categories?post=1885"},{"taxonomy":"post_tag","embeddable":true,"href":"https:\/\/www.ignaciosanchezmejias.es\/index.php\/wp-json\/wp\/v2\/tags?post=1885"}],"curies":[{"name":"wp","href":"https:\/\/api.w.org\/{rel}","templated":true}]}}